{"id":30528,"date":"2023-03-12T00:01:04","date_gmt":"2023-03-12T00:01:04","guid":{"rendered":"https:\/\/larevistadigital.com.ar\/blog\/?p=30528"},"modified":"2023-03-12T00:16:25","modified_gmt":"2023-03-12T00:16:25","slug":"indignacion-en-villa-del-sur-denuncian-despidos-indiscriminados-y-persecucion-a-trabajadores","status":"publish","type":"post","link":"https:\/\/larevistadigital.com.ar\/blog\/indignacion-en-villa-del-sur-denuncian-despidos-indiscriminados-y-persecucion-a-trabajadores\/","title":{"rendered":"INDIGNACI\u00d3N EN VILLA DEL SUR: DENUNCIAN DESPIDOS INDISCRIMINADOS Y PERSECUCI\u00d3N A TRABAJADORES."},"content":{"rendered":"<h2>As\u00ed lo plantean los trabajadores, luego del despido de dos personas. Dicen que es el corolario de una persecuci\u00f3n de los superiores.<\/h2>\n<p>11 de Marzo de 2023<\/p>\n<p><strong>CHASCOM\u00daS &#8211;\u00a0 \u00a0<\/strong>Por lo visto la situaci\u00f3n en Villa del Sur, no es tan tranquila como parece. Algunos trabajadores est\u00e1n preocupados y muy molestos por la actitud de \u00abla patronal\u00bb en especial de los superiores por la resoluci\u00f3n que dicen injustificada de despedir a un par de personas que all\u00ed trabajaban.<\/p>\n<figure id=\"attachment_30530\" aria-describedby=\"caption-attachment-30530\" style=\"width: 720px\" class=\"wp-caption alignnone\"><img data-recalc-dims=\"1\" loading=\"lazy\" decoding=\"async\" class=\"size-full wp-image-30530\" src=\"https:\/\/i0.wp.com\/larevistadigital.com.ar\/blog\/wp-content\/uploads\/telegrama.jpg?resize=720%2C821&#038;ssl=1\" alt=\"\" width=\"720\" height=\"821\" srcset=\"https:\/\/i0.wp.com\/larevistadigital.com.ar\/blog\/wp-content\/uploads\/telegrama.jpg?w=720&amp;ssl=1 720w, https:\/\/i0.wp.com\/larevistadigital.com.ar\/blog\/wp-content\/uploads\/telegrama.jpg?resize=263%2C300&amp;ssl=1 263w\" sizes=\"auto, (max-width: 720px) 100vw, 720px\" \/><figcaption id=\"caption-attachment-30530\" class=\"wp-caption-text\"><strong>Telegrama de despido de uno de los cesanteados<\/strong><\/figcaption><\/figure>\n<p>En la foto del telegrama recibido por uno de los empleados que fueron despedidos, puede apreciarse la justificaci\u00f3n de los patrones, que si bien est\u00e1 contemplada por la ley, no lo est\u00e1 por la \u00e9tica y la moral, ya que es como decir \u00abte hecho porque se me antoja\u00bb, y representa ni m\u00e1s ni menos que dejar sin trabajo a una persona, perjudic\u00e1ndo seriamente su estabilidad familiar.<\/p>\n<blockquote>\n<h3>Aseguran que hay gran malestar, y reclaman a sus representantes que \u00abhagan algo\u00bb al respecto. as\u00ed lo muestran distintas publicaciones que han aparecido en las redes sociales.<\/h3>\n<\/blockquote>\n<p><img data-recalc-dims=\"1\" loading=\"lazy\" decoding=\"async\" class=\"alignnone size-full wp-image-30531\" src=\"https:\/\/i0.wp.com\/larevistadigital.com.ar\/blog\/wp-content\/uploads\/2-12.jpg?resize=720%2C414&#038;ssl=1\" alt=\"\" width=\"720\" height=\"414\" srcset=\"https:\/\/i0.wp.com\/larevistadigital.com.ar\/blog\/wp-content\/uploads\/2-12.jpg?w=720&amp;ssl=1 720w, https:\/\/i0.wp.com\/larevistadigital.com.ar\/blog\/wp-content\/uploads\/2-12.jpg?resize=300%2C173&amp;ssl=1 300w\" sizes=\"auto, (max-width: 720px) 100vw, 720px\" \/><\/p>\n<blockquote>\n<h3>Veremos c\u00f3mo contin\u00faa esta situaci\u00f3n, c\u00f3mo reaccionan los delegados, y c\u00f3mo los trabajadores. M\u00e1s de uno piensa que si esto se permite, luego seguir\u00e1n de manera indiscriminada con quien quieran hacerlo.<\/h3>\n<\/blockquote>\n<p>Nos informan que no ser\u00edan pocos los que piensan reaccionar de alguna manera, asegurando que <em><strong>\u00abdefender a nuestros compa\u00f1eros, es defendernos a nosotros y nuestras familias\u00bb.<\/strong><\/em><\/p>\n<p>&nbsp;<\/p>\n","protected":false},"excerpt":{"rendered":"<div class=\"mh-excerpt\"><p>As\u00ed lo plantean los trabajadores, luego del despido de dos personas. Dicen que es el corolario de una persecuci\u00f3n de los superiores. 11 de Marzo de 2023 CHASCOM\u00daS &#8211;\u00a0 \u00a0Por lo visto la situaci\u00f3n en <a class=\"mh-excerpt-more\" href=\"https:\/\/larevistadigital.com.ar\/blog\/indignacion-en-villa-del-sur-denuncian-despidos-indiscriminados-y-persecucion-a-trabajadores\/\" title=\"INDIGNACI\u00d3N EN VILLA DEL SUR: DENUNCIAN DESPIDOS INDISCRIMINADOS Y PERSECUCI\u00d3N A TRABAJADORES.\">[Leer M\u00e1s]<\/a><\/p>\n<\/div>","protected":false},"author":3,"featured_media":30532,"comment_status":"open","ping_status":"open","sticky":false,"template":"","format":"standard","meta":{"_jetpack_memberships_contains_paid_content":false,"footnotes":"","jetpack_publicize_message":"","jetpack_publicize_feature_enabled":true,"jetpack_social_post_already_shared":true,"jetpack_social_options":{"image_generator_settings":{"template":"highway","default_image_id":0,"font":"","enabled":false},"version":2}},"categories":[41],"tags":[],"class_list":{"0":"post-30528","1":"post","2":"type-post","3":"status-publish","4":"format-standard","5":"has-post-thumbnail","7":"category-destacadas"},"jetpack_publicize_connections":[],"jetpack_featured_media_url":"https:\/\/i0.wp.com\/larevistadigital.com.ar\/blog\/wp-content\/uploads\/despidos-sin-causa.jpg?fit=800%2C897&ssl=1","jetpack_sharing_enabled":true,"jetpack_shortlink":"https:\/\/wp.me\/p8qtrQ-7Wo","jetpack-related-posts":[{"id":30632,"url":"https:\/\/larevistadigital.com.ar\/blog\/contiene-audios-despedidos-de-villa-del-sur-aseguran-que-hay-extorsiones-amenazas-y-persecucion-de-delegados-gremiales-por-una-interna-que-viene-desde-la-plata\/","url_meta":{"origin":30528,"position":0},"title":"[CONTIENE AUDIOS] DESPEDIDOS DE VILLA DEL SUR ASEGURAN QUE HAY EXTORSIONES, AMENAZAS Y PERSECUCI\u00d3N DE DELEGADOS GREMIALES POR UNA INTERNA QUE VIENE DESDE LA PLATA&#8230;","author":"Alejandro Sosa Ruda","date":"21 marzo, 2023","format":false,"excerpt":"Desde la empresa, pareciera que una fuerte interna gremial que nace en La Plata ha provocado persecuciones, amenazas y despidos. La \u00faltima semana en Chascom\u00fas cesantearon a dos personas respetadas y sin motivo concreto. 21 de marzo de 2023 La Revista Digital se puso en contacto y entrevist\u00f3 a Mat\u00edas\u2026","rel":"","context":"En \u00abDESTACADAS\u00bb","block_context":{"text":"DESTACADAS","link":"https:\/\/larevistadigital.com.ar\/blog\/category\/destacadas\/"},"img":{"alt_text":"","src":"https:\/\/i0.wp.com\/larevistadigital.com.ar\/blog\/wp-content\/uploads\/2019\/03\/villadelsur_02demarzode2108_elfuerte.jpg?fit=1200%2C801&ssl=1&resize=350%2C200","width":350,"height":200,"srcset":"https:\/\/i0.wp.com\/larevistadigital.com.ar\/blog\/wp-content\/uploads\/2019\/03\/villadelsur_02demarzode2108_elfuerte.jpg?fit=1200%2C801&ssl=1&resize=350%2C200 1x, https:\/\/i0.wp.com\/larevistadigital.com.ar\/blog\/wp-content\/uploads\/2019\/03\/villadelsur_02demarzode2108_elfuerte.jpg?fit=1200%2C801&ssl=1&resize=525%2C300 1.5x, https:\/\/i0.wp.com\/larevistadigital.com.ar\/blog\/wp-content\/uploads\/2019\/03\/villadelsur_02demarzode2108_elfuerte.jpg?fit=1200%2C801&ssl=1&resize=700%2C400 2x, https:\/\/i0.wp.com\/larevistadigital.com.ar\/blog\/wp-content\/uploads\/2019\/03\/villadelsur_02demarzode2108_elfuerte.jpg?fit=1200%2C801&ssl=1&resize=1050%2C600 3x"},"classes":[]},{"id":34513,"url":"https:\/\/larevistadigital.com.ar\/blog\/despidieron-por-cierre-a-los-empleados-de-la-clinica\/","url_meta":{"origin":30528,"position":1},"title":"DESPIDIERON POR CIERRE A LOS EMPLEADOS DE LA CL\u00cdNICA","author":"Alejandro Sosa Ruda","date":"11 noviembre, 2023","format":false,"excerpt":"Hasta ayer se recib\u00edan los telegramas de despido y se retiraba la aparatolog\u00eda. Seg\u00fan dicen, solo quedar\u00eda activo el sector de di\u00e1lisis, pero no deja de ser peligroso, ya que con la Clinica sin funcionar, \u00bfqu\u00e9 se har\u00eda en caso que un paciente se descompensara?... 11 de Noviembre de 2023\u2026","rel":"","context":"En \u00abDESTACADAS\u00bb","block_context":{"text":"DESTACADAS","link":"https:\/\/larevistadigital.com.ar\/blog\/category\/destacadas\/"},"img":{"alt_text":"","src":"https:\/\/i0.wp.com\/larevistadigital.com.ar\/blog\/wp-content\/uploads\/Clinica-Chascomus.jpg?fit=768%2C588&ssl=1&resize=350%2C200","width":350,"height":200,"srcset":"https:\/\/i0.wp.com\/larevistadigital.com.ar\/blog\/wp-content\/uploads\/Clinica-Chascomus.jpg?fit=768%2C588&ssl=1&resize=350%2C200 1x, https:\/\/i0.wp.com\/larevistadigital.com.ar\/blog\/wp-content\/uploads\/Clinica-Chascomus.jpg?fit=768%2C588&ssl=1&resize=525%2C300 1.5x, https:\/\/i0.wp.com\/larevistadigital.com.ar\/blog\/wp-content\/uploads\/Clinica-Chascomus.jpg?fit=768%2C588&ssl=1&resize=700%2C400 2x"},"classes":[]},{"id":11514,"url":"https:\/\/larevistadigital.com.ar\/blog\/chascomus-confirmaron-despido-de-trabajadores-de-unitec-blue\/","url_meta":{"origin":30528,"position":2},"title":"CHASCOM\u00daS: CONFIRMARON DESPIDO DE TRABAJADORES DE UNITEC BLUE","author":"Alejandro Sosa Ruda","date":"25 julio, 2019","format":false,"excerpt":"Este jueves se confirm\u00f3 el despido de los 23 trabajadores que a\u00fan permanec\u00edan en la empresa nanotecnol\u00f3gica Unitec Blue de la ciudad de Chascom\u00fas. Desde la empresa no han emitido informaci\u00f3n alguna pero los referentes sindicales hab\u00edan se\u00f1alado d\u00edas pasados que la paralizaci\u00f3n en la producci\u00f3n hab\u00eda obligado a la\u2026","rel":"","context":"En \u00abCHASCOM\u00daS\u00bb","block_context":{"text":"CHASCOM\u00daS","link":"https:\/\/larevistadigital.com.ar\/blog\/category\/chascomus\/"},"img":{"alt_text":"","src":"https:\/\/i0.wp.com\/larevistadigital.com.ar\/blog\/wp-content\/uploads\/2017\/07\/unitec_blue.jpg?fit=600%2C397&ssl=1&resize=350%2C200","width":350,"height":200,"srcset":"https:\/\/i0.wp.com\/larevistadigital.com.ar\/blog\/wp-content\/uploads\/2017\/07\/unitec_blue.jpg?fit=600%2C397&ssl=1&resize=350%2C200 1x, https:\/\/i0.wp.com\/larevistadigital.com.ar\/blog\/wp-content\/uploads\/2017\/07\/unitec_blue.jpg?fit=600%2C397&ssl=1&resize=525%2C300 1.5x"},"classes":[]},{"id":39534,"url":"https:\/\/larevistadigital.com.ar\/blog\/preocupacion-en-azul-por-el-despido-de-40-trabajadores-en-el-frigorifico-devesa\/","url_meta":{"origin":30528,"position":3},"title":"Preocupaci\u00f3n en Azul por el despido de 40 trabajadores en el frigor\u00edfico Devesa","author":"Alejandro Sosa Ruda","date":"26 abril, 2025","format":false,"excerpt":"El frigor\u00edfico Devesa desvincul\u00f3 a 40 empleados, generando preocupaci\u00f3n en la ciudad de Azul, donde la planta representa uno de los pilares industriales m\u00e1s relevantes. La noticia fue confirmada por los propios trabajadores a trav\u00e9s de un video grabado dentro del establecimiento, aunque la empresa todav\u00eda no emiti\u00f3 un comunicado\u2026","rel":"","context":"En \u00abREGIONALES\u00bb","block_context":{"text":"REGIONALES","link":"https:\/\/larevistadigital.com.ar\/blog\/category\/regionales\/"},"img":{"alt_text":"","src":"https:\/\/i0.wp.com\/larevistadigital.com.ar\/blog\/wp-content\/uploads\/20250426152220_azul-despidos-frigorifico-devesa.jpg?fit=880%2C512&ssl=1&resize=350%2C200","width":350,"height":200,"srcset":"https:\/\/i0.wp.com\/larevistadigital.com.ar\/blog\/wp-content\/uploads\/20250426152220_azul-despidos-frigorifico-devesa.jpg?fit=880%2C512&ssl=1&resize=350%2C200 1x, https:\/\/i0.wp.com\/larevistadigital.com.ar\/blog\/wp-content\/uploads\/20250426152220_azul-despidos-frigorifico-devesa.jpg?fit=880%2C512&ssl=1&resize=525%2C300 1.5x, https:\/\/i0.wp.com\/larevistadigital.com.ar\/blog\/wp-content\/uploads\/20250426152220_azul-despidos-frigorifico-devesa.jpg?fit=880%2C512&ssl=1&resize=700%2C400 2x"},"classes":[]},{"id":4659,"url":"https:\/\/larevistadigital.com.ar\/blog\/primicia-lapidario-documento-la-cicop-nuevo-despido-profesionales\/","url_meta":{"origin":30528,"position":4},"title":"PRIMICIA:  LAPIDARIO DOCUMENTO DE LA CICOP POR EL NUEVO DESPIDO DE PROFESIONALES","author":"Alejandro Sosa Ruda","date":"28 enero, 2018","format":false,"excerpt":"Luego de los nuevos despidos en el \u00e1mbito de la salud, parece haberse terminado la paciencia de los representantes gremiales nucleados en la CICOP, y que a pesar de estar manteniendo reuniones con el ejecutivo local a efectos de llegar a un acuerdo para modificar la ordenanza de la Carrera\u2026","rel":"","context":"En \u00abDESTACADAS\u00bb","block_context":{"text":"DESTACADAS","link":"https:\/\/larevistadigital.com.ar\/blog\/category\/destacadas\/"},"img":{"alt_text":"","src":"https:\/\/i0.wp.com\/larevistadigital.com.ar\/blog\/wp-content\/uploads\/2017\/09\/CICOP.jpg?fit=960%2C720&ssl=1&resize=350%2C200","width":350,"height":200,"srcset":"https:\/\/i0.wp.com\/larevistadigital.com.ar\/blog\/wp-content\/uploads\/2017\/09\/CICOP.jpg?fit=960%2C720&ssl=1&resize=350%2C200 1x, https:\/\/i0.wp.com\/larevistadigital.com.ar\/blog\/wp-content\/uploads\/2017\/09\/CICOP.jpg?fit=960%2C720&ssl=1&resize=525%2C300 1.5x, https:\/\/i0.wp.com\/larevistadigital.com.ar\/blog\/wp-content\/uploads\/2017\/09\/CICOP.jpg?fit=960%2C720&ssl=1&resize=700%2C400 2x"},"classes":[]},{"id":30649,"url":"https:\/\/larevistadigital.com.ar\/blog\/sutiaga-interna-villa-del-sur-lo-despidieron-sin-causa-con-un-bebe-recien-nacido-hoy-cuenta-todo-con-lujo-de-detalles\/","url_meta":{"origin":30528,"position":5},"title":"SUTIAGA &#8211; INTERNA &#8211;  VILLA DEL SUR: LO DESPIDIERON SIN CAUSA, CON UN BEB\u00c9 RECI\u00c9N NACIDO. HOY CUENTA TODO CON LUJO DE DETALLES","author":"Alejandro Sosa Ruda","date":"21 marzo, 2023","format":false,"excerpt":"Un testimonio conmovedor de otro trabajador que sufri\u00f3 las consecuencias de ser \"un posible delegado\". 21 de marzo de 2023 CHASCOM\u00daS -\u00a0\u00a0Luego de los dos despidos de la pasada semana en la empresa VIlla del Sur, es como que se ha destapado una situaci\u00f3n que adem\u00e1s de revestir gravedad, parece\u2026","rel":"","context":"En \u00abGREMIALES\u00bb","block_context":{"text":"GREMIALES","link":"https:\/\/larevistadigital.com.ar\/blog\/category\/gremiales\/"},"img":{"alt_text":"","src":"https:\/\/i0.wp.com\/larevistadigital.com.ar\/blog\/wp-content\/uploads\/ESTA-DESPEDIDO.jpg?fit=880%2C506&ssl=1&resize=350%2C200","width":350,"height":200,"srcset":"https:\/\/i0.wp.com\/larevistadigital.com.ar\/blog\/wp-content\/uploads\/ESTA-DESPEDIDO.jpg?fit=880%2C506&ssl=1&resize=350%2C200 1x, https:\/\/i0.wp.com\/larevistadigital.com.ar\/blog\/wp-content\/uploads\/ESTA-DESPEDIDO.jpg?fit=880%2C506&ssl=1&resize=525%2C300 1.5x, https:\/\/i0.wp.com\/larevistadigital.com.ar\/blog\/wp-content\/uploads\/ESTA-DESPEDIDO.jpg?fit=880%2C506&ssl=1&resize=700%2C400 2x"},"classes":[]}],"_links":{"self":[{"href":"https:\/\/larevistadigital.com.ar\/blog\/wp-json\/wp\/v2\/posts\/30528","targetHints":{"allow":["GET"]}}],"collection":[{"href":"https:\/\/larevistadigital.com.ar\/blog\/wp-json\/wp\/v2\/posts"}],"about":[{"href":"https:\/\/larevistadigital.com.ar\/blog\/wp-json\/wp\/v2\/types\/post"}],"author":[{"embeddable":true,"href":"https:\/\/larevistadigital.com.ar\/blog\/wp-json\/wp\/v2\/users\/3"}],"replies":[{"embeddable":true,"href":"https:\/\/larevistadigital.com.ar\/blog\/wp-json\/wp\/v2\/comments?post=30528"}],"version-history":[{"count":2,"href":"https:\/\/larevistadigital.com.ar\/blog\/wp-json\/wp\/v2\/posts\/30528\/revisions"}],"predecessor-version":[{"id":30535,"href":"https:\/\/larevistadigital.com.ar\/blog\/wp-json\/wp\/v2\/posts\/30528\/revisions\/30535"}],"wp:featuredmedia":[{"embeddable":true,"href":"https:\/\/larevistadigital.com.ar\/blog\/wp-json\/wp\/v2\/media\/30532"}],"wp:attachment":[{"href":"https:\/\/larevistadigital.com.ar\/blog\/wp-json\/wp\/v2\/media?parent=30528"}],"wp:term":[{"taxonomy":"category","embeddable":true,"href":"https:\/\/larevistadigital.com.ar\/blog\/wp-json\/wp\/v2\/categories?post=30528"},{"taxonomy":"post_tag","embeddable":true,"href":"https:\/\/larevistadigital.com.ar\/blog\/wp-json\/wp\/v2\/tags?post=30528"}],"curies":[{"name":"wp","href":"https:\/\/api.w.org\/{rel}","templated":true}]}}