{"id":30536,"date":"2023-03-12T00:31:28","date_gmt":"2023-03-12T00:31:28","guid":{"rendered":"https:\/\/larevistadigital.com.ar\/blog\/?p=30536"},"modified":"2023-03-12T00:31:28","modified_gmt":"2023-03-12T00:31:28","slug":"continua-abierto-el-registro-para-mantener-el-subsidio-de-luz-y-gas","status":"publish","type":"post","link":"https:\/\/larevistadigital.com.ar\/blog\/continua-abierto-el-registro-para-mantener-el-subsidio-de-luz-y-gas\/","title":{"rendered":"CONTIN\u00daA ABIERTO EL REGISTRO PARA MANTENER EL SUBSIDIO DE LUZ Y GAS"},"content":{"rendered":"<h2 class=\"fparrafo ctext fz18 lh25\">Para completar el formulario de inscripci\u00f3n, el usuario deber\u00e1 tener a mano su factura de luz y gas y su DNI como requisitos m\u00ednimos. Ingresando a www.argentina.gob.ar\/subsidios el tr\u00e1mite demorar\u00e1 solo unos minutos.<\/h2>\n<p>11 de marzo de 2023<\/p>\n<p class=\"selectionShareable\">La Secretar\u00eda de Energ\u00eda de la Naci\u00f3n contin\u00faa con los operativos territoriales en todo el pa\u00eds con el objetivo de facilitar la inscripci\u00f3n al registro de acceso a los subsidios de energ\u00eda para continuar teniendo la ayuda del Estado para las facturas de luz y gas.<\/p>\n<blockquote>\n<h3 class=\"selectionShareable\">Para completar el formulario de inscripci\u00f3n, el usuario deber\u00e1 tener a mano su factura de luz y gas y su DNI como requisitos m\u00ednimos. Ingresando a www.argentina.gob.ar\/subsidios el tr\u00e1mite demorar\u00e1 solo unos minutos.<\/h3>\n<\/blockquote>\n<p class=\"selectionShareable\"><em><strong>\u00abPensamos un sistema de tarifas m\u00e1s justas para seguir acompa\u00f1ando al que m\u00e1s lo necesita, por eso es primordial que aquellas personas que a\u00fan no solicitaron el subsidio puedan anotarse de manera online\u00bb<\/strong><\/em>, sostuvo la secretaria de Energ\u00eda,<strong> Flavia Royon<\/strong>.<\/p>\n<blockquote>\n<h3 class=\"selectionShareable\">Y a\u00f1adi\u00f3 <strong><em>\u00abtambi\u00e9n queremos que cada familia empiece a tener consciencia de su consumo y que el sistema sea m\u00e1s eficiente y sustentable\u00bb<\/em><\/strong>.<\/h3>\n<\/blockquote>\n<p class=\"selectionShareable\">Para reforzar la inscripci\u00f3n al RASE, Energ\u00eda firm\u00f3 un convenio con la Secretar\u00eda de Abordaje Integral del Ministerio de Desarrollo Social -que se desempe\u00f1an en los Centros de Referencia- para que, los y las jubilados u otros usuarios en condiciones de acceder al subsidio puedan completar el tr\u00e1mite requerido mediante la coordinaci\u00f3n de acciones interministeriales y el refuerzo de la presencia territorial del Estado.<\/p>\n<blockquote>\n<h3 class=\"selectionShareable\">Distribuidos por todo el pa\u00eds, los Centros permitir\u00e1n que los usuarios con el tr\u00e1mite pendiente puedan realizarlo desde los distintos barrios de cada provincia donde la Secretar\u00eda de Abordaje Integral tiene presencia territorial.<\/h3>\n<\/blockquote>\n<p class=\"selectionShareable\">La segmentaci\u00f3n energ\u00e9tica es una iniciativa para ordenar los subsidios a la electricidad y el gas seg\u00fan los aspectos socio-econ\u00f3micos de cada hogar. Se implementa a trav\u00e9s de un registro para identificar cada uno de los hogares que necesiten acompa\u00f1amiento del Estado Nacional.<\/p>\n<p class=\"selectionShareable\">Se deben inscribir todos los argentinos que quieran mantener los subsidios a la energ\u00eda que hoy reciben en sus hogares. (<b>InfoGEI<\/b>) Mg<\/p>\n","protected":false},"excerpt":{"rendered":"<div class=\"mh-excerpt\"><p>Para completar el formulario de inscripci\u00f3n, el usuario deber\u00e1 tener a mano su factura de luz y gas y su DNI como requisitos m\u00ednimos. Ingresando a www.argentina.gob.ar\/subsidios el tr\u00e1mite demorar\u00e1 solo unos minutos. 11 de <a class=\"mh-excerpt-more\" href=\"https:\/\/larevistadigital.com.ar\/blog\/continua-abierto-el-registro-para-mantener-el-subsidio-de-luz-y-gas\/\" title=\"CONTIN\u00daA ABIERTO EL REGISTRO PARA MANTENER EL SUBSIDIO DE LUZ Y GAS\">[Leer M\u00e1s]<\/a><\/p>\n<\/div>","protected":false},"author":3,"featured_media":30537,"comment_status":"open","ping_status":"open","sticky":false,"template":"","format":"standard","meta":{"_jetpack_memberships_contains_paid_content":false,"footnotes":"","jetpack_publicize_message":"","jetpack_publicize_feature_enabled":true,"jetpack_social_post_already_shared":true,"jetpack_social_options":{"image_generator_settings":{"template":"highway","default_image_id":0,"font":"","enabled":false},"version":2}},"categories":[50],"tags":[],"class_list":{"0":"post-30536","1":"post","2":"type-post","3":"status-publish","4":"format-standard","5":"has-post-thumbnail","7":"category-interes-general"},"jetpack_publicize_connections":[],"jetpack_featured_media_url":"https:\/\/i0.wp.com\/larevistadigital.com.ar\/blog\/wp-content\/uploads\/20230311174013_tarifa-gas.jpg?fit=880%2C512&ssl=1","jetpack_sharing_enabled":true,"jetpack_shortlink":"https:\/\/wp.me\/p8qtrQ-7Ww","jetpack-related-posts":[{"id":26918,"url":"https:\/\/larevistadigital.com.ar\/blog\/extienden-el-plazo-de-inscripcion-a-los-subsidios-de-la-luz-y-el-gas\/","url_meta":{"origin":30536,"position":0},"title":"EXTIENDEN EL PLAZO DE INSCRIPCI\u00d3N A LOS SUBSIDIOS DE LA LUZ Y EL GAS","author":"Alejandro Sosa Ruda","date":"1 agosto, 2022","format":false,"excerpt":"El formulario de inscripci\u00f3n va a permanecer abierto para todas aquellas personas que a\u00fan no se hayan inscripto, independientemente del n\u00famero de DNI. La Secretar\u00eda de Energ\u00eda extendi\u00f3 a partir de\u00a0este lunes el plazo del proceso de inscripci\u00f3n para acceder a los\u00a0subsidios a la energ\u00eda el\u00e9ctrica y al gas natural\u00a0que\u2026","rel":"","context":"En \u00abINTERES GENERAL\u00bb","block_context":{"text":"INTERES GENERAL","link":"https:\/\/larevistadigital.com.ar\/blog\/category\/interes-general\/"},"img":{"alt_text":"","src":"https:\/\/i0.wp.com\/larevistadigital.com.ar\/blog\/wp-content\/uploads\/Captura-de-pantalla-2022-08-01-095035.png?fit=811%2C455&ssl=1&resize=350%2C200","width":350,"height":200,"srcset":"https:\/\/i0.wp.com\/larevistadigital.com.ar\/blog\/wp-content\/uploads\/Captura-de-pantalla-2022-08-01-095035.png?fit=811%2C455&ssl=1&resize=350%2C200 1x, https:\/\/i0.wp.com\/larevistadigital.com.ar\/blog\/wp-content\/uploads\/Captura-de-pantalla-2022-08-01-095035.png?fit=811%2C455&ssl=1&resize=525%2C300 1.5x, https:\/\/i0.wp.com\/larevistadigital.com.ar\/blog\/wp-content\/uploads\/Captura-de-pantalla-2022-08-01-095035.png?fit=811%2C455&ssl=1&resize=700%2C400 2x"},"classes":[]},{"id":26032,"url":"https:\/\/larevistadigital.com.ar\/blog\/te-informamos-como-sera-el-tramite-obligatorio-para-mantener-el-subsidio-en-la-luz-y-el-gas\/","url_meta":{"origin":30536,"position":1},"title":"TE INFORMAMOS C\u00d3MO SER\u00c1 EL TR\u00c1MITE OBLIGATORIO PARA MANTENER EL SUBSIDIO EN LA LUZ Y EL GAS","author":"Alejandro Sosa Ruda","date":"22 junio, 2022","format":false,"excerpt":"El gobierno nacional busca habilitar esta semana el Registro de Acceso a los Subsidios a la Energ\u00eda (RASE). La inscripci\u00f3n no excluir\u00e1 a quienes reciben prestaciones sociales ni a jubilados y pensionados. El gobierno nacional busca habilitar esta semana el\u00a0Registro de Acceso a los Subsidios a la Energ\u00eda (RASE), en\u2026","rel":"","context":"En \u00abINTERES GENERAL\u00bb","block_context":{"text":"INTERES GENERAL","link":"https:\/\/larevistadigital.com.ar\/blog\/category\/interes-general\/"},"img":{"alt_text":"","src":"https:\/\/i0.wp.com\/larevistadigital.com.ar\/blog\/wp-content\/uploads\/d801ce80351230eb46b161a56db3ac181d821e7e.jpg?fit=1140%2C641&ssl=1&resize=350%2C200","width":350,"height":200,"srcset":"https:\/\/i0.wp.com\/larevistadigital.com.ar\/blog\/wp-content\/uploads\/d801ce80351230eb46b161a56db3ac181d821e7e.jpg?fit=1140%2C641&ssl=1&resize=350%2C200 1x, https:\/\/i0.wp.com\/larevistadigital.com.ar\/blog\/wp-content\/uploads\/d801ce80351230eb46b161a56db3ac181d821e7e.jpg?fit=1140%2C641&ssl=1&resize=525%2C300 1.5x, https:\/\/i0.wp.com\/larevistadigital.com.ar\/blog\/wp-content\/uploads\/d801ce80351230eb46b161a56db3ac181d821e7e.jpg?fit=1140%2C641&ssl=1&resize=700%2C400 2x, https:\/\/i0.wp.com\/larevistadigital.com.ar\/blog\/wp-content\/uploads\/d801ce80351230eb46b161a56db3ac181d821e7e.jpg?fit=1140%2C641&ssl=1&resize=1050%2C600 3x"},"classes":[]},{"id":37042,"url":"https:\/\/larevistadigital.com.ar\/blog\/chascomus-en-el-barrio-ipora-se-inscribira-en-el-registro-de-acceso-a-los-subsidios-de-energia\/","url_meta":{"origin":30536,"position":2},"title":"CHASCOM\u00daS: EN EL BARRIO IPOR\u00c1 SE INSCRIBIR\u00c1 EN EL REGISTRO DE ACCESO A LOS SUBSIDIOS DE ENERG\u00cdA","author":"Alejandro Sosa Ruda","date":"23 agosto, 2024","format":false,"excerpt":"Este s\u00e1bado de 9 a 12 horas, el equipo de Pol\u00edticas Comunitarias municipal realizar\u00e1 un operativo especial en el SUM barrial, ubicado en Sargento Cabral y Per\u00fa. 23 de Agosto de 2024 CHASCOM\u00daS -\u00a0 Este s\u00e1bado de 9 a 12 horas, el equipo de Pol\u00edticas Comunitarias municipal realizar\u00e1 un operativo\u2026","rel":"","context":"En \u00abCHASCOM\u00daS\u00bb","block_context":{"text":"CHASCOM\u00daS","link":"https:\/\/larevistadigital.com.ar\/blog\/category\/chascomus\/"},"img":{"alt_text":"","src":"https:\/\/i0.wp.com\/larevistadigital.com.ar\/blog\/wp-content\/uploads\/66c8c102be257.png?fit=668%2C445&ssl=1&resize=350%2C200","width":350,"height":200,"srcset":"https:\/\/i0.wp.com\/larevistadigital.com.ar\/blog\/wp-content\/uploads\/66c8c102be257.png?fit=668%2C445&ssl=1&resize=350%2C200 1x, https:\/\/i0.wp.com\/larevistadigital.com.ar\/blog\/wp-content\/uploads\/66c8c102be257.png?fit=668%2C445&ssl=1&resize=525%2C300 1.5x"},"classes":[]},{"id":26625,"url":"https:\/\/larevistadigital.com.ar\/blog\/26625-2\/","url_meta":{"origin":30536,"position":3},"title":"EL FORMULARIO PARA MANTENER LOS SUBSIDIOS. C\u00d3MO SE LLENA","author":"Alejandro Sosa Ruda","date":"15 julio, 2022","format":false,"excerpt":"Mediante conferencia de prensa, el gobierno nacional inaugur\u00f3 la p\u00e1gina para anotarse. C\u00f3mo ser\u00e1 paso a paso. El Gobierno activ\u00f3 en la p\u00e1gina\u00a0www.argentina.gob.ar\/subsidios\u00a0y la aplicaci\u00f3n Mi Argentina\u00a0el formulario para la inscripci\u00f3n de usuarios de cara a la segmentaci\u00f3n de las tarifas, que comenzar\u00e1 a regir a partir del 1 de\u2026","rel":"","context":"En \u00abDESTACADAS\u00bb","block_context":{"text":"DESTACADAS","link":"https:\/\/larevistadigital.com.ar\/blog\/category\/destacadas\/"},"img":{"alt_text":"","src":"https:\/\/i0.wp.com\/larevistadigital.com.ar\/blog\/wp-content\/uploads\/1657889341459.jpeg?fit=820%2C641&ssl=1&resize=350%2C200","width":350,"height":200,"srcset":"https:\/\/i0.wp.com\/larevistadigital.com.ar\/blog\/wp-content\/uploads\/1657889341459.jpeg?fit=820%2C641&ssl=1&resize=350%2C200 1x, https:\/\/i0.wp.com\/larevistadigital.com.ar\/blog\/wp-content\/uploads\/1657889341459.jpeg?fit=820%2C641&ssl=1&resize=525%2C300 1.5x, https:\/\/i0.wp.com\/larevistadigital.com.ar\/blog\/wp-content\/uploads\/1657889341459.jpeg?fit=820%2C641&ssl=1&resize=700%2C400 2x"},"classes":[]},{"id":36309,"url":"https:\/\/larevistadigital.com.ar\/blog\/quita-de-subsidios-a-los-servicios-publicos\/","url_meta":{"origin":30536,"position":4},"title":"QUITA DE SUBSIDIOS A LOS SERVICIOS P\u00daBLICOS","author":"Alejandro Sosa Ruda","date":"13 junio, 2024","format":false,"excerpt":"En sesenta d\u00edas vence el plazo para la inscripci\u00f3n en el registro de segmentaci\u00f3n energ\u00e9tica. 13 de Junio de 2024 CHASCOM\u00daS -\u00a0 Desde la oficina de OMIC informan que la Secretar\u00eda de Energ\u00eda de la Naci\u00f3n modific\u00f3 el Sistema de Subsidios a la energ\u00eda y el valor de consumo. Deber\u00e1n\u2026","rel":"","context":"En \u00abINTERES GENERAL\u00bb","block_context":{"text":"INTERES GENERAL","link":"https:\/\/larevistadigital.com.ar\/blog\/category\/interes-general\/"},"img":{"alt_text":"","src":"https:\/\/i0.wp.com\/larevistadigital.com.ar\/blog\/wp-content\/uploads\/2024_06_12_01_38_22_5964752.jpg?fit=600%2C400&ssl=1&resize=350%2C200","width":350,"height":200,"srcset":"https:\/\/i0.wp.com\/larevistadigital.com.ar\/blog\/wp-content\/uploads\/2024_06_12_01_38_22_5964752.jpg?fit=600%2C400&ssl=1&resize=350%2C200 1x, https:\/\/i0.wp.com\/larevistadigital.com.ar\/blog\/wp-content\/uploads\/2024_06_12_01_38_22_5964752.jpg?fit=600%2C400&ssl=1&resize=525%2C300 1.5x"},"classes":[]},{"id":26914,"url":"https:\/\/larevistadigital.com.ar\/blog\/desde-hoy-rigen-los-nuevos-cuadros-tarifarios-para-luz-y-gas-natural\/","url_meta":{"origin":30536,"position":5},"title":"DESDE HOY RIGEN LOS NUEVOS CUADROS TARIFARIOS PARA LUZ Y GAS NATURAL","author":"Alejandro Sosa Ruda","date":"1 agosto, 2022","format":false,"excerpt":"Los nuevos cuadros tarifarios para los servicios de distribuci\u00f3n de energ\u00eda el\u00e9ctrica y gas natural comenzar\u00e1n a regir a partir de este lunes. Los incrementos solamente ser\u00e1n aplicados a los usuarios del nivel 1, de mayores ingresos, y a aquellos que no hayan completado el formulario de inscripci\u00f3n al Registro\u2026","rel":"","context":"En \u00abECONOMIA\u00bb","block_context":{"text":"ECONOMIA","link":"https:\/\/larevistadigital.com.ar\/blog\/category\/economia\/"},"img":{"alt_text":"","src":"https:\/\/i0.wp.com\/larevistadigital.com.ar\/blog\/wp-content\/uploads\/20220731171719_subsidios-tarifas-gas-luz.jpg?fit=880%2C512&ssl=1&resize=350%2C200","width":350,"height":200,"srcset":"https:\/\/i0.wp.com\/larevistadigital.com.ar\/blog\/wp-content\/uploads\/20220731171719_subsidios-tarifas-gas-luz.jpg?fit=880%2C512&ssl=1&resize=350%2C200 1x, https:\/\/i0.wp.com\/larevistadigital.com.ar\/blog\/wp-content\/uploads\/20220731171719_subsidios-tarifas-gas-luz.jpg?fit=880%2C512&ssl=1&resize=525%2C300 1.5x, https:\/\/i0.wp.com\/larevistadigital.com.ar\/blog\/wp-content\/uploads\/20220731171719_subsidios-tarifas-gas-luz.jpg?fit=880%2C512&ssl=1&resize=700%2C400 2x"},"classes":[]}],"_links":{"self":[{"href":"https:\/\/larevistadigital.com.ar\/blog\/wp-json\/wp\/v2\/posts\/30536","targetHints":{"allow":["GET"]}}],"collection":[{"href":"https:\/\/larevistadigital.com.ar\/blog\/wp-json\/wp\/v2\/posts"}],"about":[{"href":"https:\/\/larevistadigital.com.ar\/blog\/wp-json\/wp\/v2\/types\/post"}],"author":[{"embeddable":true,"href":"https:\/\/larevistadigital.com.ar\/blog\/wp-json\/wp\/v2\/users\/3"}],"replies":[{"embeddable":true,"href":"https:\/\/larevistadigital.com.ar\/blog\/wp-json\/wp\/v2\/comments?post=30536"}],"version-history":[{"count":1,"href":"https:\/\/larevistadigital.com.ar\/blog\/wp-json\/wp\/v2\/posts\/30536\/revisions"}],"predecessor-version":[{"id":30538,"href":"https:\/\/larevistadigital.com.ar\/blog\/wp-json\/wp\/v2\/posts\/30536\/revisions\/30538"}],"wp:featuredmedia":[{"embeddable":true,"href":"https:\/\/larevistadigital.com.ar\/blog\/wp-json\/wp\/v2\/media\/30537"}],"wp:attachment":[{"href":"https:\/\/larevistadigital.com.ar\/blog\/wp-json\/wp\/v2\/media?parent=30536"}],"wp:term":[{"taxonomy":"category","embeddable":true,"href":"https:\/\/larevistadigital.com.ar\/blog\/wp-json\/wp\/v2\/categories?post=30536"},{"taxonomy":"post_tag","embeddable":true,"href":"https:\/\/larevistadigital.com.ar\/blog\/wp-json\/wp\/v2\/tags?post=30536"}],"curies":[{"name":"wp","href":"https:\/\/api.w.org\/{rel}","templated":true}]}}