{"id":30539,"date":"2023-03-12T00:37:20","date_gmt":"2023-03-12T00:37:20","guid":{"rendered":"https:\/\/larevistadigital.com.ar\/blog\/?p=30539"},"modified":"2023-03-12T00:37:20","modified_gmt":"2023-03-12T00:37:20","slug":"diputado-sufre-un-fuerte-accidente-mientras-viajaba-con-su-familia","status":"publish","type":"post","link":"https:\/\/larevistadigital.com.ar\/blog\/diputado-sufre-un-fuerte-accidente-mientras-viajaba-con-su-familia\/","title":{"rendered":"DIPUTADO SUFRE UN FUERTE ACCIDENTE MIENTRAS VIAJABA CON SU FAMILIA"},"content":{"rendered":"<h2 class=\"fparrafo ctext fz18 lh25\">Chocaron de frente con otro veh\u00edculo en la zona sur de Mar del Plata. Se trata del ex intendente de Miramar y su familia que resultaron heridos. Fueron trasladados a un hospital privado de la ciudad, donde permanecieron en observaci\u00f3n.<\/h2>\n<p>11 de marzo de 2023<\/p>\n<p><strong>MAR DEL PLATA &#8211;<\/strong>\u00a0 El diputado provincial por el Frente de Todos y ex intendente de Miramar <strong>Germ\u00e1n Di Cesare<\/strong> protagoniz\u00f3 este s\u00e1bado en horas del mediod\u00eda un brutal accidente mientras viajaba hacia Mar del Plata junto a su pareja y una de sus hijas.<\/p>\n<blockquote>\n<h3 class=\"selectionShareable\">Los tres fueron trasladados con politraumatismos a un hospital privado marplatense donde se encuentran fuera de peligro.<\/h3>\n<\/blockquote>\n<p class=\"selectionShareable\">Fuentes indicaron que el legislador y su familia chocaron de frente con un autom\u00f3vil que era conducido por un profesional de la salud que sufri\u00f3 \u201cdiversos cortes\u201d.<\/p>\n<blockquote>\n<h3 class=\"selectionShareable\">De acuerdo a las primeras informaciones, la familia viajaba hacia Mar del Plata para visitar diferentes departamentos ya que la joven tiene planeado estudiar en la ciudad y, al llegar a Ant\u00e1rtida Argentina y 749, en cercan\u00edas al cementerio municipal impact\u00f3 con el rodado del profesional de la salud.<\/h3>\n<\/blockquote>\n<p class=\"selectionShareable\">Seg\u00fan inform\u00f3 el portal LaCapital, el Volkswagen Gol Trend manejado por el m\u00e9dico circulaba en sentido a Miramar, mientras que el Nissan de Di Cesare lo hac\u00eda en direcci\u00f3n contraria. De acuerdo a la reconstrucci\u00f3n preliminar del choque, el m\u00e9dico habr\u00eda realizado una maniobra peligrosa al doblar a gran velocidad. Fue entonces que ambos veh\u00edculos colisionaron de frente. Como consecuencia del siniestro vial, se inici\u00f3 una causa caratulada \u201cLesiones culposas\u201d en la que el conductor del Gol Trend qued\u00f3 imputado.<\/p>\n<p class=\"selectionShareable\">Cabe destacar que la mujer de <strong>Di Cesare<\/strong> es hija de un ex intendente de General Alvarado, <strong>Tom\u00e1s Hogan<\/strong>, y hermana del tambi\u00e9n ex jefe comunal, <strong>Patricio Hogan<\/strong>. (<b>InfoGEI<\/b>) Mg<\/p>\n<p>&nbsp;<\/p>\n","protected":false},"excerpt":{"rendered":"<div class=\"mh-excerpt\"><p>Chocaron de frente con otro veh\u00edculo en la zona sur de Mar del Plata. Se trata del ex intendente de Miramar y su familia que resultaron heridos. Fueron trasladados a un hospital privado de la <a class=\"mh-excerpt-more\" href=\"https:\/\/larevistadigital.com.ar\/blog\/diputado-sufre-un-fuerte-accidente-mientras-viajaba-con-su-familia\/\" title=\"DIPUTADO SUFRE UN FUERTE ACCIDENTE MIENTRAS VIAJABA CON SU FAMILIA\">[Leer M\u00e1s]<\/a><\/p>\n<\/div>","protected":false},"author":3,"featured_media":30540,"comment_status":"open","ping_status":"open","sticky":false,"template":"","format":"standard","meta":{"_jetpack_memberships_contains_paid_content":false,"footnotes":"","jetpack_publicize_message":"","jetpack_publicize_feature_enabled":true,"jetpack_social_post_already_shared":true,"jetpack_social_options":{"image_generator_settings":{"template":"highway","default_image_id":0,"font":"","enabled":false},"version":2}},"categories":[44,24,51],"tags":[],"class_list":{"0":"post-30539","1":"post","2":"type-post","3":"status-publish","4":"format-standard","5":"has-post-thumbnail","7":"category-policiales","8":"category-politica-provincial","9":"category-regionales"},"jetpack_publicize_connections":[],"jetpack_featured_media_url":"https:\/\/i0.wp.com\/larevistadigital.com.ar\/blog\/wp-content\/uploads\/20230311172246_acc.jpg?fit=880%2C512&ssl=1","jetpack_sharing_enabled":true,"jetpack_shortlink":"https:\/\/wp.me\/p8qtrQ-7Wz","jetpack-related-posts":[{"id":30569,"url":"https:\/\/larevistadigital.com.ar\/blog\/violento-choque-entre-dos-autos-en-el-camino-viejo-a-miramar\/","url_meta":{"origin":30539,"position":0},"title":"VIOLENTO CHOQUE ENTRE DOS AUTOS EN EL \u00abCAMINO VIEJO\u00bb A MIRAMAR","author":"Alejandro Sosa Ruda","date":"13 marzo, 2023","format":false,"excerpt":"Una pareja junto a su hija de un a\u00f1o y tres meses debi\u00f3 ser hospitalizada en Miramar con politraumatismos varios. Los veh\u00edculos circulaban en el mismo sentido desde Mar del Plata hacia la localidad vecina. 13 de Marzo de 20223 Cinco personas heridas, de las cuales tres fueron hospitalizadas -\u2026","rel":"","context":"En \u00abPOLICIALES\u00bb","block_context":{"text":"POLICIALES","link":"https:\/\/larevistadigital.com.ar\/blog\/category\/policiales\/"},"img":{"alt_text":"","src":"https:\/\/i0.wp.com\/larevistadigital.com.ar\/blog\/wp-content\/uploads\/choque-miramar.png?fit=807%2C444&ssl=1&resize=350%2C200","width":350,"height":200,"srcset":"https:\/\/i0.wp.com\/larevistadigital.com.ar\/blog\/wp-content\/uploads\/choque-miramar.png?fit=807%2C444&ssl=1&resize=350%2C200 1x, https:\/\/i0.wp.com\/larevistadigital.com.ar\/blog\/wp-content\/uploads\/choque-miramar.png?fit=807%2C444&ssl=1&resize=525%2C300 1.5x, https:\/\/i0.wp.com\/larevistadigital.com.ar\/blog\/wp-content\/uploads\/choque-miramar.png?fit=807%2C444&ssl=1&resize=700%2C400 2x"},"classes":[]},{"id":44293,"url":"https:\/\/larevistadigital.com.ar\/blog\/volcaron-en-la-ruta-y-sobrevivieron-de-milagro\/","url_meta":{"origin":30539,"position":1},"title":"Volcaron en la Ruta y sobrevivieron de milagro","author":"Alejandro Sosa Ruda","date":"4 marzo, 2026","format":false,"excerpt":"Una pareja de jubilados marplatenses sufri\u00f3 un violento accidente a la altura de General Conesa cuando el auto mordi\u00f3 la banquina y dio varios tumbos. Ambos fueron trasladados al hospital de General Madariaga. 04 de marzo de 2026 Una pareja que viajaba desde la costa atl\u00e1ntica hacia La Plata protagoniz\u00f3\u2026","rel":"","context":"En \u00abINTERES GENERAL\u00bb","block_context":{"text":"INTERES GENERAL","link":"https:\/\/larevistadigital.com.ar\/blog\/category\/interes-general\/"},"img":{"alt_text":"","src":"https:\/\/i0.wp.com\/larevistadigital.com.ar\/blog\/wp-content\/uploads\/Captura-de-pantalla-2026-03-04-113738.jpg?fit=886%2C395&ssl=1&resize=350%2C200","width":350,"height":200,"srcset":"https:\/\/i0.wp.com\/larevistadigital.com.ar\/blog\/wp-content\/uploads\/Captura-de-pantalla-2026-03-04-113738.jpg?fit=886%2C395&ssl=1&resize=350%2C200 1x, https:\/\/i0.wp.com\/larevistadigital.com.ar\/blog\/wp-content\/uploads\/Captura-de-pantalla-2026-03-04-113738.jpg?fit=886%2C395&ssl=1&resize=525%2C300 1.5x, https:\/\/i0.wp.com\/larevistadigital.com.ar\/blog\/wp-content\/uploads\/Captura-de-pantalla-2026-03-04-113738.jpg?fit=886%2C395&ssl=1&resize=700%2C400 2x"},"classes":[]},{"id":22252,"url":"https:\/\/larevistadigital.com.ar\/blog\/fallecen-dos-personas-en-un-tragico-accidente-en-la-ruta-29\/","url_meta":{"origin":30539,"position":2},"title":"FALLECEN DOS PERSONAS EN UN TR\u00c1GICO ACCIDENTE EN LA RUTA 29","author":"Alejandro Sosa Ruda","date":"7 octubre, 2021","format":false,"excerpt":"Este mi\u00e9rcoles pasadas las 17,30 se produjo un accidente en Ruta 29, km 207, donde colisionaron de frente un cami\u00f3n cisterna y un autom\u00f3vil Toyota, donde fallecieron dos de sus ocupantes en tanto que los otros dos fueron trasladados al hospital municipal. El conductor del cami\u00f3n result\u00f3 ileso. Se trataba\u2026","rel":"","context":"En \u00abINTERES GENERAL\u00bb","block_context":{"text":"INTERES GENERAL","link":"https:\/\/larevistadigital.com.ar\/blog\/category\/interes-general\/"},"img":{"alt_text":"","src":"https:\/\/i0.wp.com\/larevistadigital.com.ar\/blog\/wp-content\/uploads\/52FF8872-8FA5-4F88-B6E7-F9628E40B598.jpeg?fit=1200%2C675&ssl=1&resize=350%2C200","width":350,"height":200,"srcset":"https:\/\/i0.wp.com\/larevistadigital.com.ar\/blog\/wp-content\/uploads\/52FF8872-8FA5-4F88-B6E7-F9628E40B598.jpeg?fit=1200%2C675&ssl=1&resize=350%2C200 1x, https:\/\/i0.wp.com\/larevistadigital.com.ar\/blog\/wp-content\/uploads\/52FF8872-8FA5-4F88-B6E7-F9628E40B598.jpeg?fit=1200%2C675&ssl=1&resize=525%2C300 1.5x, https:\/\/i0.wp.com\/larevistadigital.com.ar\/blog\/wp-content\/uploads\/52FF8872-8FA5-4F88-B6E7-F9628E40B598.jpeg?fit=1200%2C675&ssl=1&resize=700%2C400 2x, https:\/\/i0.wp.com\/larevistadigital.com.ar\/blog\/wp-content\/uploads\/52FF8872-8FA5-4F88-B6E7-F9628E40B598.jpeg?fit=1200%2C675&ssl=1&resize=1050%2C600 3x"},"classes":[]},{"id":19638,"url":"https:\/\/larevistadigital.com.ar\/blog\/ruta-11-el-diputado-juan-pablo-de-jesus-rescato-a-la-victima-de-un-vuelco\/","url_meta":{"origin":30539,"position":3},"title":"RUTA 11: EL DIPUTADO JUAN PABLO DE JES\u00daS RESCAT\u00d3 A LA V\u00cdCTIMA DE UN VUELCO","author":"Alejandro Sosa Ruda","date":"13 abril, 2021","format":false,"excerpt":"El ex intendente del Partido de La Costa y actual diputado provincial por la Quinta Secci\u00f3n transitaba por el lugar cuando advirti\u00f3 el accidente ocurrido en las inmediaciones de la Rotonda Mar de Ajo. Ayer por la noche, un hombre de 63 a\u00f1os circulaba por la ruta 11, a la\u2026","rel":"","context":"En \u00abREGIONALES\u00bb","block_context":{"text":"REGIONALES","link":"https:\/\/larevistadigital.com.ar\/blog\/category\/regionales\/"},"img":{"alt_text":"","src":"https:\/\/i0.wp.com\/larevistadigital.com.ar\/blog\/wp-content\/uploads\/5ce04015d2636de2158bc42544ef8b862d4cd8be.jpg?fit=1140%2C641&ssl=1&resize=350%2C200","width":350,"height":200,"srcset":"https:\/\/i0.wp.com\/larevistadigital.com.ar\/blog\/wp-content\/uploads\/5ce04015d2636de2158bc42544ef8b862d4cd8be.jpg?fit=1140%2C641&ssl=1&resize=350%2C200 1x, https:\/\/i0.wp.com\/larevistadigital.com.ar\/blog\/wp-content\/uploads\/5ce04015d2636de2158bc42544ef8b862d4cd8be.jpg?fit=1140%2C641&ssl=1&resize=525%2C300 1.5x, https:\/\/i0.wp.com\/larevistadigital.com.ar\/blog\/wp-content\/uploads\/5ce04015d2636de2158bc42544ef8b862d4cd8be.jpg?fit=1140%2C641&ssl=1&resize=700%2C400 2x, https:\/\/i0.wp.com\/larevistadigital.com.ar\/blog\/wp-content\/uploads\/5ce04015d2636de2158bc42544ef8b862d4cd8be.jpg?fit=1140%2C641&ssl=1&resize=1050%2C600 3x"},"classes":[]},{"id":18158,"url":"https:\/\/larevistadigital.com.ar\/blog\/operan-de-urgencia-al-intendente-de-mar-del-plata-por-un-accidente-domestico\/","url_meta":{"origin":30539,"position":4},"title":"OPERAN DE URGENCIA AL INTENDENTE DE MAR DEL PLATA POR UN ACCIDENTE DOM\u00c9STICO","author":"Alejandro Sosa Ruda","date":"16 diciembre, 2020","format":false,"excerpt":"Se cort\u00f3 el tend\u00f3n de una mano. Sucedi\u00f3 cuando estaba en Capital Federal, donde le hicieron las primeras curaciones. La intervenci\u00f3n quir\u00fargica es en el Hospital Privado de Comunidad. El intendente Guillermo Montenegro fue sometido este mi\u00e9rcoles a una intervenci\u00f3n quir\u00fargica luego de que ayer se cortara el tend\u00f3n de\u2026","rel":"","context":"En \u00abREGIONALES\u00bb","block_context":{"text":"REGIONALES","link":"https:\/\/larevistadigital.com.ar\/blog\/category\/regionales\/"},"img":{"alt_text":"","src":"https:\/\/i0.wp.com\/larevistadigital.com.ar\/blog\/wp-content\/uploads\/dc3e8439e0a572e5ad4ac18f126256d29a587b.jpg?fit=1200%2C800&ssl=1&resize=350%2C200","width":350,"height":200,"srcset":"https:\/\/i0.wp.com\/larevistadigital.com.ar\/blog\/wp-content\/uploads\/dc3e8439e0a572e5ad4ac18f126256d29a587b.jpg?fit=1200%2C800&ssl=1&resize=350%2C200 1x, https:\/\/i0.wp.com\/larevistadigital.com.ar\/blog\/wp-content\/uploads\/dc3e8439e0a572e5ad4ac18f126256d29a587b.jpg?fit=1200%2C800&ssl=1&resize=525%2C300 1.5x, https:\/\/i0.wp.com\/larevistadigital.com.ar\/blog\/wp-content\/uploads\/dc3e8439e0a572e5ad4ac18f126256d29a587b.jpg?fit=1200%2C800&ssl=1&resize=700%2C400 2x, https:\/\/i0.wp.com\/larevistadigital.com.ar\/blog\/wp-content\/uploads\/dc3e8439e0a572e5ad4ac18f126256d29a587b.jpg?fit=1200%2C800&ssl=1&resize=1050%2C600 3x"},"classes":[]},{"id":26346,"url":"https:\/\/larevistadigital.com.ar\/blog\/castelli-vuelco-en-la-autovia-una-pareja-y-su-bebe-heridos\/","url_meta":{"origin":30539,"position":5},"title":"CASTELLI: VUELCO EN LA AUTOV\u00cdA. UNA PAREJA Y SU BEB\u00c9 HERIDOS.","author":"Alejandro Sosa Ruda","date":"5 julio, 2022","format":false,"excerpt":"CASTELLI -\u00a0 Una familia, incluyendo un beb\u00e9, result\u00f3 herida a ra\u00edz de un vuelco producido en la autov\u00eda\u00a0en cercan\u00edas de la localidad de\u00a0Castelli. El accidente se produjo en el\u00a0kil\u00f3metro 194 de la ruta 2, en mano hacia Mar del Plata. En ese sitio y por causas que a\u00fan se investigan,\u2026","rel":"","context":"En \u00abCASTELLI\u00bb","block_context":{"text":"CASTELLI","link":"https:\/\/larevistadigital.com.ar\/blog\/category\/castelli\/"},"img":{"alt_text":"","src":"https:\/\/i0.wp.com\/larevistadigital.com.ar\/blog\/wp-content\/uploads\/69eb415c5f239a55bee1784a3db00db72a35061f.jpeg?fit=1140%2C841&ssl=1&resize=350%2C200","width":350,"height":200,"srcset":"https:\/\/i0.wp.com\/larevistadigital.com.ar\/blog\/wp-content\/uploads\/69eb415c5f239a55bee1784a3db00db72a35061f.jpeg?fit=1140%2C841&ssl=1&resize=350%2C200 1x, https:\/\/i0.wp.com\/larevistadigital.com.ar\/blog\/wp-content\/uploads\/69eb415c5f239a55bee1784a3db00db72a35061f.jpeg?fit=1140%2C841&ssl=1&resize=525%2C300 1.5x, https:\/\/i0.wp.com\/larevistadigital.com.ar\/blog\/wp-content\/uploads\/69eb415c5f239a55bee1784a3db00db72a35061f.jpeg?fit=1140%2C841&ssl=1&resize=700%2C400 2x, https:\/\/i0.wp.com\/larevistadigital.com.ar\/blog\/wp-content\/uploads\/69eb415c5f239a55bee1784a3db00db72a35061f.jpeg?fit=1140%2C841&ssl=1&resize=1050%2C600 3x"},"classes":[]}],"_links":{"self":[{"href":"https:\/\/larevistadigital.com.ar\/blog\/wp-json\/wp\/v2\/posts\/30539","targetHints":{"allow":["GET"]}}],"collection":[{"href":"https:\/\/larevistadigital.com.ar\/blog\/wp-json\/wp\/v2\/posts"}],"about":[{"href":"https:\/\/larevistadigital.com.ar\/blog\/wp-json\/wp\/v2\/types\/post"}],"author":[{"embeddable":true,"href":"https:\/\/larevistadigital.com.ar\/blog\/wp-json\/wp\/v2\/users\/3"}],"replies":[{"embeddable":true,"href":"https:\/\/larevistadigital.com.ar\/blog\/wp-json\/wp\/v2\/comments?post=30539"}],"version-history":[{"count":1,"href":"https:\/\/larevistadigital.com.ar\/blog\/wp-json\/wp\/v2\/posts\/30539\/revisions"}],"predecessor-version":[{"id":30541,"href":"https:\/\/larevistadigital.com.ar\/blog\/wp-json\/wp\/v2\/posts\/30539\/revisions\/30541"}],"wp:featuredmedia":[{"embeddable":true,"href":"https:\/\/larevistadigital.com.ar\/blog\/wp-json\/wp\/v2\/media\/30540"}],"wp:attachment":[{"href":"https:\/\/larevistadigital.com.ar\/blog\/wp-json\/wp\/v2\/media?parent=30539"}],"wp:term":[{"taxonomy":"category","embeddable":true,"href":"https:\/\/larevistadigital.com.ar\/blog\/wp-json\/wp\/v2\/categories?post=30539"},{"taxonomy":"post_tag","embeddable":true,"href":"https:\/\/larevistadigital.com.ar\/blog\/wp-json\/wp\/v2\/tags?post=30539"}],"curies":[{"name":"wp","href":"https:\/\/api.w.org\/{rel}","templated":true}]}}