{"id":30542,"date":"2023-03-12T00:44:20","date_gmt":"2023-03-12T00:44:20","guid":{"rendered":"https:\/\/larevistadigital.com.ar\/blog\/?p=30542"},"modified":"2023-03-12T00:44:20","modified_gmt":"2023-03-12T00:44:20","slug":"mar-chiquita-edil-denunciado-por-violencia-de-genero-sigue-asistiendo-al-concejo-deliberante","status":"publish","type":"post","link":"https:\/\/larevistadigital.com.ar\/blog\/mar-chiquita-edil-denunciado-por-violencia-de-genero-sigue-asistiendo-al-concejo-deliberante\/","title":{"rendered":"MAR CHIQUITA: EDIL DENUNCIADO POR VIOLENCIA DE G\u00c9NERO, SIGUE ASISTIENDO AL CONCEJO DELIBERANTE"},"content":{"rendered":"<h2 class=\"fparrafo ctext fz18 lh25\">Se trata de Mariano Filippi, de Juntos por el Cambio, quien tras ausentarse en la apertura de sesiones ordinarias, concurri\u00f3 al recinto el pasado 8 de marzo, D\u00eda Internacional de la Mujer.<\/h2>\n<p>11 De Marzo de 2023<\/p>\n<p><strong>MAR CHIQUITA &#8211;\u00a0 <\/strong>El concejal de Juntos por el Cambio denunciado por violencia de g\u00e9nero, <strong>Mariano Filippi<\/strong>, volvi\u00f3 al Concejo Deliberante del Partido de Mar Chiquita el pasado 8 de marzo para la primera sesi\u00f3n del a\u00f1o que llev\u00f3 a cabo el cuerpo legislativo.<\/p>\n<p class=\"selectionShareable\">El edil no hab\u00eda estado presente en la apertura de sesiones ordinarias realizada por el intendente <strong>Jorge Paredi<\/strong>, pero su presencia en al primera sesi\u00f3n gener\u00f3 el repudio del bloque del Frente de Todos, que previamente hab\u00eda solicitado que <strong>Filippi<\/strong> se tomara licencia hasta tanto la Justicia se expida respecto de su situaci\u00f3n.<\/p>\n<blockquote>\n<h3 class=\"selectionShareable\"><em><strong>\u00abEl bloque de concejales del Frente de Todos manifiesta su profunda preocupaci\u00f3n por la continuidad del edil Mariano Filippi dentro del recinto del HCD\u00bb<\/strong><\/em>, manifestaron los concejales en un comunicado.<\/h3>\n<\/blockquote>\n<p class=\"selectionShareable\">El documento vuelve a plantear la conveniencia de que <em><strong>\u201cel concejal Mariano Filippi solicite licencia hasta la resoluci\u00f3n de su situaci\u00f3n judicial\u00bb.<\/strong><\/em><\/p>\n<blockquote>\n<h3 class=\"selectionShareable\">El mismo pedido lo hab\u00eda efectuado la Direcci\u00f3n de las Mujeres, G\u00e9nero y Diversidad de la Municipalidad de Mar Chiquita, a cargo de la Dra. Ruth Creig.<\/h3>\n<\/blockquote>\n<p class=\"selectionShareable\"><em><strong>\u201cEs menester informar que dicha persona afronta un proceso penal por grav\u00edsimos hechos denunciados en su contra (los cuales no ser\u00e1n detallados en la presente en el marco del derecho a la confidencialidad y preservaci\u00f3n integral de la denunciante) y que se encuentran siendo objeto de investigaci\u00f3n en la IPP actualmente en curso ante Fiscal\u00eda Descentralizada de Mar Chiquita a cargo del Dr. Ramiro Anchou y en la cual esta direcci\u00f3n ha tomado intervenci\u00f3n de manera directa en el marco del acompa\u00f1amiento y abordaje integral brindado a la denunciante\u201d<\/strong><\/em>, se hab\u00eda expresado desde la Direcci\u00f3n de las Mujeres, G\u00e9nero y Diversidad. (<b>InfoGEI<\/b>) Mg<\/p>\n","protected":false},"excerpt":{"rendered":"<div class=\"mh-excerpt\"><p>Se trata de Mariano Filippi, de Juntos por el Cambio, quien tras ausentarse en la apertura de sesiones ordinarias, concurri\u00f3 al recinto el pasado 8 de marzo, D\u00eda Internacional de la Mujer. 11 De Marzo <a class=\"mh-excerpt-more\" href=\"https:\/\/larevistadigital.com.ar\/blog\/mar-chiquita-edil-denunciado-por-violencia-de-genero-sigue-asistiendo-al-concejo-deliberante\/\" title=\"MAR CHIQUITA: EDIL DENUNCIADO POR VIOLENCIA DE G\u00c9NERO, SIGUE ASISTIENDO AL CONCEJO DELIBERANTE\">[Leer M\u00e1s]<\/a><\/p>\n<\/div>","protected":false},"author":3,"featured_media":30543,"comment_status":"open","ping_status":"open","sticky":false,"template":"","format":"standard","meta":{"_jetpack_memberships_contains_paid_content":false,"footnotes":"","jetpack_publicize_message":"","jetpack_publicize_feature_enabled":true,"jetpack_social_post_already_shared":true,"jetpack_social_options":{"image_generator_settings":{"template":"highway","default_image_id":0,"font":"","enabled":false},"version":2}},"categories":[24,51],"tags":[],"class_list":{"0":"post-30542","1":"post","2":"type-post","3":"status-publish","4":"format-standard","5":"has-post-thumbnail","7":"category-politica-provincial","8":"category-regionales"},"jetpack_publicize_connections":[],"jetpack_featured_media_url":"https:\/\/i0.wp.com\/larevistadigital.com.ar\/blog\/wp-content\/uploads\/20230311130320_filipi.jpg?fit=880%2C512&ssl=1","jetpack_sharing_enabled":true,"jetpack_shortlink":"https:\/\/wp.me\/p8qtrQ-7WC","jetpack-related-posts":[{"id":29989,"url":"https:\/\/larevistadigital.com.ar\/blog\/mar-chiquita-acusan-a-un-concejal-de-violencia-de-genero-y-le-exigen-que-tome-licencia\/","url_meta":{"origin":30542,"position":0},"title":"MAR CHIQUITA: ACUSAN A UN CONCEJAL DE VIOLENCIA DE G\u00c9NERO Y LE EXIGEN  QUE TOME LICENCIA","author":"Alejandro Sosa Ruda","date":"6 febrero, 2023","format":false,"excerpt":"\u201cDicha persona afronta un proceso penal por grav\u00edsimos hechos denunciados en su contra y que se encuentran siendo objeto de investigaci\u00f3n por la Fiscal\u00eda Descentralizada de Mar Chiquita a cargo de Ramiro Anchou\u201d, expresaron desde la Direcci\u00f3n de las Mujeres, G\u00e9nero y Diversidad del municipio marchiquitense. 6 de febrero de\u2026","rel":"","context":"En \u00abPOLICIALES\u00bb","block_context":{"text":"POLICIALES","link":"https:\/\/larevistadigital.com.ar\/blog\/category\/policiales\/"},"img":{"alt_text":"","src":"https:\/\/i0.wp.com\/larevistadigital.com.ar\/blog\/wp-content\/uploads\/38cb7dd2d17c1be5d5831462d52b86d6aefc8651.jpg?fit=880%2C512&ssl=1&resize=350%2C200","width":350,"height":200,"srcset":"https:\/\/i0.wp.com\/larevistadigital.com.ar\/blog\/wp-content\/uploads\/38cb7dd2d17c1be5d5831462d52b86d6aefc8651.jpg?fit=880%2C512&ssl=1&resize=350%2C200 1x, https:\/\/i0.wp.com\/larevistadigital.com.ar\/blog\/wp-content\/uploads\/38cb7dd2d17c1be5d5831462d52b86d6aefc8651.jpg?fit=880%2C512&ssl=1&resize=525%2C300 1.5x, https:\/\/i0.wp.com\/larevistadigital.com.ar\/blog\/wp-content\/uploads\/38cb7dd2d17c1be5d5831462d52b86d6aefc8651.jpg?fit=880%2C512&ssl=1&resize=700%2C400 2x"},"classes":[]},{"id":32207,"url":"https:\/\/larevistadigital.com.ar\/blog\/pinamar-un-legislador-fue-denunciado-por-sus-pares-y-no-puede-ingresar-al-concejo-deliberante-por-diez-dias\/","url_meta":{"origin":30542,"position":1},"title":"PINAMAR: UN LEGISLADOR FUE DENUNCIADO POR SUS PARES Y NO PUEDE INGRESAR AL CONCEJO DELIBERANTE POR DIEZ D\u00cdAS.","author":"Alejandro Sosa Ruda","date":"1 julio, 2023","format":false,"excerpt":"El concejal Perrone del Frente de Todos dijo que \u201cdenuncias de este tipo podr\u00edan vaciar al Concejo Deliberante\u201d. Asegur\u00f3 que la justicia no le dio derecho a defensa y explic\u00f3 lo sucedido en el recinto que deriv\u00f3 en la denuncia. 30 de junio de 2023 PINAMAR -\u00a0 El concejal Pablo\u2026","rel":"","context":"En \u00abPOLITICA\u00bb","block_context":{"text":"POLITICA","link":"https:\/\/larevistadigital.com.ar\/blog\/category\/politica\/"},"img":{"alt_text":"","src":"https:\/\/i0.wp.com\/larevistadigital.com.ar\/blog\/wp-content\/uploads\/descarga-25.jpg?fit=700%2C462&ssl=1&resize=350%2C200","width":350,"height":200,"srcset":"https:\/\/i0.wp.com\/larevistadigital.com.ar\/blog\/wp-content\/uploads\/descarga-25.jpg?fit=700%2C462&ssl=1&resize=350%2C200 1x, https:\/\/i0.wp.com\/larevistadigital.com.ar\/blog\/wp-content\/uploads\/descarga-25.jpg?fit=700%2C462&ssl=1&resize=525%2C300 1.5x, https:\/\/i0.wp.com\/larevistadigital.com.ar\/blog\/wp-content\/uploads\/descarga-25.jpg?fit=700%2C462&ssl=1&resize=700%2C400 2x"},"classes":[]},{"id":8852,"url":"https:\/\/larevistadigital.com.ar\/blog\/chascomus-para-la-concejal-cecilia-machado-el-discurso-de-gaston-fue-light\/","url_meta":{"origin":30542,"position":2},"title":"CHASCOM\u00daS: PARA LA CONCEJAL CECILIA MACHADO, EL DISCURSO DE GAST\u00d3N FUE LIGHT","author":"Alejandro Sosa Ruda","date":"3 marzo, 2019","format":false,"excerpt":"La concejal de Red x Argentina, Cecilia Machado, fue entrevistada en programa que conduce Alberto Morel y Mart\u00edn Palmero, donde se refiri\u00f3 a lo que fue el discurso del Intendente Municipal Javier Gast\u00f3n en la apertura de las sesiones ordinarias del Concejo Deliberante; la edil tuvo una visi\u00f3n cr\u00edtica de\u2026","rel":"","context":"En \u00abCHASCOM\u00daS\u00bb","block_context":{"text":"CHASCOM\u00daS","link":"https:\/\/larevistadigital.com.ar\/blog\/category\/chascomus\/"},"img":{"alt_text":"","src":"https:\/\/i0.wp.com\/larevistadigital.com.ar\/blog\/wp-content\/uploads\/2019\/03\/48379782_2361746627173146_4360034731979440128_n.jpg?fit=956%2C960&ssl=1&resize=350%2C200","width":350,"height":200,"srcset":"https:\/\/i0.wp.com\/larevistadigital.com.ar\/blog\/wp-content\/uploads\/2019\/03\/48379782_2361746627173146_4360034731979440128_n.jpg?fit=956%2C960&ssl=1&resize=350%2C200 1x, https:\/\/i0.wp.com\/larevistadigital.com.ar\/blog\/wp-content\/uploads\/2019\/03\/48379782_2361746627173146_4360034731979440128_n.jpg?fit=956%2C960&ssl=1&resize=525%2C300 1.5x, https:\/\/i0.wp.com\/larevistadigital.com.ar\/blog\/wp-content\/uploads\/2019\/03\/48379782_2361746627173146_4360034731979440128_n.jpg?fit=956%2C960&ssl=1&resize=700%2C400 2x"},"classes":[]},{"id":35362,"url":"https:\/\/larevistadigital.com.ar\/blog\/la-plata-alak-abre-las-sesiones-del-concejo-deliberante-y-hay-expectativa-por-su-discurso\/","url_meta":{"origin":30542,"position":3},"title":"LA PLATA: ALAK ABRE LAS SESIONES DEL CONCEJO DELIBERANTE Y HAY EXPECTATIVA POR SU DISCURSO","author":"Alejandro Sosa Ruda","date":"5 marzo, 2024","format":false,"excerpt":"El intendente Julio Alak brindar\u00e1 detalles de la auditor\u00eda municipal, tocar\u00e1 el tema de la deuda p\u00fablica y anunciar\u00e1 los proyectos futuros. 5 De marzo de 2024 LA PLATA -\u00a0 Este martes desde las 10 el intendente Julio Alak\u00a0inaugurar\u00e1 el 81\u00b0 per\u00edodo de sesiones ordinarias del Concejo Deliberante de La\u2026","rel":"","context":"En \u00abPOLITICA PROVINCIAL\u00bb","block_context":{"text":"POLITICA PROVINCIAL","link":"https:\/\/larevistadigital.com.ar\/blog\/category\/politica\/politica-provincial\/"},"img":{"alt_text":"","src":"https:\/\/i0.wp.com\/larevistadigital.com.ar\/blog\/wp-content\/uploads\/Captura-de-pantalla-2024-03-05-081539.png?fit=899%2C501&ssl=1&resize=350%2C200","width":350,"height":200,"srcset":"https:\/\/i0.wp.com\/larevistadigital.com.ar\/blog\/wp-content\/uploads\/Captura-de-pantalla-2024-03-05-081539.png?fit=899%2C501&ssl=1&resize=350%2C200 1x, https:\/\/i0.wp.com\/larevistadigital.com.ar\/blog\/wp-content\/uploads\/Captura-de-pantalla-2024-03-05-081539.png?fit=899%2C501&ssl=1&resize=525%2C300 1.5x, https:\/\/i0.wp.com\/larevistadigital.com.ar\/blog\/wp-content\/uploads\/Captura-de-pantalla-2024-03-05-081539.png?fit=899%2C501&ssl=1&resize=700%2C400 2x"},"classes":[]},{"id":11249,"url":"https:\/\/larevistadigital.com.ar\/blog\/sesion-del-concejo-deliberante-emotivo-reconocimiento-al-doctor-jorge-ortale\/","url_meta":{"origin":30542,"position":4},"title":"SESI\u00d3N DEL CONCEJO DELIBERANTE: EMOTIVO RECONOCIMIENTO AL DOCTOR JORGE ORTALE","author":"Alejandro Sosa Ruda","date":"13 julio, 2019","format":false,"excerpt":"En la la novena sesi\u00f3n ordinaria del Concejo Deliberante de Chascom\u00fas, los concejales participantes, consensuaron modificar el Orden del D\u00eda establecido, con el objetivo de poder declarar \u201cPersonalidad Destacada de Chascom\u00fas\u201d, al Dr. Jorge Ortale, lo que dio pie a emotivas palabras pronunciadas por concejales de los distintos bloques, ante\u2026","rel":"","context":"En \u00abINTERES GENERAL\u00bb","block_context":{"text":"INTERES GENERAL","link":"https:\/\/larevistadigital.com.ar\/blog\/category\/interes-general\/"},"img":{"alt_text":"","src":"https:\/\/i0.wp.com\/larevistadigital.com.ar\/blog\/wp-content\/uploads\/consejo_13dejuliode2019_elfuerte.jpg?fit=737%2C415&ssl=1&resize=350%2C200","width":350,"height":200,"srcset":"https:\/\/i0.wp.com\/larevistadigital.com.ar\/blog\/wp-content\/uploads\/consejo_13dejuliode2019_elfuerte.jpg?fit=737%2C415&ssl=1&resize=350%2C200 1x, https:\/\/i0.wp.com\/larevistadigital.com.ar\/blog\/wp-content\/uploads\/consejo_13dejuliode2019_elfuerte.jpg?fit=737%2C415&ssl=1&resize=525%2C300 1.5x, https:\/\/i0.wp.com\/larevistadigital.com.ar\/blog\/wp-content\/uploads\/consejo_13dejuliode2019_elfuerte.jpg?fit=737%2C415&ssl=1&resize=700%2C400 2x"},"classes":[]},{"id":44323,"url":"https:\/\/larevistadigital.com.ar\/blog\/juan-de-jesus-inauguro-el-periodo-de-sesiones-del-concejo-deliberante-y-llamo-a-priorizar-acuerdos\/","url_meta":{"origin":30542,"position":5},"title":"Juan de Jes\u00fas inaugur\u00f3 el per\u00edodo de sesiones del Concejo Deliberante y llam\u00f3 a priorizar acuerdos","author":"Alejandro Sosa Ruda","date":"5 marzo, 2026","format":false,"excerpt":"El intendente del Partido de La Costa repas\u00f3 su gesti\u00f3n, plante\u00f3 desaf\u00edos para el distrito y remarc\u00f3 la importancia de \u201ccuidar la vida\u201d como eje estrat\u00e9gico. 05 de marzo de 2026 LA COSTA -\u00a0 \u00a0Este mi\u00e9rcoles por la ma\u00f1ana se realiz\u00f3 la apertura del 43\u00ba per\u00edodo de sesiones ordinarias del\u2026","rel":"","context":"En \u00abPOLITICA\u00bb","block_context":{"text":"POLITICA","link":"https:\/\/larevistadigital.com.ar\/blog\/category\/politica\/"},"img":{"alt_text":"","src":"https:\/\/i0.wp.com\/larevistadigital.com.ar\/blog\/wp-content\/uploads\/53d38acdf8d8e422833c62195315b2f72f889a4e.jpeg?fit=1140%2C713&ssl=1&resize=350%2C200","width":350,"height":200,"srcset":"https:\/\/i0.wp.com\/larevistadigital.com.ar\/blog\/wp-content\/uploads\/53d38acdf8d8e422833c62195315b2f72f889a4e.jpeg?fit=1140%2C713&ssl=1&resize=350%2C200 1x, https:\/\/i0.wp.com\/larevistadigital.com.ar\/blog\/wp-content\/uploads\/53d38acdf8d8e422833c62195315b2f72f889a4e.jpeg?fit=1140%2C713&ssl=1&resize=525%2C300 1.5x, https:\/\/i0.wp.com\/larevistadigital.com.ar\/blog\/wp-content\/uploads\/53d38acdf8d8e422833c62195315b2f72f889a4e.jpeg?fit=1140%2C713&ssl=1&resize=700%2C400 2x, https:\/\/i0.wp.com\/larevistadigital.com.ar\/blog\/wp-content\/uploads\/53d38acdf8d8e422833c62195315b2f72f889a4e.jpeg?fit=1140%2C713&ssl=1&resize=1050%2C600 3x"},"classes":[]}],"_links":{"self":[{"href":"https:\/\/larevistadigital.com.ar\/blog\/wp-json\/wp\/v2\/posts\/30542","targetHints":{"allow":["GET"]}}],"collection":[{"href":"https:\/\/larevistadigital.com.ar\/blog\/wp-json\/wp\/v2\/posts"}],"about":[{"href":"https:\/\/larevistadigital.com.ar\/blog\/wp-json\/wp\/v2\/types\/post"}],"author":[{"embeddable":true,"href":"https:\/\/larevistadigital.com.ar\/blog\/wp-json\/wp\/v2\/users\/3"}],"replies":[{"embeddable":true,"href":"https:\/\/larevistadigital.com.ar\/blog\/wp-json\/wp\/v2\/comments?post=30542"}],"version-history":[{"count":1,"href":"https:\/\/larevistadigital.com.ar\/blog\/wp-json\/wp\/v2\/posts\/30542\/revisions"}],"predecessor-version":[{"id":30544,"href":"https:\/\/larevistadigital.com.ar\/blog\/wp-json\/wp\/v2\/posts\/30542\/revisions\/30544"}],"wp:featuredmedia":[{"embeddable":true,"href":"https:\/\/larevistadigital.com.ar\/blog\/wp-json\/wp\/v2\/media\/30543"}],"wp:attachment":[{"href":"https:\/\/larevistadigital.com.ar\/blog\/wp-json\/wp\/v2\/media?parent=30542"}],"wp:term":[{"taxonomy":"category","embeddable":true,"href":"https:\/\/larevistadigital.com.ar\/blog\/wp-json\/wp\/v2\/categories?post=30542"},{"taxonomy":"post_tag","embeddable":true,"href":"https:\/\/larevistadigital.com.ar\/blog\/wp-json\/wp\/v2\/tags?post=30542"}],"curies":[{"name":"wp","href":"https:\/\/api.w.org\/{rel}","templated":true}]}}