{"id":30545,"date":"2023-03-12T00:51:14","date_gmt":"2023-03-12T00:51:14","guid":{"rendered":"https:\/\/larevistadigital.com.ar\/blog\/?p=30545"},"modified":"2023-03-12T00:51:14","modified_gmt":"2023-03-12T00:51:14","slug":"olavarria-murio-la-madre-del-intendente-al-chocar-contra-un-limitador-de-altura","status":"publish","type":"post","link":"https:\/\/larevistadigital.com.ar\/blog\/olavarria-murio-la-madre-del-intendente-al-chocar-contra-un-limitador-de-altura\/","title":{"rendered":"OLAVARRIA: MURI\u00d3 LA MADRE DEL INTENDENTE AL CHOCAR CONTRA UN LIMITADOR DE ALTURA"},"content":{"rendered":"<p>&nbsp;<\/p>\n<p class=\"selectionShareable\"><strong>OLAVARR\u00cdA &#8211;<\/strong>\u00a0 El hecho ocurri\u00f3 este viernes pasadas las 13.30 horas en el Camino de los Peregrinos. <strong>Mar\u00eda Cecilia Moncla<\/strong>, madre del intendente de Olavarr\u00eda <strong>Ezequiel Galli<\/strong>, choc\u00f3 a alta velocidad contra la columna de un limitador de altura y perdi\u00f3 la vida.<\/p>\n<blockquote>\n<h3 class=\"selectionShareable\">La mujer conduc\u00eda un Volkswagen Nivus que impact\u00f3 violentamente contra el limitador ubicado en la continuaci\u00f3n de Avenida Trabajadores, camino al cementerio parque Loma de Paz de la mencionada ciudad bonaerense.<\/h3>\n<\/blockquote>\n<p class=\"selectionShareable\">Personal policial y Bomberos acudieron al lugar y trabajaron intensamente para sofocar un principio de incendio en veh\u00edculo y retirar a la mujer.<\/p>\n<p class=\"selectionShareable\">Seg\u00fan inform\u00f3 el portal local EnlineNoticias al lugar arrib\u00f3 una ambulancia del Same que traslad\u00f3 a Mar\u00eda Cecilia Moncla al Hospital Municipal, aunque no fue posible salvar su vida. La muerte es investigada por la fiscal Paula Serrano. (<b>InfoGEI<\/b>) Mg<\/p>\n","protected":false},"excerpt":{"rendered":"<div class=\"mh-excerpt\"><p>&nbsp; OLAVARR\u00cdA &#8211;\u00a0 El hecho ocurri\u00f3 este viernes pasadas las 13.30 horas en el Camino de los Peregrinos. Mar\u00eda Cecilia Moncla, madre del intendente de Olavarr\u00eda Ezequiel Galli, choc\u00f3 a alta velocidad contra la columna <a class=\"mh-excerpt-more\" href=\"https:\/\/larevistadigital.com.ar\/blog\/olavarria-murio-la-madre-del-intendente-al-chocar-contra-un-limitador-de-altura\/\" title=\"OLAVARRIA: MURI\u00d3 LA MADRE DEL INTENDENTE AL CHOCAR CONTRA UN LIMITADOR DE ALTURA\">[Leer M\u00e1s]<\/a><\/p>\n<\/div>","protected":false},"author":3,"featured_media":30546,"comment_status":"open","ping_status":"open","sticky":false,"template":"","format":"standard","meta":{"_jetpack_memberships_contains_paid_content":false,"footnotes":"","jetpack_publicize_message":"","jetpack_publicize_feature_enabled":true,"jetpack_social_post_already_shared":true,"jetpack_social_options":{"image_generator_settings":{"template":"highway","default_image_id":0,"font":"","enabled":false},"version":2}},"categories":[50,44],"tags":[],"class_list":{"0":"post-30545","1":"post","2":"type-post","3":"status-publish","4":"format-standard","5":"has-post-thumbnail","7":"category-interes-general","8":"category-policiales"},"jetpack_publicize_connections":[],"jetpack_featured_media_url":"https:\/\/i0.wp.com\/larevistadigital.com.ar\/blog\/wp-content\/uploads\/20230310182910_limitador.jpg?fit=880%2C512&ssl=1","jetpack_sharing_enabled":true,"jetpack_shortlink":"https:\/\/wp.me\/p8qtrQ-7WF","jetpack-related-posts":[{"id":41516,"url":"https:\/\/larevistadigital.com.ar\/blog\/tragedia-en-olavarria-murieron-una-mujer-y-su-hija-tras-chocar-contra-un-limitador-de-velocidad\/","url_meta":{"origin":30545,"position":0},"title":"Tragedia en Olavarr\u00eda: murieron una mujer y su hija tras chocar contra un limitador de velocidad","author":"Alejandro Sosa Ruda","date":"18 septiembre, 2025","format":false,"excerpt":"El accidente ocurri\u00f3 en el Camino de los Peregrinos. Un ni\u00f1o de 6 a\u00f1os result\u00f3 gravemente herido y permanece internado en el Hospital Municipal \u201cDr. H\u00e9ctor Cura\u201d. 18 de septiembre de\u00a0 2025 OLAVARR\u00cdA\u00a0 -\u00a0 \u00a0Una mujer de 38 a\u00f1os y su hija de 9 perdieron la vida tras un violento\u2026","rel":"","context":"En \u00abPOLICIALES\u00bb","block_context":{"text":"POLICIALES","link":"https:\/\/larevistadigital.com.ar\/blog\/category\/policiales\/"},"img":{"alt_text":"","src":"https:\/\/i0.wp.com\/larevistadigital.com.ar\/blog\/wp-content\/uploads\/e69903acb65aabd3c7c88127eb1977a1f8d87af1.png?fit=1140%2C647&ssl=1&resize=350%2C200","width":350,"height":200,"srcset":"https:\/\/i0.wp.com\/larevistadigital.com.ar\/blog\/wp-content\/uploads\/e69903acb65aabd3c7c88127eb1977a1f8d87af1.png?fit=1140%2C647&ssl=1&resize=350%2C200 1x, https:\/\/i0.wp.com\/larevistadigital.com.ar\/blog\/wp-content\/uploads\/e69903acb65aabd3c7c88127eb1977a1f8d87af1.png?fit=1140%2C647&ssl=1&resize=525%2C300 1.5x, https:\/\/i0.wp.com\/larevistadigital.com.ar\/blog\/wp-content\/uploads\/e69903acb65aabd3c7c88127eb1977a1f8d87af1.png?fit=1140%2C647&ssl=1&resize=700%2C400 2x, https:\/\/i0.wp.com\/larevistadigital.com.ar\/blog\/wp-content\/uploads\/e69903acb65aabd3c7c88127eb1977a1f8d87af1.png?fit=1140%2C647&ssl=1&resize=1050%2C600 3x"},"classes":[]},{"id":24422,"url":"https:\/\/larevistadigital.com.ar\/blog\/descarrilo-un-tren-en-olavarria-con-500-pasajeros-hay-heridos\/","url_meta":{"origin":30545,"position":1},"title":"DESCARRIL\u00d3 UN TREN EN OLAVARR\u00cdA CON 500 PASAJEROS: HAY HERIDOS","author":"Alejandro Sosa Ruda","date":"8 marzo, 2022","format":false,"excerpt":"La formaci\u00f3n se dirig\u00eda desde Buenos Aires a Bah\u00eda Blanca. Iban completo con casi 500 pasajeros abordo Un tren de pasajeros que se dirig\u00eda desde Buenos Aires a Bah\u00eda Blanca\u00a0descarril\u00f3 esta ma\u00f1ana a la altura de la ciudad de Olavarr\u00eda. Seg\u00fan las primeras informaciones que llegan desde el lugar del\u2026","rel":"","context":"En \u00abINTERES GENERAL\u00bb","block_context":{"text":"INTERES GENERAL","link":"https:\/\/larevistadigital.com.ar\/blog\/category\/interes-general\/"},"img":{"alt_text":"","src":"https:\/\/i0.wp.com\/larevistadigital.com.ar\/blog\/wp-content\/uploads\/HYT5SYKGAJCH3JFSH7NJR7LLOA.jpeg?fit=879%2C588&ssl=1&resize=350%2C200","width":350,"height":200,"srcset":"https:\/\/i0.wp.com\/larevistadigital.com.ar\/blog\/wp-content\/uploads\/HYT5SYKGAJCH3JFSH7NJR7LLOA.jpeg?fit=879%2C588&ssl=1&resize=350%2C200 1x, https:\/\/i0.wp.com\/larevistadigital.com.ar\/blog\/wp-content\/uploads\/HYT5SYKGAJCH3JFSH7NJR7LLOA.jpeg?fit=879%2C588&ssl=1&resize=525%2C300 1.5x, https:\/\/i0.wp.com\/larevistadigital.com.ar\/blog\/wp-content\/uploads\/HYT5SYKGAJCH3JFSH7NJR7LLOA.jpeg?fit=879%2C588&ssl=1&resize=700%2C400 2x"},"classes":[]},{"id":1093,"url":"https:\/\/larevistadigital.com.ar\/blog\/el-documento-que-firmo-la-comuna-de-olavarria-con-el-indio-solari\/","url_meta":{"origin":30545,"position":2},"title":"EL DOCUMENTO QUE FIRM\u00d3 LA COMUNA DE OLAVARR\u00cdA CON EL INDIO SOLARI.","author":"Alejandro Sosa Ruda","date":"13 marzo, 2017","format":false,"excerpt":"El portal INFOBAE present\u00f3 las partes m\u00e1s importantes del contrato firmado entre el municipio de Olavarr\u00eda y el Indio Solari. Una de las cosas m\u00e1s relevantes del documento firmado por el intendente Galli y el Indio Solari, es que la comuna se compromete como fiador de los organizadores del evento.\u2026","rel":"","context":"En \u00abDESTACADAS\u00bb","block_context":{"text":"DESTACADAS","link":"https:\/\/larevistadigital.com.ar\/blog\/category\/destacadas\/"},"img":{"alt_text":"","src":"https:\/\/i0.wp.com\/larevistadigital.com.ar\/blog\/wp-content\/uploads\/2017\/03\/ezequiel-galli-intendente-olavarria-19201-1024x575.jpg?fit=600%2C337&ssl=1&resize=350%2C200","width":350,"height":200,"srcset":"https:\/\/i0.wp.com\/larevistadigital.com.ar\/blog\/wp-content\/uploads\/2017\/03\/ezequiel-galli-intendente-olavarria-19201-1024x575.jpg?fit=600%2C337&ssl=1&resize=350%2C200 1x, https:\/\/i0.wp.com\/larevistadigital.com.ar\/blog\/wp-content\/uploads\/2017\/03\/ezequiel-galli-intendente-olavarria-19201-1024x575.jpg?fit=600%2C337&ssl=1&resize=525%2C300 1.5x"},"classes":[]},{"id":34706,"url":"https:\/\/larevistadigital.com.ar\/blog\/olavarria-el-intendente-electo-anuncio-una-importante-reduccion-de-cargos-municipales\/","url_meta":{"origin":30545,"position":3},"title":"OLAVARR\u00cdA: EL INTENDENTE ELECTO ANUNCI\u00d3 UNA IMPORTANTE REDUCCI\u00d3N DE CARGOS MUNICIPALES","author":"Alejandro Sosa Ruda","date":"4 diciembre, 2023","format":false,"excerpt":"Maximiliano Wesner, renunci\u00f3 a su banca como concejal y anunci\u00f3 una reducci\u00f3n en el organigrama municipal. Eliminar\u00e1 22 direcciones . 04 de Diciembre de 2023 OLAVARR\u00cdA -\u00a0 Maximiliano Wesner renunci\u00f3 a su banca como concejal para poder asumir como intendente de Olavarria el pr\u00f3ximo 10 de diciembre. En su \u00faltima\u2026","rel":"","context":"En \u00abPOLITICA\u00bb","block_context":{"text":"POLITICA","link":"https:\/\/larevistadigital.com.ar\/blog\/category\/politica\/"},"img":{"alt_text":"","src":"https:\/\/i0.wp.com\/larevistadigital.com.ar\/blog\/wp-content\/uploads\/20231203175806_olavarriawesner.jpg?fit=880%2C512&ssl=1&resize=350%2C200","width":350,"height":200,"srcset":"https:\/\/i0.wp.com\/larevistadigital.com.ar\/blog\/wp-content\/uploads\/20231203175806_olavarriawesner.jpg?fit=880%2C512&ssl=1&resize=350%2C200 1x, https:\/\/i0.wp.com\/larevistadigital.com.ar\/blog\/wp-content\/uploads\/20231203175806_olavarriawesner.jpg?fit=880%2C512&ssl=1&resize=525%2C300 1.5x, https:\/\/i0.wp.com\/larevistadigital.com.ar\/blog\/wp-content\/uploads\/20231203175806_olavarriawesner.jpg?fit=880%2C512&ssl=1&resize=700%2C400 2x"},"classes":[]},{"id":41043,"url":"https:\/\/larevistadigital.com.ar\/blog\/impulsan-medidas-cautelares-contra-las-fumigaciones-con-agrotoxicos-en-olavarria-y-junin\/","url_meta":{"origin":30545,"position":4},"title":"Impulsan medidas cautelares contra las fumigaciones con agrot\u00f3xicos en Olavarr\u00eda y Jun\u00edn","author":"Alejandro Sosa Ruda","date":"22 agosto, 2025","format":false,"excerpt":"El Jefe de Fiscales de la Provincia de Buenos Aires, recomend\u00f3 a la Suprema Corte bonaerense suspender art\u00edculos de ordenanzas de Olavarr\u00eda y Jun\u00edn que permiten las fumigaciones a\u00e9reas con agrot\u00f3xicos por debajo del piso provincial y autorizan las terrestres a metros de viviendas, escuelas y pozos de agua, solicitando\u2026","rel":"","context":"En \u00abREGIONALES\u00bb","block_context":{"text":"REGIONALES","link":"https:\/\/larevistadigital.com.ar\/blog\/category\/regionales\/"},"img":{"alt_text":"","src":"https:\/\/i0.wp.com\/larevistadigital.com.ar\/blog\/wp-content\/uploads\/20250821172743_procuderia-fumigaciones-agrotoxicos-olavarria-junin-1.jpg?fit=880%2C512&ssl=1&resize=350%2C200","width":350,"height":200,"srcset":"https:\/\/i0.wp.com\/larevistadigital.com.ar\/blog\/wp-content\/uploads\/20250821172743_procuderia-fumigaciones-agrotoxicos-olavarria-junin-1.jpg?fit=880%2C512&ssl=1&resize=350%2C200 1x, https:\/\/i0.wp.com\/larevistadigital.com.ar\/blog\/wp-content\/uploads\/20250821172743_procuderia-fumigaciones-agrotoxicos-olavarria-junin-1.jpg?fit=880%2C512&ssl=1&resize=525%2C300 1.5x, https:\/\/i0.wp.com\/larevistadigital.com.ar\/blog\/wp-content\/uploads\/20250821172743_procuderia-fumigaciones-agrotoxicos-olavarria-junin-1.jpg?fit=880%2C512&ssl=1&resize=700%2C400 2x"},"classes":[]},{"id":1545,"url":"https:\/\/larevistadigital.com.ar\/blog\/votacion-unanime-sera-interpelado-el-intendente-de-olavarria\/","url_meta":{"origin":30545,"position":5},"title":"VOTACI\u00d3N UN\u00c1NIME: SER\u00c1 INTERPELADO EL INTENDENTE DE OLAVARR\u00cdA","author":"Alejandro Sosa Ruda","date":"22 marzo, 2017","format":false,"excerpt":"En una sesi\u00f3n extraordinaria los concejales votaron por unanimidad a favor de interpelar al intendente de Olavarr\u00eda, Ezequiel Galli, luego de los hechos sucedidos durante el recital del Indio Solari, en el que fallecieron dos hombres. El pedido de interpelaci\u00f3n fue hecho por el bloque del Frente Renovador, en alianza\u2026","rel":"","context":"En \u00abDESTACADAS\u00bb","block_context":{"text":"DESTACADAS","link":"https:\/\/larevistadigital.com.ar\/blog\/category\/destacadas\/"},"img":{"alt_text":"","src":"https:\/\/i0.wp.com\/larevistadigital.com.ar\/blog\/wp-content\/uploads\/2017\/03\/Ezequiel-Galli-2.jpg?fit=1200%2C675&ssl=1&resize=350%2C200","width":350,"height":200,"srcset":"https:\/\/i0.wp.com\/larevistadigital.com.ar\/blog\/wp-content\/uploads\/2017\/03\/Ezequiel-Galli-2.jpg?fit=1200%2C675&ssl=1&resize=350%2C200 1x, https:\/\/i0.wp.com\/larevistadigital.com.ar\/blog\/wp-content\/uploads\/2017\/03\/Ezequiel-Galli-2.jpg?fit=1200%2C675&ssl=1&resize=525%2C300 1.5x, https:\/\/i0.wp.com\/larevistadigital.com.ar\/blog\/wp-content\/uploads\/2017\/03\/Ezequiel-Galli-2.jpg?fit=1200%2C675&ssl=1&resize=700%2C400 2x, https:\/\/i0.wp.com\/larevistadigital.com.ar\/blog\/wp-content\/uploads\/2017\/03\/Ezequiel-Galli-2.jpg?fit=1200%2C675&ssl=1&resize=1050%2C600 3x"},"classes":[]}],"_links":{"self":[{"href":"https:\/\/larevistadigital.com.ar\/blog\/wp-json\/wp\/v2\/posts\/30545","targetHints":{"allow":["GET"]}}],"collection":[{"href":"https:\/\/larevistadigital.com.ar\/blog\/wp-json\/wp\/v2\/posts"}],"about":[{"href":"https:\/\/larevistadigital.com.ar\/blog\/wp-json\/wp\/v2\/types\/post"}],"author":[{"embeddable":true,"href":"https:\/\/larevistadigital.com.ar\/blog\/wp-json\/wp\/v2\/users\/3"}],"replies":[{"embeddable":true,"href":"https:\/\/larevistadigital.com.ar\/blog\/wp-json\/wp\/v2\/comments?post=30545"}],"version-history":[{"count":1,"href":"https:\/\/larevistadigital.com.ar\/blog\/wp-json\/wp\/v2\/posts\/30545\/revisions"}],"predecessor-version":[{"id":30547,"href":"https:\/\/larevistadigital.com.ar\/blog\/wp-json\/wp\/v2\/posts\/30545\/revisions\/30547"}],"wp:featuredmedia":[{"embeddable":true,"href":"https:\/\/larevistadigital.com.ar\/blog\/wp-json\/wp\/v2\/media\/30546"}],"wp:attachment":[{"href":"https:\/\/larevistadigital.com.ar\/blog\/wp-json\/wp\/v2\/media?parent=30545"}],"wp:term":[{"taxonomy":"category","embeddable":true,"href":"https:\/\/larevistadigital.com.ar\/blog\/wp-json\/wp\/v2\/categories?post=30545"},{"taxonomy":"post_tag","embeddable":true,"href":"https:\/\/larevistadigital.com.ar\/blog\/wp-json\/wp\/v2\/tags?post=30545"}],"curies":[{"name":"wp","href":"https:\/\/api.w.org\/{rel}","templated":true}]}}