{"id":30548,"date":"2023-03-12T01:01:47","date_gmt":"2023-03-12T01:01:47","guid":{"rendered":"https:\/\/larevistadigital.com.ar\/blog\/?p=30548"},"modified":"2023-03-13T22:05:43","modified_gmt":"2023-03-13T22:05:43","slug":"calor-interminable-se-espera-otra-semana-con-temperaturas-sobre-los-34","status":"publish","type":"post","link":"https:\/\/larevistadigital.com.ar\/blog\/calor-interminable-se-espera-otra-semana-con-temperaturas-sobre-los-34\/","title":{"rendered":"\u00a1CALOR INTERMINABLE! SE ESPERA OTRA SEMANA CON TEMPERATURAS SOBRE LOS 34\u00b0"},"content":{"rendered":"<h2>Sigue el calor agobiante con temperaturas que llevan la t\u00e9rmica a 40\u00b0.<\/h2>\n<p>11 de marzo de 2023<\/p>\n<p>Varios municipios bonaerenses siguen atravesando temperaturas extremas \u201cmuy peligrosas\u201d y de acuerdo al Servicio Meteorol\u00f3gico Nacional (SMN) en los pr\u00f3ximos siete d\u00edas el term\u00f3metro promediar\u00e1 los 34 grados de m\u00e1xima, con picos en sensaci\u00f3n t\u00e9rmica en torno a los 40\u00b0.<\/p>\n<blockquote>\n<h3>Mientras sigue en vigencia la alerta roja para gran parte del territorio, se espera que el fin de semana temperaturas con m\u00e1ximas de 36\u00b0, mientras que en comunas del noroeste, como Jun\u00edn o Trenque Lauquen, ronden los 38\u00b0. Tambi\u00e9n el calor impactar\u00e1 en el centro y la zona costera, con temperaturas similares.<\/h3>\n<\/blockquote>\n<p>Por lo menos hasta el jueves de la semana que viene, siempre de acuerdo al pron\u00f3stico, el term\u00f3metro se mantendr\u00e1 en temperaturas promedio del 34\u00b0 en la provincia, con t\u00e9rmicas que en algunos casos podr\u00edan llegar a 40\u00b0.<\/p>\n<blockquote>\n<h3>El nivel rojo es la m\u00e1xima alerta dispuesta por el organismo meteorol\u00f3gico e indica que las temperaturas en esa zona pueden ser \u201cmuy peligrosas y afectar a todas las personas, incluso a las saludables\u201d, por lo que se recomienda aumentar el consumo de agua y no exponerse al sol en exceso ni en horas centrales (entre las 10 y las 16).<\/h3>\n<\/blockquote>\n<p>Por otro lado, el SMN mantiene una alerta naranja para el noreste de la provincia de Buenos Aires en localidades como Tigre, San Isidro, Campana y Z\u00e1rate. Adem\u00e1s, el norte de la provincia de Buenos Aires est\u00e1n bajo alerta amarilla por temperaturas que tienen un \u201cefecto leve a moderado en la salud\u201d.<\/p>\n<p>El nivel amarillo puede \u201cser peligroso sobre todo para los grupos de riesgo, como ni\u00f1os y ni\u00f1as, personas mayores de 65 a\u00f1os, con enfermedades cr\u00f3nicas<\/p>\n","protected":false},"excerpt":{"rendered":"<div class=\"mh-excerpt\"><p>Sigue el calor agobiante con temperaturas que llevan la t\u00e9rmica a 40\u00b0. 11 de marzo de 2023 Varios municipios bonaerenses siguen atravesando temperaturas extremas \u201cmuy peligrosas\u201d y de acuerdo al Servicio Meteorol\u00f3gico Nacional (SMN) en <a class=\"mh-excerpt-more\" href=\"https:\/\/larevistadigital.com.ar\/blog\/calor-interminable-se-espera-otra-semana-con-temperaturas-sobre-los-34\/\" title=\"\u00a1CALOR INTERMINABLE! SE ESPERA OTRA SEMANA CON TEMPERATURAS SOBRE LOS 34\u00b0\">[Leer M\u00e1s]<\/a><\/p>\n<\/div>","protected":false},"author":3,"featured_media":30551,"comment_status":"open","ping_status":"open","sticky":false,"template":"","format":"standard","meta":{"_jetpack_memberships_contains_paid_content":false,"footnotes":"","jetpack_publicize_message":"","jetpack_publicize_feature_enabled":true,"jetpack_social_post_already_shared":true,"jetpack_social_options":{"image_generator_settings":{"template":"highway","default_image_id":0,"font":"","enabled":false},"version":2}},"categories":[50],"tags":[],"class_list":{"0":"post-30548","1":"post","2":"type-post","3":"status-publish","4":"format-standard","5":"has-post-thumbnail","7":"category-interes-general"},"jetpack_publicize_connections":[],"jetpack_featured_media_url":"https:\/\/i0.wp.com\/larevistadigital.com.ar\/blog\/wp-content\/uploads\/images-4.jpg?fit=800%2C448&ssl=1","jetpack_sharing_enabled":true,"jetpack_shortlink":"https:\/\/wp.me\/p8qtrQ-7WI","jetpack-related-posts":[{"id":35139,"url":"https:\/\/larevistadigital.com.ar\/blog\/se-inicia-una-semana-con-altas-temperaturas-recomendaciones-para-cuidarnos\/","url_meta":{"origin":30548,"position":0},"title":"SE INICIA UNA SEMANA CON ALTAS TEMPERATURAS, RECOMENDACIONES PARA CUIDARNOS","author":"Alejandro Sosa Ruda","date":"29 enero, 2024","format":false,"excerpt":"Desde el Servicio Meteorol\u00f3gico Nacional y otros organismos se recomiendan cuidados a tener en cuenta por las altas temperaturas que se avecinan. 29 de enero de 2023 BUENOS AIRES -\u00a0 Seg\u00fan las previsiones del Servicio Meteorol\u00f3gico Nacional, se inicia una semana caracterizada por elevadas temperaturas que afectar\u00e1n a toda la\u2026","rel":"","context":"En \u00abINTERES GENERAL\u00bb","block_context":{"text":"INTERES GENERAL","link":"https:\/\/larevistadigital.com.ar\/blog\/category\/interes-general\/"},"img":{"alt_text":"","src":"https:\/\/i0.wp.com\/larevistadigital.com.ar\/blog\/wp-content\/uploads\/51cf31f7-a68a-4436-b55e-500a3e387dc4.jpg?fit=1024%2C1024&ssl=1&resize=350%2C200","width":350,"height":200,"srcset":"https:\/\/i0.wp.com\/larevistadigital.com.ar\/blog\/wp-content\/uploads\/51cf31f7-a68a-4436-b55e-500a3e387dc4.jpg?fit=1024%2C1024&ssl=1&resize=350%2C200 1x, https:\/\/i0.wp.com\/larevistadigital.com.ar\/blog\/wp-content\/uploads\/51cf31f7-a68a-4436-b55e-500a3e387dc4.jpg?fit=1024%2C1024&ssl=1&resize=525%2C300 1.5x, https:\/\/i0.wp.com\/larevistadigital.com.ar\/blog\/wp-content\/uploads\/51cf31f7-a68a-4436-b55e-500a3e387dc4.jpg?fit=1024%2C1024&ssl=1&resize=700%2C400 2x"},"classes":[]},{"id":31926,"url":"https:\/\/larevistadigital.com.ar\/blog\/atencion-emitieron-una-alerta-amarilla-por-bajas-temperaturas-en-la-provincia-de-buenos-aires\/","url_meta":{"origin":30548,"position":1},"title":"ATENCI\u00d3N: EMITIERON UNA ALERTA AMARILLA POR BAJAS TEMPERATURAS EN LA PROVINCIA DE BUENOS AIRES","author":"Alejandro Sosa Ruda","date":"12 junio, 2023","format":false,"excerpt":"Se prev\u00e9 que haya temperaturas por debajo de cero. 11 de junio de 2023 BUENOS AIRES -\u00a0 El Servicio Meteorol\u00f3gico Nacional (SMN) ha emitido una alerta por bajas temperaturas extremas que abarca casi todo el territorio bonaerense. Seg\u00fan la advertencia del organismo, clasificada como nivel amarillo, las bajas temperaturas extremas\u2026","rel":"","context":"En \u00abINTERES GENERAL\u00bb","block_context":{"text":"INTERES GENERAL","link":"https:\/\/larevistadigital.com.ar\/blog\/category\/interes-general\/"},"img":{"alt_text":"","src":"https:\/\/i0.wp.com\/larevistadigital.com.ar\/blog\/wp-content\/uploads\/image-242.png?fit=800%2C450&ssl=1&resize=350%2C200","width":350,"height":200,"srcset":"https:\/\/i0.wp.com\/larevistadigital.com.ar\/blog\/wp-content\/uploads\/image-242.png?fit=800%2C450&ssl=1&resize=350%2C200 1x, https:\/\/i0.wp.com\/larevistadigital.com.ar\/blog\/wp-content\/uploads\/image-242.png?fit=800%2C450&ssl=1&resize=525%2C300 1.5x, https:\/\/i0.wp.com\/larevistadigital.com.ar\/blog\/wp-content\/uploads\/image-242.png?fit=800%2C450&ssl=1&resize=700%2C400 2x"},"classes":[]},{"id":42868,"url":"https:\/\/larevistadigital.com.ar\/blog\/recomendaciones-para-prevenir-golpes-de-calor-ante-las-altas-temperaturas\/","url_meta":{"origin":30548,"position":2},"title":"Recomendaciones para prevenir golpes de calor ante las altas temperaturas","author":"Alejandro Sosa Ruda","date":"12 diciembre, 2025","format":false,"excerpt":"Desde la Municipalidad se recomienda extremar cuidados durante toda la semana y recordar que, ante cualquier duda, los vecinos pueden comunicarse con los servicios de emergencia. Ante las altas temperaturas registradas en estos d\u00edas, desde la Municipalidad de Chascom\u00fas se recuerda a la comunidad la importancia de tomar medidas de\u2026","rel":"","context":"En \u00abDESTACADAS\u00bb","block_context":{"text":"DESTACADAS","link":"https:\/\/larevistadigital.com.ar\/blog\/category\/destacadas\/"},"img":{"alt_text":"","src":"https:\/\/i0.wp.com\/larevistadigital.com.ar\/blog\/wp-content\/uploads\/693c57f04a7f3.png?fit=668%2C445&ssl=1&resize=350%2C200","width":350,"height":200,"srcset":"https:\/\/i0.wp.com\/larevistadigital.com.ar\/blog\/wp-content\/uploads\/693c57f04a7f3.png?fit=668%2C445&ssl=1&resize=350%2C200 1x, https:\/\/i0.wp.com\/larevistadigital.com.ar\/blog\/wp-content\/uploads\/693c57f04a7f3.png?fit=668%2C445&ssl=1&resize=525%2C300 1.5x"},"classes":[]},{"id":23325,"url":"https:\/\/larevistadigital.com.ar\/blog\/como-cuidar-a-las-mascotas-de-los-golpes-de-calor\/","url_meta":{"origin":30548,"position":3},"title":"\u00bfCOMO CUIDAR A LAS MASCOTAS DE LOS GOLPES DE CALOR?","author":"Alejandro Sosa Ruda","date":"12 enero, 2022","format":false,"excerpt":"Ante las altas temperaturas previstas para los pr\u00f3ximos d\u00edas, veterinarios brindaron recomendaciones para prevenir que nuestras mascotas sufran un golpe de calor. El Colegio de Veterinarios de la Provincia de Buenos Aires (CVPBA) difundi\u00f3 una serie de recomendaciones para que las mascotas no sufran un golpe de calor durante esta\u2026","rel":"","context":"En \u00abINTERES GENERAL\u00bb","block_context":{"text":"INTERES GENERAL","link":"https:\/\/larevistadigital.com.ar\/blog\/category\/interes-general\/"},"img":{"alt_text":"","src":"https:\/\/i0.wp.com\/larevistadigital.com.ar\/blog\/wp-content\/uploads\/20220111135434_calor.jpg?fit=880%2C512&ssl=1&resize=350%2C200","width":350,"height":200,"srcset":"https:\/\/i0.wp.com\/larevistadigital.com.ar\/blog\/wp-content\/uploads\/20220111135434_calor.jpg?fit=880%2C512&ssl=1&resize=350%2C200 1x, https:\/\/i0.wp.com\/larevistadigital.com.ar\/blog\/wp-content\/uploads\/20220111135434_calor.jpg?fit=880%2C512&ssl=1&resize=525%2C300 1.5x, https:\/\/i0.wp.com\/larevistadigital.com.ar\/blog\/wp-content\/uploads\/20220111135434_calor.jpg?fit=880%2C512&ssl=1&resize=700%2C400 2x"},"classes":[]},{"id":23119,"url":"https:\/\/larevistadigital.com.ar\/blog\/chascomus-largas-colas-en-los-bancos-temperaturas-insoportables-y-vecinos-descompuestos-los-gerentes-no-ven-esto-que-sucede\/","url_meta":{"origin":30548,"position":4},"title":"CHASCOM\u00daS: LARGAS COLAS EN LOS BANCOS, TEMPERATURAS INSOPORTABLES Y VECINOS DESCOMPUESTOS. LOS GERENTES, \u00bfNO VEN ESTO QUE SUCEDE?","author":"Alejandro Sosa Ruda","date":"30 diciembre, 2021","format":false,"excerpt":"Una situaci\u00f3n que provoc\u00f3 gran cantidad de llamados de vecinos a nuestra redacci\u00f3n, indignados y preocupados principalmente por los adultos mayores. La gente pide una soluci\u00f3n urgente. CHASCOM\u00daS -\u00a0 Desde que comenz\u00f3 la ola de calor, numerosos vecinos se han puesto en contacto con nuestra redacci\u00f3n, contando un problema que\u2026","rel":"","context":"En \u00abDESTACADAS\u00bb","block_context":{"text":"DESTACADAS","link":"https:\/\/larevistadigital.com.ar\/blog\/category\/destacadas\/"},"img":{"alt_text":"","src":"https:\/\/i0.wp.com\/larevistadigital.com.ar\/blog\/wp-content\/uploads\/269858522_598556001215213_4793873589616468165_n.jpg?fit=960%2C720&ssl=1&resize=350%2C200","width":350,"height":200,"srcset":"https:\/\/i0.wp.com\/larevistadigital.com.ar\/blog\/wp-content\/uploads\/269858522_598556001215213_4793873589616468165_n.jpg?fit=960%2C720&ssl=1&resize=350%2C200 1x, https:\/\/i0.wp.com\/larevistadigital.com.ar\/blog\/wp-content\/uploads\/269858522_598556001215213_4793873589616468165_n.jpg?fit=960%2C720&ssl=1&resize=525%2C300 1.5x, https:\/\/i0.wp.com\/larevistadigital.com.ar\/blog\/wp-content\/uploads\/269858522_598556001215213_4793873589616468165_n.jpg?fit=960%2C720&ssl=1&resize=700%2C400 2x"},"classes":[]},{"id":30366,"url":"https:\/\/larevistadigital.com.ar\/blog\/trenque-lauquen-es-un-ejemplo-de-la-importancia-del-arbolado-en-dias-de-altas-temperaturas\/","url_meta":{"origin":30548,"position":5},"title":"TRENQUE LAUQUEN ES UN EJEMPLO DE LA IMPORTANCIA DEL ARBOLADO EN D\u00cdAS DE ALTAS TEMPERATURAS","author":"Alejandro Sosa Ruda","date":"3 marzo, 2023","format":false,"excerpt":"Personal de Espacios Verdes realiz\u00f3 un relevamiento en una jornada que alcanz\u00f3 los 39 grados, y dej\u00f3 al descubierto las grandes diferencias t\u00e9rmicas que existen entre una calle con buena cobertura arb\u00f3rea y otra donde casi no hay \u00e1rboles. 3 de marzo de 2023 TRENQUE LAUQUEN -\u00a0 Los beneficios del\u2026","rel":"","context":"En \u00abINTERES GENERAL\u00bb","block_context":{"text":"INTERES GENERAL","link":"https:\/\/larevistadigital.com.ar\/blog\/category\/interes-general\/"},"img":{"alt_text":"","src":"https:\/\/i0.wp.com\/larevistadigital.com.ar\/blog\/wp-content\/uploads\/20230303135942_bol.jpg?fit=880%2C512&ssl=1&resize=350%2C200","width":350,"height":200,"srcset":"https:\/\/i0.wp.com\/larevistadigital.com.ar\/blog\/wp-content\/uploads\/20230303135942_bol.jpg?fit=880%2C512&ssl=1&resize=350%2C200 1x, https:\/\/i0.wp.com\/larevistadigital.com.ar\/blog\/wp-content\/uploads\/20230303135942_bol.jpg?fit=880%2C512&ssl=1&resize=525%2C300 1.5x, https:\/\/i0.wp.com\/larevistadigital.com.ar\/blog\/wp-content\/uploads\/20230303135942_bol.jpg?fit=880%2C512&ssl=1&resize=700%2C400 2x"},"classes":[]}],"_links":{"self":[{"href":"https:\/\/larevistadigital.com.ar\/blog\/wp-json\/wp\/v2\/posts\/30548","targetHints":{"allow":["GET"]}}],"collection":[{"href":"https:\/\/larevistadigital.com.ar\/blog\/wp-json\/wp\/v2\/posts"}],"about":[{"href":"https:\/\/larevistadigital.com.ar\/blog\/wp-json\/wp\/v2\/types\/post"}],"author":[{"embeddable":true,"href":"https:\/\/larevistadigital.com.ar\/blog\/wp-json\/wp\/v2\/users\/3"}],"replies":[{"embeddable":true,"href":"https:\/\/larevistadigital.com.ar\/blog\/wp-json\/wp\/v2\/comments?post=30548"}],"version-history":[{"count":1,"href":"https:\/\/larevistadigital.com.ar\/blog\/wp-json\/wp\/v2\/posts\/30548\/revisions"}],"predecessor-version":[{"id":30552,"href":"https:\/\/larevistadigital.com.ar\/blog\/wp-json\/wp\/v2\/posts\/30548\/revisions\/30552"}],"wp:featuredmedia":[{"embeddable":true,"href":"https:\/\/larevistadigital.com.ar\/blog\/wp-json\/wp\/v2\/media\/30551"}],"wp:attachment":[{"href":"https:\/\/larevistadigital.com.ar\/blog\/wp-json\/wp\/v2\/media?parent=30548"}],"wp:term":[{"taxonomy":"category","embeddable":true,"href":"https:\/\/larevistadigital.com.ar\/blog\/wp-json\/wp\/v2\/categories?post=30548"},{"taxonomy":"post_tag","embeddable":true,"href":"https:\/\/larevistadigital.com.ar\/blog\/wp-json\/wp\/v2\/tags?post=30548"}],"curies":[{"name":"wp","href":"https:\/\/api.w.org\/{rel}","templated":true}]}}