{"id":30557,"date":"2023-03-13T12:14:21","date_gmt":"2023-03-13T12:14:21","guid":{"rendered":"https:\/\/larevistadigital.com.ar\/blog\/?p=30557"},"modified":"2023-03-13T12:14:21","modified_gmt":"2023-03-13T12:14:21","slug":"chascomus-gonzalo-fierro-se-lanzo-como-precandidato-a-intendente-de-la-ucr","status":"publish","type":"post","link":"https:\/\/larevistadigital.com.ar\/blog\/chascomus-gonzalo-fierro-se-lanzo-como-precandidato-a-intendente-de-la-ucr\/","title":{"rendered":"CHASCOM\u00daS: GONZALO FIERRO SE LANZ\u00d3 COMO PRECANDIDATO A INTENDENTE DE LA UCR"},"content":{"rendered":"<h2><strong>Representar\u00e1 al espacio Unidad Radical y fue propuesto en una reuni\u00f3n realizada el viernes \u2013 Al aceptar la candidatura dijo que \u201cser\u00e1 un honor y una responsabilidad que voy a asumir con el compromiso y la labor que se merece\u201d, invitando a todos los vecinos a participar de la iniciativa para construir las mejores propuestas.<\/strong><\/h2>\n<p>13 de marzo de 2023<\/p>\n<p><strong>CHASCOM\u00daS &#8211;<\/strong>\u00a0 En una reuni\u00f3n que organizo el espacio Unidad Radical este viernes en la Casa Radical, fue presentado programa de gobierno 2023\/2027 el sector y ante la propuesta de una nutrida concurrencia se resolvi\u00f3 someter a consideraci\u00f3n la presentaci\u00f3n de un precandidato a Intendente por la UCR en el marco del Frente Juntos, siendo elegido por aclamaci\u00f3n <strong>Gonzalo Fierro<\/strong>, tras haberlo propuesto <strong>Flavio Ponce<\/strong>, quien hasta el a\u00f1o pasado fue presidente del partido, quien hizo un previo an\u00e1lisis de la situaci\u00f3n del radicalismo local.<\/p>\n<p>El Dr. <strong>Gonzalo Fierro<\/strong> ha sido destacado por su labor durante el gobierno de Juntos por el Cambio en la Delegaci\u00f3n de Trabajo Chascom\u00fas, tiene una conocida actividad comunitaria y ha desarrollado funciones como miembro del Comit\u00e9 Chascom\u00fas de la UCR.<\/p>\n<p>Tras su nominaci\u00f3n <strong>Fierro<\/strong> agradeci\u00f3 <strong><em>\u201ca todos los que trabajaron en la propuesta de gobierno presentada\u201d<\/em><\/strong>, agregando que <em><strong>\u201cser\u00e1 un honor y una responsabilidad que voy a asumir con el compromiso y la labor que se merece\u201d.<\/strong><\/em><\/p>\n<p>Luego manifest\u00f3 que <em><strong>\u201clos vecinos est\u00e1n cansados y esperan que de una vez por todas se resuelvan los problemas del distrito\u201d e invit\u00f3 a los chascomunenses en general a participar de la iniciativa \u201cpara construir propuestas m\u00e1s acabadas\u201d<\/strong><\/em>.<\/p>\n<p>Seguidamente dejo que <em><strong>\u201cTenemos que arrancar en nuestra casa, hay procedimientos que debemos cambiar, creo que estamos cansados que unos pocos elijan siempre a nuestros representantes. Se tiene que escuchar al afiliado\u201d, a\u00f1adiendo que \u201cnos sumamos al pedido de elecciones internas partidarias\u201d pero comenzaremos a trabajar adem\u00e1s para todas las instancias electorales ya que nuestro objetivo es, junto con todos los vecinos, desarrollar el Chascom\u00fas que la comunidad reclama\u201d<\/strong><\/em>.<\/p>\n<p>Tambi\u00e9n hizo \u00e9nfasis en algunos sectores puntuales, como<em><strong> \u201cel turismo, el comercio, los servicios y la producci\u00f3n industrial y agropecuaria, que son las mayores fuentes de trabajo e ingresos de nuestro distrito\u201d.<\/strong><\/em><\/p>\n<p>Adem\u00e1s se refiri\u00f3 al hostigamiento que sufren los empleados municipales. <strong><em>\u201cMe consta que a muchos de ellos los tratan de convencer con alg\u00fan puesto o mejora si los acompa\u00f1an con el voto ellos y sus familias. Estas formas tienen que erradicarse, nosotros queremos una sociedad democratizada, por eso es importante la alternancia en el gobierno\u201d.<\/em><\/strong><\/p>\n<p>Finalmente resalt\u00f3 que <strong><em>\u201cDebemos proponer candidatos al Concejo Deliberante que trabajen abiertamente para consensuar las mejores pol\u00edticas p\u00fablicas a largo plazo, porque as\u00ed podremos llegar a un Chascom\u00fas Sostenible\u201d.<\/em><\/strong><\/p>\n","protected":false},"excerpt":{"rendered":"<div class=\"mh-excerpt\"><p>Representar\u00e1 al espacio Unidad Radical y fue propuesto en una reuni\u00f3n realizada el viernes \u2013 Al aceptar la candidatura dijo que \u201cser\u00e1 un honor y una responsabilidad que voy a asumir con el compromiso y <a class=\"mh-excerpt-more\" href=\"https:\/\/larevistadigital.com.ar\/blog\/chascomus-gonzalo-fierro-se-lanzo-como-precandidato-a-intendente-de-la-ucr\/\" title=\"CHASCOM\u00daS: GONZALO FIERRO SE LANZ\u00d3 COMO PRECANDIDATO A INTENDENTE DE LA UCR\">[Leer M\u00e1s]<\/a><\/p>\n<\/div>","protected":false},"author":3,"featured_media":30559,"comment_status":"open","ping_status":"open","sticky":false,"template":"","format":"standard","meta":{"_jetpack_memberships_contains_paid_content":false,"footnotes":"","jetpack_publicize_message":"","jetpack_publicize_feature_enabled":true,"jetpack_social_post_already_shared":true,"jetpack_social_options":{"image_generator_settings":{"template":"highway","default_image_id":0,"font":"","enabled":false},"version":2}},"categories":[6],"tags":[],"class_list":{"0":"post-30557","1":"post","2":"type-post","3":"status-publish","4":"format-standard","5":"has-post-thumbnail","7":"category-chascomus"},"jetpack_publicize_connections":[],"jetpack_featured_media_url":"https:\/\/i0.wp.com\/larevistadigital.com.ar\/blog\/wp-content\/uploads\/GONZALO-FIERRO.png?fit=800%2C545&ssl=1","jetpack_sharing_enabled":true,"jetpack_shortlink":"https:\/\/wp.me\/p8qtrQ-7WR","jetpack-related-posts":[{"id":2816,"url":"https:\/\/larevistadigital.com.ar\/blog\/chascomus-el-precandidato-a-concejal-de-cambiemos-santiago-dos-santos-se-reunio-con-el-intendente-de-general-belgrano\/","url_meta":{"origin":30557,"position":0},"title":"CHASCOM\u00daS: EL PRECANDIDATO A CONCEJAL DE CAMBIEMOS SANTIAGO DOS SANTOS, SE REUNI\u00d3 CON EL INTENDENTE DE GENERAL BELGRANO","author":"Alejandro Sosa Ruda","date":"3 agosto, 2017","format":false,"excerpt":"Encuentro de trabajo de los candidatos a concejales de Cambiemos-UCR con el Intendente de Gral Belgrano Los\u00a0 candidatos a concejales de Cambiemos-UCR, Santiago Dos Santos y Lorenza Marquez mantuvieron un encuentro de trabajo con el Intendente de Gral. Belgrano Osvaldo Din\u00e1poli y miembros de su gabinete. El objetivo de la\u2026","rel":"","context":"En \u00abCHASCOM\u00daS\u00bb","block_context":{"text":"CHASCOM\u00daS","link":"https:\/\/larevistadigital.com.ar\/blog\/category\/chascomus\/"},"img":{"alt_text":"","src":"https:\/\/i0.wp.com\/larevistadigital.com.ar\/blog\/wp-content\/uploads\/2017\/08\/DINAPOLI.jpg?fit=900%2C507&ssl=1&resize=350%2C200","width":350,"height":200,"srcset":"https:\/\/i0.wp.com\/larevistadigital.com.ar\/blog\/wp-content\/uploads\/2017\/08\/DINAPOLI.jpg?fit=900%2C507&ssl=1&resize=350%2C200 1x, https:\/\/i0.wp.com\/larevistadigital.com.ar\/blog\/wp-content\/uploads\/2017\/08\/DINAPOLI.jpg?fit=900%2C507&ssl=1&resize=525%2C300 1.5x, https:\/\/i0.wp.com\/larevistadigital.com.ar\/blog\/wp-content\/uploads\/2017\/08\/DINAPOLI.jpg?fit=900%2C507&ssl=1&resize=700%2C400 2x"},"classes":[]},{"id":30645,"url":"https:\/\/larevistadigital.com.ar\/blog\/gonzalo-fierro-se-reunio-con-autoridades-de-la-camara-de-comercio\/","url_meta":{"origin":30557,"position":1},"title":"GONZALO FIERRO SE REUNIO CON AUTORIDADES DE LA CAMARA DE COMERCIO","author":"Alejandro Sosa Ruda","date":"21 marzo, 2023","format":false,"excerpt":"El pre candidato mantiene reuniones de trabajo con vecinos e instituciones diariamente 21 de marzo de 2023 CHASCOM\u00daS -\u00a0 D\u00edas atr\u00e1s el pre candidato radical del frente juntos estuvo compartiendo una reuni\u00f3n con representantes de la C\u00e1mara de Comercio de Chascom\u00fas, quienes contaron sus iniciativas y proyectos, como\u00a0 la importante\u2026","rel":"","context":"En \u00abCHASCOM\u00daS\u00bb","block_context":{"text":"CHASCOM\u00daS","link":"https:\/\/larevistadigital.com.ar\/blog\/category\/chascomus\/"},"img":{"alt_text":"","src":"https:\/\/i0.wp.com\/larevistadigital.com.ar\/blog\/wp-content\/uploads\/WhatsApp-Image-2023-03-21-at-08.17.58-e1679405048952.jpeg?fit=720%2C595&ssl=1&resize=350%2C200","width":350,"height":200,"srcset":"https:\/\/i0.wp.com\/larevistadigital.com.ar\/blog\/wp-content\/uploads\/WhatsApp-Image-2023-03-21-at-08.17.58-e1679405048952.jpeg?fit=720%2C595&ssl=1&resize=350%2C200 1x, https:\/\/i0.wp.com\/larevistadigital.com.ar\/blog\/wp-content\/uploads\/WhatsApp-Image-2023-03-21-at-08.17.58-e1679405048952.jpeg?fit=720%2C595&ssl=1&resize=525%2C300 1.5x, https:\/\/i0.wp.com\/larevistadigital.com.ar\/blog\/wp-content\/uploads\/WhatsApp-Image-2023-03-21-at-08.17.58-e1679405048952.jpeg?fit=720%2C595&ssl=1&resize=700%2C400 2x"},"classes":[]},{"id":16326,"url":"https:\/\/larevistadigital.com.ar\/blog\/con-lista-de-unidad-local-para-las-internas-flavio-ponce-sera-el-presidente-de-la-ucr-de-chascomus\/","url_meta":{"origin":30557,"position":2},"title":"CON LISTA DE UNIDAD LOCAL PARA LAS INTERNAS, FLAVIO PONCE SER\u00c1 EL PRESIDENTE DE LA UCR DE CHASCOM\u00daS","author":"Alejandro Sosa Ruda","date":"15 septiembre, 2020","format":false,"excerpt":"El viernes 11\/9 fue el d\u00eda de cierre de inscripci\u00f3n de listas para las elecciones internas de la UCR en la provincia de Buenos Aires que se llevar\u00e1 a cabo el pr\u00f3ximo 11 de Octubre. Adem\u00e1s de las autoridades partidarias provinciales, ser\u00e1n electos tambi\u00e9n los convencionales nacionales, es decir, quienes\u2026","rel":"","context":"En \u00abINTERES GENERAL\u00bb","block_context":{"text":"INTERES GENERAL","link":"https:\/\/larevistadigital.com.ar\/blog\/category\/interes-general\/"},"img":{"alt_text":"","src":"https:\/\/i0.wp.com\/larevistadigital.com.ar\/blog\/wp-content\/uploads\/FLAVIO-PONCE.jpg?fit=640%2C674&ssl=1&resize=350%2C200","width":350,"height":200,"srcset":"https:\/\/i0.wp.com\/larevistadigital.com.ar\/blog\/wp-content\/uploads\/FLAVIO-PONCE.jpg?fit=640%2C674&ssl=1&resize=350%2C200 1x, https:\/\/i0.wp.com\/larevistadigital.com.ar\/blog\/wp-content\/uploads\/FLAVIO-PONCE.jpg?fit=640%2C674&ssl=1&resize=525%2C300 1.5x"},"classes":[]},{"id":19502,"url":"https:\/\/larevistadigital.com.ar\/blog\/interna-de-la-ucr-valentino-redruello-y-evolucion-fueron-de-un-aporte-fundamental-para-que-posse-gane-en-la-juventud-de-chascomus\/","url_meta":{"origin":30557,"position":3},"title":"INTERNA DE LA UCR: VALENTINO REDRUELLO Y \u00abEVOLUCI\u00d3N\u00bb FUERON UN APORTE FUNDAMENTAL PARA QUE POSSE GANE EN LA JUVENTUD DE CHASCOM\u00daS","author":"Alejandro Sosa Ruda","date":"28 marzo, 2021","format":false,"excerpt":"CHASCOM\u00daS -\u00a0 En las recientes elecciones internas de la UCR, de las que result\u00f3 ganador el diputado Maximiliano Abad, frente al intendente Gustavo Posse, se dio una circunstancia que vale la pena tener en cuenta: en la Juventud Radical, tambi\u00e9n se votaron autoridades y en Chascom\u00fas votaron 63 jovenes. Al\u2026","rel":"","context":"En \u00abINTERES GENERAL\u00bb","block_context":{"text":"INTERES GENERAL","link":"https:\/\/larevistadigital.com.ar\/blog\/category\/interes-general\/"},"img":{"alt_text":"","src":"https:\/\/i0.wp.com\/larevistadigital.com.ar\/blog\/wp-content\/uploads\/162227492_5337886982918967_3822976354819268166_o.jpg?fit=1200%2C900&ssl=1&resize=350%2C200","width":350,"height":200,"srcset":"https:\/\/i0.wp.com\/larevistadigital.com.ar\/blog\/wp-content\/uploads\/162227492_5337886982918967_3822976354819268166_o.jpg?fit=1200%2C900&ssl=1&resize=350%2C200 1x, https:\/\/i0.wp.com\/larevistadigital.com.ar\/blog\/wp-content\/uploads\/162227492_5337886982918967_3822976354819268166_o.jpg?fit=1200%2C900&ssl=1&resize=525%2C300 1.5x, https:\/\/i0.wp.com\/larevistadigital.com.ar\/blog\/wp-content\/uploads\/162227492_5337886982918967_3822976354819268166_o.jpg?fit=1200%2C900&ssl=1&resize=700%2C400 2x, https:\/\/i0.wp.com\/larevistadigital.com.ar\/blog\/wp-content\/uploads\/162227492_5337886982918967_3822976354819268166_o.jpg?fit=1200%2C900&ssl=1&resize=1050%2C600 3x"},"classes":[]},{"id":24852,"url":"https:\/\/larevistadigital.com.ar\/blog\/ucr-la-comision-de-planeamiento-obras-y-servicios-tuvo-su-primera-reunion\/","url_meta":{"origin":30557,"position":4},"title":"UCR: LA COMISI\u00d3N DE PLANEAMIENTO, OBRAS Y SERVICIOS TUVO SU PRIMERA REUNI\u00d3N","author":"Alejandro Sosa Ruda","date":"27 marzo, 2022","format":false,"excerpt":"GACETILLA DE PRENSA El viernes 25 de marzo tuvo lugar en la Casa Radical de Chascom\u00fas una reuni\u00f3n donde se trataron cuestiones vinculadas a la obra p\u00fablica, planeamiento y servicios de la Municipalidad. En dicho, encuentro, que fue el inicio de la actividad de una comisi\u00f3n creada para estos temas,\u2026","rel":"","context":"En \u00abCHASCOM\u00daS\u00bb","block_context":{"text":"CHASCOM\u00daS","link":"https:\/\/larevistadigital.com.ar\/blog\/category\/chascomus\/"},"img":{"alt_text":"","src":"https:\/\/i0.wp.com\/larevistadigital.com.ar\/blog\/wp-content\/uploads\/Untitled-2-737x415-1.png?fit=737%2C415&ssl=1&resize=350%2C200","width":350,"height":200,"srcset":"https:\/\/i0.wp.com\/larevistadigital.com.ar\/blog\/wp-content\/uploads\/Untitled-2-737x415-1.png?fit=737%2C415&ssl=1&resize=350%2C200 1x, https:\/\/i0.wp.com\/larevistadigital.com.ar\/blog\/wp-content\/uploads\/Untitled-2-737x415-1.png?fit=737%2C415&ssl=1&resize=525%2C300 1.5x, https:\/\/i0.wp.com\/larevistadigital.com.ar\/blog\/wp-content\/uploads\/Untitled-2-737x415-1.png?fit=737%2C415&ssl=1&resize=700%2C400 2x"},"classes":[]},{"id":2132,"url":"https:\/\/larevistadigital.com.ar\/blog\/comunicado-ucr-chascomus\/","url_meta":{"origin":30557,"position":5},"title":"COMUNICADO UCR CHASCOMUS","author":"Alejandro Sosa Ruda","date":"26 abril, 2017","format":false,"excerpt":"Desde el Boloque de concejales de UCR-Cambiemos de Chascom\u00fas nos hicieron llegar el siguiente comunicado. \u00a0 INS\u00d3LITO: LOS CONCEJALES DEL \u201cCHAPA\u201d GAST\u00d3N IMPIDEN EL TRATAMIENTO DEL PRESUPUESTO \u00a0 Nunca en la historia de los 135 distritos de la Provincia de Buenos Aires, los concejales oficialistas se opusieron al tratamiento de\u2026","rel":"","context":"En \u00abCHASCOM\u00daS\u00bb","block_context":{"text":"CHASCOM\u00daS","link":"https:\/\/larevistadigital.com.ar\/blog\/category\/chascomus\/"},"img":{"alt_text":"","src":"https:\/\/i0.wp.com\/larevistadigital.com.ar\/blog\/wp-content\/uploads\/2017\/04\/11028007_733884126732360_7999233073238367143_n.jpg?fit=650%2C488&ssl=1&resize=350%2C200","width":350,"height":200,"srcset":"https:\/\/i0.wp.com\/larevistadigital.com.ar\/blog\/wp-content\/uploads\/2017\/04\/11028007_733884126732360_7999233073238367143_n.jpg?fit=650%2C488&ssl=1&resize=350%2C200 1x, https:\/\/i0.wp.com\/larevistadigital.com.ar\/blog\/wp-content\/uploads\/2017\/04\/11028007_733884126732360_7999233073238367143_n.jpg?fit=650%2C488&ssl=1&resize=525%2C300 1.5x"},"classes":[]}],"_links":{"self":[{"href":"https:\/\/larevistadigital.com.ar\/blog\/wp-json\/wp\/v2\/posts\/30557","targetHints":{"allow":["GET"]}}],"collection":[{"href":"https:\/\/larevistadigital.com.ar\/blog\/wp-json\/wp\/v2\/posts"}],"about":[{"href":"https:\/\/larevistadigital.com.ar\/blog\/wp-json\/wp\/v2\/types\/post"}],"author":[{"embeddable":true,"href":"https:\/\/larevistadigital.com.ar\/blog\/wp-json\/wp\/v2\/users\/3"}],"replies":[{"embeddable":true,"href":"https:\/\/larevistadigital.com.ar\/blog\/wp-json\/wp\/v2\/comments?post=30557"}],"version-history":[{"count":1,"href":"https:\/\/larevistadigital.com.ar\/blog\/wp-json\/wp\/v2\/posts\/30557\/revisions"}],"predecessor-version":[{"id":30560,"href":"https:\/\/larevistadigital.com.ar\/blog\/wp-json\/wp\/v2\/posts\/30557\/revisions\/30560"}],"wp:featuredmedia":[{"embeddable":true,"href":"https:\/\/larevistadigital.com.ar\/blog\/wp-json\/wp\/v2\/media\/30559"}],"wp:attachment":[{"href":"https:\/\/larevistadigital.com.ar\/blog\/wp-json\/wp\/v2\/media?parent=30557"}],"wp:term":[{"taxonomy":"category","embeddable":true,"href":"https:\/\/larevistadigital.com.ar\/blog\/wp-json\/wp\/v2\/categories?post=30557"},{"taxonomy":"post_tag","embeddable":true,"href":"https:\/\/larevistadigital.com.ar\/blog\/wp-json\/wp\/v2\/tags?post=30557"}],"curies":[{"name":"wp","href":"https:\/\/api.w.org\/{rel}","templated":true}]}}