{"id":30564,"date":"2023-03-13T21:39:22","date_gmt":"2023-03-13T21:39:22","guid":{"rendered":"https:\/\/larevistadigital.com.ar\/blog\/?p=30564"},"modified":"2023-03-13T21:39:22","modified_gmt":"2023-03-13T21:39:22","slug":"balcarce-roban-y-asesinan-a-un-hombre-de-83-anos","status":"publish","type":"post","link":"https:\/\/larevistadigital.com.ar\/blog\/balcarce-roban-y-asesinan-a-un-hombre-de-83-anos\/","title":{"rendered":"BALCARCE: ROBAN Y ASESINAN A UN HOMBRE DE 83 A\u00d1OS"},"content":{"rendered":"<h2>La acusada que hab\u00eda salido de la carcel hace poco, ya hab\u00eda sido acusada por la v\u00edctima por robarle cosas. Ahora cuando el hombre quiso defenderse recibi\u00f3 un puntazo en el t\u00f3rax.<\/h2>\n<p>13 de marzo de 2023<\/p>\n<p><strong>BALCARCE &#8211;\u00a0\u00a0<\/strong>Un hombre, result\u00f3 herido de muerte por una mujer que hab\u00eda denunciado con anterioridad por distintos hechos de robo contra su persona. Pero esta vez cuando quiso defenderse la homicida le propin\u00f3 un puntazo en el torax que le cost\u00f3 la vida.<\/p>\n<blockquote>\n<h3>La v\u00edctima, ten\u00eda 83 a\u00f1os de edad, y los hechos ocurrieron en su domicilio particular, ubicado en calles 3 y 8 del Barrio San Mart\u00edn. Todo sucedi\u00f3 en d\u00eda domingo, aproximadamente a las 21 horas, y la acusada fue detenida un rato despu\u00e9s.<\/h3>\n<\/blockquote>\n<p>El Portal del Diario La Capital, inform\u00f3 que los vecinos alertaron a la polic\u00eda porque se escucharon ruidos en la casa de la v\u00edctima, identificada como \u00a0<strong>Br\u00edgido Leguizam\u00f3n<\/strong> (83), adem\u00e1s de roturas de vidrios y golpes.<\/p>\n<blockquote>\n<h3>R\u00e1pidamente un m\u00f3vil policial se present\u00f3 en la vivienda, que ten\u00eda la puerta abierta. En su interior encontraron\u00a0<strong>un hombre tirado en el piso, envuelto en un charco de sangre y ya sin signos vitales.<\/strong><\/h3>\n<\/blockquote>\n<p>Los uniformados recabaron datos y pudieron establecer que una mujer hab\u00eda salido del interior de la vivienda y se hab\u00eda dado a la fuga.\u00a0 Al parecer, momentos antes<strong>\u00a0hab\u00eda forzado una ventana de la vivienda y hab\u00eda ingresado con la intenci\u00f3n de robar\u00a0<\/strong>cuando se encontr\u00f3 con la v\u00edctima.<\/p>\n<blockquote>\n<h3>Desde la Sub DDI, con la colaboraci\u00f3n de la Estaci\u00f3n de Polic\u00eda Comunal, iniciaron su b\u00fasqueda con apoyo de las im\u00e1genes que se fueron generando desde el Centro de Monitoreo Municipal. As\u00ed es que se pudo identificar a la mujer, dar con su paradero, en la zona de calles 7 entre 26 y 28, frente a plaza G\u00fcemes, y arrestarla.<\/h3>\n<\/blockquote>\n<p>La acusada, fue identificada como <strong>Gisell Modega<\/strong> (37), quien hab\u00eda cumplido una condena por robo y hac\u00eda dos meses hab\u00eda salido de la c\u00e1rcel de Bat\u00e1n. La Capital, inform\u00f3 que se trata de una persona que tiene<strong>\u00a0varios antecedentes por robos con armas blancas<\/strong>\u00a0y tambi\u00e9n es conocida por provocar disturbios en momentos de estar afectada por el consumo de estupefacientes.<\/p>\n<p>Una fuente de la investigaci\u00f3n, asegur\u00f3 que <strong>Modega<\/strong> <strong>hab\u00eda conocido al jubilado hac\u00eda unos meses<\/strong>\u00a0y lo frecuentaba con cierta periodicidad en su casa, como parte de un trabajo de acompa\u00f1amiento. Sin embargo, el pasado 2 de marzo\u00a0<strong>Leguizam\u00f3n se present\u00f3 en la Sub DDI de Balcarce para denunciar que la mujer le hab\u00eda robado diferentes elementos de valor<\/strong>\u00a0en una de esas \u201cvisitas\u201d. Por el hecho, la ahora imputada por el crimen recibi\u00f3 una prohibici\u00f3n de acercamiento y comenz\u00f3 a ser investigada por los robos.<\/p>\n<blockquote>\n<h3>Este domingo, <strong>Modega<\/strong> habr\u00eda vuelto al lugar enfurecida por la medida judicial y con el objetivo de seguir llev\u00e1ndose cosas del lugar. Sin embargo, el due\u00f1o de casa estaba en el lugar y eso origin\u00f3 una pelea que termin\u00f3 cuando le aplic\u00f3\u00a0<strong>una pu\u00f1alada con un cuchillo de cocina\u00a0<\/strong>que luego fue hallado en el lugar.<\/h3>\n<\/blockquote>\n<p>La ayudante Fiscal,\u00a0<strong>Laura Molina<\/strong>, aval\u00f3 el procedimiento y dispuso que se traslade a la aprehendida al Destacamento Femenino de Mar del Plata, quedando a disposici\u00f3n de la justicia por el delito de \u201c<strong>homicidio agravado en ocasi\u00f3n de robo<\/strong>\u201d.<\/p>\n","protected":false},"excerpt":{"rendered":"<div class=\"mh-excerpt\"><p>La acusada que hab\u00eda salido de la carcel hace poco, ya hab\u00eda sido acusada por la v\u00edctima por robarle cosas. Ahora cuando el hombre quiso defenderse recibi\u00f3 un puntazo en el t\u00f3rax. 13 de marzo <a class=\"mh-excerpt-more\" href=\"https:\/\/larevistadigital.com.ar\/blog\/balcarce-roban-y-asesinan-a-un-hombre-de-83-anos\/\" title=\"BALCARCE: ROBAN Y ASESINAN A UN HOMBRE DE 83 A\u00d1OS\">[Leer M\u00e1s]<\/a><\/p>\n<\/div>","protected":false},"author":3,"featured_media":30565,"comment_status":"open","ping_status":"open","sticky":false,"template":"","format":"standard","meta":{"_jetpack_memberships_contains_paid_content":false,"footnotes":"","jetpack_publicize_message":"","jetpack_publicize_feature_enabled":true,"jetpack_social_post_already_shared":true,"jetpack_social_options":{"image_generator_settings":{"template":"highway","default_image_id":0,"font":"","enabled":false},"version":2}},"categories":[44,51],"tags":[],"class_list":{"0":"post-30564","1":"post","2":"type-post","3":"status-publish","4":"format-standard","5":"has-post-thumbnail","7":"category-policiales","8":"category-regionales"},"jetpack_publicize_connections":[],"jetpack_featured_media_url":"https:\/\/i0.wp.com\/larevistadigital.com.ar\/blog\/wp-content\/uploads\/d17889243bb03fd67b420548e53bb7578b2bbc01.jpg?fit=1140%2C615&ssl=1","jetpack_sharing_enabled":true,"jetpack_shortlink":"https:\/\/wp.me\/p8qtrQ-7WY","jetpack-related-posts":[{"id":33296,"url":"https:\/\/larevistadigital.com.ar\/blog\/santa-clara-del-mar-una-pelea-de-vecinos-termino-con-uno-apunalado-en-el-pecho\/","url_meta":{"origin":30564,"position":0},"title":"SANTA CLARA DEL MAR: UNA PELEA DE VECINOS, TERMIN\u00d3 CON UNO APU\u00d1ALADO EN EL PECHO","author":"Alejandro Sosa Ruda","date":"5 septiembre, 2023","format":false,"excerpt":"La v\u00edctima, identificada como Ariel Escalante de 45 a\u00f1os, recibi\u00f3 un \"puntazo\" en el t\u00f3rax y luego falleci\u00f3 en una Sala de Primeros Auxilios. Por el crimen hay tres detenidos: un joven de 25 a\u00f1os y dos adolescentes de 17, por lo que al haber menores investiga el Fuero de\u2026","rel":"","context":"En \u00abSin categor\u00eda\u00bb","block_context":{"text":"Sin categor\u00eda","link":"https:\/\/larevistadigital.com.ar\/blog\/category\/sin-categoria\/"},"img":{"alt_text":"","src":"https:\/\/i0.wp.com\/larevistadigital.com.ar\/blog\/wp-content\/uploads\/1620734310362-1.jpg?fit=1200%2C594&ssl=1&resize=350%2C200","width":350,"height":200,"srcset":"https:\/\/i0.wp.com\/larevistadigital.com.ar\/blog\/wp-content\/uploads\/1620734310362-1.jpg?fit=1200%2C594&ssl=1&resize=350%2C200 1x, https:\/\/i0.wp.com\/larevistadigital.com.ar\/blog\/wp-content\/uploads\/1620734310362-1.jpg?fit=1200%2C594&ssl=1&resize=525%2C300 1.5x, https:\/\/i0.wp.com\/larevistadigital.com.ar\/blog\/wp-content\/uploads\/1620734310362-1.jpg?fit=1200%2C594&ssl=1&resize=700%2C400 2x, https:\/\/i0.wp.com\/larevistadigital.com.ar\/blog\/wp-content\/uploads\/1620734310362-1.jpg?fit=1200%2C594&ssl=1&resize=1050%2C600 3x"},"classes":[]},{"id":32189,"url":"https:\/\/larevistadigital.com.ar\/blog\/balcarce-aberrante-un-hombre-fue-detenido-por-violar-y-embarazar-a-su-hija-de-11-anos\/","url_meta":{"origin":30564,"position":1},"title":"BALCARCE: ABERRANTE. UN HOMBRE FUE DETENIDO POR VIOLAR Y EMBARAZAR A SU HIJA DE 11 A\u00d1OS","author":"Alejandro Sosa Ruda","date":"30 junio, 2023","format":false,"excerpt":"El caso sali\u00f3 a la luz cuando la ni\u00f1a se anim\u00f3 a contarle a la maestra de la escuela sobre el hecho pero sin mencionar qui\u00e9n hab\u00eda sido. Inmediatamente, las autoridades del establecimiento educativo radicaron la denuncia penal. 30 de junio de 2023 BALCARCE -\u00a0 Un hombre de 41 a\u00f1os\u2026","rel":"","context":"En \u00abPOLICIALES\u00bb","block_context":{"text":"POLICIALES","link":"https:\/\/larevistadigital.com.ar\/blog\/category\/policiales\/"},"img":{"alt_text":"","src":"https:\/\/i0.wp.com\/larevistadigital.com.ar\/blog\/wp-content\/uploads\/20230630172907_balcarce-hijaaa.jpg?fit=880%2C512&ssl=1&resize=350%2C200","width":350,"height":200,"srcset":"https:\/\/i0.wp.com\/larevistadigital.com.ar\/blog\/wp-content\/uploads\/20230630172907_balcarce-hijaaa.jpg?fit=880%2C512&ssl=1&resize=350%2C200 1x, https:\/\/i0.wp.com\/larevistadigital.com.ar\/blog\/wp-content\/uploads\/20230630172907_balcarce-hijaaa.jpg?fit=880%2C512&ssl=1&resize=525%2C300 1.5x, https:\/\/i0.wp.com\/larevistadigital.com.ar\/blog\/wp-content\/uploads\/20230630172907_balcarce-hijaaa.jpg?fit=880%2C512&ssl=1&resize=700%2C400 2x"},"classes":[]},{"id":28494,"url":"https:\/\/larevistadigital.com.ar\/blog\/balcarce-quiso-recuperar-su-celular-robado-y-lo-hirieron-a-machetazos\/","url_meta":{"origin":30564,"position":2},"title":"BALCARCE: QUISO RECUPERAR SU CELULAR ROBADO Y LO HIRIERON A MACHETAZOS","author":"Alejandro Sosa Ruda","date":"18 octubre, 2022","format":false,"excerpt":"El hecho ocurri\u00f3 en la ciudad bonaerense de Balcarce. La v\u00edctima sufri\u00f3 m\u00faltiples cortes de importante gravedad y fue asistido. 18 de octubre de 2022 BALCARCE -\u00a0 Un joven de 26 a\u00f1os sufri\u00f3 heridas de diversa consideraci\u00f3n tras ser atacado a machetazos a la salida de un local bailable de\u2026","rel":"","context":"En \u00abPOLICIALES\u00bb","block_context":{"text":"POLICIALES","link":"https:\/\/larevistadigital.com.ar\/blog\/category\/policiales\/"},"img":{"alt_text":"","src":"https:\/\/i0.wp.com\/larevistadigital.com.ar\/blog\/wp-content\/uploads\/20221018181603_f608x342-34295-64018-30.jpg?fit=880%2C512&ssl=1&resize=350%2C200","width":350,"height":200,"srcset":"https:\/\/i0.wp.com\/larevistadigital.com.ar\/blog\/wp-content\/uploads\/20221018181603_f608x342-34295-64018-30.jpg?fit=880%2C512&ssl=1&resize=350%2C200 1x, https:\/\/i0.wp.com\/larevistadigital.com.ar\/blog\/wp-content\/uploads\/20221018181603_f608x342-34295-64018-30.jpg?fit=880%2C512&ssl=1&resize=525%2C300 1.5x, https:\/\/i0.wp.com\/larevistadigital.com.ar\/blog\/wp-content\/uploads\/20221018181603_f608x342-34295-64018-30.jpg?fit=880%2C512&ssl=1&resize=700%2C400 2x"},"classes":[]},{"id":35165,"url":"https:\/\/larevistadigital.com.ar\/blog\/la-plata-como-no-pudo-matar-con-veneno-a-su-novio-decidio-apunalarlo\/","url_meta":{"origin":30564,"position":3},"title":"LA PLATA: COMO NO PUDO MATAR CON VENENO A SU NOVIO, DECIDI\u00d3 APU\u00d1ALARLO","author":"Alejandro Sosa Ruda","date":"5 febrero, 2024","format":false,"excerpt":"La v\u00edctima tiene 45 a\u00f1os y lleg\u00f3 a un hospital de La Plata con una gran herida en su pecho y signos de intoxicaci\u00f3n. Culpa a su novia de 36. 5 de febrero de 2023 LA PLATA\u00a0 \u00a0-\u00a0 Fue detenida\u00a0una mujer de 36 a\u00f1os\u00a0acusada de apu\u00f1alar a su novio luego\u2026","rel":"","context":"En \u00abPOLICIALES\u00bb","block_context":{"text":"POLICIALES","link":"https:\/\/larevistadigital.com.ar\/blog\/category\/policiales\/"},"img":{"alt_text":"","src":"https:\/\/i0.wp.com\/larevistadigital.com.ar\/blog\/wp-content\/uploads\/Captura-de-pantalla-2024-02-05-202336.png?fit=906%2C508&ssl=1&resize=350%2C200","width":350,"height":200,"srcset":"https:\/\/i0.wp.com\/larevistadigital.com.ar\/blog\/wp-content\/uploads\/Captura-de-pantalla-2024-02-05-202336.png?fit=906%2C508&ssl=1&resize=350%2C200 1x, https:\/\/i0.wp.com\/larevistadigital.com.ar\/blog\/wp-content\/uploads\/Captura-de-pantalla-2024-02-05-202336.png?fit=906%2C508&ssl=1&resize=525%2C300 1.5x, https:\/\/i0.wp.com\/larevistadigital.com.ar\/blog\/wp-content\/uploads\/Captura-de-pantalla-2024-02-05-202336.png?fit=906%2C508&ssl=1&resize=700%2C400 2x"},"classes":[]},{"id":12902,"url":"https:\/\/larevistadigital.com.ar\/blog\/encuentran-a-un-hombre-muerto-en-su-patio-y-detienen-a-su-pareja\/","url_meta":{"origin":30564,"position":4},"title":"ENCUENTRAN A UN HOMBRE MUERTO EN SU PATIO Y DETIENEN A SU PAREJA","author":"Alejandro Sosa Ruda","date":"28 octubre, 2019","format":false,"excerpt":"Ocurri\u00f3 en el barrio 9 de Julio. La v\u00edctima de 42 a\u00f1os presentaba una herida en el t\u00f3rax. La mujer qued\u00f3 alojada en el Destacamento Femenino. MAR DEL PLATA - \"Se mat\u00f3, se mat\u00f3\", fue el grito de una mujer que los polic\u00edas que llegaron a una vivienda en el\u2026","rel":"","context":"En \u00abPOLICIALES\u00bb","block_context":{"text":"POLICIALES","link":"https:\/\/larevistadigital.com.ar\/blog\/category\/policiales\/"},"img":{"alt_text":"","src":"https:\/\/i0.wp.com\/larevistadigital.com.ar\/blog\/wp-content\/uploads\/patrullero-1.jpg?fit=1024%2C728&ssl=1&resize=350%2C200","width":350,"height":200,"srcset":"https:\/\/i0.wp.com\/larevistadigital.com.ar\/blog\/wp-content\/uploads\/patrullero-1.jpg?fit=1024%2C728&ssl=1&resize=350%2C200 1x, https:\/\/i0.wp.com\/larevistadigital.com.ar\/blog\/wp-content\/uploads\/patrullero-1.jpg?fit=1024%2C728&ssl=1&resize=525%2C300 1.5x, https:\/\/i0.wp.com\/larevistadigital.com.ar\/blog\/wp-content\/uploads\/patrullero-1.jpg?fit=1024%2C728&ssl=1&resize=700%2C400 2x"},"classes":[]},{"id":24747,"url":"https:\/\/larevistadigital.com.ar\/blog\/increible-no-quiso-convidarle-un-cigarrillo-y-le-partio-la-cabeza-con-un-adoquin\/","url_meta":{"origin":30564,"position":5},"title":"INCRE\u00cdBLE: NO QUISO CONVIDARLE UN CIGARRILLO Y LE PARTI\u00d3 LA CABEZA CON UN ADOQU\u00cdN","author":"Alejandro Sosa Ruda","date":"22 marzo, 2022","format":false,"excerpt":"El hecho se registr\u00f3 a la salida de un boliche de Balcarce. La v\u00edctima qued\u00f3 inconsciente y debi\u00f3 ser hospitalizada. BACARCE -\u00a0 Un hombre de 35 a\u00f1os fue brutalmente agredido por otro de 20 a\u00f1os que momentos antes le hab\u00eda pedido un cigarrillo y ante la negativa le parti\u00f3 un\u2026","rel":"","context":"En \u00abPOLICIALES\u00bb","block_context":{"text":"POLICIALES","link":"https:\/\/larevistadigital.com.ar\/blog\/category\/policiales\/"},"img":{"alt_text":"","src":"https:\/\/i0.wp.com\/larevistadigital.com.ar\/blog\/wp-content\/uploads\/Captura-de-pantalla-2022-03-22-003024.jpg?fit=952%2C451&ssl=1&resize=350%2C200","width":350,"height":200,"srcset":"https:\/\/i0.wp.com\/larevistadigital.com.ar\/blog\/wp-content\/uploads\/Captura-de-pantalla-2022-03-22-003024.jpg?fit=952%2C451&ssl=1&resize=350%2C200 1x, https:\/\/i0.wp.com\/larevistadigital.com.ar\/blog\/wp-content\/uploads\/Captura-de-pantalla-2022-03-22-003024.jpg?fit=952%2C451&ssl=1&resize=525%2C300 1.5x, https:\/\/i0.wp.com\/larevistadigital.com.ar\/blog\/wp-content\/uploads\/Captura-de-pantalla-2022-03-22-003024.jpg?fit=952%2C451&ssl=1&resize=700%2C400 2x"},"classes":[]}],"_links":{"self":[{"href":"https:\/\/larevistadigital.com.ar\/blog\/wp-json\/wp\/v2\/posts\/30564","targetHints":{"allow":["GET"]}}],"collection":[{"href":"https:\/\/larevistadigital.com.ar\/blog\/wp-json\/wp\/v2\/posts"}],"about":[{"href":"https:\/\/larevistadigital.com.ar\/blog\/wp-json\/wp\/v2\/types\/post"}],"author":[{"embeddable":true,"href":"https:\/\/larevistadigital.com.ar\/blog\/wp-json\/wp\/v2\/users\/3"}],"replies":[{"embeddable":true,"href":"https:\/\/larevistadigital.com.ar\/blog\/wp-json\/wp\/v2\/comments?post=30564"}],"version-history":[{"count":1,"href":"https:\/\/larevistadigital.com.ar\/blog\/wp-json\/wp\/v2\/posts\/30564\/revisions"}],"predecessor-version":[{"id":30566,"href":"https:\/\/larevistadigital.com.ar\/blog\/wp-json\/wp\/v2\/posts\/30564\/revisions\/30566"}],"wp:featuredmedia":[{"embeddable":true,"href":"https:\/\/larevistadigital.com.ar\/blog\/wp-json\/wp\/v2\/media\/30565"}],"wp:attachment":[{"href":"https:\/\/larevistadigital.com.ar\/blog\/wp-json\/wp\/v2\/media?parent=30564"}],"wp:term":[{"taxonomy":"category","embeddable":true,"href":"https:\/\/larevistadigital.com.ar\/blog\/wp-json\/wp\/v2\/categories?post=30564"},{"taxonomy":"post_tag","embeddable":true,"href":"https:\/\/larevistadigital.com.ar\/blog\/wp-json\/wp\/v2\/tags?post=30564"}],"curies":[{"name":"wp","href":"https:\/\/api.w.org\/{rel}","templated":true}]}}