{"id":30567,"date":"2023-03-13T21:44:15","date_gmt":"2023-03-13T21:44:15","guid":{"rendered":"https:\/\/larevistadigital.com.ar\/blog\/?p=30567"},"modified":"2023-03-13T22:04:54","modified_gmt":"2023-03-13T22:04:54","slug":"30567-2","status":"publish","type":"post","link":"https:\/\/larevistadigital.com.ar\/blog\/30567-2\/","title":{"rendered":"DENUNCI\u00d3 QUE FUE SECUESTRADA Y VIOLADA EN GRUPO"},"content":{"rendered":"<p><strong>TANDIL &#8211;\u00a0<\/strong> Una mujer de 35 a\u00f1os denunci\u00f3 que fue retenida contra su voluntad en una vivienda de Tandil y que fue v\u00edctima de una violaci\u00f3n grupal.<\/p>\n<blockquote>\n<h3>Al arribar al lugar, los efectivos se encontraron con la mujer que hab\u00eda realizado el llamado y un grupo integrado por 6 hombres.<\/h3>\n<\/blockquote>\n<p>Una vez rescatada por el personal policial, se solicit\u00f3 apoyo del Hospital Municipal \u00abRam\u00f3n Santamarina\u00bb debido a que la mujer se encontraba en un estado de exaltaci\u00f3n, por el cual debi\u00f3 ser asistida.<\/p>\n<blockquote>\n<h3>De acuerdo con el parte oficial, los 6 hombres fueron trasladados a la sede policial, aunque cuatro de ellos fueron liberados horas despu\u00e9s debido a que la mujer no inst\u00f3 la acci\u00f3n penal por abuso sexual, delito de instancia privada.<\/h3>\n<\/blockquote>\n<p>Sin embargo,\u00a0la fiscal\u00eda interviniente orden\u00f3 que dos de los hombres involucrados permanecieran detenidos en el marco de una causa por privaci\u00f3n ilegal de la libertad.<\/p>\n","protected":false},"excerpt":{"rendered":"<div class=\"mh-excerpt\"><p>TANDIL &#8211;\u00a0 Una mujer de 35 a\u00f1os denunci\u00f3 que fue retenida contra su voluntad en una vivienda de Tandil y que fue v\u00edctima de una violaci\u00f3n grupal. Al arribar al lugar, los efectivos se encontraron <a class=\"mh-excerpt-more\" href=\"https:\/\/larevistadigital.com.ar\/blog\/30567-2\/\" title=\"DENUNCI\u00d3 QUE FUE SECUESTRADA Y VIOLADA EN GRUPO\">[Leer M\u00e1s]<\/a><\/p>\n<\/div>","protected":false},"author":3,"featured_media":20324,"comment_status":"open","ping_status":"open","sticky":false,"template":"","format":"standard","meta":{"_jetpack_memberships_contains_paid_content":false,"footnotes":"","jetpack_publicize_message":"","jetpack_publicize_feature_enabled":true,"jetpack_social_post_already_shared":true,"jetpack_social_options":{"image_generator_settings":{"template":"highway","default_image_id":0,"font":"","enabled":false},"version":2}},"categories":[44,51],"tags":[],"class_list":{"0":"post-30567","1":"post","2":"type-post","3":"status-publish","4":"format-standard","5":"has-post-thumbnail","7":"category-policiales","8":"category-regionales"},"jetpack_publicize_connections":[],"jetpack_featured_media_url":"https:\/\/i0.wp.com\/larevistadigital.com.ar\/blog\/wp-content\/uploads\/1620734310362.jpg?fit=1500%2C998&ssl=1","jetpack_sharing_enabled":true,"jetpack_shortlink":"https:\/\/wp.me\/p8qtrQ-7X1","jetpack-related-posts":[{"id":39376,"url":"https:\/\/larevistadigital.com.ar\/blog\/chascomus-violo-la-perimetral-y-termino-detenido-una-mujer-denuncio-agresiones-junto-a-su-madre\/","url_meta":{"origin":30567,"position":0},"title":"Chascom\u00fas. Viol\u00f3 la perimetral y termin\u00f3 detenido: una mujer denunci\u00f3 agresiones junto a su madre","author":"Alejandro Sosa Ruda","date":"15 abril, 2025","format":false,"excerpt":"Un hombre fue aprehendido por la polic\u00eda tras ser acusado de agredir f\u00edsicamente a su ex pareja y a la madre de ella. Ya ten\u00eda medidas cautelares vigentes. 15 de Abril de 2025 CHASCOM\u00daS -\u00a0 En un operativo de patrullaje preventivo, personal policial logr\u00f3 detener a un hombre acusado de\u2026","rel":"","context":"En \u00abPOLICIALES\u00bb","block_context":{"text":"POLICIALES","link":"https:\/\/larevistadigital.com.ar\/blog\/category\/policiales\/"},"img":{"alt_text":"","src":"https:\/\/i0.wp.com\/larevistadigital.com.ar\/blog\/wp-content\/uploads\/20230313183828_patrullero2-1.jpg?fit=880%2C512&ssl=1&resize=350%2C200","width":350,"height":200,"srcset":"https:\/\/i0.wp.com\/larevistadigital.com.ar\/blog\/wp-content\/uploads\/20230313183828_patrullero2-1.jpg?fit=880%2C512&ssl=1&resize=350%2C200 1x, https:\/\/i0.wp.com\/larevistadigital.com.ar\/blog\/wp-content\/uploads\/20230313183828_patrullero2-1.jpg?fit=880%2C512&ssl=1&resize=525%2C300 1.5x, https:\/\/i0.wp.com\/larevistadigital.com.ar\/blog\/wp-content\/uploads\/20230313183828_patrullero2-1.jpg?fit=880%2C512&ssl=1&resize=700%2C400 2x"},"classes":[]},{"id":32437,"url":"https:\/\/larevistadigital.com.ar\/blog\/la-plata-una-mujer-denuncio-que-fue-a-visitar-a-sus-padres-en-el-cementerio-y-no-estaban-los-feretros\/","url_meta":{"origin":30567,"position":1},"title":"LA PLATA: UNA MUJER DENUNCI\u00d3 QUE FUE A VISITAR A SUS PADRES EN EL CEMENTERIO Y NO ESTABAN LOS FERETROS.","author":"Alejandro Sosa Ruda","date":"16 julio, 2023","format":false,"excerpt":"Cuando estaba limpiando el nicho se cay\u00f3 la tapa y comprob\u00f3 la ausencia. Lo denunci\u00f3 en la Justicia e intentan determinar qu\u00e9 pas\u00f3. 15 de julio de 2023 LA PLATA -\u00a0 En extra\u00f1o hecho tuvo lugar en el Cementerio Municipal, cuando una mujer fue a visitar el nicho donde descansan\u2026","rel":"","context":"En \u00abPOLICIALES\u00bb","block_context":{"text":"POLICIALES","link":"https:\/\/larevistadigital.com.ar\/blog\/category\/policiales\/"},"img":{"alt_text":"","src":"https:\/\/i0.wp.com\/larevistadigital.com.ar\/blog\/wp-content\/uploads\/1550666323502.jpg?fit=1200%2C594&ssl=1&resize=350%2C200","width":350,"height":200,"srcset":"https:\/\/i0.wp.com\/larevistadigital.com.ar\/blog\/wp-content\/uploads\/1550666323502.jpg?fit=1200%2C594&ssl=1&resize=350%2C200 1x, https:\/\/i0.wp.com\/larevistadigital.com.ar\/blog\/wp-content\/uploads\/1550666323502.jpg?fit=1200%2C594&ssl=1&resize=525%2C300 1.5x, https:\/\/i0.wp.com\/larevistadigital.com.ar\/blog\/wp-content\/uploads\/1550666323502.jpg?fit=1200%2C594&ssl=1&resize=700%2C400 2x, https:\/\/i0.wp.com\/larevistadigital.com.ar\/blog\/wp-content\/uploads\/1550666323502.jpg?fit=1200%2C594&ssl=1&resize=1050%2C600 3x"},"classes":[]},{"id":40932,"url":"https:\/\/larevistadigital.com.ar\/blog\/mar-del-plata-pasajero-de-uber-le-apunto-con-arma-a-la-conductora-y-le-robo-el-auto\/","url_meta":{"origin":30567,"position":2},"title":"Mar del Plata: Pasajero de Uber le apunt\u00f3 con arma a la conductora y le rob\u00f3 el auto","author":"Alejandro Sosa Ruda","date":"15 agosto, 2025","format":false,"excerpt":"La v\u00edctima es una mujer de 60 a\u00f1os. Recuperaron el rodado y aprehendieron a tres hombres. 15 de agosto de 2025 MAR DEL PLATA -\u00a0 \u00a0Una mujer de 60 a\u00f1os, que trabajaba con la aplicaci\u00f3n Uber, fue v\u00edctima de un violento asalto el jueves por la noche, cuando un hombre\u2026","rel":"","context":"En \u00abPOLICIALES\u00bb","block_context":{"text":"POLICIALES","link":"https:\/\/larevistadigital.com.ar\/blog\/category\/policiales\/"},"img":{"alt_text":"","src":"","width":0,"height":0},"classes":[]},{"id":23501,"url":"https:\/\/larevistadigital.com.ar\/blog\/continua-la-ola-de-estafas-en-la-region-ahora-le-robaron-1700-dolares-a-una-mujer-en-dolores\/","url_meta":{"origin":30567,"position":3},"title":"CONTIN\u00daA LA OLA DE ESTAFAS EN LA REGI\u00d3N. AHORA LE ROBARON 1700 D\u00d3LARES A UNA MUJER EN DOLORES","author":"Alejandro Sosa Ruda","date":"22 enero, 2022","format":false,"excerpt":"Una persona se hizo pasar por su sobrina y le dijo que deb\u00eda cambiar el dinero. Dos hombres fueron los c\u00f3mplices. Luego, la mujer habl\u00f3 con otro familiar y advirti\u00f3 que hab\u00eda sido enga\u00f1ada y v\u00edctima de un robo. DOLORES -\u00a0Una docente jubilada de Dolores fue v\u00edctima de un enga\u00f1o\u2026","rel":"","context":"En \u00abDOLORES\u00bb","block_context":{"text":"DOLORES","link":"https:\/\/larevistadigital.com.ar\/blog\/category\/dolores\/"},"img":{"alt_text":"","src":"https:\/\/i0.wp.com\/larevistadigital.com.ar\/blog\/wp-content\/uploads\/20220121184129_cuentodeltiojpg.jpg?fit=880%2C512&ssl=1&resize=350%2C200","width":350,"height":200,"srcset":"https:\/\/i0.wp.com\/larevistadigital.com.ar\/blog\/wp-content\/uploads\/20220121184129_cuentodeltiojpg.jpg?fit=880%2C512&ssl=1&resize=350%2C200 1x, https:\/\/i0.wp.com\/larevistadigital.com.ar\/blog\/wp-content\/uploads\/20220121184129_cuentodeltiojpg.jpg?fit=880%2C512&ssl=1&resize=525%2C300 1.5x, https:\/\/i0.wp.com\/larevistadigital.com.ar\/blog\/wp-content\/uploads\/20220121184129_cuentodeltiojpg.jpg?fit=880%2C512&ssl=1&resize=700%2C400 2x"},"classes":[]},{"id":45117,"url":"https:\/\/larevistadigital.com.ar\/blog\/chascomus-tres-delincuentes-ingresaron-a-una-vivienda-y-robaron-distintas-pertenencias\/","url_meta":{"origin":30567,"position":4},"title":"Chascom\u00fas: Tres delincuentes ingresaron a una vivienda y robaron distintas pertenencias","author":"Alejandro Sosa Ruda","date":"15 abril, 2026","format":false,"excerpt":"El hecho ocurri\u00f3 cuando la v\u00edctima se encontraba en su domicilio. Tras el episodio, debi\u00f3 ser asistida por personal de salud debido a una descompensaci\u00f3n. 15 de abril de 2026 CHASCOM\u00daS -\u00a0 \u00a0Un violento robo se registr\u00f3 en una vivienda de Chascom\u00fas, donde tres hombres ingresaron al domicilio y sustrajeron\u2026","rel":"","context":"En \u00abDESTACADAS\u00bb","block_context":{"text":"DESTACADAS","link":"https:\/\/larevistadigital.com.ar\/blog\/category\/destacadas\/"},"img":{"alt_text":"","src":"https:\/\/i0.wp.com\/larevistadigital.com.ar\/blog\/wp-content\/uploads\/POLICIA.png?fit=1002%2C658&ssl=1&resize=350%2C200","width":350,"height":200,"srcset":"https:\/\/i0.wp.com\/larevistadigital.com.ar\/blog\/wp-content\/uploads\/POLICIA.png?fit=1002%2C658&ssl=1&resize=350%2C200 1x, https:\/\/i0.wp.com\/larevistadigital.com.ar\/blog\/wp-content\/uploads\/POLICIA.png?fit=1002%2C658&ssl=1&resize=525%2C300 1.5x, https:\/\/i0.wp.com\/larevistadigital.com.ar\/blog\/wp-content\/uploads\/POLICIA.png?fit=1002%2C658&ssl=1&resize=700%2C400 2x"},"classes":[]},{"id":37501,"url":"https:\/\/larevistadigital.com.ar\/blog\/tandil-ahorcan-a-una-mujer-en-un-hotel-alojamiento-hay-una-persona-detenida\/","url_meta":{"origin":30567,"position":5},"title":"TANDIL: Ahorcan a una mujer en un Hotel Alojamiento. Hay una persona detenida","author":"Alejandro Sosa Ruda","date":"13 octubre, 2024","format":false,"excerpt":"Monica Vedda, ori\u00fanda de Mar del Plata, fue hallada asesinada en un Hotel Alojamiento, su pareja de hace 4 a\u00f1os fue detenido por el hecho. 13 de Octubre de 2024 TANDIL -\u00a0 M\u00f3nica Marcela Vedda, de 54 a\u00f1os y oriunda de Mar del Plata, fue hallada sin vida esta madrugada\u2026","rel":"","context":"En \u00abPOLICIALES\u00bb","block_context":{"text":"POLICIALES","link":"https:\/\/larevistadigital.com.ar\/blog\/category\/policiales\/"},"img":{"alt_text":"","src":"https:\/\/i0.wp.com\/larevistadigital.com.ar\/blog\/wp-content\/uploads\/23ad98b4843689065c053ee487abe119df6eb2c0.jpg?fit=1140%2C855&ssl=1&resize=350%2C200","width":350,"height":200,"srcset":"https:\/\/i0.wp.com\/larevistadigital.com.ar\/blog\/wp-content\/uploads\/23ad98b4843689065c053ee487abe119df6eb2c0.jpg?fit=1140%2C855&ssl=1&resize=350%2C200 1x, https:\/\/i0.wp.com\/larevistadigital.com.ar\/blog\/wp-content\/uploads\/23ad98b4843689065c053ee487abe119df6eb2c0.jpg?fit=1140%2C855&ssl=1&resize=525%2C300 1.5x, https:\/\/i0.wp.com\/larevistadigital.com.ar\/blog\/wp-content\/uploads\/23ad98b4843689065c053ee487abe119df6eb2c0.jpg?fit=1140%2C855&ssl=1&resize=700%2C400 2x, https:\/\/i0.wp.com\/larevistadigital.com.ar\/blog\/wp-content\/uploads\/23ad98b4843689065c053ee487abe119df6eb2c0.jpg?fit=1140%2C855&ssl=1&resize=1050%2C600 3x"},"classes":[]}],"_links":{"self":[{"href":"https:\/\/larevistadigital.com.ar\/blog\/wp-json\/wp\/v2\/posts\/30567","targetHints":{"allow":["GET"]}}],"collection":[{"href":"https:\/\/larevistadigital.com.ar\/blog\/wp-json\/wp\/v2\/posts"}],"about":[{"href":"https:\/\/larevistadigital.com.ar\/blog\/wp-json\/wp\/v2\/types\/post"}],"author":[{"embeddable":true,"href":"https:\/\/larevistadigital.com.ar\/blog\/wp-json\/wp\/v2\/users\/3"}],"replies":[{"embeddable":true,"href":"https:\/\/larevistadigital.com.ar\/blog\/wp-json\/wp\/v2\/comments?post=30567"}],"version-history":[{"count":2,"href":"https:\/\/larevistadigital.com.ar\/blog\/wp-json\/wp\/v2\/posts\/30567\/revisions"}],"predecessor-version":[{"id":30574,"href":"https:\/\/larevistadigital.com.ar\/blog\/wp-json\/wp\/v2\/posts\/30567\/revisions\/30574"}],"wp:featuredmedia":[{"embeddable":true,"href":"https:\/\/larevistadigital.com.ar\/blog\/wp-json\/wp\/v2\/media\/20324"}],"wp:attachment":[{"href":"https:\/\/larevistadigital.com.ar\/blog\/wp-json\/wp\/v2\/media?parent=30567"}],"wp:term":[{"taxonomy":"category","embeddable":true,"href":"https:\/\/larevistadigital.com.ar\/blog\/wp-json\/wp\/v2\/categories?post=30567"},{"taxonomy":"post_tag","embeddable":true,"href":"https:\/\/larevistadigital.com.ar\/blog\/wp-json\/wp\/v2\/tags?post=30567"}],"curies":[{"name":"wp","href":"https:\/\/api.w.org\/{rel}","templated":true}]}}