{"id":30569,"date":"2023-03-13T21:49:09","date_gmt":"2023-03-13T21:49:09","guid":{"rendered":"https:\/\/larevistadigital.com.ar\/blog\/?p=30569"},"modified":"2023-03-13T22:07:23","modified_gmt":"2023-03-13T22:07:23","slug":"violento-choque-entre-dos-autos-en-el-camino-viejo-a-miramar","status":"publish","type":"post","link":"https:\/\/larevistadigital.com.ar\/blog\/violento-choque-entre-dos-autos-en-el-camino-viejo-a-miramar\/","title":{"rendered":"VIOLENTO CHOQUE ENTRE DOS AUTOS EN EL \u00abCAMINO VIEJO\u00bb A MIRAMAR"},"content":{"rendered":"<h2 class=\"intro\">Una pareja junto a su hija de un a\u00f1o y tres meses debi\u00f3 ser hospitalizada en Miramar con politraumatismos varios. Los veh\u00edculos circulaban en el mismo sentido desde Mar del Plata hacia la localidad vecina.<\/h2>\n<p>13 de Marzo de 20223<\/p>\n<p><strong>Cinco personas heridas<\/strong>, de las cuales tres fueron hospitalizadas &#8211; entre ellas una nena de un a\u00f1o &#8211; es el saldo que dej\u00f3 un<strong>\u00a0violento choque entre dos autos<\/strong>\u00a0que tuvo lugar este lunes al mediod\u00eda en el denominado\u00a0<strong>\u00abcamino viejo a Miramar\u00bb.<\/strong><\/p>\n<blockquote>\n<h3>Fuentes oficiales confirmaron al portal <strong>0223<\/strong>\u00a0que el siniestro se registr\u00f3 alrededor de las 12.30 a la altura del cruce del camino con el arroyo Chapadmalal, donde dos autos que circulaban en el mismo sentido, de Mar del Plata hacia Miramar, colisionaron.<\/h3>\n<\/blockquote>\n<p>De acuerdo a la reconstrucci\u00f3n de fuentes oficiales, un\u00a0<strong>Renualt 18 negro\u00a0<\/strong>en el que viajaba un matrimonio con su hija de un a\u00f1o y tres meses de edad choc\u00f3 en la parte trasera a un<strong>\u00a0Chevrolet Cruze azul<\/strong>\u00a0en el que viajaba una pareja adulta oriunda de la localidad bonaerense de Mart\u00ednez.<\/p>\n<blockquote>\n<h3>R\u00e1pidamente, personal de Bomberos del cuartel San Patricio y una ambulancia del Sistema de Atenci\u00f3n M\u00e9dica de Emergencias y de la comisar\u00eda de El Marquesado arribaron al lugar para asistir a las v\u00edctimas<\/h3>\n<\/blockquote>\n<p>Seg\u00fan la informaci\u00f3n oficial, la mujer que viajaba como acompa\u00f1ante en el Renault 18 debi\u00f3 ser rescatada por los Bomberos entre los hierros retorcidos y junto a su familia fue trasladada al hospital Marino Cassano de Miramar con politraumatismos varios. En tanto,\u00a0ocupantes del otro veh\u00edculo\u00a0lograron salir por sus propios medios.<\/p>\n","protected":false},"excerpt":{"rendered":"<div class=\"mh-excerpt\"><p>Una pareja junto a su hija de un a\u00f1o y tres meses debi\u00f3 ser hospitalizada en Miramar con politraumatismos varios. Los veh\u00edculos circulaban en el mismo sentido desde Mar del Plata hacia la localidad vecina. <a class=\"mh-excerpt-more\" href=\"https:\/\/larevistadigital.com.ar\/blog\/violento-choque-entre-dos-autos-en-el-camino-viejo-a-miramar\/\" title=\"VIOLENTO CHOQUE ENTRE DOS AUTOS EN EL \u00abCAMINO VIEJO\u00bb A MIRAMAR\">[Leer M\u00e1s]<\/a><\/p>\n<\/div>","protected":false},"author":3,"featured_media":30576,"comment_status":"open","ping_status":"open","sticky":false,"template":"","format":"standard","meta":{"_jetpack_memberships_contains_paid_content":false,"footnotes":"","jetpack_publicize_message":"","jetpack_publicize_feature_enabled":true,"jetpack_social_post_already_shared":true,"jetpack_social_options":{"image_generator_settings":{"template":"highway","default_image_id":0,"font":"","enabled":false},"version":2}},"categories":[44,51],"tags":[],"class_list":{"0":"post-30569","1":"post","2":"type-post","3":"status-publish","4":"format-standard","5":"has-post-thumbnail","7":"category-policiales","8":"category-regionales"},"jetpack_publicize_connections":[],"jetpack_featured_media_url":"https:\/\/i0.wp.com\/larevistadigital.com.ar\/blog\/wp-content\/uploads\/choque-miramar.png?fit=807%2C444&ssl=1","jetpack_sharing_enabled":true,"jetpack_shortlink":"https:\/\/wp.me\/p8qtrQ-7X3","jetpack-related-posts":[{"id":30755,"url":"https:\/\/larevistadigital.com.ar\/blog\/conmocion-en-miramar-encontraron-un-cadaver-decapitado-en-las-playas\/","url_meta":{"origin":30569,"position":0},"title":"CONMOCI\u00d3N EN MIRAMAR: ENCONTRARON UN CADAVER DECAPITADO EN LAS PLAYAS","author":"Alejandro Sosa Ruda","date":"28 marzo, 2023","format":false,"excerpt":"Estaba entre Mar del Sud y Centinela del Mar y fue hallado por el puestero de un campo de la zona. Su estado de descomposici\u00f3n no permiti\u00f3 confirmar sexo. 28 de marzo de 2023 MIRAMAR -\u00a0 Un trabajador rural que estaba de recorrida por un campo entre\u00a0Mar del Sud y\u2026","rel":"","context":"En \u00abPOLICIALES\u00bb","block_context":{"text":"POLICIALES","link":"https:\/\/larevistadigital.com.ar\/blog\/category\/policiales\/"},"img":{"alt_text":"","src":"https:\/\/i0.wp.com\/larevistadigital.com.ar\/blog\/wp-content\/uploads\/fcd6c2d8e23728eecfccfcc1dc20f8f6aa1294c1.jpg?fit=1140%2C675&ssl=1&resize=350%2C200","width":350,"height":200,"srcset":"https:\/\/i0.wp.com\/larevistadigital.com.ar\/blog\/wp-content\/uploads\/fcd6c2d8e23728eecfccfcc1dc20f8f6aa1294c1.jpg?fit=1140%2C675&ssl=1&resize=350%2C200 1x, https:\/\/i0.wp.com\/larevistadigital.com.ar\/blog\/wp-content\/uploads\/fcd6c2d8e23728eecfccfcc1dc20f8f6aa1294c1.jpg?fit=1140%2C675&ssl=1&resize=525%2C300 1.5x, https:\/\/i0.wp.com\/larevistadigital.com.ar\/blog\/wp-content\/uploads\/fcd6c2d8e23728eecfccfcc1dc20f8f6aa1294c1.jpg?fit=1140%2C675&ssl=1&resize=700%2C400 2x, https:\/\/i0.wp.com\/larevistadigital.com.ar\/blog\/wp-content\/uploads\/fcd6c2d8e23728eecfccfcc1dc20f8f6aa1294c1.jpg?fit=1140%2C675&ssl=1&resize=1050%2C600 3x"},"classes":[]},{"id":30539,"url":"https:\/\/larevistadigital.com.ar\/blog\/diputado-sufre-un-fuerte-accidente-mientras-viajaba-con-su-familia\/","url_meta":{"origin":30569,"position":1},"title":"DIPUTADO SUFRE UN FUERTE ACCIDENTE MIENTRAS VIAJABA CON SU FAMILIA","author":"Alejandro Sosa Ruda","date":"12 marzo, 2023","format":false,"excerpt":"Chocaron de frente con otro veh\u00edculo en la zona sur de Mar del Plata. Se trata del ex intendente de Miramar y su familia que resultaron heridos. Fueron trasladados a un hospital privado de la ciudad, donde permanecieron en observaci\u00f3n. 11 de marzo de 2023 MAR DEL PLATA -\u00a0 El\u2026","rel":"","context":"En \u00abPOLICIALES\u00bb","block_context":{"text":"POLICIALES","link":"https:\/\/larevistadigital.com.ar\/blog\/category\/policiales\/"},"img":{"alt_text":"","src":"https:\/\/i0.wp.com\/larevistadigital.com.ar\/blog\/wp-content\/uploads\/20230311172246_acc.jpg?fit=880%2C512&ssl=1&resize=350%2C200","width":350,"height":200,"srcset":"https:\/\/i0.wp.com\/larevistadigital.com.ar\/blog\/wp-content\/uploads\/20230311172246_acc.jpg?fit=880%2C512&ssl=1&resize=350%2C200 1x, https:\/\/i0.wp.com\/larevistadigital.com.ar\/blog\/wp-content\/uploads\/20230311172246_acc.jpg?fit=880%2C512&ssl=1&resize=525%2C300 1.5x, https:\/\/i0.wp.com\/larevistadigital.com.ar\/blog\/wp-content\/uploads\/20230311172246_acc.jpg?fit=880%2C512&ssl=1&resize=700%2C400 2x"},"classes":[]},{"id":26301,"url":"https:\/\/larevistadigital.com.ar\/blog\/mar-del-plata-vecinos-del-sudoeste-se-oponen-al-traslado-de-la-zona-roja-somos-el-desecho-de-una-ciudad\/","url_meta":{"origin":30569,"position":2},"title":"MAR DEL PLATA: VECINOS DEL SUDOESTE SE OPONEN AL TRASLADO DE LA ZONA ROJA: \u00abSOMOS EL DESECHO DE UNA CIUDAD\u00bb","author":"Alejandro Sosa Ruda","date":"3 julio, 2022","format":false,"excerpt":"Habitantes de los barrios Don Diego, Las Canteras, Lomas del Golf, Soip, Santa Celina y Florencio S\u00e1nchez expresaron su descontento con la posibilidad de trasladar la actividad al camino viejo a Miramar. MAR DEL PLATA -\u00a0 Vecinos de alrededores del Camino Viejo a Miramar ratificaron su rechazo al posible traslado\u2026","rel":"","context":"En \u00abREGIONALES\u00bb","block_context":{"text":"REGIONALES","link":"https:\/\/larevistadigital.com.ar\/blog\/category\/regionales\/"},"img":{"alt_text":"","src":"https:\/\/i0.wp.com\/larevistadigital.com.ar\/blog\/wp-content\/uploads\/ZONA-ROJA-MDQ.png?fit=825%2C417&ssl=1&resize=350%2C200","width":350,"height":200,"srcset":"https:\/\/i0.wp.com\/larevistadigital.com.ar\/blog\/wp-content\/uploads\/ZONA-ROJA-MDQ.png?fit=825%2C417&ssl=1&resize=350%2C200 1x, https:\/\/i0.wp.com\/larevistadigital.com.ar\/blog\/wp-content\/uploads\/ZONA-ROJA-MDQ.png?fit=825%2C417&ssl=1&resize=525%2C300 1.5x, https:\/\/i0.wp.com\/larevistadigital.com.ar\/blog\/wp-content\/uploads\/ZONA-ROJA-MDQ.png?fit=825%2C417&ssl=1&resize=700%2C400 2x"},"classes":[]},{"id":34073,"url":"https:\/\/larevistadigital.com.ar\/blog\/la-plata-impresionante-choque-y-vuelco-a-metros-de-una-escuela\/","url_meta":{"origin":30569,"position":3},"title":"LA PLATA: IMPRESIONANTE CHOQUE Y VUELCO A METROS DE UNA ESCUELA.","author":"Alejandro Sosa Ruda","date":"17 octubre, 2023","format":false,"excerpt":"Dos autos a gran velocidad impactaron entre s\u00ed y uno de ellos termin\u00f3 completamente dado vuelta en el inicio de la jornada escolar. 17 de octubre de 2023 LA PLATA -\u00a0 Momentos de tensi\u00f3n e incertidumbre se vivieron alrededor de un impactante accidente de tr\u00e1nsito ocurrido en las inmediaciones de\u2026","rel":"","context":"En \u00abREGIONALES\u00bb","block_context":{"text":"REGIONALES","link":"https:\/\/larevistadigital.com.ar\/blog\/category\/regionales\/"},"img":{"alt_text":"","src":"https:\/\/i0.wp.com\/larevistadigital.com.ar\/blog\/wp-content\/uploads\/Captura-de-pantalla-2023-10-17-115358.png?fit=869%2C494&ssl=1&resize=350%2C200","width":350,"height":200,"srcset":"https:\/\/i0.wp.com\/larevistadigital.com.ar\/blog\/wp-content\/uploads\/Captura-de-pantalla-2023-10-17-115358.png?fit=869%2C494&ssl=1&resize=350%2C200 1x, https:\/\/i0.wp.com\/larevistadigital.com.ar\/blog\/wp-content\/uploads\/Captura-de-pantalla-2023-10-17-115358.png?fit=869%2C494&ssl=1&resize=525%2C300 1.5x, https:\/\/i0.wp.com\/larevistadigital.com.ar\/blog\/wp-content\/uploads\/Captura-de-pantalla-2023-10-17-115358.png?fit=869%2C494&ssl=1&resize=700%2C400 2x"},"classes":[]},{"id":18897,"url":"https:\/\/larevistadigital.com.ar\/blog\/increible-durante-la-manana-dos-autos-cayeron-por-la-misma-bajada-en-punta-mogotes\/","url_meta":{"origin":30569,"position":4},"title":"INCRE\u00cdBLE: DURANTE LA MA\u00d1ANA, DOS AUTOS CAYERON POR LA MISMA BAJADA EN PUNTA MOGOTES","author":"Alejandro Sosa Ruda","date":"17 febrero, 2021","format":false,"excerpt":"Ocurri\u00f3 este mi\u00e9rcoles en Avenida de los Trabajadores al 4600. Colocar\u00e1n un guardrail para evitar mayores accidentes. MAR DEL PLATA - El barrio de\u00a0Punta Mogotes\u00a0de Mar del Plata fue epicentro de un ins\u00f3lito episodio: en horas de la ma\u00f1ana de este mi\u00e9rcoles,\u00a0dos autos\u00a0protagonizaron dos siniestros viales distintos\u00a0en la misma bajada\u2026","rel":"","context":"En \u00abREGIONALES\u00bb","block_context":{"text":"REGIONALES","link":"https:\/\/larevistadigital.com.ar\/blog\/category\/regionales\/"},"img":{"alt_text":"","src":"https:\/\/i0.wp.com\/larevistadigital.com.ar\/blog\/wp-content\/uploads\/Captura-13.png?fit=999%2C561&ssl=1&resize=350%2C200","width":350,"height":200,"srcset":"https:\/\/i0.wp.com\/larevistadigital.com.ar\/blog\/wp-content\/uploads\/Captura-13.png?fit=999%2C561&ssl=1&resize=350%2C200 1x, https:\/\/i0.wp.com\/larevistadigital.com.ar\/blog\/wp-content\/uploads\/Captura-13.png?fit=999%2C561&ssl=1&resize=525%2C300 1.5x, https:\/\/i0.wp.com\/larevistadigital.com.ar\/blog\/wp-content\/uploads\/Captura-13.png?fit=999%2C561&ssl=1&resize=700%2C400 2x"},"classes":[]},{"id":44147,"url":"https:\/\/larevistadigital.com.ar\/blog\/miramar-vecinos-vuelven-a-reclamar-el-regreso-del-tren-que-los-une-con-mar-del-plata\/","url_meta":{"origin":30569,"position":5},"title":"Miramar: vecinos vuelven a reclamar el regreso del tren que los une con Mar del Plata","author":"Alejandro Sosa Ruda","date":"23 febrero, 2026","format":false,"excerpt":"Retomaron d\u00edas atr\u00e1s el reclamo por la vuelta del servicio ferroviario entre Mar del Plata y Miramar, suspendido en el verano de 2013. 23 de febrero de 2026 Con una mateada en la estaci\u00f3n de trenes de\u00a0Miramar,\u00a0vecinos y referentes locales retomaron d\u00edas atr\u00e1s el reclamo por la vuelta del servicio\u2026","rel":"","context":"En \u00abREGIONALES\u00bb","block_context":{"text":"REGIONALES","link":"https:\/\/larevistadigital.com.ar\/blog\/category\/regionales\/"},"img":{"alt_text":"","src":"https:\/\/i0.wp.com\/larevistadigital.com.ar\/blog\/wp-content\/uploads\/Captura-de-pantalla-2026-02-23-232814.jpg?fit=622%2C351&ssl=1&resize=350%2C200","width":350,"height":200,"srcset":"https:\/\/i0.wp.com\/larevistadigital.com.ar\/blog\/wp-content\/uploads\/Captura-de-pantalla-2026-02-23-232814.jpg?fit=622%2C351&ssl=1&resize=350%2C200 1x, https:\/\/i0.wp.com\/larevistadigital.com.ar\/blog\/wp-content\/uploads\/Captura-de-pantalla-2026-02-23-232814.jpg?fit=622%2C351&ssl=1&resize=525%2C300 1.5x"},"classes":[]}],"_links":{"self":[{"href":"https:\/\/larevistadigital.com.ar\/blog\/wp-json\/wp\/v2\/posts\/30569","targetHints":{"allow":["GET"]}}],"collection":[{"href":"https:\/\/larevistadigital.com.ar\/blog\/wp-json\/wp\/v2\/posts"}],"about":[{"href":"https:\/\/larevistadigital.com.ar\/blog\/wp-json\/wp\/v2\/types\/post"}],"author":[{"embeddable":true,"href":"https:\/\/larevistadigital.com.ar\/blog\/wp-json\/wp\/v2\/users\/3"}],"replies":[{"embeddable":true,"href":"https:\/\/larevistadigital.com.ar\/blog\/wp-json\/wp\/v2\/comments?post=30569"}],"version-history":[{"count":1,"href":"https:\/\/larevistadigital.com.ar\/blog\/wp-json\/wp\/v2\/posts\/30569\/revisions"}],"predecessor-version":[{"id":30570,"href":"https:\/\/larevistadigital.com.ar\/blog\/wp-json\/wp\/v2\/posts\/30569\/revisions\/30570"}],"wp:featuredmedia":[{"embeddable":true,"href":"https:\/\/larevistadigital.com.ar\/blog\/wp-json\/wp\/v2\/media\/30576"}],"wp:attachment":[{"href":"https:\/\/larevistadigital.com.ar\/blog\/wp-json\/wp\/v2\/media?parent=30569"}],"wp:term":[{"taxonomy":"category","embeddable":true,"href":"https:\/\/larevistadigital.com.ar\/blog\/wp-json\/wp\/v2\/categories?post=30569"},{"taxonomy":"post_tag","embeddable":true,"href":"https:\/\/larevistadigital.com.ar\/blog\/wp-json\/wp\/v2\/tags?post=30569"}],"curies":[{"name":"wp","href":"https:\/\/api.w.org\/{rel}","templated":true}]}}