{"id":30571,"date":"2023-03-13T22:03:13","date_gmt":"2023-03-13T22:03:13","guid":{"rendered":"https:\/\/larevistadigital.com.ar\/blog\/?p=30571"},"modified":"2023-03-13T22:03:13","modified_gmt":"2023-03-13T22:03:13","slug":"mar-del-plata-aparecio-en-la-playa-un-pez-de-aguas-tropicales","status":"publish","type":"post","link":"https:\/\/larevistadigital.com.ar\/blog\/mar-del-plata-aparecio-en-la-playa-un-pez-de-aguas-tropicales\/","title":{"rendered":"MAR DEL PLATA: APARECI\u00d3 EN LA PLAYA UN PEZ DE AGUAS TROPICALES"},"content":{"rendered":"<h2>Pescadores deportivos capturaron un ejemplar de morena reticulada<\/h2>\n<p><strong>MAR DEL PLATA &#8211;\u00a0<\/strong> Este fin de semana,\u00a0pescadores deportivos de Mar del Plata capturaron un ejemplar de una morena de la familia Muraenidae,\u00a0en la zona norte de la ciudad.<\/p>\n<p>A fin de identificar a qu\u00e9 especie correspond\u00eda el ejemplar, los pescadores se comunicaron con distintos medios especializados en pesca deportiva, quienes derivaron la consulta a personal del Instituto Nacional de Investigaci\u00f3n y Desarrollo Pesquero y el Laboratorio de Peces de la Universidad Nacional de Mar del Plata.<\/p>\n<p>Investigadores y Programas de Investigaci\u00f3n del INIDEP abordan una amplia gama de tem\u00e1ticas en las cuales la colaboraci\u00f3n de la comunidad y los pescadores en particular, aportan y forman parte fundamental. El INIDEP aborda otras investigaciones que se nutren de la ciencia ciudadana, a partir del aporte de los pescadores y la ciudadan\u00eda general.<\/p>\n<p>Estos aportes representan un aspecto clave para ampliar y mejorar el conocimiento de las especies acu\u00e1ticas de nuestra regi\u00f3n y los procesos asociados con el cambio clim\u00e1tico global,\u00a0como as\u00ed tambi\u00e9n a fortalecer el v\u00ednculo entre el INIDEP y la comunidad.\u00a0El INIDEP cre\u00f3 recientemente un grupo de trabajo espec\u00edfico llamado Cambio Clim\u00e1tico,\u00a0que est\u00e1 comenzando a evaluar los cambios en los ensambles de peces en el Mar Argentino.<\/p>\n<p>Ante la duda en la identificaci\u00f3n de especies,\u00a0se recomienda revisar las cartillas de identificaci\u00f3n elaboradas por el INIDEP,\u00a0contactarse con personal de los distintos Programas de Investigaci\u00f3n o con el correo electr\u00f3nico institucional comunicacion@inidep.<\/p>\n","protected":false},"excerpt":{"rendered":"<div class=\"mh-excerpt\"><p>Pescadores deportivos capturaron un ejemplar de morena reticulada MAR DEL PLATA &#8211;\u00a0 Este fin de semana,\u00a0pescadores deportivos de Mar del Plata capturaron un ejemplar de una morena de la familia Muraenidae,\u00a0en la zona norte de <a class=\"mh-excerpt-more\" href=\"https:\/\/larevistadigital.com.ar\/blog\/mar-del-plata-aparecio-en-la-playa-un-pez-de-aguas-tropicales\/\" title=\"MAR DEL PLATA: APARECI\u00d3 EN LA PLAYA UN PEZ DE AGUAS TROPICALES\">[Leer M\u00e1s]<\/a><\/p>\n<\/div>","protected":false},"author":3,"featured_media":30572,"comment_status":"open","ping_status":"open","sticky":false,"template":"","format":"standard","meta":{"_jetpack_memberships_contains_paid_content":false,"footnotes":"","jetpack_publicize_message":"","jetpack_publicize_feature_enabled":true,"jetpack_social_post_already_shared":true,"jetpack_social_options":{"image_generator_settings":{"template":"highway","default_image_id":0,"font":"","enabled":false},"version":2}},"categories":[11,50],"tags":[],"class_list":{"0":"post-30571","1":"post","2":"type-post","3":"status-publish","4":"format-standard","5":"has-post-thumbnail","7":"category-curiosas","8":"category-interes-general"},"jetpack_publicize_connections":[],"jetpack_featured_media_url":"https:\/\/i0.wp.com\/larevistadigital.com.ar\/blog\/wp-content\/uploads\/MORENA-RETICULADA.png?fit=801%2C508&ssl=1","jetpack_sharing_enabled":true,"jetpack_shortlink":"https:\/\/wp.me\/p8qtrQ-7X5","jetpack-related-posts":[{"id":35245,"url":"https:\/\/larevistadigital.com.ar\/blog\/la-elevada-temperatura-del-mar-midio-en-enero-el-record-historico-desde-que-hay-registros\/","url_meta":{"origin":30571,"position":0},"title":"LA ELEVADA TEMPERATURA DEL MAR MIDI\u00d3 EN ENERO EL R\u00c9CORD HIST\u00d3RICO DESDE QUE HAY REGISTROS","author":"Alejandro Sosa Ruda","date":"14 febrero, 2024","format":false,"excerpt":"Lo revel\u00f3 el Inidep, desde donde se precis\u00f3 la marca hist\u00f3rica y el d\u00eda en que ocurri\u00f3. 14 de febrero de 2024 MAR DEL PLATA -\u00a0 La temperatura del mar en Mar del Plata alcanz\u00f3 su punto m\u00e1ximo registrado en enero, seg\u00fan inform\u00f3 el mi\u00e9rcoles el Instituto Nacional de Investigaci\u00f3n\u2026","rel":"","context":"En \u00abREGIONALES\u00bb","block_context":{"text":"REGIONALES","link":"https:\/\/larevistadigital.com.ar\/blog\/category\/regionales\/"},"img":{"alt_text":"","src":"https:\/\/i0.wp.com\/larevistadigital.com.ar\/blog\/wp-content\/uploads\/Playa-15_opt.jpg?fit=800%2C533&ssl=1&resize=350%2C200","width":350,"height":200,"srcset":"https:\/\/i0.wp.com\/larevistadigital.com.ar\/blog\/wp-content\/uploads\/Playa-15_opt.jpg?fit=800%2C533&ssl=1&resize=350%2C200 1x, https:\/\/i0.wp.com\/larevistadigital.com.ar\/blog\/wp-content\/uploads\/Playa-15_opt.jpg?fit=800%2C533&ssl=1&resize=525%2C300 1.5x, https:\/\/i0.wp.com\/larevistadigital.com.ar\/blog\/wp-content\/uploads\/Playa-15_opt.jpg?fit=800%2C533&ssl=1&resize=700%2C400 2x"},"classes":[]},{"id":19944,"url":"https:\/\/larevistadigital.com.ar\/blog\/mar-del-plata-aparecio-una-ballena-muerta-en-una-de-las-playas-del-faro\/","url_meta":{"origin":30571,"position":1},"title":"MAR DEL PLATA: APARECI\u00d3 UNA BALLENA MUERTA EN UNA DE LAS PLAYAS DEL FARO","author":"Alejandro Sosa Ruda","date":"29 abril, 2021","format":false,"excerpt":"Se trata de un ejemplar joven de ballena jorobada. Defensa Civil espera las indicaciones de los especialistas para retirar los restos. Una\u00a0ballena de unos 8 metros\u00a0de largo apareci\u00f3 sin vida este jueves por la ma\u00f1ana en la\u00a0costa de Mar del Plata. A partir de ahora comenzar\u00e1 la tarea para retirar\u2026","rel":"","context":"En \u00abREGIONALES\u00bb","block_context":{"text":"REGIONALES","link":"https:\/\/larevistadigital.com.ar\/blog\/category\/regionales\/"},"img":{"alt_text":"","src":"https:\/\/i0.wp.com\/larevistadigital.com.ar\/blog\/wp-content\/uploads\/BALLENA-DETONADA.png?fit=1003%2C531&ssl=1&resize=350%2C200","width":350,"height":200,"srcset":"https:\/\/i0.wp.com\/larevistadigital.com.ar\/blog\/wp-content\/uploads\/BALLENA-DETONADA.png?fit=1003%2C531&ssl=1&resize=350%2C200 1x, https:\/\/i0.wp.com\/larevistadigital.com.ar\/blog\/wp-content\/uploads\/BALLENA-DETONADA.png?fit=1003%2C531&ssl=1&resize=525%2C300 1.5x, https:\/\/i0.wp.com\/larevistadigital.com.ar\/blog\/wp-content\/uploads\/BALLENA-DETONADA.png?fit=1003%2C531&ssl=1&resize=700%2C400 2x"},"classes":[]},{"id":31220,"url":"https:\/\/larevistadigital.com.ar\/blog\/mar-del-plata-capturaron-a-un-hombre-buscado-en-rosario-por-violar-a-su-nieta\/","url_meta":{"origin":30571,"position":2},"title":"MAR DEL PLATA: CAPTURARON A UN HOMBRE BUSCADO EN ROSARIO POR VIOLAR A SU NIETA","author":"Alejandro Sosa Ruda","date":"24 abril, 2023","format":false,"excerpt":"El sujeto de 55 a\u00f1os se encontraba pr\u00f3fugo de la justicia rosarina y fue localizado en las \u00faltimas horas en inmediaciones de la estaci\u00f3n ferroautomotora de Mar del Plata, en donde viv\u00eda en situaci\u00f3n de calle. 24 de abril de 2023 MAR DEL PLATA -\u00a0 La Brigada de la Divisi\u00f3n\u2026","rel":"","context":"En \u00abPOLICIALES\u00bb","block_context":{"text":"POLICIALES","link":"https:\/\/larevistadigital.com.ar\/blog\/category\/policiales\/"},"img":{"alt_text":"","src":"https:\/\/i0.wp.com\/larevistadigital.com.ar\/blog\/wp-content\/uploads\/Captura-de-pantalla-2023-04-24-192746.png?fit=811%2C454&ssl=1&resize=350%2C200","width":350,"height":200,"srcset":"https:\/\/i0.wp.com\/larevistadigital.com.ar\/blog\/wp-content\/uploads\/Captura-de-pantalla-2023-04-24-192746.png?fit=811%2C454&ssl=1&resize=350%2C200 1x, https:\/\/i0.wp.com\/larevistadigital.com.ar\/blog\/wp-content\/uploads\/Captura-de-pantalla-2023-04-24-192746.png?fit=811%2C454&ssl=1&resize=525%2C300 1.5x, https:\/\/i0.wp.com\/larevistadigital.com.ar\/blog\/wp-content\/uploads\/Captura-de-pantalla-2023-04-24-192746.png?fit=811%2C454&ssl=1&resize=700%2C400 2x"},"classes":[]},{"id":24141,"url":"https:\/\/larevistadigital.com.ar\/blog\/video-mar-del-plata-filman-a-un-tiburon-de-mas-de-100-kilos-en-la-escollera-sur\/","url_meta":{"origin":30571,"position":3},"title":"[VIDEO]  MAR DEL PLATA: FILMAN A UN TIBUR\u00d3N DE M\u00c1S DE 100 KILOS EN LA ESCOLLERA SUR","author":"Alejandro Sosa Ruda","date":"22 febrero, 2022","format":false,"excerpt":"Fue filmado este lunes a la noche por un grupo de pescadores. Afirman que la presencia de escualos en la zona es habitual pero no de esa envergadura. MAR DEL PLATA -\u00a0Un\u00a0tibur\u00f3n\u00a0de\u00a0grandes dimensiones\u00a0fue filmado este lunes a la noche en cercan\u00eda de la\u00a0Escollera Sur\u00a0de\u00a0Mar del Plata. Los pescadores que lo\u2026","rel":"","context":"En \u00abINTERES GENERAL\u00bb","block_context":{"text":"INTERES GENERAL","link":"https:\/\/larevistadigital.com.ar\/blog\/category\/interes-general\/"},"img":{"alt_text":"","src":"https:\/\/i0.wp.com\/larevistadigital.com.ar\/blog\/wp-content\/uploads\/Captura-de-pantalla-2022-02-22-132643.jpg?fit=907%2C497&ssl=1&resize=350%2C200","width":350,"height":200,"srcset":"https:\/\/i0.wp.com\/larevistadigital.com.ar\/blog\/wp-content\/uploads\/Captura-de-pantalla-2022-02-22-132643.jpg?fit=907%2C497&ssl=1&resize=350%2C200 1x, https:\/\/i0.wp.com\/larevistadigital.com.ar\/blog\/wp-content\/uploads\/Captura-de-pantalla-2022-02-22-132643.jpg?fit=907%2C497&ssl=1&resize=525%2C300 1.5x, https:\/\/i0.wp.com\/larevistadigital.com.ar\/blog\/wp-content\/uploads\/Captura-de-pantalla-2022-02-22-132643.jpg?fit=907%2C497&ssl=1&resize=700%2C400 2x"},"classes":[]},{"id":3999,"url":"https:\/\/larevistadigital.com.ar\/blog\/se-realizo-primer-congreso-nacional-policias-seguridad-rural\/","url_meta":{"origin":30571,"position":4},"title":"Se realiz\u00f3 el primer congreso nacional de polic\u00edas en seguridad rural","author":"admin","date":"23 noviembre, 2017","format":false,"excerpt":"El 21 y 22 de noviembre se realiz\u00f3, en Mar del Plata, el Primer congreso nacional de polic\u00edas en seguridad rural, que cont\u00f3 con la presencia de autoridades judiciales y policiales de la regi\u00f3n. El evento,\u00a0llevado a cabo en el sal\u00f3n de conferencias del Club de Pescadores, tuvo como objetivo\u2026","rel":"","context":"En \u00abCASTELLI\u00bb","block_context":{"text":"CASTELLI","link":"https:\/\/larevistadigital.com.ar\/blog\/category\/castelli\/"},"img":{"alt_text":"","src":"https:\/\/i0.wp.com\/larevistadigital.com.ar\/blog\/wp-content\/uploads\/2017\/11\/poli-rural-2-e1511763776691.jpg?fit=448%2C288&ssl=1&resize=350%2C200","width":350,"height":200},"classes":[]},{"id":43587,"url":"https:\/\/larevistadigital.com.ar\/blog\/hallaron-un-cadaver-flotando-en-una-playa-centrica-de-mar-del-plata-y-fue-identificado\/","url_meta":{"origin":30571,"position":5},"title":"Hallaron un cad\u00e1ver flotando en una playa c\u00e9ntrica de Mar del Plata y fue identificado","author":"Alejandro Sosa Ruda","date":"24 enero, 2026","format":false,"excerpt":"Se trata de un joven de 27 a\u00f1os. El cuerpo apareci\u00f3 durante la madrugada en la playa Bristol y la Justicia investiga las causas de la muerte. 24 de enero de 2026 MAR DEL PLATA -\u00a0 \u00a0 El avance de la investigaci\u00f3n permiti\u00f3 identificar al hombre cuyo cuerpo fue hallado\u2026","rel":"","context":"En \u00abPOLICIALES\u00bb","block_context":{"text":"POLICIALES","link":"https:\/\/larevistadigital.com.ar\/blog\/category\/policiales\/"},"img":{"alt_text":"","src":"https:\/\/i0.wp.com\/larevistadigital.com.ar\/blog\/wp-content\/uploads\/Captura-de-pantalla-2026-01-24-132009.jpg?fit=792%2C334&ssl=1&resize=350%2C200","width":350,"height":200,"srcset":"https:\/\/i0.wp.com\/larevistadigital.com.ar\/blog\/wp-content\/uploads\/Captura-de-pantalla-2026-01-24-132009.jpg?fit=792%2C334&ssl=1&resize=350%2C200 1x, https:\/\/i0.wp.com\/larevistadigital.com.ar\/blog\/wp-content\/uploads\/Captura-de-pantalla-2026-01-24-132009.jpg?fit=792%2C334&ssl=1&resize=525%2C300 1.5x, https:\/\/i0.wp.com\/larevistadigital.com.ar\/blog\/wp-content\/uploads\/Captura-de-pantalla-2026-01-24-132009.jpg?fit=792%2C334&ssl=1&resize=700%2C400 2x"},"classes":[]}],"_links":{"self":[{"href":"https:\/\/larevistadigital.com.ar\/blog\/wp-json\/wp\/v2\/posts\/30571","targetHints":{"allow":["GET"]}}],"collection":[{"href":"https:\/\/larevistadigital.com.ar\/blog\/wp-json\/wp\/v2\/posts"}],"about":[{"href":"https:\/\/larevistadigital.com.ar\/blog\/wp-json\/wp\/v2\/types\/post"}],"author":[{"embeddable":true,"href":"https:\/\/larevistadigital.com.ar\/blog\/wp-json\/wp\/v2\/users\/3"}],"replies":[{"embeddable":true,"href":"https:\/\/larevistadigital.com.ar\/blog\/wp-json\/wp\/v2\/comments?post=30571"}],"version-history":[{"count":1,"href":"https:\/\/larevistadigital.com.ar\/blog\/wp-json\/wp\/v2\/posts\/30571\/revisions"}],"predecessor-version":[{"id":30573,"href":"https:\/\/larevistadigital.com.ar\/blog\/wp-json\/wp\/v2\/posts\/30571\/revisions\/30573"}],"wp:featuredmedia":[{"embeddable":true,"href":"https:\/\/larevistadigital.com.ar\/blog\/wp-json\/wp\/v2\/media\/30572"}],"wp:attachment":[{"href":"https:\/\/larevistadigital.com.ar\/blog\/wp-json\/wp\/v2\/media?parent=30571"}],"wp:term":[{"taxonomy":"category","embeddable":true,"href":"https:\/\/larevistadigital.com.ar\/blog\/wp-json\/wp\/v2\/categories?post=30571"},{"taxonomy":"post_tag","embeddable":true,"href":"https:\/\/larevistadigital.com.ar\/blog\/wp-json\/wp\/v2\/tags?post=30571"}],"curies":[{"name":"wp","href":"https:\/\/api.w.org\/{rel}","templated":true}]}}