{"id":30577,"date":"2023-03-13T22:14:50","date_gmt":"2023-03-13T22:14:50","guid":{"rendered":"https:\/\/larevistadigital.com.ar\/blog\/?p=30577"},"modified":"2023-03-13T22:14:50","modified_gmt":"2023-03-13T22:14:50","slug":"bebe-de-un-ano-murio-ahogado-mientras-su-familia-festejaba-un-cumpleanos","status":"publish","type":"post","link":"https:\/\/larevistadigital.com.ar\/blog\/bebe-de-un-ano-murio-ahogado-mientras-su-familia-festejaba-un-cumpleanos\/","title":{"rendered":"BEB\u00c9 DE UN A\u00d1O MURI\u00d3 AHOGADO MIENTRAS SU FAMILIA FESTEJABA UN CUMPLEA\u00d1OS"},"content":{"rendered":"<h2 class=\"fparrafo ctext fz18 lh25\">Ocurri\u00f3 en la noche del s\u00e1bado durante un festejo familiar. Tras un descuido, la criatura fue hallada sin signos vitales y lleg\u00f3 sin vida al Hospital municipal Juan Domingo Per\u00f3n. La Fiscal\u00eda N\u00b03 de Mercedes investiga una causa por \u00abaveriguaci\u00f3n causales de muerte\u00bb.<\/h2>\n<p>13 de marzo de 2023<\/p>\n<p><strong>SALTO &#8211;<\/strong> \u00a0Un tr\u00e1gico suceso se registr\u00f3 en la noche del s\u00e1bado en un domicilio de Salto, donde un beb\u00e9 de un a\u00f1o y nueve meses falleci\u00f3 al caer en una pileta.<\/p>\n<blockquote>\n<h3 class=\"selectionShareable\">El comisario Pedro Sosa explic\u00f3 que la Polic\u00eda tom\u00f3 conocimiento del accidente luego de que el beb\u00e9 ingresara al Hospital Municipal Juan Domingo Per\u00f3n.<\/h3>\n<\/blockquote>\n<p class=\"selectionShareable\"><strong><em>\u00abLa familia estaba festejando un cumplea\u00f1os dentro de la vivienda y, en un aparente descuido, el beb\u00e9 sali\u00f3 de la casa y cay\u00f3 en la pileta\u00bb<\/em><\/strong>, inform\u00f3 <strong>Sosa<\/strong> al portal SaltoHoy.<\/p>\n<blockquote>\n<h3 class=\"selectionShareable\">Seg\u00fan trascendi\u00f3, el peque\u00f1o \u00abfue encontrado por familiares ya sin signos vitales y en el hospital, el Dr. Giovanni, constat\u00f3 el deceso del menor.<\/h3>\n<\/blockquote>\n<p class=\"selectionShareable\">En el caso, caratulado averiguaci\u00f3n causales de muerte, interviene la Fiscal\u00eda N\u00b0 3 de Mercedes. (<b>InfoGEI<\/b>) Mg<\/p>\n","protected":false},"excerpt":{"rendered":"<div class=\"mh-excerpt\"><p>Ocurri\u00f3 en la noche del s\u00e1bado durante un festejo familiar. Tras un descuido, la criatura fue hallada sin signos vitales y lleg\u00f3 sin vida al Hospital municipal Juan Domingo Per\u00f3n. La Fiscal\u00eda N\u00b03 de Mercedes <a class=\"mh-excerpt-more\" href=\"https:\/\/larevistadigital.com.ar\/blog\/bebe-de-un-ano-murio-ahogado-mientras-su-familia-festejaba-un-cumpleanos\/\" title=\"BEB\u00c9 DE UN A\u00d1O MURI\u00d3 AHOGADO MIENTRAS SU FAMILIA FESTEJABA UN CUMPLEA\u00d1OS\">[Leer M\u00e1s]<\/a><\/p>\n<\/div>","protected":false},"author":3,"featured_media":30578,"comment_status":"open","ping_status":"open","sticky":false,"template":"","format":"standard","meta":{"_jetpack_memberships_contains_paid_content":false,"footnotes":"","jetpack_publicize_message":"","jetpack_publicize_feature_enabled":true,"jetpack_social_post_already_shared":true,"jetpack_social_options":{"image_generator_settings":{"template":"highway","default_image_id":0,"font":"","enabled":false},"version":2}},"categories":[50,44],"tags":[],"class_list":{"0":"post-30577","1":"post","2":"type-post","3":"status-publish","4":"format-standard","5":"has-post-thumbnail","7":"category-interes-general","8":"category-policiales"},"jetpack_publicize_connections":[],"jetpack_featured_media_url":"https:\/\/i0.wp.com\/larevistadigital.com.ar\/blog\/wp-content\/uploads\/20230313183828_patrullero2-1.jpg?fit=880%2C512&ssl=1","jetpack_sharing_enabled":true,"jetpack_shortlink":"https:\/\/wp.me\/p8qtrQ-7Xb","jetpack-related-posts":[{"id":34724,"url":"https:\/\/larevistadigital.com.ar\/blog\/accidente-fatal-en-la-ruta-mueren-un-bebe-y-dos-adultos\/","url_meta":{"origin":30577,"position":0},"title":"ACCIDENTE FATAL EN LA RUTA: MUEREN UN BEB\u00c9 Y DOS ADULTOS","author":"Alejandro Sosa Ruda","date":"4 diciembre, 2023","format":false,"excerpt":"El domingo por la noche tres de los cuatro integrantes de una familia perdieron la vida en un accidente fatal en la ruta que conecta C\u00f3rdoba con Santa Fe. 4 de Diciembre de 2023 General L\u00f3pez, SANTA FE-\u00a0 En un fatal accidente ocurrido el pasado domingo por la noche en\u2026","rel":"","context":"En \u00abINTERES GENERAL\u00bb","block_context":{"text":"INTERES GENERAL","link":"https:\/\/larevistadigital.com.ar\/blog\/category\/interes-general\/"},"img":{"alt_text":"","src":"https:\/\/i0.wp.com\/larevistadigital.com.ar\/blog\/wp-content\/uploads\/Captura-de-pantalla-2023-12-04-155354.png?fit=875%2C538&ssl=1&resize=350%2C200","width":350,"height":200,"srcset":"https:\/\/i0.wp.com\/larevistadigital.com.ar\/blog\/wp-content\/uploads\/Captura-de-pantalla-2023-12-04-155354.png?fit=875%2C538&ssl=1&resize=350%2C200 1x, https:\/\/i0.wp.com\/larevistadigital.com.ar\/blog\/wp-content\/uploads\/Captura-de-pantalla-2023-12-04-155354.png?fit=875%2C538&ssl=1&resize=525%2C300 1.5x, https:\/\/i0.wp.com\/larevistadigital.com.ar\/blog\/wp-content\/uploads\/Captura-de-pantalla-2023-12-04-155354.png?fit=875%2C538&ssl=1&resize=700%2C400 2x"},"classes":[]},{"id":38402,"url":"https:\/\/larevistadigital.com.ar\/blog\/nacio-el-primer-bebe-en-la-sala-de-pediatria-y-maternidad-del-hospital\/","url_meta":{"origin":30577,"position":1},"title":"Naci\u00f3 el primer beb\u00e9 en la sala de pediatr\u00eda y maternidad del hospital","author":"Alejandro Sosa Ruda","date":"2 enero, 2025","format":false,"excerpt":"Se llama Emiliano y naci\u00f3 este jueves 2 de enero, a las 11,22 hs., en la Sala de Partos del sector de pediatr\u00eda y maternidad del Hospital Municipal \u201cSan Vicente de Paul\u201d 02 de Enero de 2025 CHASCOM\u00daS -\u00a0 Comenzamos el a\u00f1o con una hermosa noticia, Silvana Francese recibi\u00f3 a\u2026","rel":"","context":"En \u00abCHASCOM\u00daS\u00bb","block_context":{"text":"CHASCOM\u00daS","link":"https:\/\/larevistadigital.com.ar\/blog\/category\/chascomus\/"},"img":{"alt_text":"","src":"https:\/\/i0.wp.com\/larevistadigital.com.ar\/blog\/wp-content\/uploads\/6776cfecc6636.png?fit=668%2C445&ssl=1&resize=350%2C200","width":350,"height":200,"srcset":"https:\/\/i0.wp.com\/larevistadigital.com.ar\/blog\/wp-content\/uploads\/6776cfecc6636.png?fit=668%2C445&ssl=1&resize=350%2C200 1x, https:\/\/i0.wp.com\/larevistadigital.com.ar\/blog\/wp-content\/uploads\/6776cfecc6636.png?fit=668%2C445&ssl=1&resize=525%2C300 1.5x"},"classes":[]},{"id":31353,"url":"https:\/\/larevistadigital.com.ar\/blog\/merlo-hallan-abandonada-a-una-bebe-recien-nacida\/","url_meta":{"origin":30577,"position":2},"title":"MERLO: HALLAN ABANDONADA A UNA BEB\u00c9 RECI\u00c9N NACIDA","author":"Alejandro Sosa Ruda","date":"4 mayo, 2023","format":false,"excerpt":"La ni\u00f1a fue encontrada en una vereda. Se desnuda y cubierta con una frazada. La madre fue identificada y qued\u00f3 detenida. 4 de mayo de 2023 MERLO -\u00a0 Una mujer encontr\u00f3 a una beb\u00e9 reci\u00e9n nacida abandonada en una vereda del partido de Merlo. La madre de la ni\u00f1a, tras\u2026","rel":"","context":"En \u00abSOCIEDAD\u00bb","block_context":{"text":"SOCIEDAD","link":"https:\/\/larevistadigital.com.ar\/blog\/category\/sociedad\/"},"img":{"alt_text":"","src":"https:\/\/i0.wp.com\/larevistadigital.com.ar\/blog\/wp-content\/uploads\/20230504173033_hosp.jpg?fit=880%2C512&ssl=1&resize=350%2C200","width":350,"height":200,"srcset":"https:\/\/i0.wp.com\/larevistadigital.com.ar\/blog\/wp-content\/uploads\/20230504173033_hosp.jpg?fit=880%2C512&ssl=1&resize=350%2C200 1x, https:\/\/i0.wp.com\/larevistadigital.com.ar\/blog\/wp-content\/uploads\/20230504173033_hosp.jpg?fit=880%2C512&ssl=1&resize=525%2C300 1.5x, https:\/\/i0.wp.com\/larevistadigital.com.ar\/blog\/wp-content\/uploads\/20230504173033_hosp.jpg?fit=880%2C512&ssl=1&resize=700%2C400 2x"},"classes":[]},{"id":25223,"url":"https:\/\/larevistadigital.com.ar\/blog\/le-diagnosticaron-horas-de-vida-al-bebe-y-solo-tenia-un-resfrio\/","url_meta":{"origin":30577,"position":3},"title":"\u00a1LE DIAGNOSTICARON \u00abHORAS DE VIDA\u00bb AL BEB\u00c9 Y SOLO TEN\u00cdA UN RESFR\u00cdO!","author":"Alejandro Sosa Ruda","date":"22 abril, 2022","format":false,"excerpt":"Una mujer cont\u00f3 que en la guardia del Hospital Municipal de Balcarce le dijeron que ten\u00eda que internar a su hijo porque ten\u00eda una bacteria en la sangre. Pidi\u00f3 la derivaci\u00f3n a Mar del Plata y \u201cel diagn\u00f3stico fue que s\u00f3lo ten\u00eda un cuadro de resfr\u00edo\u201d. BALCARCE -\u00a0Una mujer denunci\u00f3\u2026","rel":"","context":"En \u00abREGIONALES\u00bb","block_context":{"text":"REGIONALES","link":"https:\/\/larevistadigital.com.ar\/blog\/category\/regionales\/"},"img":{"alt_text":"","src":"https:\/\/i0.wp.com\/larevistadigital.com.ar\/blog\/wp-content\/uploads\/7f73ccc8f58017c087c8d8ad5cfe29869d798cb9.jpg?fit=1140%2C762&ssl=1&resize=350%2C200","width":350,"height":200,"srcset":"https:\/\/i0.wp.com\/larevistadigital.com.ar\/blog\/wp-content\/uploads\/7f73ccc8f58017c087c8d8ad5cfe29869d798cb9.jpg?fit=1140%2C762&ssl=1&resize=350%2C200 1x, https:\/\/i0.wp.com\/larevistadigital.com.ar\/blog\/wp-content\/uploads\/7f73ccc8f58017c087c8d8ad5cfe29869d798cb9.jpg?fit=1140%2C762&ssl=1&resize=525%2C300 1.5x, https:\/\/i0.wp.com\/larevistadigital.com.ar\/blog\/wp-content\/uploads\/7f73ccc8f58017c087c8d8ad5cfe29869d798cb9.jpg?fit=1140%2C762&ssl=1&resize=700%2C400 2x, https:\/\/i0.wp.com\/larevistadigital.com.ar\/blog\/wp-content\/uploads\/7f73ccc8f58017c087c8d8ad5cfe29869d798cb9.jpg?fit=1140%2C762&ssl=1&resize=1050%2C600 3x"},"classes":[]},{"id":26346,"url":"https:\/\/larevistadigital.com.ar\/blog\/castelli-vuelco-en-la-autovia-una-pareja-y-su-bebe-heridos\/","url_meta":{"origin":30577,"position":4},"title":"CASTELLI: VUELCO EN LA AUTOV\u00cdA. UNA PAREJA Y SU BEB\u00c9 HERIDOS.","author":"Alejandro Sosa Ruda","date":"5 julio, 2022","format":false,"excerpt":"CASTELLI -\u00a0 Una familia, incluyendo un beb\u00e9, result\u00f3 herida a ra\u00edz de un vuelco producido en la autov\u00eda\u00a0en cercan\u00edas de la localidad de\u00a0Castelli. El accidente se produjo en el\u00a0kil\u00f3metro 194 de la ruta 2, en mano hacia Mar del Plata. En ese sitio y por causas que a\u00fan se investigan,\u2026","rel":"","context":"En \u00abCASTELLI\u00bb","block_context":{"text":"CASTELLI","link":"https:\/\/larevistadigital.com.ar\/blog\/category\/castelli\/"},"img":{"alt_text":"","src":"https:\/\/i0.wp.com\/larevistadigital.com.ar\/blog\/wp-content\/uploads\/69eb415c5f239a55bee1784a3db00db72a35061f.jpeg?fit=1140%2C841&ssl=1&resize=350%2C200","width":350,"height":200,"srcset":"https:\/\/i0.wp.com\/larevistadigital.com.ar\/blog\/wp-content\/uploads\/69eb415c5f239a55bee1784a3db00db72a35061f.jpeg?fit=1140%2C841&ssl=1&resize=350%2C200 1x, https:\/\/i0.wp.com\/larevistadigital.com.ar\/blog\/wp-content\/uploads\/69eb415c5f239a55bee1784a3db00db72a35061f.jpeg?fit=1140%2C841&ssl=1&resize=525%2C300 1.5x, https:\/\/i0.wp.com\/larevistadigital.com.ar\/blog\/wp-content\/uploads\/69eb415c5f239a55bee1784a3db00db72a35061f.jpeg?fit=1140%2C841&ssl=1&resize=700%2C400 2x, https:\/\/i0.wp.com\/larevistadigital.com.ar\/blog\/wp-content\/uploads\/69eb415c5f239a55bee1784a3db00db72a35061f.jpeg?fit=1140%2C841&ssl=1&resize=1050%2C600 3x"},"classes":[]},{"id":27037,"url":"https:\/\/larevistadigital.com.ar\/blog\/pehuajo-una-policia-salvo-a-un-bebe-de-12-meses-con-maniobras-de-rcp\/","url_meta":{"origin":30577,"position":5},"title":"PEHUAJ\u00d3: UNA POLIC\u00cdA SALV\u00d3 A UN BEB\u00c9 DE 12 MESES CON MANIOBRAS DE RCP","author":"Alejandro Sosa Ruda","date":"7 agosto, 2022","format":false,"excerpt":"Un llamado al 911 de la Estaci\u00f3n Comunal de Pehuaj\u00f3, alert\u00f3 sobre el peligro de muerte de un bebe de un a\u00f1o de vida por asfixia. El pedido de auxilio fue captado por el subteniente Guillermo Bartolom\u00e9 y la sargento Micaela Acosta, que se encontraban realizando los recorridos por cuadr\u00edcula,\u2026","rel":"","context":"En \u00abPOLICIALES\u00bb","block_context":{"text":"POLICIALES","link":"https:\/\/larevistadigital.com.ar\/blog\/category\/policiales\/"},"img":{"alt_text":"","src":"https:\/\/i0.wp.com\/larevistadigital.com.ar\/blog\/wp-content\/uploads\/20220806154934_una-policia-salvo-a-un-bebe-de-12-meses-con-maniobras-de-rcp.jpg?fit=880%2C512&ssl=1&resize=350%2C200","width":350,"height":200,"srcset":"https:\/\/i0.wp.com\/larevistadigital.com.ar\/blog\/wp-content\/uploads\/20220806154934_una-policia-salvo-a-un-bebe-de-12-meses-con-maniobras-de-rcp.jpg?fit=880%2C512&ssl=1&resize=350%2C200 1x, https:\/\/i0.wp.com\/larevistadigital.com.ar\/blog\/wp-content\/uploads\/20220806154934_una-policia-salvo-a-un-bebe-de-12-meses-con-maniobras-de-rcp.jpg?fit=880%2C512&ssl=1&resize=525%2C300 1.5x, https:\/\/i0.wp.com\/larevistadigital.com.ar\/blog\/wp-content\/uploads\/20220806154934_una-policia-salvo-a-un-bebe-de-12-meses-con-maniobras-de-rcp.jpg?fit=880%2C512&ssl=1&resize=700%2C400 2x"},"classes":[]}],"_links":{"self":[{"href":"https:\/\/larevistadigital.com.ar\/blog\/wp-json\/wp\/v2\/posts\/30577","targetHints":{"allow":["GET"]}}],"collection":[{"href":"https:\/\/larevistadigital.com.ar\/blog\/wp-json\/wp\/v2\/posts"}],"about":[{"href":"https:\/\/larevistadigital.com.ar\/blog\/wp-json\/wp\/v2\/types\/post"}],"author":[{"embeddable":true,"href":"https:\/\/larevistadigital.com.ar\/blog\/wp-json\/wp\/v2\/users\/3"}],"replies":[{"embeddable":true,"href":"https:\/\/larevistadigital.com.ar\/blog\/wp-json\/wp\/v2\/comments?post=30577"}],"version-history":[{"count":1,"href":"https:\/\/larevistadigital.com.ar\/blog\/wp-json\/wp\/v2\/posts\/30577\/revisions"}],"predecessor-version":[{"id":30579,"href":"https:\/\/larevistadigital.com.ar\/blog\/wp-json\/wp\/v2\/posts\/30577\/revisions\/30579"}],"wp:featuredmedia":[{"embeddable":true,"href":"https:\/\/larevistadigital.com.ar\/blog\/wp-json\/wp\/v2\/media\/30578"}],"wp:attachment":[{"href":"https:\/\/larevistadigital.com.ar\/blog\/wp-json\/wp\/v2\/media?parent=30577"}],"wp:term":[{"taxonomy":"category","embeddable":true,"href":"https:\/\/larevistadigital.com.ar\/blog\/wp-json\/wp\/v2\/categories?post=30577"},{"taxonomy":"post_tag","embeddable":true,"href":"https:\/\/larevistadigital.com.ar\/blog\/wp-json\/wp\/v2\/tags?post=30577"}],"curies":[{"name":"wp","href":"https:\/\/api.w.org\/{rel}","templated":true}]}}