{"id":30580,"date":"2023-03-13T22:21:09","date_gmt":"2023-03-13T22:21:09","guid":{"rendered":"https:\/\/larevistadigital.com.ar\/blog\/?p=30580"},"modified":"2023-03-13T22:21:09","modified_gmt":"2023-03-13T22:21:09","slug":"un-hombre-fallecio-mientras-corria-la-maraton-anual-de-ituzaingo","status":"publish","type":"post","link":"https:\/\/larevistadigital.com.ar\/blog\/un-hombre-fallecio-mientras-corria-la-maraton-anual-de-ituzaingo\/","title":{"rendered":"UN HOMBRE FALLECI\u00d3 MIENTRAS CORR\u00cdA LA MARAT\u00d3N ANUAL DE ITUZAING\u00d3"},"content":{"rendered":"<h2 class=\"fparrafo ctext fz18 lh25\">Un hombre de 58 a\u00f1os se descompens\u00f3 en la marat\u00f3n anual de Ituzaing\u00f3 y aunque recibi\u00f3 atenci\u00f3n m\u00e9dica falleci\u00f3 camino al hospital. Las autoridades del partido expresaron su \u00abm\u00e1s sentido p\u00e9same a sus familiares y amigos en este dif\u00edcil momento\u00bb.<\/h2>\n<p>13 de marzo de 2023<\/p>\n<p><strong>ITUZAING\u00d3 &#8211;\u00a0 <\/strong>En la ma\u00f1ana del domingo 12 de marzo, Ituzaing\u00f3 llev\u00f3 a cabo la 10\u00b0 marat\u00f3n por \u00abm\u00e1s derechos y m\u00e1s igualdad\u00bb, pero lamentablemente una tragedia sacudi\u00f3 el evento cuando un hombre de 58 a\u00f1os perdi\u00f3 la vida.<\/p>\n<blockquote>\n<h3 class=\"selectionShareable\"><em><strong>\u00abEl Gobierno Municipal de Ituzaing\u00f3 expresa sus condolencias ante el fallecimiento de un vecino de 58 a\u00f1os, tras haber sufrido un paro cardiorrespiratorio luego de haber finalizado el trayecto de los 10 km\u00bb<\/strong><\/em>, expresaron desde el Municipio.<\/h3>\n<\/blockquote>\n<p class=\"selectionShareable\">Adem\u00e1s, explicaron que al hombre se le realizaron tareas de reanimaci\u00f3n pero que no respondi\u00f3. \u00abCabe destacar que a pesar de haberle realizado maniobras de reanimaci\u00f3n cardiopulmonar al momento del suceso y en el Hospital del Bicentenario, el mismo ya se encontraba sin vida\u00bb, indicaron.<\/p>\n<p class=\"selectionShareable\">Por \u00faltimo, las autoridades del partido expresaron su <strong><em>\u00abm\u00e1s sentido p\u00e9same a sus familiares y amigos en este dif\u00edcil momento\u00bb<\/em><\/strong>. Es importante se\u00f1alar que debido a la ola de calor que provoc\u00f3, el d\u00eda domingo, una m\u00e1xima de 38\u00b0 y una m\u00ednima de 25\u00b0 el Municipio decidi\u00f3 realizar la carrera a partir de las 09:00 horas por las altas temperaturas. (<b>InfoGEI<\/b>) Mg<\/p>\n","protected":false},"excerpt":{"rendered":"<div class=\"mh-excerpt\"><p>Un hombre de 58 a\u00f1os se descompens\u00f3 en la marat\u00f3n anual de Ituzaing\u00f3 y aunque recibi\u00f3 atenci\u00f3n m\u00e9dica falleci\u00f3 camino al hospital. Las autoridades del partido expresaron su \u00abm\u00e1s sentido p\u00e9same a sus familiares y <a class=\"mh-excerpt-more\" href=\"https:\/\/larevistadigital.com.ar\/blog\/un-hombre-fallecio-mientras-corria-la-maraton-anual-de-ituzaingo\/\" title=\"UN HOMBRE FALLECI\u00d3 MIENTRAS CORR\u00cdA LA MARAT\u00d3N ANUAL DE ITUZAING\u00d3\">[Leer M\u00e1s]<\/a><\/p>\n<\/div>","protected":false},"author":3,"featured_media":30581,"comment_status":"open","ping_status":"open","sticky":false,"template":"","format":"standard","meta":{"_jetpack_memberships_contains_paid_content":false,"footnotes":"","jetpack_publicize_message":"","jetpack_publicize_feature_enabled":true,"jetpack_social_post_already_shared":true,"jetpack_social_options":{"image_generator_settings":{"template":"highway","default_image_id":0,"font":"","enabled":false},"version":2}},"categories":[50],"tags":[],"class_list":{"0":"post-30580","1":"post","2":"type-post","3":"status-publish","4":"format-standard","5":"has-post-thumbnail","7":"category-interes-general"},"jetpack_publicize_connections":[],"jetpack_featured_media_url":"https:\/\/i0.wp.com\/larevistadigital.com.ar\/blog\/wp-content\/uploads\/20230313144413_carrera.jpg?fit=880%2C512&ssl=1","jetpack_sharing_enabled":true,"jetpack_shortlink":"https:\/\/wp.me\/p8qtrQ-7Xe","jetpack-related-posts":[{"id":26724,"url":"https:\/\/larevistadigital.com.ar\/blog\/ituzaingo-reciclan-mas-de-30-mil-litros-de-aceite-usado-para-usarlos-como-biocombustible\/","url_meta":{"origin":30580,"position":0},"title":"ITUZAING\u00d3: RECICLAN M\u00c1S DE 30 MIL LITROS DE ACEITE USADO PARA USARLOS COMO BIOCOMBUSTIBLE","author":"Alejandro Sosa Ruda","date":"19 julio, 2022","format":false,"excerpt":"El Municipio de Ituzaing\u00f3 celebr\u00f3 que ya se reciclaron m\u00e1s de 30 mil litros de aceite vegetal usado, en el marco de la medida que establece la obligatoriedad de gestionar el aceite de manera ambientalmente correcta para convertirlo en biocombustible. ITUZAING\u00d3 -\u00a0 Del encuentro participaron la subsecretaria de Ambiente y\u2026","rel":"","context":"En \u00abREGIONALES\u00bb","block_context":{"text":"REGIONALES","link":"https:\/\/larevistadigital.com.ar\/blog\/category\/regionales\/"},"img":{"alt_text":"","src":"https:\/\/i0.wp.com\/larevistadigital.com.ar\/blog\/wp-content\/uploads\/20220718170408_reciclan-mas-de-30-mil-litros-de-aceite-vegetal.jpg?fit=880%2C512&ssl=1&resize=350%2C200","width":350,"height":200,"srcset":"https:\/\/i0.wp.com\/larevistadigital.com.ar\/blog\/wp-content\/uploads\/20220718170408_reciclan-mas-de-30-mil-litros-de-aceite-vegetal.jpg?fit=880%2C512&ssl=1&resize=350%2C200 1x, https:\/\/i0.wp.com\/larevistadigital.com.ar\/blog\/wp-content\/uploads\/20220718170408_reciclan-mas-de-30-mil-litros-de-aceite-vegetal.jpg?fit=880%2C512&ssl=1&resize=525%2C300 1.5x, https:\/\/i0.wp.com\/larevistadigital.com.ar\/blog\/wp-content\/uploads\/20220718170408_reciclan-mas-de-30-mil-litros-de-aceite-vegetal.jpg?fit=880%2C512&ssl=1&resize=700%2C400 2x"},"classes":[]},{"id":19292,"url":"https:\/\/larevistadigital.com.ar\/blog\/esta-es-la-imagen-del-cartonero-que-se-llevo-a-maia\/","url_meta":{"origin":30580,"position":1},"title":"ESTA ES LA IM\u00c1GEN DEL CARTONERO QUE SE LLEV\u00d3 A MAIA.","author":"Alejandro Sosa Ruda","date":"17 marzo, 2021","format":false,"excerpt":"Lo autoriz\u00f3 la Justicia. Las c\u00e1maras lo captaron junto a la nena de 7 a\u00f1os en Ituzaing\u00f3. La Justicia autoriz\u00f3 a la Polic\u00eda de la Ciudad a difundir la imagen del cartonero que se llev\u00f3 a Maia, la nena de 7 a\u00f1os de la que nada se sabe desde el\u2026","rel":"","context":"En \u00abDESTACADAS\u00bb","block_context":{"text":"DESTACADAS","link":"https:\/\/larevistadigital.com.ar\/blog\/category\/destacadas\/"},"img":{"alt_text":"","src":"https:\/\/i0.wp.com\/larevistadigital.com.ar\/blog\/wp-content\/uploads\/Captura-de-pantalla-2021-03-17-135220.png?fit=1172%2C772&ssl=1&resize=350%2C200","width":350,"height":200,"srcset":"https:\/\/i0.wp.com\/larevistadigital.com.ar\/blog\/wp-content\/uploads\/Captura-de-pantalla-2021-03-17-135220.png?fit=1172%2C772&ssl=1&resize=350%2C200 1x, https:\/\/i0.wp.com\/larevistadigital.com.ar\/blog\/wp-content\/uploads\/Captura-de-pantalla-2021-03-17-135220.png?fit=1172%2C772&ssl=1&resize=525%2C300 1.5x, https:\/\/i0.wp.com\/larevistadigital.com.ar\/blog\/wp-content\/uploads\/Captura-de-pantalla-2021-03-17-135220.png?fit=1172%2C772&ssl=1&resize=700%2C400 2x, https:\/\/i0.wp.com\/larevistadigital.com.ar\/blog\/wp-content\/uploads\/Captura-de-pantalla-2021-03-17-135220.png?fit=1172%2C772&ssl=1&resize=1050%2C600 3x"},"classes":[]},{"id":26645,"url":"https:\/\/larevistadigital.com.ar\/blog\/alumna-de-16-anos-fue-atacada-a-cuchillazos-por-otra-a-la-salida-de-la-escuela\/","url_meta":{"origin":30580,"position":2},"title":"ALUMNA DE 16 A\u00d1OS FUE ATACADA A CUCHILLAZOS POR OTRA A LA SALIDA DE LA ESCUELA","author":"Alejandro Sosa Ruda","date":"16 julio, 2022","format":false,"excerpt":"La v\u00edctima cursa quinto a\u00f1o de la Escuela Secundaria N\u00b05 \u201cAuipi\u201d. Sufri\u00f3 heridas cortantes en una de sus manos, en el cuello, hombro y espalda. Por las heridas fue trasladada al hospital Posadas, mientras que la agresora fue una compa\u00f1era de su misma edad con quien hab\u00eda discutido en clase.\u2026","rel":"","context":"En \u00abPOLICIALES\u00bb","block_context":{"text":"POLICIALES","link":"https:\/\/larevistadigital.com.ar\/blog\/category\/policiales\/"},"img":{"alt_text":"","src":"https:\/\/i0.wp.com\/larevistadigital.com.ar\/blog\/wp-content\/uploads\/20220715155528_alumna-de-16-anos-fue-atacada-a-cuchillazos-por-otra-companera-a-la-salida-de-la-escuela.jpg?fit=880%2C512&ssl=1&resize=350%2C200","width":350,"height":200,"srcset":"https:\/\/i0.wp.com\/larevistadigital.com.ar\/blog\/wp-content\/uploads\/20220715155528_alumna-de-16-anos-fue-atacada-a-cuchillazos-por-otra-companera-a-la-salida-de-la-escuela.jpg?fit=880%2C512&ssl=1&resize=350%2C200 1x, https:\/\/i0.wp.com\/larevistadigital.com.ar\/blog\/wp-content\/uploads\/20220715155528_alumna-de-16-anos-fue-atacada-a-cuchillazos-por-otra-companera-a-la-salida-de-la-escuela.jpg?fit=880%2C512&ssl=1&resize=525%2C300 1.5x, https:\/\/i0.wp.com\/larevistadigital.com.ar\/blog\/wp-content\/uploads\/20220715155528_alumna-de-16-anos-fue-atacada-a-cuchillazos-por-otra-companera-a-la-salida-de-la-escuela.jpg?fit=880%2C512&ssl=1&resize=700%2C400 2x"},"classes":[]},{"id":40886,"url":"https:\/\/larevistadigital.com.ar\/blog\/kicillof-entrego-patrulleros-y-equipamiento-en-ituzaingo-y-habilito-nuevas-obras-escolares\/","url_meta":{"origin":30580,"position":3},"title":"Kicillof entreg\u00f3 patrulleros y equipamiento en Ituzaing\u00f3 y habilit\u00f3 nuevas obras escolares","author":"Alejandro Sosa Ruda","date":"13 agosto, 2025","format":false,"excerpt":"El gobernador bonaerense, Axel Kicillof, encabez\u00f3 este martes en Ituzaing\u00f3 la entrega de patrulleros y equipamiento destinado a reforzar la seguridad del distrito. Lo acompa\u00f1aron el ministro de Seguridad, Javier Alonso; el titular de Infraestructura y Servicios P\u00fablicos, Gabriel Katopodis; y el intendente Pablo Descalzo. Adem\u00e1s, inaugur\u00f3 ampliaciones en la\u2026","rel":"","context":"En \u00abPOLITICA PROVINCIAL\u00bb","block_context":{"text":"POLITICA PROVINCIAL","link":"https:\/\/larevistadigital.com.ar\/blog\/category\/politica\/politica-provincial\/"},"img":{"alt_text":"","src":"https:\/\/i0.wp.com\/larevistadigital.com.ar\/blog\/wp-content\/uploads\/20250812185959_kicillof-alonso-katopodis-descalzo-ituzaingo.jpg?fit=880%2C512&ssl=1&resize=350%2C200","width":350,"height":200,"srcset":"https:\/\/i0.wp.com\/larevistadigital.com.ar\/blog\/wp-content\/uploads\/20250812185959_kicillof-alonso-katopodis-descalzo-ituzaingo.jpg?fit=880%2C512&ssl=1&resize=350%2C200 1x, https:\/\/i0.wp.com\/larevistadigital.com.ar\/blog\/wp-content\/uploads\/20250812185959_kicillof-alonso-katopodis-descalzo-ituzaingo.jpg?fit=880%2C512&ssl=1&resize=525%2C300 1.5x, https:\/\/i0.wp.com\/larevistadigital.com.ar\/blog\/wp-content\/uploads\/20250812185959_kicillof-alonso-katopodis-descalzo-ituzaingo.jpg?fit=880%2C512&ssl=1&resize=700%2C400 2x"},"classes":[]},{"id":36484,"url":"https:\/\/larevistadigital.com.ar\/blog\/el-gobernador-kicillof-inauguro-un-mercado-bonaerense-fijo-en-ituzaingo\/","url_meta":{"origin":30580,"position":4},"title":"EL GOBERNADOR KICILLOF INAUGUR\u00d3 UN MERCADO BONAERENSE  FIJO EN ITUZAING\u00d3","author":"Alejandro Sosa Ruda","date":"28 junio, 2024","format":false,"excerpt":"Adem\u00e1s, el Gobernador encabez\u00f3 el acto de promesa a la bandera de 1.628 alumnos y alumnas del distrito. 28 de Junio de 2024 BUENOS AIRES -\u00a0 El gobernador de la provincia de Buenos Aires, Axel Kicillof, inaugur\u00f3 este jueves en Ituzaing\u00f3 un Mercado Bonaerense Fijo que promover\u00e1 precios justos en\u2026","rel":"","context":"En \u00abINTERES GENERAL\u00bb","block_context":{"text":"INTERES GENERAL","link":"https:\/\/larevistadigital.com.ar\/blog\/category\/interes-general\/"},"img":{"alt_text":"","src":"https:\/\/i0.wp.com\/larevistadigital.com.ar\/blog\/wp-content\/uploads\/EDItuzaingo.jpg?fit=743%2C530&ssl=1&resize=350%2C200","width":350,"height":200,"srcset":"https:\/\/i0.wp.com\/larevistadigital.com.ar\/blog\/wp-content\/uploads\/EDItuzaingo.jpg?fit=743%2C530&ssl=1&resize=350%2C200 1x, https:\/\/i0.wp.com\/larevistadigital.com.ar\/blog\/wp-content\/uploads\/EDItuzaingo.jpg?fit=743%2C530&ssl=1&resize=525%2C300 1.5x, https:\/\/i0.wp.com\/larevistadigital.com.ar\/blog\/wp-content\/uploads\/EDItuzaingo.jpg?fit=743%2C530&ssl=1&resize=700%2C400 2x"},"classes":[]},{"id":3501,"url":"https:\/\/larevistadigital.com.ar\/blog\/chascomus-hombre-fallecio-ahogado-luego-tropezar-golpearse-la-cabeza\/","url_meta":{"origin":30580,"position":5},"title":"CHASCOM\u00daS: UN HOMBRE FALLECI\u00d3 AHOGADO LUEGO DE TROPEZAR Y GOLPEARSE LA CABEZA","author":"Alejandro Sosa Ruda","date":"17 octubre, 2017","format":false,"excerpt":"Lamentablemente, un hombre de 58 a\u00f1os de edad, llamado Mario Manuel V\u00e1zquez, oriundo de la localidad de Adrogu\u00e9, partido de Almirante Brown, falleci\u00f3 en la laguna, por ahogamiento, luego de haber tropezado y sufrido un golpe en su cabeza que le habr\u00eda provocado la p\u00e9rdida del conocimiento. El infausto suceso,\u2026","rel":"","context":"En \u00abCHASCOM\u00daS\u00bb","block_context":{"text":"CHASCOM\u00daS","link":"https:\/\/larevistadigital.com.ar\/blog\/category\/chascomus\/"},"img":{"alt_text":"","src":"","width":0,"height":0},"classes":[]}],"_links":{"self":[{"href":"https:\/\/larevistadigital.com.ar\/blog\/wp-json\/wp\/v2\/posts\/30580","targetHints":{"allow":["GET"]}}],"collection":[{"href":"https:\/\/larevistadigital.com.ar\/blog\/wp-json\/wp\/v2\/posts"}],"about":[{"href":"https:\/\/larevistadigital.com.ar\/blog\/wp-json\/wp\/v2\/types\/post"}],"author":[{"embeddable":true,"href":"https:\/\/larevistadigital.com.ar\/blog\/wp-json\/wp\/v2\/users\/3"}],"replies":[{"embeddable":true,"href":"https:\/\/larevistadigital.com.ar\/blog\/wp-json\/wp\/v2\/comments?post=30580"}],"version-history":[{"count":2,"href":"https:\/\/larevistadigital.com.ar\/blog\/wp-json\/wp\/v2\/posts\/30580\/revisions"}],"predecessor-version":[{"id":30583,"href":"https:\/\/larevistadigital.com.ar\/blog\/wp-json\/wp\/v2\/posts\/30580\/revisions\/30583"}],"wp:featuredmedia":[{"embeddable":true,"href":"https:\/\/larevistadigital.com.ar\/blog\/wp-json\/wp\/v2\/media\/30581"}],"wp:attachment":[{"href":"https:\/\/larevistadigital.com.ar\/blog\/wp-json\/wp\/v2\/media?parent=30580"}],"wp:term":[{"taxonomy":"category","embeddable":true,"href":"https:\/\/larevistadigital.com.ar\/blog\/wp-json\/wp\/v2\/categories?post=30580"},{"taxonomy":"post_tag","embeddable":true,"href":"https:\/\/larevistadigital.com.ar\/blog\/wp-json\/wp\/v2\/tags?post=30580"}],"curies":[{"name":"wp","href":"https:\/\/api.w.org\/{rel}","templated":true}]}}