{"id":30587,"date":"2023-03-14T13:49:20","date_gmt":"2023-03-14T13:49:20","guid":{"rendered":"https:\/\/larevistadigital.com.ar\/blog\/?p=30587"},"modified":"2023-03-14T13:49:20","modified_gmt":"2023-03-14T13:49:20","slug":"chascomus-edea-informo-que-manana-15-de-marzo-habra-cortes-en-distintos-barrios","status":"publish","type":"post","link":"https:\/\/larevistadigital.com.ar\/blog\/chascomus-edea-informo-que-manana-15-de-marzo-habra-cortes-en-distintos-barrios\/","title":{"rendered":"CHASCOM\u00daS: EDEA INFORM\u00d3 QUE MA\u00d1ANA 15 DE MARZO HABR\u00c1 CORTES EN DISTINTOS BARRIOS"},"content":{"rendered":"<h2>Dicen que es para trabajos de \u00abmejora\u00bb en la red el\u00e9ctrica. Ac\u00e1 los lugares afectados.<\/h2>\n<p><strong>CHASCOM\u00daS &#8211;\u00a0<\/strong> La empresa EDEA inform\u00f3 mediante un comunicado que el d\u00eda de ma\u00f1ana, 15 de marzo se realizar\u00e1 un corte para la realizaci\u00f3n de trabajos de mejoras en su red el\u00e9ctrica.<\/p>\n<p>El horario del corte, ser\u00e1 desde las 8:00 hasta las 12:00 horas y las zonas que se veran afectadas son:<\/p>\n<ul>\n<li><strong><span style=\"color: #ff0000\">Calles comprendidas entre Libres del Sur hasta Obligado y desde Santa Rita hasta Misiones<\/span><\/strong><\/li>\n<li><span style=\"color: #ff0000\"><strong>Zona comprendida entre Ministro Adolfo Alsina, Ruta 2, De la Zamba y Del Carnavalito.<\/strong><\/span><\/li>\n<li><span style=\"color: #ff0000\"><strong>Barrio 30 de Mayo<\/strong><\/span><\/li>\n<li><span style=\"color: #ff0000\"><strong>Barrio El Algarrobo<\/strong><\/span><\/li>\n<li><span style=\"color: #ff0000\"><strong>Ruta 2 desde el km 125 al km 147.<\/strong><\/span><\/li>\n<li><span style=\"color: #ff0000\"><strong>Barrio La Liberata<\/strong><\/span><\/li>\n<li><span style=\"color: #ff0000\"><strong>Barrio El Porte\u00f1o<\/strong><\/span><\/li>\n<li><span style=\"color: #ff0000\"><strong>Barrio Parque Girado<\/strong><\/span><\/li>\n<li><span style=\"color: #ff0000\"><strong>Intech<\/strong><\/span><\/li>\n<li><span style=\"color: #ff0000\"><strong>La Alameda<\/strong><\/span><\/li>\n<\/ul>\n<p>Tambi\u00e9n en su nota, EDEA mencion\u00f3 que las l\u00edneas se consideran EN TENSI\u00d3N durante el tiempo anunciado para la suspensi\u00f3n del suministro, y aclar\u00f3 que el corte se dejar\u00eda sin efecto bajo condiciones clim\u00e1ticas adversas.<\/p>\n","protected":false},"excerpt":{"rendered":"<div class=\"mh-excerpt\"><p>Dicen que es para trabajos de \u00abmejora\u00bb en la red el\u00e9ctrica. Ac\u00e1 los lugares afectados. CHASCOM\u00daS &#8211;\u00a0 La empresa EDEA inform\u00f3 mediante un comunicado que el d\u00eda de ma\u00f1ana, 15 de marzo se realizar\u00e1 un <a class=\"mh-excerpt-more\" href=\"https:\/\/larevistadigital.com.ar\/blog\/chascomus-edea-informo-que-manana-15-de-marzo-habra-cortes-en-distintos-barrios\/\" title=\"CHASCOM\u00daS: EDEA INFORM\u00d3 QUE MA\u00d1ANA 15 DE MARZO HABR\u00c1 CORTES EN DISTINTOS BARRIOS\">[Leer M\u00e1s]<\/a><\/p>\n<\/div>","protected":false},"author":3,"featured_media":9245,"comment_status":"open","ping_status":"open","sticky":false,"template":"","format":"standard","meta":{"_jetpack_memberships_contains_paid_content":false,"footnotes":"","jetpack_publicize_message":"","jetpack_publicize_feature_enabled":true,"jetpack_social_post_already_shared":true,"jetpack_social_options":{"image_generator_settings":{"template":"highway","default_image_id":0,"font":"","enabled":false},"version":2}},"categories":[41],"tags":[],"class_list":{"0":"post-30587","1":"post","2":"type-post","3":"status-publish","4":"format-standard","5":"has-post-thumbnail","7":"category-destacadas"},"jetpack_publicize_connections":[],"jetpack_featured_media_url":"https:\/\/i0.wp.com\/larevistadigital.com.ar\/blog\/wp-content\/uploads\/2019\/03\/810410405c904feca65209eb66a49a3f.jpg?fit=1058%2C791&ssl=1","jetpack_sharing_enabled":true,"jetpack_shortlink":"https:\/\/wp.me\/p8qtrQ-7Xl","jetpack-related-posts":[{"id":9805,"url":"https:\/\/larevistadigital.com.ar\/blog\/chascomus-aviso-de-corte-de-luz-para-manana\/","url_meta":{"origin":30587,"position":0},"title":"CHASCOM\u00daS: AVISO DE CORTE DE LUZ PARA MA\u00d1ANA","author":"Alejandro Sosa Ruda","date":"23 abril, 2019","format":false,"excerpt":"Desde la firma EDEA, se inform\u00f3 que para la realizaci\u00f3n de trabajos de mejoras en su red el\u00e9ctrica, este mi\u00e9rcoles 24 de abril proceder\u00e1 a suspender el suministro de energ\u00eda en las siguientes zonas y horarios: - Ruta 2 desde Km. 125 hasta km. 147. - Barrio La Liberata. El\u2026","rel":"","context":"En \u00abCHASCOM\u00daS\u00bb","block_context":{"text":"CHASCOM\u00daS","link":"https:\/\/larevistadigital.com.ar\/blog\/category\/chascomus\/"},"img":{"alt_text":"","src":"https:\/\/i0.wp.com\/larevistadigital.com.ar\/blog\/wp-content\/uploads\/2019\/04\/EDEA-ARREGLOS5.jpg?fit=696%2C367&ssl=1&resize=350%2C200","width":350,"height":200,"srcset":"https:\/\/i0.wp.com\/larevistadigital.com.ar\/blog\/wp-content\/uploads\/2019\/04\/EDEA-ARREGLOS5.jpg?fit=696%2C367&ssl=1&resize=350%2C200 1x, https:\/\/i0.wp.com\/larevistadigital.com.ar\/blog\/wp-content\/uploads\/2019\/04\/EDEA-ARREGLOS5.jpg?fit=696%2C367&ssl=1&resize=525%2C300 1.5x"},"classes":[]},{"id":9244,"url":"https:\/\/larevistadigital.com.ar\/blog\/chascomus-edea-informa-de-corte-de-luz-para-manana\/","url_meta":{"origin":30587,"position":1},"title":"CHASCOM\u00daS: EDEA INFORMA DE CORTE DE LUZ PARA MA\u00d1ANA","author":"Alejandro Sosa Ruda","date":"20 marzo, 2019","format":false,"excerpt":"EDEA inform\u00f3 que para la realizaci\u00f3n de trabajos de mejoras en su red el\u00e9ctrica, este jueves 21 de marzo proceder\u00e1 a suspender el suministro de energ\u00eda en las siguientes zonas y horarios: \uf0d8 INTECH \u2013 Sec. Ciencia y Tecnolog\u00eda. \uf0d8 Barrio Parque Girado \uf0d8 A.C.A \u2013 Camino de Circunvalaci\u00f3n. \uf0d8\u2026","rel":"","context":"En \u00abCHASCOM\u00daS\u00bb","block_context":{"text":"CHASCOM\u00daS","link":"https:\/\/larevistadigital.com.ar\/blog\/category\/chascomus\/"},"img":{"alt_text":"","src":"https:\/\/i0.wp.com\/larevistadigital.com.ar\/blog\/wp-content\/uploads\/2019\/03\/810410405c904feca65209eb66a49a3f.jpg?fit=1058%2C791&ssl=1&resize=350%2C200","width":350,"height":200,"srcset":"https:\/\/i0.wp.com\/larevistadigital.com.ar\/blog\/wp-content\/uploads\/2019\/03\/810410405c904feca65209eb66a49a3f.jpg?fit=1058%2C791&ssl=1&resize=350%2C200 1x, https:\/\/i0.wp.com\/larevistadigital.com.ar\/blog\/wp-content\/uploads\/2019\/03\/810410405c904feca65209eb66a49a3f.jpg?fit=1058%2C791&ssl=1&resize=525%2C300 1.5x, https:\/\/i0.wp.com\/larevistadigital.com.ar\/blog\/wp-content\/uploads\/2019\/03\/810410405c904feca65209eb66a49a3f.jpg?fit=1058%2C791&ssl=1&resize=700%2C400 2x, https:\/\/i0.wp.com\/larevistadigital.com.ar\/blog\/wp-content\/uploads\/2019\/03\/810410405c904feca65209eb66a49a3f.jpg?fit=1058%2C791&ssl=1&resize=1050%2C600 3x"},"classes":[]},{"id":10480,"url":"https:\/\/larevistadigital.com.ar\/blog\/edea-aviso-por-corte-programado-para-manana\/","url_meta":{"origin":30587,"position":2},"title":"EDEA AVIS\u00d3 POR CORTE PROGRAMADO PARA MA\u00d1ANA","author":"Alejandro Sosa Ruda","date":"6 junio, 2019","format":false,"excerpt":"Un nuevo corte de luz programado ocurrir\u00e1 ma\u00f1ana. EDEA inform\u00f3 que por la realizaci\u00f3n de trabajos de mejoras en su red el\u00e9ctrica, el pr\u00f3ximo viernes 7 de junio proceder\u00e1 a suspender el suministro de energ\u00eda en las siguientes zonas y horarios: \uf0d8 P. URRUTY, ETCHEVERRIA, P. BARBOSA y TUCUMAN. \uf0d8\u2026","rel":"","context":"En \u00abCHASCOM\u00daS\u00bb","block_context":{"text":"CHASCOM\u00daS","link":"https:\/\/larevistadigital.com.ar\/blog\/category\/chascomus\/"},"img":{"alt_text":"","src":"https:\/\/i0.wp.com\/larevistadigital.com.ar\/blog\/wp-content\/uploads\/2019\/03\/810410405c904feca65209eb66a49a3f.jpg?fit=1058%2C791&ssl=1&resize=350%2C200","width":350,"height":200,"srcset":"https:\/\/i0.wp.com\/larevistadigital.com.ar\/blog\/wp-content\/uploads\/2019\/03\/810410405c904feca65209eb66a49a3f.jpg?fit=1058%2C791&ssl=1&resize=350%2C200 1x, https:\/\/i0.wp.com\/larevistadigital.com.ar\/blog\/wp-content\/uploads\/2019\/03\/810410405c904feca65209eb66a49a3f.jpg?fit=1058%2C791&ssl=1&resize=525%2C300 1.5x, https:\/\/i0.wp.com\/larevistadigital.com.ar\/blog\/wp-content\/uploads\/2019\/03\/810410405c904feca65209eb66a49a3f.jpg?fit=1058%2C791&ssl=1&resize=700%2C400 2x, https:\/\/i0.wp.com\/larevistadigital.com.ar\/blog\/wp-content\/uploads\/2019\/03\/810410405c904feca65209eb66a49a3f.jpg?fit=1058%2C791&ssl=1&resize=1050%2C600 3x"},"classes":[]},{"id":12774,"url":"https:\/\/larevistadigital.com.ar\/blog\/edea-aviso-de-corte-de-luz-programado-2\/","url_meta":{"origin":30587,"position":3},"title":"EDEA: AVISO DE CORTE DE LUZ PROGRAMADO","author":"Alejandro Sosa Ruda","date":"22 octubre, 2019","format":false,"excerpt":"EDEA inform\u00f3 a sus usuarios que para la realizaci\u00f3n de trabajos de mejoras en su red el\u00e9ctrica, proceder\u00e1 a suspender el suministro de energ\u00eda en las siguientes zonas, d\u00edas y horarios: D\u00edas: Mi\u00e9rcoles 23, Jueves 24 y Viernes 25 de octubre. \uf0d8 Ruta 2 desde el km. 130 hasta el\u2026","rel":"","context":"En \u00abCHASCOM\u00daS\u00bb","block_context":{"text":"CHASCOM\u00daS","link":"https:\/\/larevistadigital.com.ar\/blog\/category\/chascomus\/"},"img":{"alt_text":"","src":"https:\/\/i0.wp.com\/larevistadigital.com.ar\/blog\/wp-content\/uploads\/2019\/03\/810410405c904feca65209eb66a49a3f.jpg?fit=1058%2C791&ssl=1&resize=350%2C200","width":350,"height":200,"srcset":"https:\/\/i0.wp.com\/larevistadigital.com.ar\/blog\/wp-content\/uploads\/2019\/03\/810410405c904feca65209eb66a49a3f.jpg?fit=1058%2C791&ssl=1&resize=350%2C200 1x, https:\/\/i0.wp.com\/larevistadigital.com.ar\/blog\/wp-content\/uploads\/2019\/03\/810410405c904feca65209eb66a49a3f.jpg?fit=1058%2C791&ssl=1&resize=525%2C300 1.5x, https:\/\/i0.wp.com\/larevistadigital.com.ar\/blog\/wp-content\/uploads\/2019\/03\/810410405c904feca65209eb66a49a3f.jpg?fit=1058%2C791&ssl=1&resize=700%2C400 2x, https:\/\/i0.wp.com\/larevistadigital.com.ar\/blog\/wp-content\/uploads\/2019\/03\/810410405c904feca65209eb66a49a3f.jpg?fit=1058%2C791&ssl=1&resize=1050%2C600 3x"},"classes":[]},{"id":12483,"url":"https:\/\/larevistadigital.com.ar\/blog\/edea-aviso-de-corte-de-luz-programado\/","url_meta":{"origin":30587,"position":4},"title":"EDEA: AVISO DE CORTE DE LUZ PROGRAMADO","author":"Alejandro Sosa Ruda","date":"6 octubre, 2019","format":false,"excerpt":"EDEA inform\u00f3 a sus usuarios que para la realizaci\u00f3n de trabajos de mejoras en su red el\u00e9ctrica, proceder\u00e1 a suspender el suministro de energ\u00eda en las siguientes zonas, d\u00edas y horarios: D\u00edas: Martes 8, Mi\u00e9rcoles 9 y viernes 11 de octubre. Ruta 2 desde el km. 130 hasta el km.\u2026","rel":"","context":"En \u00abINTERES GENERAL\u00bb","block_context":{"text":"INTERES GENERAL","link":"https:\/\/larevistadigital.com.ar\/blog\/category\/interes-general\/"},"img":{"alt_text":"","src":"https:\/\/i0.wp.com\/larevistadigital.com.ar\/blog\/wp-content\/uploads\/2019\/03\/810410405c904feca65209eb66a49a3f.jpg?fit=1058%2C791&ssl=1&resize=350%2C200","width":350,"height":200,"srcset":"https:\/\/i0.wp.com\/larevistadigital.com.ar\/blog\/wp-content\/uploads\/2019\/03\/810410405c904feca65209eb66a49a3f.jpg?fit=1058%2C791&ssl=1&resize=350%2C200 1x, https:\/\/i0.wp.com\/larevistadigital.com.ar\/blog\/wp-content\/uploads\/2019\/03\/810410405c904feca65209eb66a49a3f.jpg?fit=1058%2C791&ssl=1&resize=525%2C300 1.5x, https:\/\/i0.wp.com\/larevistadigital.com.ar\/blog\/wp-content\/uploads\/2019\/03\/810410405c904feca65209eb66a49a3f.jpg?fit=1058%2C791&ssl=1&resize=700%2C400 2x, https:\/\/i0.wp.com\/larevistadigital.com.ar\/blog\/wp-content\/uploads\/2019\/03\/810410405c904feca65209eb66a49a3f.jpg?fit=1058%2C791&ssl=1&resize=1050%2C600 3x"},"classes":[]},{"id":12682,"url":"https:\/\/larevistadigital.com.ar\/blog\/edea-aviso-de-un-corte-de-luz-para-manana\/","url_meta":{"origin":30587,"position":5},"title":"EDEA AVIS\u00d3 DE UN CORTE DE LUZ PARA MA\u00d1ANA","author":"Alejandro Sosa Ruda","date":"17 octubre, 2019","format":false,"excerpt":"EDEA inform\u00f3 que para la realizaci\u00f3n de trabajos de mejoras en su redel\u00e9ctrica, ma\u00f1ana VIERNES 18 DE OCTUBRE proceder\u00e1 a suspender el suministro de energ\u00eda en las siguientes zonas y horarios: \uf0d8 ZONA CASTILLO DE LA AMISTAD. \uf0d8 CAMPING LA CASONA \uf0d8 BARRIO LOMAS ALTAS \uf0d8 BARRIO PUERTO CHASCOMUS.\u00a0 En\u2026","rel":"","context":"En \u00abCHASCOM\u00daS\u00bb","block_context":{"text":"CHASCOM\u00daS","link":"https:\/\/larevistadigital.com.ar\/blog\/category\/chascomus\/"},"img":{"alt_text":"","src":"https:\/\/i0.wp.com\/larevistadigital.com.ar\/blog\/wp-content\/uploads\/2019\/03\/810410405c904feca65209eb66a49a3f.jpg?fit=1058%2C791&ssl=1&resize=350%2C200","width":350,"height":200,"srcset":"https:\/\/i0.wp.com\/larevistadigital.com.ar\/blog\/wp-content\/uploads\/2019\/03\/810410405c904feca65209eb66a49a3f.jpg?fit=1058%2C791&ssl=1&resize=350%2C200 1x, https:\/\/i0.wp.com\/larevistadigital.com.ar\/blog\/wp-content\/uploads\/2019\/03\/810410405c904feca65209eb66a49a3f.jpg?fit=1058%2C791&ssl=1&resize=525%2C300 1.5x, https:\/\/i0.wp.com\/larevistadigital.com.ar\/blog\/wp-content\/uploads\/2019\/03\/810410405c904feca65209eb66a49a3f.jpg?fit=1058%2C791&ssl=1&resize=700%2C400 2x, https:\/\/i0.wp.com\/larevistadigital.com.ar\/blog\/wp-content\/uploads\/2019\/03\/810410405c904feca65209eb66a49a3f.jpg?fit=1058%2C791&ssl=1&resize=1050%2C600 3x"},"classes":[]}],"_links":{"self":[{"href":"https:\/\/larevistadigital.com.ar\/blog\/wp-json\/wp\/v2\/posts\/30587","targetHints":{"allow":["GET"]}}],"collection":[{"href":"https:\/\/larevistadigital.com.ar\/blog\/wp-json\/wp\/v2\/posts"}],"about":[{"href":"https:\/\/larevistadigital.com.ar\/blog\/wp-json\/wp\/v2\/types\/post"}],"author":[{"embeddable":true,"href":"https:\/\/larevistadigital.com.ar\/blog\/wp-json\/wp\/v2\/users\/3"}],"replies":[{"embeddable":true,"href":"https:\/\/larevistadigital.com.ar\/blog\/wp-json\/wp\/v2\/comments?post=30587"}],"version-history":[{"count":1,"href":"https:\/\/larevistadigital.com.ar\/blog\/wp-json\/wp\/v2\/posts\/30587\/revisions"}],"predecessor-version":[{"id":30588,"href":"https:\/\/larevistadigital.com.ar\/blog\/wp-json\/wp\/v2\/posts\/30587\/revisions\/30588"}],"wp:featuredmedia":[{"embeddable":true,"href":"https:\/\/larevistadigital.com.ar\/blog\/wp-json\/wp\/v2\/media\/9245"}],"wp:attachment":[{"href":"https:\/\/larevistadigital.com.ar\/blog\/wp-json\/wp\/v2\/media?parent=30587"}],"wp:term":[{"taxonomy":"category","embeddable":true,"href":"https:\/\/larevistadigital.com.ar\/blog\/wp-json\/wp\/v2\/categories?post=30587"},{"taxonomy":"post_tag","embeddable":true,"href":"https:\/\/larevistadigital.com.ar\/blog\/wp-json\/wp\/v2\/tags?post=30587"}],"curies":[{"name":"wp","href":"https:\/\/api.w.org\/{rel}","templated":true}]}}