{"id":30589,"date":"2023-03-14T13:56:20","date_gmt":"2023-03-14T13:56:20","guid":{"rendered":"https:\/\/larevistadigital.com.ar\/blog\/?p=30589"},"modified":"2023-03-14T13:56:20","modified_gmt":"2023-03-14T13:56:20","slug":"esto-paso-un-dia-como-hoy-13-de-marzo","status":"publish","type":"post","link":"https:\/\/larevistadigital.com.ar\/blog\/esto-paso-un-dia-como-hoy-13-de-marzo\/","title":{"rendered":"ESTO PAS\u00d3 UN D\u00cdA COMO HOY, 13 DE MARZO"},"content":{"rendered":"<p>Las efem\u00e9rides de hoy incluyen desde\u00a0<b>acontecimientos afortunados y hasta dolorosas desgracias<\/b>\u00a0que han marcado la historia, as\u00ed como los\u00a0<b>nacimientos y fallecimientos<\/b>\u00a0de grandes\u00a0<b>cient\u00edficos, artistas, pensadores o l\u00edderes sociales<\/b>\u00a0que alteraron el rumbo de la humanidad.<\/p>\n<p>Para que no se te pasen los sucesos m\u00e1s importantes que est\u00e1n por conmemorarse, ac\u00e1 te presentamos\u00a0<b>las efem\u00e9rides m\u00e1s relevantes de este 13 de marzo<\/b>.<\/p>\n<p><b>222<\/b>: Alejandro Severo es proclamado emperador romano.<\/p>\n<p><b>624<\/b>: En la regi\u00f3n Hejaz de Arabia occidental, los nuevos seguidores de Mahoma vencen a la tribu quraysh de La Meca en la importante batalla de Badr.<\/p>\n<p><b>874<\/b>: En la Iglesia de los Santos Ap\u00f3stoles de Constantinopla (Turqu\u00eda) se entierran los huesos de san\u00a0Nic\u00e9foro.<\/p>\n<p><b>1138<\/b>: El cardenal Gregorio Conti es elegido papa con el nombre de V\u00edctor IV sucediendo al papa Anacleto\u00a0II. En la actualidad, todos son considerados antipapas.<\/p>\n<p><b>1192<\/b>: Emisi\u00f3n de la bula papal \u00abcum universi\u00bb por el papa Celestino III.<\/p>\n<p><b>1328<\/b>: En Navarra, Felipe de \u00c9vreux y Juana II son entronizados como reyes.<\/p>\n<p><b>1567<\/b>: Comienza la batalla de Oosterweel, considerada tradicionalmente como el comienzo de la Guerra de los Ochenta A\u00f1os.<\/p>\n<p><b>1591<\/b>: Se libra la batalla de Tondibi en Mal\u00ed, las fuerzas marroqu\u00edes de la dinast\u00eda Saad\u00ed lideradas por Judar Pasha derrotan al Imperio songhai, a pesar de ser superados en n\u00famero por al menos cinco a uno.<\/p>\n<p><b>1604<\/b>: Un incendio destruye parte del Palacio Real de El Pardo (Madrid), perdi\u00e9ndose cuantiosas obras de arte.<\/p>\n<p><b>1639<\/b>: El Colegio Harvard recibe su nombre en homenaje al cl\u00e9rigo John Harvard.<\/p>\n<p><b>1697<\/b>: La ciudad de Nojpet\u00e9n (Tayasal), capital del reino maya itz\u00e1, cae ante los conquistadores espa\u00f1oles. Es el paso final de la conquista de Guatemala.<\/p>\n<p><b>1741<\/b>: En Cartagena de Indias, durante la llamada Guerra del Asiento, comienza la batalla en la que Blas de Lezo, contando con 6\u00a0nav\u00edos, 2830\u00a0hombres y 990\u00a0piezas de artiller\u00eda derrota a la flota brit\u00e1nica al mando de Edward Vernon con 180 embarcaciones, 23\u00a0600 combatientes y unas 3000 piezas artilladas; la mayor\u00eda de las muertes de ambos bandos se debieron a una epidemia de fiebre amarilla.<\/p>\n<p><b>1781<\/b>: En Bath (Inglaterra), el astr\u00f3nomo alem\u00e1n William Herschel (1738-1822) descubre el planeta Urano.<\/p>\n<p><b>1809<\/b>: En Suecia, un golpe de Estado contra el rey Gustavo\u00a0IV, quien es depuesto por desacuerdos con su pol\u00edtica angl\u00f3fila.<\/p>\n<p><b>1821<\/b>: V\u00edctor Manuel de Saboya abdica en su hermano Carlos F\u00e9lix.<\/p>\n<p><b>1831<\/b>: En la Rep\u00fablica Mexicana se separa el Estado de Occidente (formado por Sonora y Sinaloa) y se forma el Estado de Sonora.<\/p>\n<p><b>1831<\/b>: Noche de las Botellas, trifulca entre brasile\u00f1os y portugueses en R\u00edo de Janeiro que agravar\u00eda las tensiones entre ambos grupos.<\/p>\n<p><b>1841<\/b>: En Espa\u00f1a se inaugura el ferrocarril de Sevilla a C\u00e1diz.<\/p>\n<p><b>1845<\/b>: En Leipzig se estrena el Concierto para viol\u00edn de Felix Mendelssohn, con Ferdinand David como solista.<\/p>\n<p><b>1862<\/b>: En el marco de la Guerra Civil Estadounidense, el Gobierno proh\u00edbe que el ej\u00e9rcitos antiesclavista del Norte devuelva a esclavos fugitivos, anulando de hecho la Ley de Esclavos Fugitivos de 1850 y estableciendo el marco para la proclamaci\u00f3n de emancipaci\u00f3n de los esclavos.<\/p>\n<p><b>1865<\/b>: En el marco de la Guerra Civil Estadounidense, el ej\u00e9rcito confederado esclavista comienza a utilizar soldados afroestadounidenses como \u00abcarne de ca\u00f1\u00f3n\u00bb.<\/p>\n<p><b>1881<\/b>: En Rusia es asesinado el zar Alejandro II mediante un atentado de bomba.<\/p>\n<p><b>1884<\/b>: En Sud\u00e1n comienza el sitio de Jartum. Terminar\u00e1 el 26 de enero de 1885.<\/p>\n<p><b>1888<\/b>: En Nueva Jersey, Nueva York, Massachusetts y Connecticut contin\u00faa desde anteayer la Gran Tormenta de Nieve de 1888, con vientos de 72\u00a0km\/h. Hasta ma\u00f1ana caer\u00e1n m\u00e1s de 120\u00a0cm, haciendo que la gente queda encerrada en sus casas durante una semana.<\/p>\n<p><b>1897<\/b>: En California (Estados Unidos) se funda la Universidad Estatal de San Diego.<\/p>\n<p><b>1900<\/b>: En el Estado Libre de Orange (Sud\u00e1frica) \u2015en el marco de la Segunda Guerra B\u00f3er\u2015, el ej\u00e9rcito brit\u00e1nico ocupa la ciudad de Bloemfontein.<\/p>\n<p><b>1900<\/b>: En Francia, una ley limita a 11 horas la jornada laboral de hombres y mujeres.<\/p>\n<p><b>1900<\/b>: Las Cortes Espa\u00f1olas aprueban una ley que regula el trabajo de las mujeres y los ni\u00f1os.<\/p>\n<p><b>1902<\/b>: En Espa\u00f1a, dimite el Gabinete presidido por Pr\u00e1xedes Mateo Sagasta.<\/p>\n<p><b>1902<\/b>: En Madrid (Espa\u00f1a), se matricula el primer autom\u00f3vil, perteneciente al marqu\u00e9s de Bola\u00f1os.<\/p>\n<p><b>1904<\/b>: En el l\u00edmite entre Argentina y Chile se inaugura la estatua del Cristo Redentor, poniendo fin a tensos desacuerdos lim\u00edtrofes entre esos dos pa\u00edses.<\/p>\n<p><b>1913<\/b>: En Sonora (M\u00e9xico) da comienzo la Revoluci\u00f3n Constitucionalista al mando del primer jefe Venustiano Carranza.<\/p>\n<p><b>1920<\/b>: A comienzos de la incipiente Rep\u00fablica de Weimar (Alemania), Wolfgang Kapp (un pol\u00edtico de derecha) y el general Walther von L\u00fcttwitz perpetran un golpe de Estado (el Kapp-Putsch). En los siguientes d\u00edas ser\u00e1n asesinados cientos de trabajadores del Partido Comunista de Alemania. El 17 de marzo ser\u00e1 sofocado.<\/p>\n<p><b>1921<\/b>: El pa\u00eds asi\u00e1tico de Mongolia se independiza de China. El dictador militar ruso, Roman von Ungern-Sternberg declara la monarqu\u00eda.<\/p>\n<p><b>1925<\/b>: En el estado de Tennessee (Estados Unidos) una ley proh\u00edbe la ense\u00f1anza de la teor\u00eda de la evoluci\u00f3n de Charles Darwin por contradecir el dogma judeocristiano de la Creaci\u00f3n.<\/p>\n<p><b>1930<\/b>: En el Observatorio del Colegio Harvard (Estados Unidos) se telegraf\u00eda la noticia del descubrimiento de Plut\u00f3n.<\/p>\n<p><b>1933<\/b>: En Estados Unidos \u2015en el marco de la Gran Depresi\u00f3n, los bancos comienzan a reabrirse despu\u00e9s de que el presidente Franklin D. Roosevelt decreta un feriado bancario.<\/p>\n<p><b>1940<\/b>: En el marco de la Segunda Guerra Mundial, finaliza la Guerra de Invierno entre la Uni\u00f3n Sovi\u00e9tica y Finlandia.<\/p>\n<p><b>1943<\/b>: En el marco del Holocausto, el ej\u00e9rcito nazi alem\u00e1n liquida el Gueto jud\u00edo de Cracovia.<\/p>\n<p><b>1954<\/b>: En la actual Vietnam, las fuerzas independentistas del Viet Minh atacan a los invasores franceses.<\/p>\n<p><b>1957<\/b>: En La Habana (Cuba), ocurre el ataque al palacio presidencial por los estudiantes del Directorio Revolucionario con el objetivo de matar al dictador Fulgencio Batista. La polic\u00eda mata a Jos\u00e9 Antonio Echeverr\u00eda en una emboscada frente a la Universidad de La\u00a0Habana.<\/p>\n<p><b>1960<\/b>: En Buenos Aires (Argentina), el presidente Arturo Frondizi implanta el plan Conintes (Conmoci\u00f3n Interna del Estado) \u2015estado de sitio, aplicaci\u00f3n del c\u00f3digo de Justicia Militar al ciudadano civil, jurisdicci\u00f3n militar sobre las polic\u00edas provinciales\u2015 y pone en vigencia otra vez el Decreto\u00a04161 de la dictadura de Aramburu: queda prohibido pronunciar el nombre del \u00abtirano pr\u00f3fugo\u00bb (Juan Domingo Per\u00f3n).<\/p>\n<p><b>1962<\/b>: Lyman Lemnitzer, presidente del Estado Mayor Conjunto, dicta una propuesta, denominada Operaci\u00f3n Northwoods, al Secretario de Defensa Robert McNamara. La propuesta se descarta y el presidente John F. Kennedy retira a Lemnitzer de su cargo.<\/p>\n<p><b>1964<\/b>: En Nueva York (Estados Unidos) un asesino en serie mata a pu\u00f1aladas a Kitty Genovese. Las personas que asistieron a su asesinato no hicieron nada por ayudarla o llamar a la polic\u00eda. Se considera un caso de efecto espectador (que desde ese a\u00f1o se llamar\u00e1 \u00abs\u00edndrome Genovese\u00bb).<\/p>\n<p><b>1968<\/b>: En la base de pruebas de armas qu\u00edmicas y biol\u00f3gicas del Ej\u00e9rcito de Estados Unidos en el estado de Utah, un jet esparce gas nervioso, que en los d\u00edas siguientes producir\u00e1 la matanza de ovejas de Skull Valley, en que morir\u00e1n 6000\u00a0ovejas.<\/p>\n<p><b>1969<\/b>: En el marco del programa Apolo, la nave espacial estadounidense Apolo\u00a09 retorna a la Tierra despu\u00e9s de probar el m\u00f3dulo lunar.<\/p>\n<p><b>1979<\/b>: En Granada, el movimiento New Jewel (\u2018nuevo esfuerzo unido para el bienestar, la educaci\u00f3n y la liberaci\u00f3n\u2019), liderado por Maurice Bishop, realiza un golpe de Estado contra el primer ministro Eric Gairy.<\/p>\n<p><b>1986<\/b>: Estados Unidos lanza la nave espacial Giotto (no tripulada) hacia el cometa Halley.<\/p>\n<p><b>1988<\/b>: Entre las ciudades de Aomori y Hakodate (Jap\u00f3n) se inaugura el t\u00fanel Seikan, el t\u00fanel submarino m\u00e1s largo del mundo.<\/p>\n<p><b>1989<\/b>: Una tormenta solar azota Quebec (Canad\u00e1), seis millones de personas se ven afectadas por un gran apag\u00f3n que dura 90 segundos, al paralizarse la red el\u00e9ctrica de Montreal durante m\u00e1s de nueve horas, provocando p\u00e9rdidas por valor de cientos de millones de d\u00f3lares.<\/p>\n<p><b>1991<\/b>: El Departamento de Justicia de los Estados Unidos anuncia que Exxon ha acordado pagar $ 1 mil millones por la limpieza del derrame de petr\u00f3leo de Exxon Valdez en Alaska.<\/p>\n<p><b>1996<\/b>: En Escocia (Reino Unido) sucede la Masacre de Dunblane.<\/p>\n<p><b>2003<\/b>: La revista Nature informa que se encontraron en Italia huellas de un humano erguido de 350\u00a0000\u00a0a\u00f1os de antig\u00fcedad.<\/p>\n<p><b>2010<\/b>: En Buenos Aires (Argentina) se realiza el concierto solidario Argentina abraza a Chile para recolectar alimentos y materiales destinados en ayuda a las v\u00edctimas del terremoto de Chile de 2010.<\/p>\n<p><b>2013<\/b>: En la Ciudad del Vaticano, el C\u00f3nclave de 2013 elige como papa a S. E. R. monse\u00f1or Jorge Mario Cardenal Bergoglio, procedente de Argentina, quien adopta el nombre de Francisco.<\/p>\n<p><b>2015<\/b>: En Valpara\u00edso, a eso de las 15:30 hora local, se inicia un incendio que con el transcurso de las horas se considera zona de cat\u00e1strofe a la ciudad de Valpara\u00edso, bomberos de distintas localidades e incluso de Santiago viajan a la zona. La cat\u00e1strofe cuenta con caracter\u00edsticas muy similares a la ocurrida hace 11 meses, el Gran incendio de Valpara\u00edso, ocurrido el 12 de abril de 2014.<\/p>\n<p><b>2020<\/b>: Donald Trump declara emergencia nacional en Estados Unidos por COVID-19 e inicio del confinamiento por COVID-19 en Espa\u00f1a.<\/p>\n<h2><span style=\"color: #ff0000\">Nacimientos<\/span><\/h2>\n<p><b>1372<\/b>: Luis de Valois, arist\u00f3crata franc\u00e9s (f. 1407).<\/p>\n<p><b>1593<\/b>: Georges de La Tour, pintor franc\u00e9s (f. 1652).<\/p>\n<p><b>1615<\/b>: Inocencio XII, papa cat\u00f3lico italiano (f. 1700).<\/p>\n<p><b>1683<\/b>: John Theophilus Desaguliers, fil\u00f3sofo anglofranc\u00e9s (f. 1744).<\/p>\n<p><b>1696<\/b>: Louis Fran\u00e7ois Armand de Vignerot du Plessis, arist\u00f3crata franc\u00e9s (f. 1788).<\/p>\n<p><b>1720<\/b>: Charles Bonnet, bi\u00f3logo y fil\u00f3sofo suizo (f. 1793).<\/p>\n<p><b>1733<\/b>: Joseph Priestley, cient\u00edfico y ministro brit\u00e1nico (f. 1804).<\/p>\n<p><b>1741<\/b>: Jos\u00e9 II de Habsburgo, rey h\u00fangaro (f. 1790).<\/p>\n<p><b>1753<\/b>: Luisa Mar\u00eda Adelaida de Borb\u00f3n, arist\u00f3crata francesa (f. 1821).<\/p>\n<p><b>1764<\/b>: Charles Grey, pol\u00edtico brit\u00e1nico (f. 1845).<\/p>\n<p><b>1769<\/b>: Fernando Camborda, escritor espa\u00f1ol (f. 1823).<\/p>\n<p><b>1781<\/b>: Karl Friedrich Schinkel, arquitecto alem\u00e1n, dise\u00f1\u00f3 el Konzerthaus Berlin (f. 1841).<\/p>\n<p><b>1787<\/b>: Pedro Sainz de Baranda y Borreiro, marino mexicano (f. 1845).<\/p>\n<p><b>1815<\/b>: James Curtis Hepburn, misionero y ling\u00fcista estadounidense (f. 1911).<\/p>\n<p><b>1825<\/b>: Hans Gude, pintor noruego (f. 1903).<\/p>\n<p><b>1830<\/b>: Jos\u00e9 Marco y Sanch\u00eds, escritor espa\u00f1ol (f. 1895).<\/p>\n<p><b>1855<\/b>: Percival Lowell, astr\u00f3nomo estadounidense (f. 1916).<\/p>\n<p><b>1857<\/b>: B. H. Roberts, historiador y pol\u00edtico angloestadounidense (f. 1933).<\/p>\n<p><b>1860<\/b>: Hugo Wolf, compositor austriaco (f. 1903).<\/p>\n<p><b>1864<\/b>: Aleks\u00e9i von Jawlensky, pintor ruso (f. 1941).<\/p>\n<p><b>1869<\/b>: Ram\u00f3n Men\u00e9ndez Pidal, fil\u00f3logo, historiador, folclorista y medievalista espa\u00f1ol (f. 1968).<\/p>\n<p><b>1870<\/b>: Henri \u00c9ti\u00e9vant, actor y director franc\u00e9s (f. 1953).<\/p>\n<p><b>1870<\/b>: William Glackens, pintor estadounidense (f. 1938).<\/p>\n<p><b>1879<\/b>: Alfredo Kindel\u00e1n, militar y aviador espa\u00f1ol.<\/p>\n<p><b>1883<\/b>: Enrico Toselli, compositor italiano (f. 1926).<\/p>\n<p><b>1884<\/b>: Hugh Walpole, novelista brit\u00e1nico (f. 1941).<\/p>\n<p><b>1885<\/b>: Alejandro Oms, beisbolista cubano (f. 1946).<\/p>\n<p><b>1888<\/b>: Ant\u00f3n Mak\u00e1renko, pedagogo y escritor ruso (f. 1939).<\/p>\n<p><b>1888<\/b>: Paul Morand, escritor franc\u00e9s (f. 1976).<\/p>\n<p><b>1889<\/b>: Pedro Leandro Ipuche, poeta uruguayo (f. 1976).<\/p>\n<p><b>1890<\/b>: Fritz Busch, director de orquesta y pianista alem\u00e1n (f. 1951).<\/p>\n<p><b>1892<\/b>: Janet Flanner, periodista y escritora estadounidense (f. 1978).<\/p>\n<p><b>1895<\/b>: Juan Larrea, poeta espa\u00f1ol (f. 1980).<\/p>\n<p><b>1897<\/b>: Yeghishe Charents, poeta armenio (f. 1937).<\/p>\n<p><b>1898<\/b>: Henry Hathaway, cineasta estadounidense (f. 1985).<\/p>\n<p><b>1899<\/b>: John Hasbrouck van Vleck, f\u00edsico estadounidense, premio Nobel de F\u00edsica en 1977 (f. 1980).<\/p>\n<p><b>1900<\/b>: Salote Tupou III, reina de Tonga entre el 5 de abril de 1918 y el 16 de diciembre de 1965 (f. 1965).<\/p>\n<p><b>1900<\/b>: B\u00e9la Guttman, futbolista y entrenador h\u00fangaro (f. 1981).<\/p>\n<p><b>1902<\/b>: Hans Bellmer, escultor alem\u00e1n (f. 1975).<\/p>\n<p><b>1907<\/b>: Mar\u00eda P\u00eda de Sajonia-Coburgo Gotha y Braganza, escritora, periodista e infanta de Portugal (f. 1995).<\/p>\n<p><b>1911<\/b>: Jos\u00e9 Ard\u00e9vol, compositor cubano de origen espa\u00f1ol (f. 1981).<\/p>\n<p><b>1911<\/b>: L. Ron Hubbard, escritor estadounidense de ciencia ficci\u00f3n, fundador de la secta Cienciolog\u00eda (f. 1986).<\/p>\n<p><b>1911<\/b>: Marcelo Ch\u00e1vez, actor c\u00f3mico mexicano (f. 1970).<\/p>\n<p><b>1913<\/b>: William Casey, pol\u00edtico estadounidense (f. 1987).<\/p>\n<p><b>1913<\/b>: Sergu\u00e9i Mijalkov, escritor ruso (f. 2009).<\/p>\n<p><b>1913<\/b>: Abraham Guill\u00e9n, anarquista espa\u00f1ol (f. 1993).<\/p>\n<p><b>1914<\/b>: Conchita Montes, actriz espa\u00f1ola (f. 1994).<\/p>\n<p><b>1914<\/b>: Giovanni Lilliu, arque\u00f3logo italiano (f. 2012).<\/p>\n<p><b>1916<\/b>: Lindy Boggs, pol\u00edtica estadounidense (f. 2013).<\/p>\n<p><b>1916<\/b>: Jacque Fresco, dise\u00f1ador industrial y fil\u00e1ntropo estadounidense (f. 2017).<\/p>\n<p><b>1919<\/b>: Irina Baronova, bailarina rusa (f. 2008).<\/p>\n<p><b>1925<\/b>: Angelo Conterno, ciclista italiano (f. 2007).<\/p>\n<p><b>1925<\/b>: Medardo Fraile, escritor y profesor espa\u00f1ol (f. 2013).<\/p>\n<p><b>1925<\/b>: Roy Haynes, baterista estadounidense.<\/p>\n<p><b>1926<\/b>: Carlos Roberto Reina Idi\u00e1quez, pol\u00edtico hondure\u00f1o, presidente entre 1994 y 1998 (f. 2003).<\/p>\n<p><b>1927<\/b>: Alfredo Avel\u00edn, pol\u00edtico argentino (f. 2012).<\/p>\n<p><b>1929<\/b>: Peter Breck, actor estadounidense (f. 2012).<\/p>\n<p><b>1930<\/b>: G\u00fcnther Uecker, escultor alem\u00e1n.<\/p>\n<p><b>1931<\/b>: Rodrigo Rubio, escritor espa\u00f1ol (f. 2007).<\/p>\n<p><b>1935<\/b>: Leslie Parrish, actriz estadounidense.<\/p>\n<p><b>1937<\/b>: Antonio Betancort, futbolista espa\u00f1ol (f. 2015).<\/p>\n<p><b>1938<\/b>: Erma Franklin, cantante estadounidense de soul (f. 2002).<\/p>\n<p><b>1939<\/b>: Jan, historietista espa\u00f1ol.<\/p>\n<p><b>1939<\/b>: Neil Sedaka, cantautor y pianista estadounidense.<\/p>\n<p><b>1940<\/b>: Jos\u00e9 Enrique Sarabia, cantante, m\u00fasico, compositor, poeta, publicista, productor de televisi\u00f3n y asesor pol\u00edtico venezolano. (f. 2022).<\/p>\n<p><b>1940<\/b>: Alfonso Cortina, empresario espa\u00f1ol (f. 2020).<\/p>\n<p><b>1941<\/b>: Charo, guitarrista espa\u00f1ola.<\/p>\n<p><b>1941<\/b>: Mahmud Darwish, poeta y escritor palestino (f. 2008).<\/p>\n<p><b>1941<\/b>: Donella Meadows, cient\u00edfica ambientalista y escritora estadounidense (f. 2001).<\/p>\n<p><b>1941<\/b>: Manuel Reyes Mill\u00e1n ( el Pozi ), personaje televisivo gaditano (f.2012 ).<\/p>\n<p><b>1942<\/b>: Scatman John, cantante estadounidense (f. 1999).<\/p>\n<p><b>1942<\/b>: Jos\u00e9 Barrionuevo, pol\u00edtico espa\u00f1ol.<\/p>\n<p><b>1943<\/b>: Andr\u00e9 T\u00e9chin\u00e9, cineasta y guionista franc\u00e9s.<\/p>\n<p><b>1944<\/b>: B\u00e1rbara Mujica, actriz argentina (f. 1990).<\/p>\n<p><b>1945<\/b>: Anatoli Fomenko, matem\u00e1tico ruso.<\/p>\n<p><b>1945<\/b>: Esteban Mellino, actor y humorista argentino (f. 2008).<\/p>\n<p><b>1946<\/b>: Yonatan Netanyahu, militar israel\u00ed (f. 1976).<\/p>\n<p><b>1946<\/b>: Manolo Galv\u00e1n, cantante argentino de origen espa\u00f1ol (f. 2013).<\/p>\n<p><b>1949<\/b>: Julia Migenes, soprano estadounidense.<\/p>\n<p><b>1949<\/b>: Emmy Verhey, violinista neerlandesa.<\/p>\n<p><b>1950<\/b>: William H. Macy, actor estadounidense.<\/p>\n<p><b>1952<\/b>: Wolfgang Rihm, compositor alem\u00e1n.<\/p>\n<p><b>1953<\/b>: Ridley Pearson, escritor estadounidense.<\/p>\n<p><b>1953<\/b>: Deborah Raffin, actriz y productora estadounidense (f. 2012).<\/p>\n<p><b>1954<\/b>: Valerie Amos, pol\u00edtica y diplom\u00e1tica brit\u00e1nica.<\/p>\n<p><b>1955<\/b>: Bruno Conti, futbolista italiano.<\/p>\n<p><b>1955<\/b>: Glenne Headly, actriz estadounidense de cine y teatro (f. 2017).<\/p>\n<p><b>1956<\/b>: Dana Delany, actriz estadounidense.<\/p>\n<p><b>1958<\/b>: M\u00e1gico Gonz\u00e1lez, futbolista salvadore\u00f1o.<\/p>\n<p><b>1959<\/b>: Kathy Hilton, dise\u00f1adora de modas y actriz estadounidense.<\/p>\n<p><b>1959<\/b>: \u00cd\u00f1igo Liceranzu, futbolista espa\u00f1ol.<\/p>\n<p><b>1959<\/b>: Nancy E. Soderberg, abogada, asesora y lobista estadounidense.<\/p>\n<p><b>1960<\/b>: Jorge Sampaoli, entrenador argentino de f\u00fatbol.<\/p>\n<p><b>1960<\/b>: Adam Clayton, bajista y compositor brit\u00e1nico, de la banda U2.<\/p>\n<p><b>1960<\/b>: Joe Ranft, animador, actor de voz y guionista estadounidense (f. 2005).<\/p>\n<p><b>1960<\/b>: Claudia Ruffinatti, cantante y compositora argentina, de la banda Viuda e Hijas de Roque Enroll.<\/p>\n<p><b>1960<\/b>: Alonso Salazar, periodista y pol\u00edtico colombiano.<\/p>\n<p><b>1962<\/b>: Terence Blanchard, trompetista y compositor estadounidense.<\/p>\n<p><b>1963<\/b>: Fito P\u00e1ez, m\u00fasico y compositor argentino.<\/p>\n<p><b>1965<\/b>: Miquel Soler, futbolista espa\u00f1ol.<\/p>\n<p><b>1966<\/b>: Marcial \u00c1lvarez, actor espa\u00f1ol.<\/p>\n<p><b>1967<\/b>: Andr\u00e9s Escobar, futbolista colombiano (f. 1994).<\/p>\n<p><b>1968<\/b>: Pepe Rodr\u00edguez Rey, cocinero espa\u00f1ol.<\/p>\n<p><b>1970<\/b>: Ray Reyes, cantante puertorrique\u00f1o (f. 2021).<\/p>\n<p><b>1971<\/b>: Carme Chac\u00f3n, pol\u00edtica espa\u00f1ola (f. 2017).<\/p>\n<p><b>1971<\/b>: Annabeth Gish, actriz estadounidense.<\/p>\n<p><b>1972<\/b>: Common, rapero estadounidense, de la banda Soulquarians.<\/p>\n<p><b>1972<\/b>: Khujo, rapero estadounidense, de la banda Goodie Mob.<\/p>\n<p><b>1973<\/b>: Edgar Davids, futbolista neerland\u00e9s de origen surinam\u00e9s.<\/p>\n<p><b>1973<\/b>: David Draiman, m\u00fasico estadounidense, de la banda Disturbed.<\/p>\n<p><b>1974<\/b>: Thomas Enqvist, tenista sueco.<\/p>\n<p><b>1974<\/b>: Vampeta, futbolista brasile\u00f1o.<\/p>\n<p><b>1975<\/b>: Erika de La Vega, animadora venezolana.<\/p>\n<p><b>1976<\/b>: James Dewees, tecladista y cantautor estadounidense, de la banda The Get Up Kids.<\/p>\n<p><b>1976<\/b>: Troy Hudson, baloncestista estadounidense.<\/p>\n<p><b>1976<\/b>: Danny Masterson, actor estadounidense.<\/p>\n<p><b>1977<\/b>: Walter Gait\u00e1n, futbolista argentino.<\/p>\n<p><b>1977<\/b>: Brent Sancho, futbolista trinitense.<\/p>\n<p><b>1977<\/b>: Kay Tse, cantante, compositora y actriz de hongkonesa.<\/p>\n<p><b>1978<\/b>: Adriana Nieto, actriz mexicana.<\/p>\n<p><b>1978<\/b>: Tom Danielson, ciclista estadounidense.<\/p>\n<p><b>1979<\/b>: Johan Santana, beisbolista venezolano.<\/p>\n<p><b>1979<\/b>: Spanky G, m\u00fasico estadounidense, de la banda Bloodhound Gang.<\/p>\n<p><b>1979<\/b>: Arkadiusz G\u0142owacki, futbolista polaco.<\/p>\n<p><b>1979<\/b>: Gustavo Garc\u00eda Eugenio, futbolista espa\u00f1ol.<\/p>\n<p><b>1979<\/b>: Maher Al-Sayed, futbolista sirio.<\/p>\n<p><b>1980<\/b>: Caron Butler, baloncestista estadounidense.<\/p>\n<p><b>1980<\/b>: Kira Mir\u00f3, actriz y presentadora espa\u00f1ola.<\/p>\n<p><b>1981<\/b>: Toccara Jones, modelo y actriz estadounidense.<\/p>\n<p><b>1981<\/b>: Blas P\u00e9rez, futbolista paname\u00f1o.<\/p>\n<p><b>1981<\/b>: April Matson, actriz y cantante estadounidense.<\/p>\n<p><b>1982<\/b>: Lee Soo-kyung, actriz surcoreana.<\/p>\n<p><b>1982<\/b>: Gisela Mota Ocampo, pol\u00edtica mexicana (f. 2016).<\/p>\n<p><b>1984<\/b>: Steve Darcis, tenista belga.<\/p>\n<p><b>1984<\/b>: Marc Zwiebler, jugador alem\u00e1n de b\u00e1dminton.<\/p>\n<p><b>1984<\/b>: Juan Ram\u00f3n Rallo, economista espa\u00f1ol<\/p>\n<p><b>1985<\/b>: Alcides Ara\u00fajo Alves, futbolista brasile\u00f1o.<\/p>\n<p><b>1985<\/b>: Emile Hirsch, actor estadounidense<\/p>\n<p><b>1985<\/b>: Matt Jackson, luchador estadounidense<\/p>\n<p><b>1985<\/b>: Alfonso Dosal, actor mexicano.<\/p>\n<p><b>1987<\/b>: Marco Andretti, piloto estadounidense de carreras.<\/p>\n<p><b>1987<\/b>: Andreas Beck, futbolista alem\u00e1n.<\/p>\n<p><b>1989<\/b>: Holger Badstuber, futbolista alem\u00e1n.<\/p>\n<p><b>1989<\/b>: Marko Marin, futbolista alem\u00e1n.<\/p>\n<p><b>1991<\/b>: Eli Kim, cantante surcoreano, de la banda U-KISS.<\/p>\n<p><b>1991<\/b>: Tristan Thompson, baloncestista canadiense<\/p>\n<p><b>1991<\/b>: Kwon Nara, cantante y actriz surcoreana.<\/p>\n<p><b>1992<\/b>: Ozuna, actor y cantante puertorrique\u00f1o.<\/p>\n<p><b>1992<\/b>: Kaya Scodelario, actriz brit\u00e1nica.<\/p>\n<p><b>1992<\/b>: L, actor, cantante y bailar\u00edn surcoreano.<\/p>\n<p><b>1992<\/b>: Fran Sol, futbolista espa\u00f1ol.<\/p>\n<p><b>1992<\/b>: Luca Wackermann, ciclista italiano.<\/p>\n<p><b>1992<\/b>: Crislan, futbolista brasile\u00f1o.<\/p>\n<p><b>1993<\/b>: Yuya, youtuber mexicana.<\/p>\n<p><b>1994<\/b>: Gerard Deulofeu, futbolista espa\u00f1ol.<\/p>\n<p><b>1994<\/b>: Yannick Gerhardt, futbolista alem\u00e1n.<\/p>\n<p><b>1997<\/b>: R\u00faben Neves, futbolista portugu\u00e9s.<\/p>\n<p><b>1998<\/b>: Jay-Roy Grot, futbolista neerland\u00e9s.<\/p>\n<p><b>1998<\/b>: Luigi D&#8217;Ignazio, futbolista italiano.<\/p>\n<p><b>1998<\/b>: Michel Ries, ciclista luxemburgu\u00e9s.<\/p>\n<p><b>1999<\/b>: Kristian Thorstvedt, futbolista noruego.<\/p>\n<p><b>1999<\/b>: Vladimir N\u00fa\u00f1ez, periodista chileno.<\/p>\n<p><b>2001<\/b>: Beomgyu, cantante surcoreano, integrante del grupo surcoreano TXT.<\/p>\n<p><b>2001<\/b>: Micha\u0142 Karbownik, futbolista polaco.<\/p>\n<p><b>2001<\/b>: Alejandro Aller, futbolista congole\u00f1o.<\/p>\n<h2><span style=\"color: #ff0000\">Muertes<\/span><\/h2>\n<p><b>600<\/b>: Leandro de Sevilla, obispo espa\u00f1ol (n. 534).<\/p>\n<p><b>857<\/b>: San Rodrigo, m\u00e1rtir, santo espa\u00f1ol (n. \u00bf?).<\/p>\n<p><b>1229<\/b>: Blanca de Navarra, infanta de Navarra y condesa consorte de Champa\u00f1a (n. 1177).<\/p>\n<p><b>1395<\/b>: John Barbour, poeta escoc\u00e9s (n. 1320).<\/p>\n<p><b>1516<\/b>: Ladislao\u00a0II, rey bohemio (n. 1456).<\/p>\n<p><b>1569<\/b>: Luis I de Borb\u00f3n-Cond\u00e9, general hugonote franc\u00e9s (n. 1530).<\/p>\n<p><b>1573<\/b>: Michel de L&#8217;Hospital, estadista franc\u00e9s (n. 1507).<\/p>\n<p><b>1619<\/b>: Richard Burbage, actor brit\u00e1nico (n. 1567).<\/p>\n<p><b>1711<\/b>: Nicolas Boileau-Despr\u00e9aux, poeta, acad\u00e9mico y cr\u00edtico literario franc\u00e9s (n. 1636).<\/p>\n<p><b>1719<\/b>: Johann Friedrich B\u00f6ttger, qu\u00edmico alem\u00e1n (n. 1682).<\/p>\n<p><b>1767<\/b>: Mar\u00eda Josefa de Sajonia, arist\u00f3crata francesa (n. 1731).<\/p>\n<p><b>1773<\/b>: Philibert Commerson, naturalista y explorador franc\u00e9s (n. 1727).<\/p>\n<p><b>1808<\/b>: Cristi\u00e1n\u00a0VII, rey dinamarqu\u00e9s (n. 1749).<\/p>\n<p><b>1823<\/b>: John Jervis, almirante y pol\u00edtico ingl\u00e9s (n. 1735).<\/p>\n<p><b>1833<\/b>: William Bradley, teniente y cart\u00f3grafo ingl\u00e9s (n. 1757).<\/p>\n<p><b>1842<\/b>: Metralla Henry, general ingl\u00e9s (n. 1761).<\/p>\n<p><b>1851<\/b>: Karl Lachmann, fil\u00f3logo alem\u00e1n (n. 1793).<\/p>\n<p><b>1854<\/b>: Jean-Baptiste de Vill\u00e8le, pol\u00edtico franc\u00e9s, 6.\u00ba primer ministro (n. 1773).<\/p>\n<p><b>1873<\/b>: David Swinson Maynard, m\u00e9dico y empresario estadounidense (n. 1808).<\/p>\n<p><b>1877<\/b>: Crist\u00f3bal Oudrid, pianista, compositor de zarzuelas y director de orquesta espa\u00f1ol (n. 1825).<\/p>\n<p><b>1879<\/b>: Adolf Anderssen, ajedrecista alem\u00e1n (n. 1818).<\/p>\n<p><b>1880<\/b>: Thomas Bell, zo\u00f3logo cirujano y escritor brit\u00e1nico (n. 1792).<\/p>\n<p><b>1881<\/b>: Alejandro II, zar ruso (n. 1818).<\/p>\n<p><b>1885<\/b>: Titian Peale, naturalista, entom\u00f3logo y fot\u00f3grafo estadounidense (n. 1799).<\/p>\n<p><b>1885<\/b>: Giorgio Mitrovich, pol\u00edtico malt\u00e9s (n. 1795).<\/p>\n<p><b>1891<\/b>: Th\u00e9odore de Banville, escritor franc\u00e9s (n. 1823).<\/p>\n<p><b>1893<\/b>: Francesco Momo, anarquista italiano (n. 1863).<\/p>\n<p><b>1901<\/b>: Benjamin Harrison, pol\u00edtico estadounidense, 23.\u00ba presidente entre 1889 y 1893 (n. 1833).<\/p>\n<p><b>1901<\/b>: Fernand Pelloutier, anarquista y sindicalista franc\u00e9s (n. 1867).<\/p>\n<p><b>1906<\/b>: Susan B. Anthony, feminista estadounidense (n. 1820).<\/p>\n<p><b>1911<\/b>: John J. Toffey, teniente estadounidense (n. 1844).<\/p>\n<p><b>1916<\/b>: Jos\u00e9 Nicol\u00e1s Gonz\u00e1lez Balcarce, pol\u00edtico argentino (n. 1854).<\/p>\n<p><b>1918<\/b>: C\u00e9sar Cui, compositor y cr\u00edtico ruso, uno de los Cinco (n. 1835).<\/p>\n<p><b>1918<\/b>: Jos\u00e9 White, violinista, compositor y profesor afrocubano (n. 1836).<\/p>\n<p><b>1921<\/b>: Enrique Collazo, historiador, periodista y militar cubano (n. 1848), general del Ej\u00e9rcito Libertador.<\/p>\n<p><b>1925<\/b>: Lucille Ricksen, actriz estadounidense (n. 1910).<\/p>\n<p><b>1933<\/b>: Robert Innes, astr\u00f3nomo brit\u00e1nico (n. 1861).<\/p>\n<p><b>1938<\/b>: Clarence Darrow, abogado estadounidense (n. 1857).<\/p>\n<p><b>1938<\/b>: Nikol\u00e1i Bujarin, pol\u00edtico ruso (n. 1888).<\/p>\n<p><b>1938<\/b>: Cevat \u00c7obanl\u0131, general turco (n. 1870).<\/p>\n<p><b>1940<\/b>: La Jana, actriz y bailarina austroalemana (n. 1905).<\/p>\n<p><b>1941<\/b>: Elizabeth Madox Roberts, poeta y novelista estadounidense (n. 1881).<\/p>\n<p><b>1943<\/b>: Stephen Vincent Ben\u00e9t, escritor, poeta y novelista estadounidense (n. 1898).<\/p>\n<p><b>1953<\/b>: Isabel Chabela Villase\u00f1or, escultora y pintora mexicana. (n. 1909).<\/p>\n<p><b>1955<\/b>: Tribhuvan Bir Bikram Shah, rey nepal\u00ed, restaurador de la monarqu\u00eda (n. 1906).<\/p>\n<p><b>1957<\/b>: Jos\u00e9 Antonio Echeverr\u00eda, l\u00edder estudiantil cubano (n. 1932).<\/p>\n<p><b>1964<\/b>: Kitty Genovese, v\u00edctima de asesinato estadounidense (n. 1935).<\/p>\n<p><b>1965<\/b>: Corrado Gini, soci\u00f3logo italiano (n. 1884).<\/p>\n<p><b>1965<\/b>: Fan S. Noli, pol\u00edtico y obispo albano, 14.\u00ba primer ministro (n. 1882).<\/p>\n<p><b>1975<\/b>: Ivo Andri\u0107, escritor serbo-croata, premio Nobel de Literatura (n. 1892).<\/p>\n<p><b>1978<\/b>: John Cazale, actor de cine y teatro estadounidense (n. 1935).<\/p>\n<p><b>1980<\/b>: Lillian Ngoyi, activista sudafricana anti-apartheid, primera mujer en la ejecutiva del Congreso Nacional Africano (n. 1911).<\/p>\n<p><b>1983<\/b>: Louison Bobet, ciclista franc\u00e9s (n. 1925).<\/p>\n<p><b>1983<\/b>: Paul Citroen, ilustrador y educador germano-neerland\u00e9s (n. 1896).<\/p>\n<p><b>1985<\/b>: Jes\u00fas Silva Herzog, economista e historiador mexicano (n. 1892).<\/p>\n<p><b>1988<\/b>: John Holmes, actor pornogr\u00e1fico estadounidense (n. 1944).<\/p>\n<p><b>1990<\/b>: Bruno Bettelheim, psic\u00f3logo infantil y pedagogo jud\u00edo-estadounidense (n. 1903).<\/p>\n<p><b>1990<\/b>: Juan Antonio Vallejo-N\u00e1gera, escritor espa\u00f1ol (n. 1926).<\/p>\n<p><b>1994<\/b>: M\u00f3nica Santa Mar\u00eda, modelo y conductora de televisi\u00f3n peruana (n. 1972).<\/p>\n<p><b>1996<\/b>: Lucio Fulci, cineasta italiano (n. 1927).<\/p>\n<p><b>1996<\/b>: Krzysztof Kie\u015blowski, cineasta y guionista polaco (n. 1941).<\/p>\n<p><b>1998<\/b>: Hans von Ohain, ingeniero alem\u00e1n (n. 1911).<\/p>\n<p><b>1998<\/b>: Manuel Pacheco, poeta y prosista espa\u00f1ol (n. 1920).<\/p>\n<p><b>1998<\/b>: Bill Reid, artista canadiense (n. 1920).<\/p>\n<p><b>1999<\/b>: Lee Falk, historietista, cineasta y productor estadounidense (n. 1911).<\/p>\n<p><b>1999<\/b>: Bidu Say\u00e3o, soprano brasile\u00f1a (n. 1902).<\/p>\n<p><b>2002<\/b>: Carlos Castellano G\u00f3mez, compositor espa\u00f1ol.<\/p>\n<p><b>2002<\/b>: Hans-Georg Gadamer, fil\u00f3sofo alem\u00e1n (n. 1900).<\/p>\n<p><b>2003<\/b>: Carmen Gracia Tes\u00e1n, cantante espa\u00f1ola (n. 1914).<\/p>\n<p><b>2004<\/b>: Franz K\u00f6nig, cardenal austriaco (n. 1905).<\/p>\n<p><b>2005<\/b>: Andr\u00e9s Donoso, ingeniero chileno (n. 1927).<\/p>\n<p><b>2006<\/b>: Jimmy Johnstone, futbolista brit\u00e1nico (n. 1944).<\/p>\n<p><b>2006<\/b>: Maureen Stapleton, actriz estadounidense (n. 1925).<\/p>\n<p><b>2007<\/b>: Ana Casares, actriz argentina de origen polaco (n. 1930).<\/p>\n<p><b>2009<\/b>: Betsy Blair, actriz estadounidense (n. 1923).<\/p>\n<p><b>2009<\/b>: Andrew \u00abTest\u00bb Martin, luchador profesional canadiense (n. 1975).<\/p>\n<p><b>2010<\/b>: Jean Ferrat, cantautor y poeta franc\u00e9s (n. 1930).<\/p>\n<p><b>2010<\/b>: He Pingping, enano chino (n. 1988).<\/p>\n<p><b>2011<\/b>: Alejandro Mir\u00f3 Quesada, periodista peruano (n. 1915).<\/p>\n<p><b>2012<\/b>: Teresa P\u00e0mies, escritora espa\u00f1ola (n. 1919).<\/p>\n<p><b>2013<\/b>: W\u0142adys\u0142aw Stachurski, futbolista polaco (n. 1945).<\/p>\n<p><b>2013<\/b>: Malachi Throne, actor estadounidense (n. 1928).<\/p>\n<p><b>2014<\/b>: Ahmad Tejan Kabbah, pol\u00edtico sierraleon\u00e9s, presidente de Sierra Leona entre 1996-1997 y 1998-2007 (n. 1932).<\/p>\n<p><b>2015<\/b>: Daevid Allen, m\u00fasico australiano (n. 1938).<\/p>\n<p><b>2016<\/b>: Hilary Putnam, fil\u00f3sofo y matem\u00e1tico estadounidense (n. 1926).<\/p>\n<p><b>2017<\/b>: Ricardo de Sayn-Wittgenstein-Berleburg, arist\u00f3crata alem\u00e1n (n. 1934).<\/p>\n<p><b>2018<\/b>: Eduardo Colombo, m\u00e9dico y anarquista argentino (n. 1929).<\/p>\n<p><b>2021<\/b>: Marvin Hagler, boxeador estadounidense del peso mediano (n. 1954).<\/p>\n<p><b>2022<\/b>: William Hurt, actor estadounidense (n. 1950).<\/p>\n","protected":false},"excerpt":{"rendered":"<div class=\"mh-excerpt\"><p>Las efem\u00e9rides de hoy incluyen desde\u00a0acontecimientos afortunados y hasta dolorosas desgracias\u00a0que han marcado la historia, as\u00ed como los\u00a0nacimientos y fallecimientos\u00a0de grandes\u00a0cient\u00edficos, artistas, pensadores o l\u00edderes sociales\u00a0que alteraron el rumbo de la humanidad. Para que no <a class=\"mh-excerpt-more\" href=\"https:\/\/larevistadigital.com.ar\/blog\/esto-paso-un-dia-como-hoy-13-de-marzo\/\" title=\"ESTO PAS\u00d3 UN D\u00cdA COMO HOY, 13 DE MARZO\">[Leer M\u00e1s]<\/a><\/p>\n<\/div>","protected":false},"author":3,"featured_media":16747,"comment_status":"open","ping_status":"open","sticky":false,"template":"","format":"standard","meta":{"_jetpack_memberships_contains_paid_content":false,"footnotes":"","jetpack_publicize_message":"","jetpack_publicize_feature_enabled":true,"jetpack_social_post_already_shared":true,"jetpack_social_options":{"image_generator_settings":{"template":"highway","default_image_id":0,"font":"","enabled":false},"version":2}},"categories":[15],"tags":[],"class_list":{"0":"post-30589","1":"post","2":"type-post","3":"status-publish","4":"format-standard","5":"has-post-thumbnail","7":"category-cultura"},"jetpack_publicize_connections":[],"jetpack_featured_media_url":"https:\/\/i0.wp.com\/larevistadigital.com.ar\/blog\/wp-content\/uploads\/LOGO-EFEMERIDES.jpg?fit=1268%2C664&ssl=1","jetpack_sharing_enabled":true,"jetpack_shortlink":"https:\/\/wp.me\/p8qtrQ-7Xn","jetpack-related-posts":[{"id":40984,"url":"https:\/\/larevistadigital.com.ar\/blog\/efemerides-de-hoy-que-paso-un-20-de-agosto\/","url_meta":{"origin":30589,"position":0},"title":"Efem\u00e9rides de hoy: qu\u00e9 pas\u00f3 un 20 de agosto","author":"Alejandro Sosa Ruda","date":"20 agosto, 2025","format":false,"excerpt":"Las\u00a0efem\u00e9rides del 20 de agosto\u00a0re\u00fanen diferentes eventos que pasaron un d\u00eda como hoy, mi\u00e9rcoles en que\u00a0se celebra el\u00a0D\u00eda Mundial de la Papa Frita. La fecha honra un alimento que en rigor proviene de la zona andina de\u00a0Sudam\u00e9rica, especialmente\u00a0Bolivia\u00a0y\u00a0Per\u00fa, donde el tub\u00e9rculo se consume desde hace m\u00e1s de 7000 a\u00f1os. Pero\u2026","rel":"","context":"En \u00abCULTURA\u00bb","block_context":{"text":"CULTURA","link":"https:\/\/larevistadigital.com.ar\/blog\/category\/cultura\/"},"img":{"alt_text":"","src":"https:\/\/i0.wp.com\/larevistadigital.com.ar\/blog\/wp-content\/uploads\/LOGO-EFEMERIDES.jpg?fit=1200%2C628&ssl=1&resize=350%2C200","width":350,"height":200,"srcset":"https:\/\/i0.wp.com\/larevistadigital.com.ar\/blog\/wp-content\/uploads\/LOGO-EFEMERIDES.jpg?fit=1200%2C628&ssl=1&resize=350%2C200 1x, https:\/\/i0.wp.com\/larevistadigital.com.ar\/blog\/wp-content\/uploads\/LOGO-EFEMERIDES.jpg?fit=1200%2C628&ssl=1&resize=525%2C300 1.5x, https:\/\/i0.wp.com\/larevistadigital.com.ar\/blog\/wp-content\/uploads\/LOGO-EFEMERIDES.jpg?fit=1200%2C628&ssl=1&resize=700%2C400 2x, https:\/\/i0.wp.com\/larevistadigital.com.ar\/blog\/wp-content\/uploads\/LOGO-EFEMERIDES.jpg?fit=1200%2C628&ssl=1&resize=1050%2C600 3x"},"classes":[]},{"id":16777,"url":"https:\/\/larevistadigital.com.ar\/blog\/las-efemerides-de-un-dia-como-hoy-6-10\/","url_meta":{"origin":30589,"position":1},"title":"LAS EFEM\u00c9RIDES DE UN D\u00cdA COMO HOY&#8230;6\/10","author":"Alejandro Sosa Ruda","date":"6 octubre, 2020","format":false,"excerpt":"El D\u00eda del Circo 1858 -\u00a0Se celebra en esta fecha el D\u00eda del Circo,\u00a0debido al natalicio del uruguayo\u00a0Jos\u00e9 Juan\u00a0\"Pepe\"\u00a0Podest\u00e1, quien naci\u00f3 en la ciudad de Montevideo y supo desarrollar aqu\u00ed en nuestro pa\u00eds una inmensa tarea dentro de la actividad circense. A\u00f1os m\u00e1s tarde entra\u00f1ar\u00eda al payaso Pepino el 88,\u2026","rel":"","context":"En \u00abSOCIEDAD\u00bb","block_context":{"text":"SOCIEDAD","link":"https:\/\/larevistadigital.com.ar\/blog\/category\/sociedad\/"},"img":{"alt_text":"","src":"https:\/\/i0.wp.com\/larevistadigital.com.ar\/blog\/wp-content\/uploads\/LOGO-EFEMERIDES.jpg?fit=1200%2C628&ssl=1&resize=350%2C200","width":350,"height":200,"srcset":"https:\/\/i0.wp.com\/larevistadigital.com.ar\/blog\/wp-content\/uploads\/LOGO-EFEMERIDES.jpg?fit=1200%2C628&ssl=1&resize=350%2C200 1x, https:\/\/i0.wp.com\/larevistadigital.com.ar\/blog\/wp-content\/uploads\/LOGO-EFEMERIDES.jpg?fit=1200%2C628&ssl=1&resize=525%2C300 1.5x, https:\/\/i0.wp.com\/larevistadigital.com.ar\/blog\/wp-content\/uploads\/LOGO-EFEMERIDES.jpg?fit=1200%2C628&ssl=1&resize=700%2C400 2x, https:\/\/i0.wp.com\/larevistadigital.com.ar\/blog\/wp-content\/uploads\/LOGO-EFEMERIDES.jpg?fit=1200%2C628&ssl=1&resize=1050%2C600 3x"},"classes":[]},{"id":40698,"url":"https:\/\/larevistadigital.com.ar\/blog\/efemerides-que-sucedio-un-dia-como-hoy-1-de-agosto\/","url_meta":{"origin":30589,"position":2},"title":"Efem\u00e9rides: Qu\u00e9 sucedi\u00f3 un d\u00eda como hoy, 1\u00b0 de agosto&#8230;","author":"Alejandro Sosa Ruda","date":"1 agosto, 2025","format":false,"excerpt":"Este viernes 1\u00b0 de agosto es el D\u00eda de la Pachamama o de la Madre Tierra, entre otros eventos y aniversarios asociados a la fecha. 01 de Agosto de 2025 La fecha, que proviene de los pueblos originarios de varias naciones de\u00a0Am\u00e9rica Latina, consiste en una ofrenda a la\u00a0naturaleza\u00a0personificada como\u2026","rel":"","context":"En \u00abCULTURA\u00bb","block_context":{"text":"CULTURA","link":"https:\/\/larevistadigital.com.ar\/blog\/category\/cultura\/"},"img":{"alt_text":"","src":"https:\/\/i0.wp.com\/larevistadigital.com.ar\/blog\/wp-content\/uploads\/LOGO-EFEMERIDES.jpg?fit=1200%2C628&ssl=1&resize=350%2C200","width":350,"height":200,"srcset":"https:\/\/i0.wp.com\/larevistadigital.com.ar\/blog\/wp-content\/uploads\/LOGO-EFEMERIDES.jpg?fit=1200%2C628&ssl=1&resize=350%2C200 1x, https:\/\/i0.wp.com\/larevistadigital.com.ar\/blog\/wp-content\/uploads\/LOGO-EFEMERIDES.jpg?fit=1200%2C628&ssl=1&resize=525%2C300 1.5x, https:\/\/i0.wp.com\/larevistadigital.com.ar\/blog\/wp-content\/uploads\/LOGO-EFEMERIDES.jpg?fit=1200%2C628&ssl=1&resize=700%2C400 2x, https:\/\/i0.wp.com\/larevistadigital.com.ar\/blog\/wp-content\/uploads\/LOGO-EFEMERIDES.jpg?fit=1200%2C628&ssl=1&resize=1050%2C600 3x"},"classes":[]},{"id":26344,"url":"https:\/\/larevistadigital.com.ar\/blog\/efemerides-del-dia-de-hoy-5-7\/","url_meta":{"origin":30589,"position":3},"title":"EFEM\u00c9RIDES DEL D\u00cdA DE HOY (5\/7)","author":"Alejandro Sosa Ruda","date":"5 julio, 2022","format":false,"excerpt":"Nacimiento de Pink Floyd, Invasi\u00f3n inglesa, Elvis, Diego a N\u00e1poli y mucho m\u00e1s. 1964 - Se\u00a0funda en la capital brit\u00e1nica de Londres el famoso grupo de rock internacional\u00a0Pink Floyd. Los inicios de la banda tuvieron como protagonistas a figuras tales como\u00a0Rogers Waters\u00a0y el guitarrista\u00a0Syd Barret. El destacado grupo ingl\u00e9s grab\u00f3\u2026","rel":"","context":"En \u00abSin categor\u00eda\u00bb","block_context":{"text":"Sin categor\u00eda","link":"https:\/\/larevistadigital.com.ar\/blog\/category\/sin-categoria\/"},"img":{"alt_text":"","src":"https:\/\/i0.wp.com\/larevistadigital.com.ar\/blog\/wp-content\/uploads\/LOGO-EFEMERIDES.jpg?fit=1200%2C628&ssl=1&resize=350%2C200","width":350,"height":200,"srcset":"https:\/\/i0.wp.com\/larevistadigital.com.ar\/blog\/wp-content\/uploads\/LOGO-EFEMERIDES.jpg?fit=1200%2C628&ssl=1&resize=350%2C200 1x, https:\/\/i0.wp.com\/larevistadigital.com.ar\/blog\/wp-content\/uploads\/LOGO-EFEMERIDES.jpg?fit=1200%2C628&ssl=1&resize=525%2C300 1.5x, https:\/\/i0.wp.com\/larevistadigital.com.ar\/blog\/wp-content\/uploads\/LOGO-EFEMERIDES.jpg?fit=1200%2C628&ssl=1&resize=700%2C400 2x, https:\/\/i0.wp.com\/larevistadigital.com.ar\/blog\/wp-content\/uploads\/LOGO-EFEMERIDES.jpg?fit=1200%2C628&ssl=1&resize=1050%2C600 3x"},"classes":[]},{"id":40913,"url":"https:\/\/larevistadigital.com.ar\/blog\/efemerides-del-14-de-agosto-que-paso-un-dia-como-hoy\/","url_meta":{"origin":30589,"position":4},"title":"Efem\u00e9rides del 14 de agosto: qu\u00e9 pas\u00f3 un d\u00eda como hoy","author":"Alejandro Sosa Ruda","date":"14 agosto, 2025","format":false,"excerpt":"Este 14 de agosto las efem\u00e9rides cuentan el\u00a0D\u00eda del Cerealista, una celebraci\u00f3n argentina que\u00a0saluda a este sector en un nuevo aniversario del primer embarque de trigo al extranjero, que sucedi\u00f3\u00a0un d\u00eda como este en 1926. La fecha tambi\u00e9n es el cumplea\u00f1os de numerosas figuras como\u00a0la leyenda de la NBA \u201cMagic\u201d\u2026","rel":"","context":"En \u00abCULTURA\u00bb","block_context":{"text":"CULTURA","link":"https:\/\/larevistadigital.com.ar\/blog\/category\/cultura\/"},"img":{"alt_text":"","src":"https:\/\/i0.wp.com\/larevistadigital.com.ar\/blog\/wp-content\/uploads\/LOGO-EFEMERIDES.jpg?fit=1200%2C628&ssl=1&resize=350%2C200","width":350,"height":200,"srcset":"https:\/\/i0.wp.com\/larevistadigital.com.ar\/blog\/wp-content\/uploads\/LOGO-EFEMERIDES.jpg?fit=1200%2C628&ssl=1&resize=350%2C200 1x, https:\/\/i0.wp.com\/larevistadigital.com.ar\/blog\/wp-content\/uploads\/LOGO-EFEMERIDES.jpg?fit=1200%2C628&ssl=1&resize=525%2C300 1.5x, https:\/\/i0.wp.com\/larevistadigital.com.ar\/blog\/wp-content\/uploads\/LOGO-EFEMERIDES.jpg?fit=1200%2C628&ssl=1&resize=700%2C400 2x, https:\/\/i0.wp.com\/larevistadigital.com.ar\/blog\/wp-content\/uploads\/LOGO-EFEMERIDES.jpg?fit=1200%2C628&ssl=1&resize=1050%2C600 3x"},"classes":[]},{"id":40831,"url":"https:\/\/larevistadigital.com.ar\/blog\/efemerides-del-10-de-agosto-que-paso-un-dia-como-hoy\/","url_meta":{"origin":30589,"position":5},"title":"Efem\u00e9rides del 10 de agosto: \u00bfqu\u00e9 pas\u00f3 un d\u00eda como hoy?","author":"Alejandro Sosa Ruda","date":"10 agosto, 2025","format":false,"excerpt":"Las\u00a0efem\u00e9rides del 10 de agosto\u00a0re\u00fanen diferentes eventos que pasaron un d\u00eda como hoy, domingo en que se celebra el\u00a0D\u00eda de la Fuerza A\u00e9rea Argentina. La jornada conmemora la creaci\u00f3n en el a\u00f1o 1912 de la\u00a0Escuela de Aviaci\u00f3n Militar, situada por entonces en la localidad bonaerense de El Palomar. El presidente\u00a0Roque\u2026","rel":"","context":"En \u00abCULTURA\u00bb","block_context":{"text":"CULTURA","link":"https:\/\/larevistadigital.com.ar\/blog\/category\/cultura\/"},"img":{"alt_text":"","src":"https:\/\/i0.wp.com\/larevistadigital.com.ar\/blog\/wp-content\/uploads\/LOGO-EFEMERIDES.jpg?fit=1200%2C628&ssl=1&resize=350%2C200","width":350,"height":200,"srcset":"https:\/\/i0.wp.com\/larevistadigital.com.ar\/blog\/wp-content\/uploads\/LOGO-EFEMERIDES.jpg?fit=1200%2C628&ssl=1&resize=350%2C200 1x, https:\/\/i0.wp.com\/larevistadigital.com.ar\/blog\/wp-content\/uploads\/LOGO-EFEMERIDES.jpg?fit=1200%2C628&ssl=1&resize=525%2C300 1.5x, https:\/\/i0.wp.com\/larevistadigital.com.ar\/blog\/wp-content\/uploads\/LOGO-EFEMERIDES.jpg?fit=1200%2C628&ssl=1&resize=700%2C400 2x, https:\/\/i0.wp.com\/larevistadigital.com.ar\/blog\/wp-content\/uploads\/LOGO-EFEMERIDES.jpg?fit=1200%2C628&ssl=1&resize=1050%2C600 3x"},"classes":[]}],"_links":{"self":[{"href":"https:\/\/larevistadigital.com.ar\/blog\/wp-json\/wp\/v2\/posts\/30589","targetHints":{"allow":["GET"]}}],"collection":[{"href":"https:\/\/larevistadigital.com.ar\/blog\/wp-json\/wp\/v2\/posts"}],"about":[{"href":"https:\/\/larevistadigital.com.ar\/blog\/wp-json\/wp\/v2\/types\/post"}],"author":[{"embeddable":true,"href":"https:\/\/larevistadigital.com.ar\/blog\/wp-json\/wp\/v2\/users\/3"}],"replies":[{"embeddable":true,"href":"https:\/\/larevistadigital.com.ar\/blog\/wp-json\/wp\/v2\/comments?post=30589"}],"version-history":[{"count":1,"href":"https:\/\/larevistadigital.com.ar\/blog\/wp-json\/wp\/v2\/posts\/30589\/revisions"}],"predecessor-version":[{"id":30590,"href":"https:\/\/larevistadigital.com.ar\/blog\/wp-json\/wp\/v2\/posts\/30589\/revisions\/30590"}],"wp:featuredmedia":[{"embeddable":true,"href":"https:\/\/larevistadigital.com.ar\/blog\/wp-json\/wp\/v2\/media\/16747"}],"wp:attachment":[{"href":"https:\/\/larevistadigital.com.ar\/blog\/wp-json\/wp\/v2\/media?parent=30589"}],"wp:term":[{"taxonomy":"category","embeddable":true,"href":"https:\/\/larevistadigital.com.ar\/blog\/wp-json\/wp\/v2\/categories?post=30589"},{"taxonomy":"post_tag","embeddable":true,"href":"https:\/\/larevistadigital.com.ar\/blog\/wp-json\/wp\/v2\/tags?post=30589"}],"curies":[{"name":"wp","href":"https:\/\/api.w.org\/{rel}","templated":true}]}}