{"id":30596,"date":"2023-03-15T12:32:50","date_gmt":"2023-03-15T12:32:50","guid":{"rendered":"https:\/\/larevistadigital.com.ar\/blog\/?p=30596"},"modified":"2023-03-15T12:32:50","modified_gmt":"2023-03-15T12:32:50","slug":"esto-paso-un-dia-como-hoy-15-de-marzo","status":"publish","type":"post","link":"https:\/\/larevistadigital.com.ar\/blog\/esto-paso-un-dia-como-hoy-15-de-marzo\/","title":{"rendered":"ESTO PAS\u00d3 UN D\u00cdA COMO HOY, 15 DE MARZO&#8230;"},"content":{"rendered":"<p class=\"paragraph\" data-mrf-recirculation=\"Links inline\">Para que no olvides los hechos m\u00e1s importantes que est\u00e1n por conmemorarse, ac\u00e1 te presentamos\u00a0<b>las efem\u00e9rides m\u00e1s relevantes de este 15 de marzo<\/b>.<\/p>\n<p class=\"paragraph\" data-mrf-recirculation=\"Links inline\"><b>1493<\/b>: En Espa\u00f1a, Crist\u00f3bal Col\u00f3n, con los hermanos Pinz\u00f3n y sus hombres, desembarca en el puerto de Palos de la Frontera tras su primer viaje a Am\u00e9rica.<\/p>\n<p class=\"paragraph\" data-mrf-recirculation=\"Links inline\"><b>1530<\/b>: En Jalisco (M\u00e9xico) el militar espa\u00f1ol Nu\u00f1o de Guzm\u00e1n conquista el cacicazgo de Ocotl\u00e1n.<\/p>\n<p class=\"paragraph\" data-mrf-recirculation=\"Links inline\"><b>1552<\/b>: En Puebla (M\u00e9xico) se refunda la aldea de Teziutl\u00e1n.<\/p>\n<p class=\"paragraph\" data-mrf-recirculation=\"Links inline\"><b>1720<\/b>: En Per\u00fa, la villa de Sa\u00f1a es destruida por una inundaci\u00f3n.<\/p>\n<p class=\"paragraph\" data-mrf-recirculation=\"Links inline\"><b>1750<\/b>: En la Ciudad de M\u00e9xico, el visitador de las provincias y exgobernador de la provincia de Sonora y Sinaloa Jos\u00e9 Rafael Rodr\u00edguez Gallardo, presenta su informe.<\/p>\n<p class=\"paragraph\" data-mrf-recirculation=\"Links inline\"><b>1781<\/b>: En la Guerra de Independencia de Estados Unidos, se libra la Batalla de Guilford Court House, cerca de la actual Greensboro, Carolina del Norte, en el que 1900 tropas brit\u00e1nicas bajo el mando del general Charles Cornwallis derrotan a una fuerza estadounidense mixta de un total de 4.400 soldados en una victoria p\u00edrrica.<\/p>\n<p class=\"paragraph\" data-mrf-recirculation=\"Links inline\"><b>1814<\/b>: En el R\u00edo de la Plata, frente a Buenos Aires, las Provincias Unidas del R\u00edo de la Plata vencen a los espa\u00f1oles en el combate de la isla Mart\u00edn Garc\u00eda.<\/p>\n<p class=\"paragraph\" data-mrf-recirculation=\"Links inline\"><b>1825<\/b>: En Oaxaca (M\u00e9xico) se funda la aldea de San Juan Bautista Tuxtepec.<\/p>\n<p class=\"paragraph\" data-mrf-recirculation=\"Links inline\"><b>1827<\/b>: En Canad\u00e1, se fund\u00f3 la Universidad de Toronto.<\/p>\n<p class=\"paragraph\" data-mrf-recirculation=\"Links inline\"><b>1831<\/b>: En M\u00e9xico, Tom\u00e1s Escalante toma posesi\u00f3n como gobernador del estado de Sonora.<\/p>\n<p class=\"paragraph\" data-mrf-recirculation=\"Links inline\"><b>1840<\/b>: En Eslovenia, el profesor cristiano Jakob Lorber comienza a escribir lo que le dictan las voces que oye en su interior.<\/p>\n<p class=\"paragraph\" data-mrf-recirculation=\"Links inline\"><b>1858<\/b>: En Espa\u00f1a se inaugura oficialmente la l\u00ednea ferroviaria Madrid-Alicante.<\/p>\n<p class=\"paragraph\" data-mrf-recirculation=\"Links inline\"><b>1878<\/b>: En Mangos de Baragu\u00e1, el mayor general cubano Antonio Maceo y Grajales sostiene una entrevista (conocida como la Protesta de Baragu\u00e1) con el general espa\u00f1ol Arsenio Mart\u00ednez Campos.<\/p>\n<p class=\"paragraph\" data-mrf-recirculation=\"Links inline\"><b>1892<\/b>: En Liverpool (Inglaterra) se funda el equipo de f\u00fatbol Liverpool F. C.<\/p>\n<p class=\"paragraph\" data-mrf-recirculation=\"Links inline\"><b>1904<\/b>: En la ciudad de C\u00f3rdoba (Argentina), el doctor Silvestre Remonda funda el diario La Voz del Interior.<\/p>\n<p class=\"paragraph\" data-mrf-recirculation=\"Links inline\"><b>1913<\/b>: En Buenos Aires (Argentina) se funda el Club Atl\u00e9tico All Boys.<\/p>\n<p class=\"paragraph\" data-mrf-recirculation=\"Links inline\"><b>1913<\/b>: En Uruguay se funda el Club Atl\u00e9tico Defensor.<\/p>\n<p class=\"paragraph\" data-mrf-recirculation=\"Links inline\"><b>1916<\/b>: El presidente estadounidense Woodrow Wilson env\u00eda 12\u00a0000 soldados estadounidenses al otro lado de la frontera mexicana en busca de Pancho Villa.<\/p>\n<p class=\"paragraph\" data-mrf-recirculation=\"Links inline\"><b>1917<\/b>: Abdicaci\u00f3n del zar Nicol\u00e1s II (2 de marzo seg\u00fan el calendario juliano vigente entonces en Rusia). Rusia se convierte en rep\u00fablica.<\/p>\n<p class=\"paragraph\" data-mrf-recirculation=\"Links inline\"><b>1922<\/b>: El Partido Comunista de Espa\u00f1a celebra su primer congreso, donde se elige como secretario general a Antonio Garc\u00eda Quejido.<\/p>\n<p class=\"paragraph\" data-mrf-recirculation=\"Links inline\"><b>1931<\/b>: En la ciudad de Buenos Aires se funda el Club Atl\u00e9tico Correos y Tel\u00e9grafos, predecesor del actual Club Comunicaciones.<\/p>\n<p class=\"paragraph\" data-mrf-recirculation=\"Links inline\"><b>1939<\/b>: Checoslovaquia pasa a ser \u00abprotectorado alem\u00e1n\u00bb de Bohemia y Moravia tras la ocupaci\u00f3n de Praga por los nazis.<\/p>\n<p class=\"paragraph\" data-mrf-recirculation=\"Links inline\"><b>1945<\/b>: En la Ciudad de Guatemala, asume la presidencia el pedagogo y fil\u00f3sofo Juan Jos\u00e9 Ar\u00e9valo.<\/p>\n<p class=\"paragraph\" data-mrf-recirculation=\"Links inline\"><b>1951<\/b>: En la Ciudad de Guatemala, asume la presidencia, el militar y nacionalista Jacobo \u00c1rbenz, que ser\u00e1 derrocado por la CIA estadounidense.<\/p>\n<p class=\"paragraph\" data-mrf-recirculation=\"Links inline\"><b>1952<\/b>: En Cilaos (isla Reuni\u00f3n, en el oc\u00e9ano \u00cdndico) se registra la lluvia m\u00e1s abundante en 24\u00a0h (desde que se lleva registro cient\u00edfico): 1870\u00a0mm.<\/p>\n<p class=\"paragraph\" data-mrf-recirculation=\"Links inline\"><b>1957<\/b>: En Santo Domingo se aprueban los estatutos de la Oficina de Educaci\u00f3n Iberoamericana (OEI).<\/p>\n<p class=\"paragraph\" data-mrf-recirculation=\"Links inline\"><b>1960<\/b>: Nicolae Steinhardt es bautizado cristiano ortodoxo.<\/p>\n<p class=\"paragraph\" data-mrf-recirculation=\"Links inline\"><b>1961<\/b>: En la Conferencia de Primeros Ministros de la Commonwealth de 1961, Sud\u00e1frica anuncia que se retirar\u00e1 de la Commonwealth cuando entre en vigor la Constituci\u00f3n de Sud\u00e1frica de 1961.<\/p>\n<p class=\"paragraph\" data-mrf-recirculation=\"Links inline\"><b>1970<\/b>: Jos\u00e9 Jos\u00e9 presenta la canci\u00f3n El triste en el Festival OTI de la Canci\u00f3n.<\/p>\n<p class=\"paragraph\" data-mrf-recirculation=\"Links inline\"><b>1971<\/b>: En Buenos Aires, la banda Vox Dei edita el \u00e1lbum La Biblia, considerado uno de los pilares del rock argentino.<\/p>\n<p class=\"paragraph\" data-mrf-recirculation=\"Links inline\"><b>1972<\/b>: Se estrena la pel\u00edcula de g\u00e1nsteres italoestadounidenses El padrino, ganadora de premios \u00d3scar a mejor pel\u00edcula, mejor actor y mejor guion adaptado.<\/p>\n<p class=\"paragraph\" data-mrf-recirculation=\"Links inline\"><b>1985<\/b>: En Brasil termina la dictadura militar.<\/p>\n<p class=\"paragraph\" data-mrf-recirculation=\"Links inline\"><b>1986<\/b>: Se produce el acoplamiento a la estaci\u00f3n orbital Mir de la nave espacial sovi\u00e9tica Soyuz T-15.<\/p>\n<p class=\"paragraph\" data-mrf-recirculation=\"Links inline\"><b>1990<\/b>: En Brasil, Fernando Collor de Mello es investido presidente.<\/p>\n<p class=\"paragraph\" data-mrf-recirculation=\"Links inline\"><b>1992<\/b>: En Catalu\u00f1a, CiU obtiene, por tercera vez consecutiva, la mayor\u00eda absoluta en las elecciones al Parlamento.<\/p>\n<p class=\"paragraph\" data-mrf-recirculation=\"Links inline\"><b>1992<\/b>: La agrupaci\u00f3n de Rock R.E.M publica su sencillo \u00bb Everybody Hurts\u00bb de su \u00e1lbum \u00abAutomatic for the people\u00bb, alcanz\u00f3 el lugar 29 en la lista Billboard de Estados Unidos y el lugar 7 en Reino Unido<\/p>\n<p class=\"paragraph\" data-mrf-recirculation=\"Links inline\"><b>1994<\/b>: Estados Unidos y Rusia llegan a un acuerdo para permitir la supervisi\u00f3n mutua del desmantelamiento de su armamento nuclear.<\/p>\n<p class=\"paragraph\" data-mrf-recirculation=\"Links inline\"><b>1994<\/b>: El asteroide 1994 ES1 pasa a 165\u00a000\u00a0km de la Tierra, casi la mitad de la distancia que existe entre nuestro planeta y la Luna.<\/p>\n<p class=\"paragraph\" data-mrf-recirculation=\"Links inline\"><b>1995<\/b>: En la ciudad argentina de San Nicol\u00e1s (provincia de Buenos Aires) en un supuesto atentado en un helic\u00f3ptero fallecen Carlos Facundo Menem (hijo del presidente Carlos Sa\u00fal Menem) y el corredor Silvio Oltra.<\/p>\n<p class=\"paragraph\" data-mrf-recirculation=\"Links inline\"><b>1995<\/b>: En Bolivia es capturado el exdictador militar Luis Garc\u00eda Meza, responsable de m\u00e1s de 500\u00a0asesinatos, entre otros actos terroristas, como la Masacre de la Calle Harrington (en La Paz).<\/p>\n<p class=\"paragraph\" data-mrf-recirculation=\"Links inline\"><b>1996<\/b>: En Guinea Ecuatorial, el presidente Teodoro Obiang es investido jefe de Estado.<\/p>\n<p class=\"paragraph\" data-mrf-recirculation=\"Links inline\"><b>1999<\/b>: En Espa\u00f1a, Carlos Moy\u00e1 se convierte en el primer espa\u00f1ol en alcanzar el puesto n\u00famero uno de la ATP.<\/p>\n<p class=\"paragraph\" data-mrf-recirculation=\"Links inline\"><b>2003<\/b>: 31 minutos se estrena por las pantallas de TVN.<\/p>\n<p class=\"paragraph\" data-mrf-recirculation=\"Links inline\"><b>2003<\/b>: Hu Jintao es nombrado presidente de la Rep\u00fablica Popular China.<\/p>\n<p class=\"paragraph\" data-mrf-recirculation=\"Links inline\"><b>2005<\/b>: RBD lanza el tercer sencillo de su \u00e1lbum debut (Rebelde), S\u00e1lvame<\/p>\n<p class=\"paragraph\" data-mrf-recirculation=\"Links inline\"><b>2005<\/b>: Lanzamiento del \u00e1lbum \u00abGatillazo\u00bb del grupo de punk espa\u00f1ol Gatillazo.<\/p>\n<p class=\"paragraph\" data-mrf-recirculation=\"Links inline\"><b>2009<\/b>: Elecciones presidenciales en El Salvador, ganadas por Mauricio Funes del FMLN.<\/p>\n<p class=\"paragraph\" data-mrf-recirculation=\"Links inline\"><b>2010<\/b>: Cierran sus puertas los estudios de animaci\u00f3n y efectos especiales C.O.R.E. Digital Pictures, en Canad\u00e1.<\/p>\n<p class=\"paragraph\" data-mrf-recirculation=\"Links inline\"><b>2011<\/b>: Comienza la Guerra Civil Siria.<\/p>\n<p class=\"paragraph\" data-mrf-recirculation=\"Links inline\"><b>2014<\/b>: El Papa Francisco designa como III Obispo de la Di\u00f3cesis de Ciudad Quesada en Costa Rica al presb\u00edtero Jos\u00e9 Manuel Garita Herrera.<\/p>\n<p class=\"paragraph\" data-mrf-recirculation=\"Links inline\"><b>2019<\/b>: El cicl\u00f3n Idai toc\u00f3 tierra en Mozambique, causando al menos 205 muertes y causando inundaciones masivas y cortes de energ\u00eda en el sur de \u00c1frica.<\/p>\n<p class=\"paragraph\" data-mrf-recirculation=\"Links inline\"><b>2019<\/b>: 50 personas murieron y otras 50 resultaron heridas en ataques terroristas contra dos mezquitas en Christchurch, Nueva Zelanda.<\/p>\n<p class=\"paragraph\" data-mrf-recirculation=\"Links inline\"><b>2020<\/b>: En Espa\u00f1a, entra en vigor el estado de alarma debido al pandemia del COVID-19 y la poblaci\u00f3n queda confinada; 31 d\u00edas despu\u00e9s de la primera muerte con esta enfermedad en Valencia, el 13 de febrero.<\/p>\n<p class=\"paragraph\" data-mrf-recirculation=\"Links inline\"><b>2020<\/b>: En Guatemala se decreta \u00abCuarentena Nacional\u00bb por prevenci\u00f3n al Coronavirus.<\/p>\n<p class=\"paragraph\" data-mrf-recirculation=\"Links inline\"><b>2020<\/b>: En Per\u00fa, el presidente Mart\u00edn Vizcarra decreta el confinamiento nacional por casos de COVID-19.<\/p>\n<h2 class=\"header\"><span style=\"color: #ff0000\">Nacimientos<\/span><\/h2>\n<p class=\"paragraph\" data-mrf-recirculation=\"Links inline\"><b>938<\/b>: Romano II, emperador bizantino (f. 963).<\/p>\n<p class=\"paragraph\" data-mrf-recirculation=\"Links inline\"><b>1455<\/b>: Pietro Accolti, cardenal italiano (f. 1532).<\/p>\n<p class=\"paragraph\" data-mrf-recirculation=\"Links inline\"><b>1493<\/b>: Anne de Montmorency, condestable franc\u00e9s (f. 1567).<\/p>\n<p class=\"paragraph\" data-mrf-recirculation=\"Links inline\"><b>1591<\/b>: Alexandre de Rhodes, misionero jesuita franc\u00e9s (f. 1660).<\/p>\n<p class=\"paragraph\" data-mrf-recirculation=\"Links inline\"><b>1638<\/b>: Shunzhi, emperador chino de la dinast\u00eda Qing (f. 1661).<\/p>\n<p class=\"paragraph\" data-mrf-recirculation=\"Links inline\"><b>1666<\/b>: George B\u00e4hr, arquitecto alem\u00e1n (f. 1738).<\/p>\n<p class=\"paragraph\" data-mrf-recirculation=\"Links inline\"><b>1713<\/b>: Nicolas Louis de Lacaille, astr\u00f3nomo franc\u00e9s (f. 1762).<\/p>\n<p class=\"paragraph\" data-mrf-recirculation=\"Links inline\"><b>1738<\/b>: Cesare Beccaria, fil\u00f3sofo jurista italiano (f. 1794).<\/p>\n<p class=\"paragraph\" data-mrf-recirculation=\"Links inline\"><b>1767<\/b>: Andrew Jackson, 7.\u00ba presidente estadounidense (f. 1845).<\/p>\n<p class=\"paragraph\" data-mrf-recirculation=\"Links inline\"><b>1775<\/b>: Juan Bautista Arismendi, general y pr\u00f3cer venezolano (f. 1841).<\/p>\n<p class=\"paragraph\" data-mrf-recirculation=\"Links inline\"><b>1779<\/b>: William Lamb, primer ministro brit\u00e1nico (f. 1848).<\/p>\n<p class=\"paragraph\" data-mrf-recirculation=\"Links inline\"><b>1790<\/b>: Nicola Vaccai, compositor italiano (f. 1848).<\/p>\n<p class=\"paragraph\" data-mrf-recirculation=\"Links inline\"><b>1809<\/b>: Joseph Jenkins Roberts, presidente liberiano (f. 1876).<\/p>\n<p class=\"paragraph\" data-mrf-recirculation=\"Links inline\"><b>1813<\/b>: John Snow, m\u00e9dico brit\u00e1nico (f. 1858).<\/p>\n<p class=\"paragraph\" data-mrf-recirculation=\"Links inline\"><b>1813<\/b>: Johann Josef Loschmidt, f\u00edsico y qu\u00edmico austriaco (f. 1895).<\/p>\n<p class=\"paragraph\" data-mrf-recirculation=\"Links inline\"><b>1825<\/b>: An\u00edbal Pinto Garmendia, pol\u00edtico chileno (f. 1884).<\/p>\n<p class=\"paragraph\" data-mrf-recirculation=\"Links inline\"><b>1830<\/b>: Paul von Heyse, escritor alem\u00e1n, premio nobel de literatura en 1910 (f. 1914).<\/p>\n<p class=\"paragraph\" data-mrf-recirculation=\"Links inline\"><b>1830<\/b>: Elis\u00e9e Reclus, ge\u00f3grafo y anarquista franc\u00e9s, miembro de la Primera Internacional (f. 1905).<\/p>\n<p class=\"paragraph\" data-mrf-recirculation=\"Links inline\"><b>1831<\/b>: Daniel Comboni, misionero italiano (f. 1881).<\/p>\n<p class=\"paragraph\" data-mrf-recirculation=\"Links inline\"><b>1835<\/b>: Eduard Strauss, compositor y maestro de capilla austriaco (f. 1916).<\/p>\n<p class=\"paragraph\" data-mrf-recirculation=\"Links inline\"><b>1851<\/b>: Carolina Micha\u00eblis de Vasconcelos, fil\u00f3loga, medievalista y escritora alemana-portuguesa (f. 1925).<\/p>\n<p class=\"paragraph\" data-mrf-recirculation=\"Links inline\"><b>1852<\/b>: Lady Gregory, escritora irlandesa (f. 1932).<\/p>\n<p class=\"paragraph\" data-mrf-recirculation=\"Links inline\"><b>1854<\/b>: Emil Adolf von Behring, bacteri\u00f3logo alem\u00e1n, premio nobel de medicina en 1901 (f. 1917).<\/p>\n<p class=\"paragraph\" data-mrf-recirculation=\"Links inline\"><b>1857<\/b>: Christian Michelsen, primer ministro noruego (f. 1925).<\/p>\n<p class=\"paragraph\" data-mrf-recirculation=\"Links inline\"><b>1858<\/b>: Liberty Hyde Bailey, bot\u00e1nico estadounidense (f. 1954).<\/p>\n<p class=\"paragraph\" data-mrf-recirculation=\"Links inline\"><b>1868<\/b>: Grace Chisholm Young, matem\u00e1tica inglesa (f. 1944).<\/p>\n<p class=\"paragraph\" data-mrf-recirculation=\"Links inline\"><b>1869<\/b>: Stanis\u0142aw Wojciechowski, presidente polaco (f. 1953).<\/p>\n<p class=\"paragraph\" data-mrf-recirculation=\"Links inline\"><b>1869<\/b>: Teodoro Llorente Falc\u00f3, periodista y escritor espa\u00f1ol (f. 1949).<\/p>\n<p class=\"paragraph\" data-mrf-recirculation=\"Links inline\"><b>1870<\/b>: Heriberto Fr\u00edas, militar, periodista y novelista mexicano (f. 1925).<\/p>\n<p class=\"paragraph\" data-mrf-recirculation=\"Links inline\"><b>1872<\/b>: Alfredo Solf y Muro, pol\u00edtico y diplom\u00e1tico peruano (f. 1969).<\/p>\n<p class=\"paragraph\" data-mrf-recirculation=\"Links inline\"><b>1874<\/b>: Harold L. Ickes, pol\u00edtico estadounidense (f. 1952).<\/p>\n<p class=\"paragraph\" data-mrf-recirculation=\"Links inline\"><b>1882<\/b>: Jim Lightbody, atleta estadounidense (f. 1953).<\/p>\n<p class=\"paragraph\" data-mrf-recirculation=\"Links inline\"><b>1883<\/b>: Josefa \u00dariz Pi, maestra, pedagoga y activista pol\u00edtica espa\u00f1ola (f. 1958).<\/p>\n<p class=\"paragraph\" data-mrf-recirculation=\"Links inline\"><b>1889<\/b>: Gerda Wegener, pintora danesa (f. 1940).<\/p>\n<p class=\"paragraph\" data-mrf-recirculation=\"Links inline\"><b>1890<\/b>: Ignacio As\u00fansolo, escultor mexicano (f. 1965).<\/p>\n<p class=\"paragraph\" data-mrf-recirculation=\"Links inline\"><b>1894<\/b>: Rose Pauly, soprano h\u00fangara (f. 1975).<\/p>\n<p class=\"paragraph\" data-mrf-recirculation=\"Links inline\"><b>1895<\/b>: Juan Alfonso Carrizo, escritor argentino (f. 1957).<\/p>\n<p class=\"paragraph\" data-mrf-recirculation=\"Links inline\"><b>1899<\/b>: George Brent, actor estadounidense (f. 1979).<\/p>\n<p class=\"paragraph\" data-mrf-recirculation=\"Links inline\"><b>1900<\/b>: Gilberto Freyre, soci\u00f3logo y escritor brasile\u00f1o (f. 1987).<\/p>\n<p class=\"paragraph\" data-mrf-recirculation=\"Links inline\"><b>1900<\/b>: Ernst Neufert, arquitecto alem\u00e1n (f. 1986).<\/p>\n<p class=\"paragraph\" data-mrf-recirculation=\"Links inline\"><b>1900<\/b>: Wolfgang Schadewaldt, fil\u00f3logo alem\u00e1n (f. 1974).<\/p>\n<p class=\"paragraph\" data-mrf-recirculation=\"Links inline\"><b>1902<\/b>: Henri Saint Cyr, jinete sueco (f. 1979).<\/p>\n<p class=\"paragraph\" data-mrf-recirculation=\"Links inline\"><b>1902<\/b>: Roberto T\u00e1lice, periodista, autor, cr\u00edtico de cine, dramaturgo y escritor uruguayo (f. 1999).<\/p>\n<p class=\"paragraph\" data-mrf-recirculation=\"Links inline\"><b>1905<\/b>: Berthold von Stauffenberg, abogado y opositor nazi alem\u00e1n (f. 1944).<\/p>\n<p class=\"paragraph\" data-mrf-recirculation=\"Links inline\"><b>1906<\/b>: Antoni Campa\u00f1\u00e0 Bandranas, fot\u00f3grafo catal\u00e1n (f. 1989).<\/p>\n<p class=\"paragraph\" data-mrf-recirculation=\"Links inline\"><b>1907<\/b>: Zarah Leander, actriz y cantante sueca (f. 1981).<\/p>\n<p class=\"paragraph\" data-mrf-recirculation=\"Links inline\"><b>1908<\/b>: Diego del Gastor, guitarrista espa\u00f1ol (f. 1973).<\/p>\n<p class=\"paragraph\" data-mrf-recirculation=\"Links inline\"><b>1908<\/b>: Maurice Merleau-Ponty, fil\u00f3sofo franc\u00e9s.<\/p>\n<p class=\"paragraph\" data-mrf-recirculation=\"Links inline\"><b>1912<\/b>: Louis Paul Boon, novelista y periodista flamenco (f. 1979).<\/p>\n<p class=\"paragraph\" data-mrf-recirculation=\"Links inline\"><b>1912<\/b>: Lightnin&#8217; Hopkins, m\u00fasico estadounidense (f. 1982).<\/p>\n<p class=\"paragraph\" data-mrf-recirculation=\"Links inline\"><b>1913<\/b>: Man\u00e9 Bernardo, artista pl\u00e1stica, directora de teatro y titiritera argentina (f. 1991).<\/p>\n<p class=\"paragraph\" data-mrf-recirculation=\"Links inline\"><b>1913<\/b>: Macdonald Carey, actor estadounidense (f. 1994).<\/p>\n<p class=\"paragraph\" data-mrf-recirculation=\"Links inline\"><b>1913<\/b>: Rosita Contreras, actriz argentina (f. 1962).<\/p>\n<p class=\"paragraph\" data-mrf-recirculation=\"Links inline\"><b>1913<\/b>: Ram\u00f3n Gabilondo, futbolista espa\u00f1ol (f. 2004).<\/p>\n<p class=\"paragraph\" data-mrf-recirculation=\"Links inline\"><b>1914<\/b>: Joe E. Ross, c\u00f3mico estadounidense (f. 1982).<\/p>\n<p class=\"paragraph\" data-mrf-recirculation=\"Links inline\"><b>1916<\/b>: Harry James, director de big band y trompetista estadounidense (f. 1983).<\/p>\n<p class=\"paragraph\" data-mrf-recirculation=\"Links inline\"><b>1916<\/b>: Blas de Otero, poeta espa\u00f1ol (f. 1979).<\/p>\n<p class=\"paragraph\" data-mrf-recirculation=\"Links inline\"><b>1918<\/b>: Richard Ellmann, bi\u00f3grafo estadounidense (f. 1987).<\/p>\n<p class=\"paragraph\" data-mrf-recirculation=\"Links inline\"><b>1919<\/b>: Lawrence Tierney, actor estadounidense (f. 2002).<\/p>\n<p class=\"paragraph\" data-mrf-recirculation=\"Links inline\"><b>1920<\/b>: Lawrence Sanders, escritor estadounidense (f. 1998).<\/p>\n<p class=\"paragraph\" data-mrf-recirculation=\"Links inline\"><b>1920<\/b>: Edward Donnall Thomas, m\u00e9dico estadounidense, premio nobel de medicina en 1990 (f. 2012).<\/p>\n<p class=\"paragraph\" data-mrf-recirculation=\"Links inline\"><b>1920<\/b>: Sid Hartman, periodista estadounidense (f. 2020).<\/p>\n<p class=\"paragraph\" data-mrf-recirculation=\"Links inline\"><b>1921<\/b>: Jos\u00e9 Javier L\u00f3pez Jacoiste, jurista, catedr\u00e1tico de Derecho Civil y notario espa\u00f1ol (f. 2016).<\/p>\n<p class=\"paragraph\" data-mrf-recirculation=\"Links inline\"><b>1922<\/b>: Alberto Mor\u00e1n, cantante argentino de tangos (f. 1997).<\/p>\n<p class=\"paragraph\" data-mrf-recirculation=\"Links inline\"><b>1924<\/b>: Walter Gotell, actor alem\u00e1n (f. 1997).<\/p>\n<p class=\"paragraph\" data-mrf-recirculation=\"Links inline\"><b>1924<\/b>: Jos\u00e9 Ignacio Rucci, dirigente sindical y pol\u00edtico argentino (f. 1973).<\/p>\n<p class=\"paragraph\" data-mrf-recirculation=\"Links inline\"><b>1925<\/b>: Bert Bolin, meteor\u00f3logo sueco (f. 2007).<\/p>\n<p class=\"paragraph\" data-mrf-recirculation=\"Links inline\"><b>1930<\/b>: Zhor\u00e9s Alfi\u00f3rov, f\u00edsico ruso, premio nobel de f\u00edsica 2000 (f. 2019).<\/p>\n<p class=\"paragraph\" data-mrf-recirculation=\"Links inline\"><b>1930<\/b>: Martin Karplus, qu\u00edmico te\u00f3rico austro-estadounidense.<\/p>\n<p class=\"paragraph\" data-mrf-recirculation=\"Links inline\"><b>1931<\/b>: Fernando Hinestrosa Forero, pol\u00edtico y jurista colombiano. (f. 2012).<\/p>\n<p class=\"paragraph\" data-mrf-recirculation=\"Links inline\"><b>1932<\/b>: Alan Bean, astronauta estadounidense (f. 2016).<\/p>\n<p class=\"paragraph\" data-mrf-recirculation=\"Links inline\"><b>1932<\/b>: Vicente Rojo Almaz\u00e1n, pintor mexicano (f. 2021).<\/p>\n<p class=\"paragraph\" data-mrf-recirculation=\"Links inline\"><b>1933<\/b>: Philippe de Broca, cineasta franc\u00e9s (f. 2004).<\/p>\n<p class=\"paragraph\" data-mrf-recirculation=\"Links inline\"><b>1933<\/b>: Ruth Bader Ginsburg, jurista estadounidense (f. 2020).<\/p>\n<p class=\"paragraph\" data-mrf-recirculation=\"Links inline\"><b>1936<\/b>: Francisco Ib\u00e1\u00f1ez, historietista espa\u00f1ol.<\/p>\n<p class=\"paragraph\" data-mrf-recirculation=\"Links inline\"><b>1936<\/b>: Anna Maria Alberghetti, actriz italiana.<\/p>\n<p class=\"paragraph\" data-mrf-recirculation=\"Links inline\"><b>1940<\/b>: Juan Gallardo, cantante y actor mexicano (f. 1999).<\/p>\n<p class=\"paragraph\" data-mrf-recirculation=\"Links inline\"><b>1941<\/b>: Mike Love, m\u00fasico estadounidense (The Beach Boys).<\/p>\n<p class=\"paragraph\" data-mrf-recirculation=\"Links inline\"><b>1942<\/b>: Montserrat Figueras, cantante espa\u00f1ola. (f. 2011).<\/p>\n<p class=\"paragraph\" data-mrf-recirculation=\"Links inline\"><b>1943<\/b>: David Cronenberg, actor y cineasta canadiense.<\/p>\n<p class=\"paragraph\" data-mrf-recirculation=\"Links inline\"><b>1943<\/b>: Iron Sheik, luchador profesional.<\/p>\n<p class=\"paragraph\" data-mrf-recirculation=\"Links inline\"><b>1944<\/b>: Jacques Doillon, cineasta franc\u00e9s.<\/p>\n<p class=\"paragraph\" data-mrf-recirculation=\"Links inline\"><b>1945<\/b>: Eduardo Franco, cantante y compositor uruguayo, del grupo Los Iracundos (f. 1989).<\/p>\n<p class=\"paragraph\" data-mrf-recirculation=\"Links inline\"><b>1945<\/b>: Juan Luis Rodr\u00edguez-Vigil, presidente asturiano.<\/p>\n<p class=\"paragraph\" data-mrf-recirculation=\"Links inline\"><b>1946<\/b>: Marisa Marco, actriz espa\u00f1ola. (f. 2017).<\/p>\n<p class=\"paragraph\" data-mrf-recirculation=\"Links inline\"><b>1947<\/b>: Ry Cooder, guitarrista estadounidense.<\/p>\n<p class=\"paragraph\" data-mrf-recirculation=\"Links inline\"><b>1948<\/b>: Sergio Vieira de Mello, diplom\u00e1tico brasile\u00f1o (f. 2003).<\/p>\n<p class=\"paragraph\" data-mrf-recirculation=\"Links inline\"><b>1950<\/b>: Ricardo Soul\u00e9, m\u00fasico de rock argentino.<\/p>\n<p class=\"paragraph\" data-mrf-recirculation=\"Links inline\"><b>1952<\/b>: Howard Devoto, m\u00fasico brit\u00e1nico, de las bandas Buzzcocks, Magazine y Luxuria.<\/p>\n<p class=\"paragraph\" data-mrf-recirculation=\"Links inline\"><b>1953<\/b>: Heather Graham Pozzessere, escritora brit\u00e1nica.<\/p>\n<p class=\"paragraph\" data-mrf-recirculation=\"Links inline\"><b>1955<\/b>: Dee Snider, vocalista estadounidense, de la banda Twisted Sister.<\/p>\n<p class=\"paragraph\" data-mrf-recirculation=\"Links inline\"><b>1957<\/b>: Joaquim de Almeida, actor portugu\u00e9s.<\/p>\n<p class=\"paragraph\" data-mrf-recirculation=\"Links inline\"><b>1957<\/b>: Juan Jos\u00e9 Ibarretxe, pol\u00edtico espa\u00f1ol.<\/p>\n<p class=\"paragraph\" data-mrf-recirculation=\"Links inline\"><b>1957<\/b>: V\u00edctor Mu\u00f1oz, futbolista y entrenador de f\u00fatbol espa\u00f1ol.<\/p>\n<p class=\"paragraph\" data-mrf-recirculation=\"Links inline\"><b>1957<\/b>: David Silverman, dibujante y productor estadounidense.<\/p>\n<p class=\"paragraph\" data-mrf-recirculation=\"Links inline\"><b>1959<\/b>: H\u00e9ctor Vargas, exfutbolista y entrenador argentino.<\/p>\n<p class=\"paragraph\" data-mrf-recirculation=\"Links inline\"><b>1959<\/b>: Renny Harlin, director de cine finland\u00e9s.<\/p>\n<p class=\"paragraph\" data-mrf-recirculation=\"Links inline\"><b>1959<\/b>: Ben Okri, escritor nigeriano.<\/p>\n<p class=\"paragraph\" data-mrf-recirculation=\"Links inline\"><b>1961<\/b>: Terry Cummings, jugador de baloncesto estadounidense.<\/p>\n<p class=\"paragraph\" data-mrf-recirculation=\"Links inline\"><b>1962<\/b>: Terence Trent D&#8217;Arby, cantante estadounidense.<\/p>\n<p class=\"paragraph\" data-mrf-recirculation=\"Links inline\"><b>1963<\/b>: Bret Michaels, cantante estadounidense, de la banda Poison.<\/p>\n<p class=\"paragraph\" data-mrf-recirculation=\"Links inline\"><b>1964<\/b>: Rockwell, m\u00fasico estadounidense.<\/p>\n<p class=\"paragraph\" data-mrf-recirculation=\"Links inline\"><b>1965<\/b>: Svetlana Medvedeva, primera dama de Rusia.<\/p>\n<p class=\"paragraph\" data-mrf-recirculation=\"Links inline\"><b>1965<\/b>: Pascal Tayot, yudoca franc\u00e9s.<\/p>\n<p class=\"paragraph\" data-mrf-recirculation=\"Links inline\"><b>1965<\/b>: Juvenal Fern\u00e1ndez, militar venezolano y alto mando de la FANB.<\/p>\n<p class=\"paragraph\" data-mrf-recirculation=\"Links inline\"><b>1967<\/b>: Sergio Espejo, ministro chileno.<\/p>\n<p class=\"paragraph\" data-mrf-recirculation=\"Links inline\"><b>1967<\/b>: Naoko Takeuchi, dibujante japonesa.<\/p>\n<p class=\"paragraph\" data-mrf-recirculation=\"Links inline\"><b>1968<\/b>: Mark McGrath, m\u00fasico estadounidense, de las bandas Sugar Ray y The Wondergirls.<\/p>\n<p class=\"paragraph\" data-mrf-recirculation=\"Links inline\"><b>1968<\/b>: Sabrina Salerno, cantante italiana.<\/p>\n<p class=\"paragraph\" data-mrf-recirculation=\"Links inline\"><b>1968<\/b>: Jon Schaffer, guitarrista estadounidense, de las bandas Iced Earth y Demons and Wizards.<\/p>\n<p class=\"paragraph\" data-mrf-recirculation=\"Links inline\"><b>1969<\/b>: Timo Kotipelto, cantante finland\u00e9s, de la banda Stratovarius.<\/p>\n<p class=\"paragraph\" data-mrf-recirculation=\"Links inline\"><b>1969<\/b>: Elvir Lakovi\u0107 Laka, cantante bosnio.<\/p>\n<p class=\"paragraph\" data-mrf-recirculation=\"Links inline\"><b>1969<\/b>: Kim Raver, actriz estadounidense.<\/p>\n<p class=\"paragraph\" data-mrf-recirculation=\"Links inline\"><b>1971<\/b>: Penny Lancaster, modelo brit\u00e1nica.<\/p>\n<p class=\"paragraph\" data-mrf-recirculation=\"Links inline\"><b>1972<\/b>: Mark Hoppus, bajista y cantante estadounidense, de las bandas Blink-182 y Plus-44.<\/p>\n<p class=\"paragraph\" data-mrf-recirculation=\"Links inline\"><b>1973<\/b>: Agust\u00edn Aranzabal, futbolista espa\u00f1ol.<\/p>\n<p class=\"paragraph\" data-mrf-recirculation=\"Links inline\"><b>1975<\/b>: Eva Longoria, actriz y modelo estadounidense.<\/p>\n<p class=\"paragraph\" data-mrf-recirculation=\"Links inline\"><b>1975<\/b>: Veselin Topalov, ajedrecista b\u00falgaro.<\/p>\n<p class=\"paragraph\" data-mrf-recirculation=\"Links inline\"><b>1975<\/b>: Will.i.am, cantante estadounidense.<\/p>\n<p class=\"paragraph\" data-mrf-recirculation=\"Links inline\"><b>1975<\/b>: Susana Soleto, actriz espa\u00f1ola.<\/p>\n<p class=\"paragraph\" data-mrf-recirculation=\"Links inline\"><b>1976<\/b>: Jennifer 8. Lee, periodista estadounidense.<\/p>\n<p class=\"paragraph\" data-mrf-recirculation=\"Links inline\"><b>1977<\/b>: Joe Hahn, m\u00fasico estadounidense, de la banda Linkin Park.<\/p>\n<p class=\"paragraph\" data-mrf-recirculation=\"Links inline\"><b>1977<\/b>: Karol Kisel, futbolista eslovaco.<\/p>\n<p class=\"paragraph\" data-mrf-recirculation=\"Links inline\"><b>1980<\/b>: Adri\u00e1n Guillermo, futbolista argentino.<\/p>\n<p class=\"paragraph\" data-mrf-recirculation=\"Links inline\"><b>1980<\/b>: Stef\u00e1n G\u00edslason, futbolista island\u00e9s.<\/p>\n<p class=\"paragraph\" data-mrf-recirculation=\"Links inline\"><b>1981<\/b>: Cristi\u00e1n Arriagada, actor chileno.<\/p>\n<p class=\"paragraph\" data-mrf-recirculation=\"Links inline\"><b>1981<\/b>: Young Buck, rapero estadounidense.<\/p>\n<p class=\"paragraph\" data-mrf-recirculation=\"Links inline\"><b>1981<\/b>: Mikael Forssell, futbolista fin\u00e9s.<\/p>\n<p class=\"paragraph\" data-mrf-recirculation=\"Links inline\"><b>1981<\/b>: Veronica Maggio, cantante sueca.<\/p>\n<p class=\"paragraph\" data-mrf-recirculation=\"Links inline\"><b>1982<\/b>: Mal\u00fa, cantante espa\u00f1ola.<\/p>\n<p class=\"paragraph\" data-mrf-recirculation=\"Links inline\"><b>1982<\/b>: Rafael P\u00e9rez, beisbolista dominicano.<\/p>\n<p class=\"paragraph\" data-mrf-recirculation=\"Links inline\"><b>1983<\/b>: Florencia Bertotti, actriz argentina.<\/p>\n<p class=\"paragraph\" data-mrf-recirculation=\"Links inline\"><b>1983<\/b>: Sean Biggerstaff, actor brit\u00e1nico.<\/p>\n<p class=\"paragraph\" data-mrf-recirculation=\"Links inline\"><b>1983<\/b>: Daryl Murphy, futbolista irland\u00e9s.<\/p>\n<p class=\"paragraph\" data-mrf-recirculation=\"Links inline\"><b>1983<\/b>: Jean-Jacques Gosso, futbolista marfile\u00f1o.<\/p>\n<p class=\"paragraph\" data-mrf-recirculation=\"Links inline\"><b>1984<\/b>: Kostas Vasileiadis, jugador de baloncesto griego.<\/p>\n<p class=\"paragraph\" data-mrf-recirculation=\"Links inline\"><b>1985<\/b>: Curtis Davies, futbolista brit\u00e1nico.<\/p>\n<p class=\"paragraph\" data-mrf-recirculation=\"Links inline\"><b>1985<\/b>: Javier Garrido Behobide, futbolista espa\u00f1ol.<\/p>\n<p class=\"paragraph\" data-mrf-recirculation=\"Links inline\"><b>1985<\/b>: Kellan Lutz, actor estadounidense.<\/p>\n<p class=\"paragraph\" data-mrf-recirculation=\"Links inline\"><b>1985<\/b>: James Maclurcan, actor australiano.<\/p>\n<p class=\"paragraph\" data-mrf-recirculation=\"Links inline\"><b>1986<\/b>: Jai Courtney, actor australiano.<\/p>\n<p class=\"paragraph\" data-mrf-recirculation=\"Links inline\"><b>1987<\/b>: Mar\u00eda Herv\u00e1s, actriz espa\u00f1ola.<\/p>\n<p class=\"paragraph\" data-mrf-recirculation=\"Links inline\"><b>1989<\/b>: Caitlin Wachs, actriz estadounidense.<\/p>\n<p class=\"paragraph\" data-mrf-recirculation=\"Links inline\"><b>1990<\/b>: Miguel \u00c1ngel Ibarra, futbolista estadounidense.<\/p>\n<p class=\"paragraph\" data-mrf-recirculation=\"Links inline\"><b>1991<\/b>: Serhiy Kryvtsov, futbolista ucraniano.<\/p>\n<p class=\"paragraph\" data-mrf-recirculation=\"Links inline\"><b>1993<\/b>: Michael Fulmer, beisbolista estadounidense.<\/p>\n<p class=\"paragraph\" data-mrf-recirculation=\"Links inline\"><b>1993<\/b>: Paul Pogba, futbolista franc\u00e9s del Manchester United<\/p>\n<p class=\"paragraph\" data-mrf-recirculation=\"Links inline\"><b>1993<\/b>: Alia Bhatt, actriz y cantante india.<\/p>\n<p class=\"paragraph\" data-mrf-recirculation=\"Links inline\"><b>1994<\/b>: \u00c1lvaro Medr\u00e1n, futbolista espa\u00f1ol.<\/p>\n<h2 class=\"header\"><span style=\"color: #ff0000\">Decesos<\/span><\/h2>\n<p class=\"paragraph\" data-mrf-recirculation=\"Links inline\"><b>44<\/b>: Julio C\u00e9sar, pol\u00edtico y militar romano (n. 100\u00a0a.\u00a0C.).<\/p>\n<p class=\"paragraph\" data-mrf-recirculation=\"Links inline\"><b>220<\/b>: Cao Cao, \u00faltimo primer ministro chino de la Dinast\u00eda Han (n. 155).<\/p>\n<p class=\"paragraph\" data-mrf-recirculation=\"Links inline\"><b>415<\/b>: Hipatia de Alejandr\u00eda, fil\u00f3sofa, astr\u00f3noma y escritora egipcio-romana (n. 355).<\/p>\n<p class=\"paragraph\" data-mrf-recirculation=\"Links inline\"><b>493<\/b>: Odoacro, l\u00edder germano (n. 435).<\/p>\n<p class=\"paragraph\" data-mrf-recirculation=\"Links inline\"><b>752<\/b>: Zacar\u00edas, papa de la Iglesia cat\u00f3lica (n. 679).<\/p>\n<p class=\"paragraph\" data-mrf-recirculation=\"Links inline\"><b>990<\/b>: Siegfried\u00a0I, noble alem\u00e1n.<\/p>\n<p class=\"paragraph\" data-mrf-recirculation=\"Links inline\"><b>1190<\/b>: Isabel de Hainaut, reina de Francia (n. 1170).<\/p>\n<p class=\"paragraph\" data-mrf-recirculation=\"Links inline\"><b>1311<\/b>: Gualterio V de Brienne, duque griego (n. 1278).<\/p>\n<p class=\"paragraph\" data-mrf-recirculation=\"Links inline\"><b>1416<\/b>: Juan I de Berry, duque franc\u00e9s (n. 1340).<\/p>\n<p class=\"paragraph\" data-mrf-recirculation=\"Links inline\"><b>1575<\/b>: Annibale Padovano, compositor italiano (n. 1527).<\/p>\n<p class=\"paragraph\" data-mrf-recirculation=\"Links inline\"><b>1594<\/b>: Casiodoro de Reina, religioso jer\u00f3nimo espa\u00f1ol (n. c. 1520).<\/p>\n<p class=\"paragraph\" data-mrf-recirculation=\"Links inline\"><b>1657<\/b>: David Pardo, rabino y erudito neerland\u00e9s (n. 1591).<\/p>\n<p class=\"paragraph\" data-mrf-recirculation=\"Links inline\"><b>1673<\/b>: Salvatore Rosa, pintor italiano (n. 1615).<\/p>\n<p class=\"paragraph\" data-mrf-recirculation=\"Links inline\"><b>1701<\/b>: Jean Regnault de Segrais, poeta franc\u00e9s (n. 1624).<\/p>\n<p class=\"paragraph\" data-mrf-recirculation=\"Links inline\"><b>1711<\/b>: Eusebio Kino, misionero italiano (n. 1645).<\/p>\n<p class=\"paragraph\" data-mrf-recirculation=\"Links inline\"><b>1820<\/b>: Clemente Mar\u00eda Hofbauer, religioso austriaco (n. 1751).<\/p>\n<p class=\"paragraph\" data-mrf-recirculation=\"Links inline\"><b>1842<\/b>: Luigi Cherubini, m\u00fasico y compositor italiano (n. 1760).<\/p>\n<p class=\"paragraph\" data-mrf-recirculation=\"Links inline\"><b>1849<\/b>: Giuseppe Caspar Mezzofanti, cardenal y ling\u00fcista italiano (n. 1774).<\/p>\n<p class=\"paragraph\" data-mrf-recirculation=\"Links inline\"><b>1875<\/b>: William Maynard Gomm, militar brit\u00e1nico (n. 1784).<\/p>\n<p class=\"paragraph\" data-mrf-recirculation=\"Links inline\"><b>1891<\/b>: Joseph Bazalgette, ingeniero brit\u00e1nico (n. 1819).<\/p>\n<p class=\"paragraph\" data-mrf-recirculation=\"Links inline\"><b>1897<\/b>: James Joseph Sylvester, matem\u00e1tico y acad\u00e9mico brit\u00e1nico (n. 1814).<\/p>\n<p class=\"paragraph\" data-mrf-recirculation=\"Links inline\"><b>1898<\/b>: Henry Bessemer, pionero brit\u00e1nico de la siderurgia moderna (n. 1813).<\/p>\n<p class=\"paragraph\" data-mrf-recirculation=\"Links inline\"><b>1900<\/b>: Elwin Bruno Christoffel, f\u00edsico y matem\u00e1tico alem\u00e1n (n. 1829).<\/p>\n<p class=\"paragraph\" data-mrf-recirculation=\"Links inline\"><b>1915<\/b>: Fernando Tarrida del M\u00e1rmol, anarquista hispano-cubano (n. 1861).<\/p>\n<p class=\"paragraph\" data-mrf-recirculation=\"Links inline\"><b>1918<\/b>: Rogelio Fern\u00e1ndez G\u00fcell, pol\u00edtico, escritor y periodista costarricense asesinado por la dictadura de Tinoco (n. 1883).<\/p>\n<p class=\"paragraph\" data-mrf-recirculation=\"Links inline\"><b>1918<\/b>: Lili Boulanger, compositora francesa. (n. 1893).<\/p>\n<p class=\"paragraph\" data-mrf-recirculation=\"Links inline\"><b>1929<\/b>: Pinetop Smith, pianista estadounidense, compositor de blues (n. 1904).<\/p>\n<p class=\"paragraph\" data-mrf-recirculation=\"Links inline\"><b>1937<\/b>: H. P. Lovecraft, escritor estadounidense (n. 1890).<\/p>\n<p class=\"paragraph\" data-mrf-recirculation=\"Links inline\"><b>1938<\/b>: Nikol\u00e1i Bujarin, revolucionario sovi\u00e9tico (n. 1888).<\/p>\n<p class=\"paragraph\" data-mrf-recirculation=\"Links inline\"><b>1938<\/b>: Fayzullo Xojayev, revolucionario uzbeko (n. 1896).<\/p>\n<p class=\"paragraph\" data-mrf-recirculation=\"Links inline\"><b>1941<\/b>: Alexej von Jawlensky, pintor ruso (n. 1864).<\/p>\n<p class=\"paragraph\" data-mrf-recirculation=\"Links inline\"><b>1941<\/b>: Abiga\u00edl Mejia, intelectual, fot\u00f3grafa, educadora y feminista dominicana (n. 1895).<\/p>\n<p class=\"paragraph\" data-mrf-recirculation=\"Links inline\"><b>1951<\/b>: John S. Paraskevopoulos, astr\u00f3nomo griego-sudafricano (n. 1889).<\/p>\n<p class=\"paragraph\" data-mrf-recirculation=\"Links inline\"><b>1959<\/b>: Lester Young, m\u00fasico de jazz estadounidense (n. 1909).<\/p>\n<p class=\"paragraph\" data-mrf-recirculation=\"Links inline\"><b>1959<\/b>: Pr\u00f3spero Bisquertt Prado Compositor chileno. (n. 1881).<\/p>\n<p class=\"paragraph\" data-mrf-recirculation=\"Links inline\"><b>1961<\/b>: Akiba Rubinstein, ajedrecista polaco (n. 1882).<\/p>\n<p class=\"paragraph\" data-mrf-recirculation=\"Links inline\"><b>1962<\/b>: Arthur Compton, f\u00edsico estadounidense, premio nobel de f\u00edsica en 1927 (n. 1892).<\/p>\n<p class=\"paragraph\" data-mrf-recirculation=\"Links inline\"><b>1966<\/b>: Abe Saperstein, directivo de baloncesto estadounidense (n. 1902).<\/p>\n<p class=\"paragraph\" data-mrf-recirculation=\"Links inline\"><b>1968<\/b>: Khuang Abhaiwongse, pol\u00edtico tailand\u00e9s (n. 1902).<\/p>\n<p class=\"paragraph\" data-mrf-recirculation=\"Links inline\"><b>1969<\/b>: Arturo Michelini, pol\u00edtico italiano (n. 1909).<\/p>\n<p class=\"paragraph\" data-mrf-recirculation=\"Links inline\"><b>1969<\/b>: Miles Malleson, actor y dramaturgo brit\u00e1nico (n. 1888).<\/p>\n<p class=\"paragraph\" data-mrf-recirculation=\"Links inline\"><b>1971<\/b>: Carles Pi i Sunyer, pol\u00edtico espa\u00f1ol (n. 1888).<\/p>\n<p class=\"paragraph\" data-mrf-recirculation=\"Links inline\"><b>1975<\/b>: Le\u00f3nidas Barletta, escritor, periodista y dramaturgo argentino (n. 1902).<\/p>\n<p class=\"paragraph\" data-mrf-recirculation=\"Links inline\"><b>1975<\/b>: Arist\u00f3teles Onassis, magnate griego (n. 1900).<\/p>\n<p class=\"paragraph\" data-mrf-recirculation=\"Links inline\"><b>1977<\/b>: Antonino Rocca, luchador argentino (n. 1927).<\/p>\n<p class=\"paragraph\" data-mrf-recirculation=\"Links inline\"><b>1979<\/b>: Bernardo Verbitsky, escritor y periodista argentino (n. 1907).<\/p>\n<p class=\"paragraph\" data-mrf-recirculation=\"Links inline\"><b>1979<\/b>: L\u00e9onide Massine, core\u00f3grafo ruso (n. 1890).<\/p>\n<p class=\"paragraph\" data-mrf-recirculation=\"Links inline\"><b>1981<\/b>: Ren\u00e9 Clair, cineasta franc\u00e9s (n. 1898).<\/p>\n<p class=\"paragraph\" data-mrf-recirculation=\"Links inline\"><b>1983<\/b>: Josep Llu\u00eds Sert, arquitecto espa\u00f1ol (n. 1902).<\/p>\n<p class=\"paragraph\" data-mrf-recirculation=\"Links inline\"><b>1983<\/b>: Rebecca West, escritora brit\u00e1nica (n. 1892).<\/p>\n<p class=\"paragraph\" data-mrf-recirculation=\"Links inline\"><b>1984<\/b>: Luis Lucia Mingarro, guionista y cineasta espa\u00f1ol (n. 1914).<\/p>\n<p class=\"paragraph\" data-mrf-recirculation=\"Links inline\"><b>1985<\/b>: Radha Krishna Choudhary, escritor e historiador indio (n. 1921).<\/p>\n<p class=\"paragraph\" data-mrf-recirculation=\"Links inline\"><b>1988<\/b>: Wilson Ferreira Aldunate, l\u00edder pol\u00edtico uruguayo (n. 1919).<\/p>\n<p class=\"paragraph\" data-mrf-recirculation=\"Links inline\"><b>1988<\/b>: Dmitri Poliakov, militar sovi\u00e9tico, esp\u00eda de Estados Unidos (n. 1926).<\/p>\n<p class=\"paragraph\" data-mrf-recirculation=\"Links inline\"><b>1989<\/b>: Val\u00e9rie Quennessen, actriz francesa (n. 1957).<\/p>\n<p class=\"paragraph\" data-mrf-recirculation=\"Links inline\"><b>1990<\/b>: Ces\u00e1reo Gal\u00edndez, empresario y direigente deportivo espa\u00f1ol (n. 1894).<\/p>\n<p class=\"paragraph\" data-mrf-recirculation=\"Links inline\"><b>1990<\/b>: Tom Harmon, futbolista y periodista estadounidense (n. 1919).<\/p>\n<p class=\"paragraph\" data-mrf-recirculation=\"Links inline\"><b>1991<\/b>: Bud Freeman, m\u00fasico estadounidense (n. 1906).<\/p>\n<p class=\"paragraph\" data-mrf-recirculation=\"Links inline\"><b>1991<\/b>: Eileen Sedgwick, actriz estadounidense (n. 1898).<\/p>\n<p class=\"paragraph\" data-mrf-recirculation=\"Links inline\"><b>1995<\/b>: Carlos Menem, Jr., piloto de automovilismo argentino (n. 1968).<\/p>\n<p class=\"paragraph\" data-mrf-recirculation=\"Links inline\"><b>1995<\/b>: Silvio Oltra, piloto de automovilismo y cantautor argentino (n. 1958).<\/p>\n<p class=\"paragraph\" data-mrf-recirculation=\"Links inline\"><b>1996<\/b>: Wolfgang Koeppen, escritor alem\u00e1n (n. 1906).<\/p>\n<p class=\"paragraph\" data-mrf-recirculation=\"Links inline\"><b>1997<\/b>: Gail Davis, actriz estadounidense (n. 1925).<\/p>\n<p class=\"paragraph\" data-mrf-recirculation=\"Links inline\"><b>1997<\/b>: Victor Vasarely, pintor h\u00fangaro (n. 1906).<\/p>\n<p class=\"paragraph\" data-mrf-recirculation=\"Links inline\"><b>1998<\/b>: Benjamin Spock, pediatra y escritor estadounidense (n. 1903).<\/p>\n<p class=\"paragraph\" data-mrf-recirculation=\"Links inline\"><b>1998<\/b>: Tim Maia, cantante y compositor brasile\u00f1o (n. 1942).<\/p>\n<p class=\"paragraph\" data-mrf-recirculation=\"Links inline\"><b>2000<\/b>: Jaime Garc\u00eda A\u00f1overos, pol\u00edtico espa\u00f1ol (n. 1932).<\/p>\n<p class=\"paragraph\" data-mrf-recirculation=\"Links inline\"><b>2001<\/b>: Ann Sothern, actriz estadounidense (n. 1909).<\/p>\n<p class=\"paragraph\" data-mrf-recirculation=\"Links inline\"><b>2003<\/b>: Thora Hird, actriz brit\u00e1nica (n. 1911).<\/p>\n<p class=\"paragraph\" data-mrf-recirculation=\"Links inline\"><b>2004<\/b>: John Pople, qu\u00edmico brit\u00e1nico, premio nobel de qu\u00edmica en 1998 (n. 1925).<\/p>\n<p class=\"paragraph\" data-mrf-recirculation=\"Links inline\"><b>2006<\/b>: George Mackey, matem\u00e1tico estadounidense (n. 1916).<\/p>\n<p class=\"paragraph\" data-mrf-recirculation=\"Links inline\"><b>2006<\/b>: Georgios Rallis, primer ministro griego (n. 1918).<\/p>\n<p class=\"paragraph\" data-mrf-recirculation=\"Links inline\"><b>2007<\/b>: Blanquita Amaro, actriz, cantante y bailarina cubana (n. 1923).<\/p>\n<p class=\"paragraph\" data-mrf-recirculation=\"Links inline\"><b>2007<\/b>: Stuart Rosenberg, cineasta estadounidense (n. 1927).<\/p>\n<p class=\"paragraph\" data-mrf-recirculation=\"Links inline\"><b>2008<\/b>: Mikey Dread, cantante jamaicano (n. 1954).<\/p>\n<p class=\"paragraph\" data-mrf-recirculation=\"Links inline\"><b>2009<\/b>: Ron Silver, actor estadounidense (n. 1946).<\/p>\n<p class=\"paragraph\" data-mrf-recirculation=\"Links inline\"><b>2010<\/b>: Blanca Sendino, actriz espa\u00f1ola (n. 1927).<\/p>\n<p class=\"paragraph\" data-mrf-recirculation=\"Links inline\"><b>2011<\/b>: Nate Dogg, cantante estadounidense. (n. 1969).<\/p>\n<p class=\"paragraph\" data-mrf-recirculation=\"Links inline\"><b>2011<\/b>: Mar\u00eda Beneyto i Cu\u00f1at, poetisa espa\u00f1ola (n. 1925).<\/p>\n<p class=\"paragraph\" data-mrf-recirculation=\"Links inline\"><b>2012<\/b>: Pepe Rubio, actor espa\u00f1ol. (n. 1931).<\/p>\n<p class=\"paragraph\" data-mrf-recirculation=\"Links inline\"><b>2013<\/b>: Eliana Aran\u00edbar Figueroa, pol\u00edtica chilena (n. 1936).<\/p>\n<p class=\"paragraph\" data-mrf-recirculation=\"Links inline\"><b>2014<\/b>: Mandolino, comediante chileno. (n. 1934).<\/p>\n<p class=\"paragraph\" data-mrf-recirculation=\"Links inline\"><b>2015<\/b>: Mike Porcaro, bajista estadounidense (n. 1955).<\/p>\n<p class=\"paragraph\" data-mrf-recirculation=\"Links inline\"><b>2017<\/b>: Vicky, cantautora colombiana (n. 1944).<\/p>\n<p class=\"paragraph\" data-mrf-recirculation=\"Links inline\"><b>2018<\/b>: Anna Campbell, anarquista feminista brit\u00e1nica (n. 1991).<\/p>\n<p class=\"paragraph\" data-mrf-recirculation=\"Links inline\"><b>2021<\/b>: Yaphet Kotto, actor estadounidense (n. 1939).<\/p>\n<p class=\"paragraph\" data-mrf-recirculation=\"Links inline\"><b>2021<\/b>: Emiliano Gonz\u00e1lez, escritor y poeta mexicano (n. 1955).<\/p>\n","protected":false},"excerpt":{"rendered":"<div class=\"mh-excerpt\"><p>Para que no olvides los hechos m\u00e1s importantes que est\u00e1n por conmemorarse, ac\u00e1 te presentamos\u00a0las efem\u00e9rides m\u00e1s relevantes de este 15 de marzo. 1493: En Espa\u00f1a, Crist\u00f3bal Col\u00f3n, con los hermanos Pinz\u00f3n y sus hombres, <a class=\"mh-excerpt-more\" href=\"https:\/\/larevistadigital.com.ar\/blog\/esto-paso-un-dia-como-hoy-15-de-marzo\/\" title=\"ESTO PAS\u00d3 UN D\u00cdA COMO HOY, 15 DE MARZO&#8230;\">[Leer M\u00e1s]<\/a><\/p>\n<\/div>","protected":false},"author":3,"featured_media":16747,"comment_status":"open","ping_status":"open","sticky":false,"template":"","format":"standard","meta":{"_jetpack_memberships_contains_paid_content":false,"footnotes":"","jetpack_publicize_message":"","jetpack_publicize_feature_enabled":true,"jetpack_social_post_already_shared":true,"jetpack_social_options":{"image_generator_settings":{"template":"highway","default_image_id":0,"font":"","enabled":false},"version":2}},"categories":[15],"tags":[],"class_list":{"0":"post-30596","1":"post","2":"type-post","3":"status-publish","4":"format-standard","5":"has-post-thumbnail","7":"category-cultura"},"jetpack_publicize_connections":[],"jetpack_featured_media_url":"https:\/\/i0.wp.com\/larevistadigital.com.ar\/blog\/wp-content\/uploads\/LOGO-EFEMERIDES.jpg?fit=1268%2C664&ssl=1","jetpack_sharing_enabled":true,"jetpack_shortlink":"https:\/\/wp.me\/p8qtrQ-7Xu","jetpack-related-posts":[{"id":6162,"url":"https:\/\/larevistadigital.com.ar\/blog\/extrano-ritual-de-brujeria-para-el-amor-esta-extinguiendo-los-colibries-en-mexico\/","url_meta":{"origin":30596,"position":0},"title":"EXTRA\u00d1O RITUAL DE BRUJER\u00cdA PARA EL AMOR EST\u00c1 EXTINGUIENDO LOS COLIBR\u00cdES EN MEXICO","author":"Alejandro Sosa Ruda","date":"6 agosto, 2018","format":false,"excerpt":"En M\u00e9xico hay un dicho sobre el amor que reza: \"Si es para ti aunque te quites, si no es para ti, aunque te pongas\", en referencia a que nadie puede obligar a una persona a estar al lado de otra. Pero hay quienes se niegan a aceptarlo y recurren\u2026","rel":"","context":"En \u00abCURIOSAS\u00bb","block_context":{"text":"CURIOSAS","link":"https:\/\/larevistadigital.com.ar\/blog\/category\/curiosas\/"},"img":{"alt_text":"","src":"https:\/\/i0.wp.com\/larevistadigital.com.ar\/blog\/wp-content\/uploads\/2018\/08\/Colibri-1-1.jpg?fit=1200%2C675&ssl=1&resize=350%2C200","width":350,"height":200,"srcset":"https:\/\/i0.wp.com\/larevistadigital.com.ar\/blog\/wp-content\/uploads\/2018\/08\/Colibri-1-1.jpg?fit=1200%2C675&ssl=1&resize=350%2C200 1x, https:\/\/i0.wp.com\/larevistadigital.com.ar\/blog\/wp-content\/uploads\/2018\/08\/Colibri-1-1.jpg?fit=1200%2C675&ssl=1&resize=525%2C300 1.5x, https:\/\/i0.wp.com\/larevistadigital.com.ar\/blog\/wp-content\/uploads\/2018\/08\/Colibri-1-1.jpg?fit=1200%2C675&ssl=1&resize=700%2C400 2x, https:\/\/i0.wp.com\/larevistadigital.com.ar\/blog\/wp-content\/uploads\/2018\/08\/Colibri-1-1.jpg?fit=1200%2C675&ssl=1&resize=1050%2C600 3x"},"classes":[]},{"id":1090,"url":"https:\/\/larevistadigital.com.ar\/blog\/american-express-traslada-oficinas-a-mexico-y-despide-300-trabajadores\/","url_meta":{"origin":30596,"position":1},"title":"American Express traslada oficinas a M\u00e9xico y despide 300 trabajadores","author":"editor","date":"11 marzo, 2017","format":false,"excerpt":"Representantes de la empresa lo confirmaron en una audiencia conciliatoria, donde aseguraron que garantizar\u00e1n los empleos hasta el 30 de junio. Mientras tanto, negociar\u00e1n \u201cretiros voluntarios\u201d para evitar posibles conflictos. American Express despedir\u00e1 a 300 trabajadores de atenci\u00f3n al cliente y trasladar\u00e1 las oficinas del sector a M\u00e9xico, con el\u2026","rel":"","context":"En \u00abGREMIALES\u00bb","block_context":{"text":"GREMIALES","link":"https:\/\/larevistadigital.com.ar\/blog\/category\/gremiales\/"},"img":{"alt_text":"","src":"https:\/\/i0.wp.com\/larevistadigital.com.ar\/blog\/wp-content\/uploads\/2017\/03\/resized_650x365_origimage_525462-644x340.jpg?fit=644%2C340&ssl=1&resize=350%2C200","width":350,"height":200,"srcset":"https:\/\/i0.wp.com\/larevistadigital.com.ar\/blog\/wp-content\/uploads\/2017\/03\/resized_650x365_origimage_525462-644x340.jpg?fit=644%2C340&ssl=1&resize=350%2C200 1x, https:\/\/i0.wp.com\/larevistadigital.com.ar\/blog\/wp-content\/uploads\/2017\/03\/resized_650x365_origimage_525462-644x340.jpg?fit=644%2C340&ssl=1&resize=525%2C300 1.5x"},"classes":[]},{"id":21928,"url":"https:\/\/larevistadigital.com.ar\/blog\/sismo-de-magnitud-7-1-sorprendio-a-la-ciudad-de-mexico\/","url_meta":{"origin":30596,"position":2},"title":"SISMO DE MAGNITUD 7.1 SORPRENDI\u00d3 A LA CIUDAD DE M\u00c9XICO","author":"Alejandro Sosa Ruda","date":"8 septiembre, 2021","format":false,"excerpt":"El epicentro del movimiento tel\u00farico fue detectado en la costa de Acapulco, Guerrero; el sistema de alerta s\u00edsmica en la Ciudad de M\u00e9xico alert\u00f3 a tiempo a los capitalinos para evacuar los inmuebles CIUDAD DE MEXICO - Alrededor de las 20:49 horas (tiempo del Centro de M\u00e9xico) del martes 7\u2026","rel":"","context":"En \u00abDESTACADAS\u00bb","block_context":{"text":"DESTACADAS","link":"https:\/\/larevistadigital.com.ar\/blog\/category\/destacadas\/"},"img":{"alt_text":"","src":"https:\/\/i0.wp.com\/larevistadigital.com.ar\/blog\/wp-content\/uploads\/61381c3374c4f.jpeg?fit=640%2C428&ssl=1&resize=350%2C200","width":350,"height":200,"srcset":"https:\/\/i0.wp.com\/larevistadigital.com.ar\/blog\/wp-content\/uploads\/61381c3374c4f.jpeg?fit=640%2C428&ssl=1&resize=350%2C200 1x, https:\/\/i0.wp.com\/larevistadigital.com.ar\/blog\/wp-content\/uploads\/61381c3374c4f.jpeg?fit=640%2C428&ssl=1&resize=525%2C300 1.5x"},"classes":[]},{"id":19681,"url":"https:\/\/larevistadigital.com.ar\/blog\/la-inflacion-de-marzo-fue-del-48-la-cifra-mas-alta-en-los-ultimos-18-meses\/","url_meta":{"origin":30596,"position":3},"title":"LA INFLACI\u00d3N DE MARZO FUE DEL 4,8%. LA CIFRA M\u00c1S ALTA EN LOS \u00daLTIMOS 18 MESES","author":"Alejandro Sosa Ruda","date":"16 abril, 2021","format":false,"excerpt":"El Indec difundi\u00f3 las cifras correspondientes al \u00edndice de precios al consumidor. El rubro educaci\u00f3n fue el m\u00e1s afectado, seguido por las prendas de vestir y el calzado. El Instituto Nacional de Estad\u00edsticas y Censos (Indec) public\u00f3 las cifras correspondientes a la inflaci\u00f3n de marzo donde alcanz\u00f3 el 4,8% de\u2026","rel":"","context":"En \u00abINTERES GENERAL\u00bb","block_context":{"text":"INTERES GENERAL","link":"https:\/\/larevistadigital.com.ar\/blog\/category\/interes-general\/"},"img":{"alt_text":"","src":"https:\/\/i0.wp.com\/larevistadigital.com.ar\/blog\/wp-content\/uploads\/1590010269888.jpg?fit=870%2C497&ssl=1&resize=350%2C200","width":350,"height":200,"srcset":"https:\/\/i0.wp.com\/larevistadigital.com.ar\/blog\/wp-content\/uploads\/1590010269888.jpg?fit=870%2C497&ssl=1&resize=350%2C200 1x, https:\/\/i0.wp.com\/larevistadigital.com.ar\/blog\/wp-content\/uploads\/1590010269888.jpg?fit=870%2C497&ssl=1&resize=525%2C300 1.5x, https:\/\/i0.wp.com\/larevistadigital.com.ar\/blog\/wp-content\/uploads\/1590010269888.jpg?fit=870%2C497&ssl=1&resize=700%2C400 2x"},"classes":[]},{"id":29008,"url":"https:\/\/larevistadigital.com.ar\/blog\/qatar-2022-argentina-se-entrena-con-probables-cambios-para-enfrentar-a-mexico-el-sabado\/","url_meta":{"origin":30596,"position":4},"title":"QATAR 2022: ARGENTINA SE ENTRENA CON PROBABLES CAMBIOS PARA ENFRENTAR A MEXICO EL SABADO.","author":"Alejandro Sosa Ruda","date":"23 noviembre, 2022","format":false,"excerpt":"El seleccionado argentino volvi\u00f3 hoy a los entrenamientos. Fue luego de la dura derrota en el debut contra Arabia Saudita (2-1), en el debut en el Mundial de Qatar 2022. El entrenador analiza los cambios que realizar\u00e1 para enfrentar el s\u00e1bado a M\u00e9xico, por la segunda fecha del Grupo C.\u00a0El\u2026","rel":"","context":"En \u00abDEPORTES\u00bb","block_context":{"text":"DEPORTES","link":"https:\/\/larevistadigital.com.ar\/blog\/category\/deportes\/"},"img":{"alt_text":"","src":"https:\/\/i0.wp.com\/larevistadigital.com.ar\/blog\/wp-content\/uploads\/16687081304451.jpg?fit=660%2C371&ssl=1&resize=350%2C200","width":350,"height":200,"srcset":"https:\/\/i0.wp.com\/larevistadigital.com.ar\/blog\/wp-content\/uploads\/16687081304451.jpg?fit=660%2C371&ssl=1&resize=350%2C200 1x, https:\/\/i0.wp.com\/larevistadigital.com.ar\/blog\/wp-content\/uploads\/16687081304451.jpg?fit=660%2C371&ssl=1&resize=525%2C300 1.5x"},"classes":[]},{"id":37381,"url":"https:\/\/larevistadigital.com.ar\/blog\/invitado-especialmente-kicillof-viajo-a-mexico-para-participar-de-la-asuncion-de-claudia-sheinbaum\/","url_meta":{"origin":30596,"position":5},"title":"Invitado especialmente: Kicillof viaj\u00f3 a M\u00e9xico para participar de la asunci\u00f3n de Claudia Sheinbaum","author":"Alejandro Sosa Ruda","date":"1 octubre, 2024","format":false,"excerpt":"El gobernador de Buenos Aires, Axel Kicillof, estar\u00e1 presente este martes 1 de octubre en la ceremonia de asunci\u00f3n de Claudia Sheinbaum, quien se convertir\u00e1 en la primera mujer en asumir la presidencia de M\u00e9xico. 01 de Octubre de 2024 Seg\u00fan fuentes del Palacio de la calle 6 en La\u2026","rel":"","context":"En \u00abDESTACADAS\u00bb","block_context":{"text":"DESTACADAS","link":"https:\/\/larevistadigital.com.ar\/blog\/category\/destacadas\/"},"img":{"alt_text":"","src":"https:\/\/i0.wp.com\/larevistadigital.com.ar\/blog\/wp-content\/uploads\/20240930185930_claudia-sheinbaum.jpg?fit=880%2C512&ssl=1&resize=350%2C200","width":350,"height":200,"srcset":"https:\/\/i0.wp.com\/larevistadigital.com.ar\/blog\/wp-content\/uploads\/20240930185930_claudia-sheinbaum.jpg?fit=880%2C512&ssl=1&resize=350%2C200 1x, https:\/\/i0.wp.com\/larevistadigital.com.ar\/blog\/wp-content\/uploads\/20240930185930_claudia-sheinbaum.jpg?fit=880%2C512&ssl=1&resize=525%2C300 1.5x, https:\/\/i0.wp.com\/larevistadigital.com.ar\/blog\/wp-content\/uploads\/20240930185930_claudia-sheinbaum.jpg?fit=880%2C512&ssl=1&resize=700%2C400 2x"},"classes":[]}],"_links":{"self":[{"href":"https:\/\/larevistadigital.com.ar\/blog\/wp-json\/wp\/v2\/posts\/30596","targetHints":{"allow":["GET"]}}],"collection":[{"href":"https:\/\/larevistadigital.com.ar\/blog\/wp-json\/wp\/v2\/posts"}],"about":[{"href":"https:\/\/larevistadigital.com.ar\/blog\/wp-json\/wp\/v2\/types\/post"}],"author":[{"embeddable":true,"href":"https:\/\/larevistadigital.com.ar\/blog\/wp-json\/wp\/v2\/users\/3"}],"replies":[{"embeddable":true,"href":"https:\/\/larevistadigital.com.ar\/blog\/wp-json\/wp\/v2\/comments?post=30596"}],"version-history":[{"count":1,"href":"https:\/\/larevistadigital.com.ar\/blog\/wp-json\/wp\/v2\/posts\/30596\/revisions"}],"predecessor-version":[{"id":30597,"href":"https:\/\/larevistadigital.com.ar\/blog\/wp-json\/wp\/v2\/posts\/30596\/revisions\/30597"}],"wp:featuredmedia":[{"embeddable":true,"href":"https:\/\/larevistadigital.com.ar\/blog\/wp-json\/wp\/v2\/media\/16747"}],"wp:attachment":[{"href":"https:\/\/larevistadigital.com.ar\/blog\/wp-json\/wp\/v2\/media?parent=30596"}],"wp:term":[{"taxonomy":"category","embeddable":true,"href":"https:\/\/larevistadigital.com.ar\/blog\/wp-json\/wp\/v2\/categories?post=30596"},{"taxonomy":"post_tag","embeddable":true,"href":"https:\/\/larevistadigital.com.ar\/blog\/wp-json\/wp\/v2\/tags?post=30596"}],"curies":[{"name":"wp","href":"https:\/\/api.w.org\/{rel}","templated":true}]}}