{"id":30598,"date":"2023-03-15T13:09:03","date_gmt":"2023-03-15T13:09:03","guid":{"rendered":"https:\/\/larevistadigital.com.ar\/blog\/?p=30598"},"modified":"2023-03-15T13:09:03","modified_gmt":"2023-03-15T13:09:03","slug":"escobar-caminaba-por-la-calle-con-una-amiga-y-murio-aplastada-por-un-arbol","status":"publish","type":"post","link":"https:\/\/larevistadigital.com.ar\/blog\/escobar-caminaba-por-la-calle-con-una-amiga-y-murio-aplastada-por-un-arbol\/","title":{"rendered":"ESCOBAR: CAMINABA POR LA CALLE CON UNA AMIGA Y MURI\u00d3 APLASTADA POR UN \u00c1RBOL"},"content":{"rendered":"<h2 class=\"fparrafo ctext fz18 lh25\">El fatal accidente sucedi\u00f3 este domingo alrededor de las 17.30, cuando la v\u00edctima paseaba junto a otra mujer por la calle Lincoln. En esas circunstancias, una gruesa rama se desprendi\u00f3 de un fresno, golpeando contra su cuerpo y el de su amiga.<\/h2>\n<p>15 de marzo de 2023<\/p>\n<p><strong>ESCOBAR &#8211;\u00a0 <\/strong>Una mujer de 59 a\u00f1os que hab\u00eda salido a caminar junto a una amiga por las calles del barrio parque El Cazador de Escobar perdi\u00f3 la vida cuando una rama cay\u00f3 encima suyo, provoc\u00e1ndole graves heridas que horas despu\u00e9s derivaron en su fallecimiento.<\/p>\n<blockquote>\n<h3 class=\"selectionShareable\">El fatal accidente sucedi\u00f3 este domingo alrededor de las 17.30, cuando la v\u00edctima paseaba junto a otra mujer por la calle Lincoln. En esas circunstancias, una gruesa rama se desprendi\u00f3 de un fresno, golpeando contra su cuerpo y el de su amiga.<\/h3>\n<\/blockquote>\n<p class=\"selectionShareable\">La fractura del \u00e1rbol caus\u00f3 un potente ruido que alert\u00f3 a los vecinos de esa cuadra, quienes se asomaron a la calle para ver qu\u00e9 hab\u00eda ocurrido. Fue as\u00ed que, con estupor, vieron a las mujeres en el suelo por el fuerte impacto que hab\u00edan sufrido.<\/p>\n<blockquote>\n<h3 class=\"selectionShareable\">Enseguida comunicaron el hecho al 911, mientras que dos m\u00e9dicos que viven en las inmediaciones del lugar asistieron a las mujeres a la espera de una ambulancia.<\/h3>\n<\/blockquote>\n<p class=\"selectionShareable\">Quien llev\u00f3 la peor parte fue <strong>Gabriela Lavergne<\/strong>, de 59 a\u00f1os. <em><strong>\u201cEl tronco de la rama la golpe\u00f3 en la cabeza, en una pierna y en el tobillo\u201d<\/strong><\/em>, precisaron a ElD\u00edadeEscobar fuentes de la Subcomisar\u00eda de El Cazador. Su amiga, en tanto, recibi\u00f3 el golpe en un brazo.<\/p>\n<blockquote>\n<h3 class=\"selectionShareable\">Ambas fueron trasladadas en ambulancia al hospital Erill. Lavergne se encontraba en estado cr\u00edtico, con m\u00faltiples fracturas, y falleci\u00f3 minutos despu\u00e9s de la medianoche. Su amiga tuvo heridas leves.<\/h3>\n<\/blockquote>\n<p class=\"selectionShareable\">La mujer fallecida era analista de sistemas y ten\u00eda dos hijos, de 21 y 23 a\u00f1os.<\/p>\n<p class=\"selectionShareable\">El fresno del que cay\u00f3 la rama estaba en la vereda de una vivienda, al lado del port\u00f3n de entrada. No era un \u00e1rbol viejo ni se encontraba en malas condiciones, al menos a simple vista. (<b>InfoGEI<\/b>) Mg<\/p>\n","protected":false},"excerpt":{"rendered":"<div class=\"mh-excerpt\"><p>El fatal accidente sucedi\u00f3 este domingo alrededor de las 17.30, cuando la v\u00edctima paseaba junto a otra mujer por la calle Lincoln. En esas circunstancias, una gruesa rama se desprendi\u00f3 de un fresno, golpeando contra <a class=\"mh-excerpt-more\" href=\"https:\/\/larevistadigital.com.ar\/blog\/escobar-caminaba-por-la-calle-con-una-amiga-y-murio-aplastada-por-un-arbol\/\" title=\"ESCOBAR: CAMINABA POR LA CALLE CON UNA AMIGA Y MURI\u00d3 APLASTADA POR UN \u00c1RBOL\">[Leer M\u00e1s]<\/a><\/p>\n<\/div>","protected":false},"author":3,"featured_media":30599,"comment_status":"open","ping_status":"open","sticky":false,"template":"","format":"standard","meta":{"_jetpack_memberships_contains_paid_content":false,"footnotes":"","jetpack_publicize_message":"","jetpack_publicize_feature_enabled":true,"jetpack_social_post_already_shared":true,"jetpack_social_options":{"image_generator_settings":{"template":"highway","default_image_id":0,"font":"","enabled":false},"version":2}},"categories":[50],"tags":[],"class_list":{"0":"post-30598","1":"post","2":"type-post","3":"status-publish","4":"format-standard","5":"has-post-thumbnail","7":"category-interes-general"},"jetpack_publicize_connections":[],"jetpack_featured_media_url":"https:\/\/i0.wp.com\/larevistadigital.com.ar\/blog\/wp-content\/uploads\/20230314164125_fresno2.jpg?fit=880%2C512&ssl=1","jetpack_sharing_enabled":true,"jetpack_shortlink":"https:\/\/wp.me\/p8qtrQ-7Xw","jetpack-related-posts":[{"id":29263,"url":"https:\/\/larevistadigital.com.ar\/blog\/terrible-tragedia-un-arbol-aplasto-a-dos-ninos-en-un-cowntry-de-escobar-uno-de-ellos-esta-grave\/","url_meta":{"origin":30598,"position":0},"title":"TERRIBLE TRAGEDIA! UN \u00c1RBOL APLAST\u00d3 A DOS NI\u00d1OS EN UN COWNTRY DE ESCOBAR, UNO DE ELLOS EST\u00c1 GRAVE","author":"Alejandro Sosa Ruda","date":"6 diciembre, 2022","format":false,"excerpt":"El desafortunado episodio ocurri\u00f3 en el barrio privado San Mat\u00edas, en Bel\u00e9n de Escobar. Los menores, de 7 y 11 a\u00f1os, estaban jugando en el jard\u00edn de una vivienda cuando sucedi\u00f3 el grave accidente dom\u00e9stico. 5 de diciembre de 2022 ESCOBAR -\u00a0 \u00a0Un accidente dom\u00e9stico ocurri\u00f3 este domingo a la\u2026","rel":"","context":"En \u00abDESTACADAS\u00bb","block_context":{"text":"DESTACADAS","link":"https:\/\/larevistadigital.com.ar\/blog\/category\/destacadas\/"},"img":{"alt_text":"","src":"https:\/\/i0.wp.com\/larevistadigital.com.ar\/blog\/wp-content\/uploads\/20221205184249_barrio1.jpg?fit=880%2C512&ssl=1&resize=350%2C200","width":350,"height":200,"srcset":"https:\/\/i0.wp.com\/larevistadigital.com.ar\/blog\/wp-content\/uploads\/20221205184249_barrio1.jpg?fit=880%2C512&ssl=1&resize=350%2C200 1x, https:\/\/i0.wp.com\/larevistadigital.com.ar\/blog\/wp-content\/uploads\/20221205184249_barrio1.jpg?fit=880%2C512&ssl=1&resize=525%2C300 1.5x, https:\/\/i0.wp.com\/larevistadigital.com.ar\/blog\/wp-content\/uploads\/20221205184249_barrio1.jpg?fit=880%2C512&ssl=1&resize=700%2C400 2x"},"classes":[]},{"id":34802,"url":"https:\/\/larevistadigital.com.ar\/blog\/lezama-en-fatal-accidente-el-tren-arrollo-un-auto-y-fallece-una-mujer-chascomunense\/","url_meta":{"origin":30598,"position":1},"title":"LEZAMA: EN FATAL ACCIDENTE EL TREN ARROLL\u00d3 UN AUTO Y FALLECE UNA MUJER CHASCOMUNENSE","author":"Alejandro Sosa Ruda","date":"6 diciembre, 2023","format":false,"excerpt":"La v\u00edctima es una mujer nativa de Chascom\u00fas, quien hace a\u00f1os viv\u00eda en Lezama junto a su marido e hijas. 6 de diciembre de 2023 LEZAMA -\u00a0 En un fatal accidente, un autom\u00f3vil cruz\u00f3 las v\u00edas del tren, sin advertir que se acercaba la formaci\u00f3n y fue embestido provocando la\u2026","rel":"","context":"En \u00abDESTACADAS\u00bb","block_context":{"text":"DESTACADAS","link":"https:\/\/larevistadigital.com.ar\/blog\/category\/destacadas\/"},"img":{"alt_text":"","src":"https:\/\/i0.wp.com\/larevistadigital.com.ar\/blog\/wp-content\/uploads\/Captura-de-pantalla-2023-12-06-151357.png?fit=815%2C338&ssl=1&resize=350%2C200","width":350,"height":200,"srcset":"https:\/\/i0.wp.com\/larevistadigital.com.ar\/blog\/wp-content\/uploads\/Captura-de-pantalla-2023-12-06-151357.png?fit=815%2C338&ssl=1&resize=350%2C200 1x, https:\/\/i0.wp.com\/larevistadigital.com.ar\/blog\/wp-content\/uploads\/Captura-de-pantalla-2023-12-06-151357.png?fit=815%2C338&ssl=1&resize=525%2C300 1.5x, https:\/\/i0.wp.com\/larevistadigital.com.ar\/blog\/wp-content\/uploads\/Captura-de-pantalla-2023-12-06-151357.png?fit=815%2C338&ssl=1&resize=700%2C400 2x"},"classes":[]},{"id":8855,"url":"https:\/\/larevistadigital.com.ar\/blog\/accidente-fatal-en-ruta-11-muere-un-hombre-de-63-anos\/","url_meta":{"origin":30598,"position":2},"title":"ACCIDENTE FATAL EN RUTA 11. MUERE UN HOMBRE DE 63 A\u00d1OS","author":"Alejandro Sosa Ruda","date":"3 marzo, 2019","format":false,"excerpt":"Sucedi\u00f3 en la madrugada del domingo en la ruta interbalnearia camino a Santa Clara. La v\u00edctima fatal era un marplatense que iba acompa\u00f1ado de tres adultos y cuatro ni\u00f1os, todos hospitalizados. Una mujer est\u00e1 grave. Un terrible siniestro vial sucedi\u00f3 esta madrugada en el\u00a0kil\u00f3metro 497\u00a0de la\u00a0ruta 11, camino a\u00a0Santa Clara\u00a0cuando\u2026","rel":"","context":"En \u00abPOLICIALES\u00bb","block_context":{"text":"POLICIALES","link":"https:\/\/larevistadigital.com.ar\/blog\/category\/policiales\/"},"img":{"alt_text":"","src":"https:\/\/i0.wp.com\/larevistadigital.com.ar\/blog\/wp-content\/uploads\/2019\/03\/1551626678673.jpg?fit=1020%2C622&ssl=1&resize=350%2C200","width":350,"height":200,"srcset":"https:\/\/i0.wp.com\/larevistadigital.com.ar\/blog\/wp-content\/uploads\/2019\/03\/1551626678673.jpg?fit=1020%2C622&ssl=1&resize=350%2C200 1x, https:\/\/i0.wp.com\/larevistadigital.com.ar\/blog\/wp-content\/uploads\/2019\/03\/1551626678673.jpg?fit=1020%2C622&ssl=1&resize=525%2C300 1.5x, https:\/\/i0.wp.com\/larevistadigital.com.ar\/blog\/wp-content\/uploads\/2019\/03\/1551626678673.jpg?fit=1020%2C622&ssl=1&resize=700%2C400 2x"},"classes":[]},{"id":28626,"url":"https:\/\/larevistadigital.com.ar\/blog\/mar-del-plata-cayo-una-mamposteria-en-la-calle-y-una-mujer-resulto-herida\/","url_meta":{"origin":30598,"position":3},"title":"MAR DEL PLATA: CAY\u00d3 UNA MAMPOSTER\u00cdA EN LA CALLE Y UNA MUJER RESULT\u00d3 HERIDA","author":"Alejandro Sosa Ruda","date":"27 octubre, 2022","format":false,"excerpt":"El accidente sucedi\u00f3 en Bolivar y Jujuy, en la puerta de un comercio, donde se desprendieron tambi\u00e9n un cartel y un aire acondicionado. La mujer fue trasladada a la Cl\u00ednica Pueyrred\u00f3n con un traumatismo de cr\u00e1neo. 26 de octubre de 2022 MAR DEL PLATA -\u00a0 Este mi\u00e9rcoles, una mujer que\u2026","rel":"","context":"En \u00abREGIONALES\u00bb","block_context":{"text":"REGIONALES","link":"https:\/\/larevistadigital.com.ar\/blog\/category\/regionales\/"},"img":{"alt_text":"","src":"https:\/\/i0.wp.com\/larevistadigital.com.ar\/blog\/wp-content\/uploads\/20221026183000_desprendimiento-de-mamposteria.jpg?fit=880%2C512&ssl=1&resize=350%2C200","width":350,"height":200,"srcset":"https:\/\/i0.wp.com\/larevistadigital.com.ar\/blog\/wp-content\/uploads\/20221026183000_desprendimiento-de-mamposteria.jpg?fit=880%2C512&ssl=1&resize=350%2C200 1x, https:\/\/i0.wp.com\/larevistadigital.com.ar\/blog\/wp-content\/uploads\/20221026183000_desprendimiento-de-mamposteria.jpg?fit=880%2C512&ssl=1&resize=525%2C300 1.5x, https:\/\/i0.wp.com\/larevistadigital.com.ar\/blog\/wp-content\/uploads\/20221026183000_desprendimiento-de-mamposteria.jpg?fit=880%2C512&ssl=1&resize=700%2C400 2x"},"classes":[]},{"id":13105,"url":"https:\/\/larevistadigital.com.ar\/blog\/la-plata-muere-nena-de-4-anos-en-accidente\/","url_meta":{"origin":30598,"position":4},"title":"LA PLATA: MUERE NENA DE 4 A\u00d1OS EN ACCIDENTE","author":"Alejandro Sosa Ruda","date":"7 noviembre, 2019","format":false,"excerpt":"Sucedi\u00f3 esta madrugada, en La Plata. Viajaba junto a su pap\u00e1 y su mam\u00e1 cuando el auto perdi\u00f3 el control y termin\u00f3 contra las rejas de una vivienda. El accidente se produjo alrededor de las 3:30 en la avenida 44 y 157 (en el oeste de la ciudad de La\u2026","rel":"","context":"En \u00abPOLICIALES\u00bb","block_context":{"text":"POLICIALES","link":"https:\/\/larevistadigital.com.ar\/blog\/category\/policiales\/"},"img":{"alt_text":"","src":"https:\/\/i0.wp.com\/larevistadigital.com.ar\/blog\/wp-content\/uploads\/a828ba3b5dd789f33232d191fb12dd290352d9c5.jpg?fit=1140%2C759&ssl=1&resize=350%2C200","width":350,"height":200,"srcset":"https:\/\/i0.wp.com\/larevistadigital.com.ar\/blog\/wp-content\/uploads\/a828ba3b5dd789f33232d191fb12dd290352d9c5.jpg?fit=1140%2C759&ssl=1&resize=350%2C200 1x, https:\/\/i0.wp.com\/larevistadigital.com.ar\/blog\/wp-content\/uploads\/a828ba3b5dd789f33232d191fb12dd290352d9c5.jpg?fit=1140%2C759&ssl=1&resize=525%2C300 1.5x, https:\/\/i0.wp.com\/larevistadigital.com.ar\/blog\/wp-content\/uploads\/a828ba3b5dd789f33232d191fb12dd290352d9c5.jpg?fit=1140%2C759&ssl=1&resize=700%2C400 2x, https:\/\/i0.wp.com\/larevistadigital.com.ar\/blog\/wp-content\/uploads\/a828ba3b5dd789f33232d191fb12dd290352d9c5.jpg?fit=1140%2C759&ssl=1&resize=1050%2C600 3x"},"classes":[]},{"id":38668,"url":"https:\/\/larevistadigital.com.ar\/blog\/necochea-un-hombre-filmo-a-su-inquilina-mientras-se-banaba-y-ahora-debera-pagarle-una-indemnizacion-millonaria\/","url_meta":{"origin":30598,"position":5},"title":"Necochea: un hombre film\u00f3 a su inquilina mientras se ba\u00f1aba y ahora deber\u00e1 pagarle una indemnizaci\u00f3n millonaria","author":"Alejandro Sosa Ruda","date":"11 febrero, 2025","format":false,"excerpt":"El hecho ocurri\u00f3 en mayo de 2023. El acusado apel\u00f3 el fallo de C\u00e1mara de Apelaciones en lo Civil y Comercial de Necochea. 11 de Febrero de 2025 NECOCHEA -\u00a0 \u00a0Lo condenaron por \"da\u00f1os y perjuicios\", y deber\u00e1 pagar una suma millonaria a una mujer. Todo por haberla filmado mientras\u2026","rel":"","context":"En \u00abPOLICIALES\u00bb","block_context":{"text":"POLICIALES","link":"https:\/\/larevistadigital.com.ar\/blog\/category\/policiales\/"},"img":{"alt_text":"","src":"https:\/\/i0.wp.com\/larevistadigital.com.ar\/blog\/wp-content\/uploads\/4fbb03f2701e390f33a3344afcf8bbe5b4e58ddb.jpg?fit=1140%2C709&ssl=1&resize=350%2C200","width":350,"height":200,"srcset":"https:\/\/i0.wp.com\/larevistadigital.com.ar\/blog\/wp-content\/uploads\/4fbb03f2701e390f33a3344afcf8bbe5b4e58ddb.jpg?fit=1140%2C709&ssl=1&resize=350%2C200 1x, https:\/\/i0.wp.com\/larevistadigital.com.ar\/blog\/wp-content\/uploads\/4fbb03f2701e390f33a3344afcf8bbe5b4e58ddb.jpg?fit=1140%2C709&ssl=1&resize=525%2C300 1.5x, https:\/\/i0.wp.com\/larevistadigital.com.ar\/blog\/wp-content\/uploads\/4fbb03f2701e390f33a3344afcf8bbe5b4e58ddb.jpg?fit=1140%2C709&ssl=1&resize=700%2C400 2x, https:\/\/i0.wp.com\/larevistadigital.com.ar\/blog\/wp-content\/uploads\/4fbb03f2701e390f33a3344afcf8bbe5b4e58ddb.jpg?fit=1140%2C709&ssl=1&resize=1050%2C600 3x"},"classes":[]}],"_links":{"self":[{"href":"https:\/\/larevistadigital.com.ar\/blog\/wp-json\/wp\/v2\/posts\/30598","targetHints":{"allow":["GET"]}}],"collection":[{"href":"https:\/\/larevistadigital.com.ar\/blog\/wp-json\/wp\/v2\/posts"}],"about":[{"href":"https:\/\/larevistadigital.com.ar\/blog\/wp-json\/wp\/v2\/types\/post"}],"author":[{"embeddable":true,"href":"https:\/\/larevistadigital.com.ar\/blog\/wp-json\/wp\/v2\/users\/3"}],"replies":[{"embeddable":true,"href":"https:\/\/larevistadigital.com.ar\/blog\/wp-json\/wp\/v2\/comments?post=30598"}],"version-history":[{"count":1,"href":"https:\/\/larevistadigital.com.ar\/blog\/wp-json\/wp\/v2\/posts\/30598\/revisions"}],"predecessor-version":[{"id":30600,"href":"https:\/\/larevistadigital.com.ar\/blog\/wp-json\/wp\/v2\/posts\/30598\/revisions\/30600"}],"wp:featuredmedia":[{"embeddable":true,"href":"https:\/\/larevistadigital.com.ar\/blog\/wp-json\/wp\/v2\/media\/30599"}],"wp:attachment":[{"href":"https:\/\/larevistadigital.com.ar\/blog\/wp-json\/wp\/v2\/media?parent=30598"}],"wp:term":[{"taxonomy":"category","embeddable":true,"href":"https:\/\/larevistadigital.com.ar\/blog\/wp-json\/wp\/v2\/categories?post=30598"},{"taxonomy":"post_tag","embeddable":true,"href":"https:\/\/larevistadigital.com.ar\/blog\/wp-json\/wp\/v2\/tags?post=30598"}],"curies":[{"name":"wp","href":"https:\/\/api.w.org\/{rel}","templated":true}]}}