{"id":30601,"date":"2023-03-15T13:31:09","date_gmt":"2023-03-15T13:31:09","guid":{"rendered":"https:\/\/larevistadigital.com.ar\/blog\/?p=30601"},"modified":"2023-03-15T13:31:09","modified_gmt":"2023-03-15T13:31:09","slug":"atencion-se-detectaron-25-casos-de-dengue-y-44-de-chikungunya-en-la-porovincia-de-buenos-aires","status":"publish","type":"post","link":"https:\/\/larevistadigital.com.ar\/blog\/atencion-se-detectaron-25-casos-de-dengue-y-44-de-chikungunya-en-la-porovincia-de-buenos-aires\/","title":{"rendered":"ATENCI\u00d3N: SE DETECTARON 25 CASOS DE DENGUE Y 44 DE CHIKUNGUNYA EN LA POROVINCIA DE BUENOS AIRES."},"content":{"rendered":"<h2 class=\"fparrafo ctext fz18 lh25\">Entre las medidas de prevenci\u00f3n se destacan: liminar todos los recipientes en desuso que puedan acumular agua y tapar aquellos que sean \u00fatiles y no se pueden descartar; vestirse preferentemente con ropas claras y de mangas largas; usar repelentes ambientales como espirales o pastillas; cubrir cunas y cochecitos con tul; colocar mosquiteros en puertas y ventanas y utilizar repelentes.<\/h2>\n<p>15 de marzo de 2023<\/p>\n<p><strong>BUENOS AIRES &#8211;\u00a0<\/strong> El Ministerio de Salud bonaerense inform\u00f3, en el bolet\u00edn epidemiol\u00f3gico que, se confirmaron 25 casos de dengue y 44 de chikungunya en toda la provincia, en lo que va del a\u00f1o.<\/p>\n<blockquote>\n<h3 class=\"selectionShareable\">Seg\u00fan inform\u00f3 la cartera sanitaria en el bolet\u00edn epidemiol\u00f3gico de este lunes se notificaron unos 334 posibles casos de dengue. De ese total, <em><strong>\u00abfueron descartados 61 casos y 233 contin\u00faan en estudio\u00bb<\/strong><\/em>, mientras que unos 25 contagios fueron confirmados y 15 son probables.<\/h3>\n<\/blockquote>\n<p class=\"selectionShareable\">Desde el \u00e1rea que conduce Nicol\u00e1s Kreplak detallaron que \u00ab28 casos positivos (confirmados y probables) sin viaje a zonas con circulaci\u00f3n viral\u00bb y \u00ab12 casos positivos (confirmados y probables) con antecedente de viaje a Paraguay y Bolivia\u00bb.<\/p>\n<blockquote>\n<h3 class=\"selectionShareable\"><strong>En los 28 casos<em> \u00abse evidencia circulaci\u00f3n viral, con casos distribuidos principalmente en los municipios de Berazategui, el municipio de Tres de Febrero y en La Matanza\u00bb<\/em>, subrayaron.<\/strong><\/h3>\n<\/blockquote>\n<p class=\"selectionShareable\">En tanto que los otros 12 casos fueron detectados en las zonas de los distritos de General Villegas, General San Mart\u00edn, Lan\u00fas y Lomas de Zamora, Merlo e Ituzaing\u00f3, Tordillo y La Matanza.<\/p>\n<blockquote>\n<h3 class=\"selectionShareable\">En el caso de la fiebre chikungunya, en lo que va del a\u00f1o se notificaron 138 casos. De ese total, fueron confirmados 44, mientras que 32 se mantienen como probables, 53 en estudio y nueve se descartaron.<\/h3>\n<\/blockquote>\n<p class=\"selectionShareable\"><strong><em>\u00abDel total de casos confirmados, cuatro no registran antecedente de viaje a zonas con circulaci\u00f3n viral\u00bb<\/em><\/strong>, se\u00f1al\u00f3 Salud en el bolet\u00edn.<em><strong> \u00abPertenecen al mismo grupo familiar y tienen residencia en el municipio de Almirante Brown, mientras que los otros dos son de Quilmes\u00bb<\/strong><\/em>, explicaron las autoridades sanitarias.<\/p>\n<h3 class=\"selectionShareable\"><span style=\"color: #ff0000\"><b>Medidas de prevenci\u00f3n<\/b><\/span><\/h3>\n<p class=\"selectionShareable\">Eliminar todos los recipientes en desuso que puedan acumular agua y tapar aquellos que sean \u00fatiles y no se pueden descartar; vestirse preferentemente con ropas claras y de mangas largas; usar repelentes ambientales como espirales o pastillas; cubrir cunas y cochecitos con tul; colocar mosquiteros en puertas y ventanas y utilizar repelentes. (<b>InfoGEI<\/b>) Mg<\/p>\n","protected":false},"excerpt":{"rendered":"<div class=\"mh-excerpt\"><p>Entre las medidas de prevenci\u00f3n se destacan: liminar todos los recipientes en desuso que puedan acumular agua y tapar aquellos que sean \u00fatiles y no se pueden descartar; vestirse preferentemente con ropas claras y de <a class=\"mh-excerpt-more\" href=\"https:\/\/larevistadigital.com.ar\/blog\/atencion-se-detectaron-25-casos-de-dengue-y-44-de-chikungunya-en-la-porovincia-de-buenos-aires\/\" title=\"ATENCI\u00d3N: SE DETECTARON 25 CASOS DE DENGUE Y 44 DE CHIKUNGUNYA EN LA POROVINCIA DE BUENOS AIRES.\">[Leer M\u00e1s]<\/a><\/p>\n<\/div>","protected":false},"author":3,"featured_media":30602,"comment_status":"open","ping_status":"open","sticky":false,"template":"","format":"standard","meta":{"_jetpack_memberships_contains_paid_content":false,"footnotes":"","jetpack_publicize_message":"","jetpack_publicize_feature_enabled":true,"jetpack_social_post_already_shared":true,"jetpack_social_options":{"image_generator_settings":{"template":"highway","default_image_id":0,"font":"","enabled":false},"version":2}},"categories":[50],"tags":[],"class_list":{"0":"post-30601","1":"post","2":"type-post","3":"status-publish","4":"format-standard","5":"has-post-thumbnail","7":"category-interes-general"},"jetpack_publicize_connections":[],"jetpack_featured_media_url":"https:\/\/i0.wp.com\/larevistadigital.com.ar\/blog\/wp-content\/uploads\/20230314115733_dengue.jpg?fit=880%2C512&ssl=1","jetpack_sharing_enabled":true,"jetpack_shortlink":"https:\/\/wp.me\/p8qtrQ-7Xz","jetpack-related-posts":[{"id":30714,"url":"https:\/\/larevistadigital.com.ar\/blog\/se-cuadruplicaron-los-casos-de-dengue-en-la-provincia\/","url_meta":{"origin":30601,"position":0},"title":"SE CUADRUPLICARON LOS CASOS DE DENGUE EN LA PROVINCIA","author":"Alejandro Sosa Ruda","date":"25 marzo, 2023","format":false,"excerpt":"En lo que va del a\u00f1o, se notificaron en la Provincia \u201c902 casos con sospecha de dengue\u201d. De ese total, \u201c176 fueron confirmados, 48 son probables, 151 casos fueron descartados y 527 a\u00fan contin\u00faan en estudio\u201d. Los n\u00fameros son significativamente m\u00e1s altos que en 2022, cuando se contabilizaron, para esta\u2026","rel":"","context":"En \u00abINTERES GENERAL\u00bb","block_context":{"text":"INTERES GENERAL","link":"https:\/\/larevistadigital.com.ar\/blog\/category\/interes-general\/"},"img":{"alt_text":"","src":"https:\/\/i0.wp.com\/larevistadigital.com.ar\/blog\/wp-content\/uploads\/20230324163045_dengue.jpg?fit=880%2C512&ssl=1&resize=350%2C200","width":350,"height":200,"srcset":"https:\/\/i0.wp.com\/larevistadigital.com.ar\/blog\/wp-content\/uploads\/20230324163045_dengue.jpg?fit=880%2C512&ssl=1&resize=350%2C200 1x, https:\/\/i0.wp.com\/larevistadigital.com.ar\/blog\/wp-content\/uploads\/20230324163045_dengue.jpg?fit=880%2C512&ssl=1&resize=525%2C300 1.5x, https:\/\/i0.wp.com\/larevistadigital.com.ar\/blog\/wp-content\/uploads\/20230324163045_dengue.jpg?fit=880%2C512&ssl=1&resize=700%2C400 2x"},"classes":[]},{"id":27367,"url":"https:\/\/larevistadigital.com.ar\/blog\/fiebre-hemorragica-argentina-otros-dos-casos-en-territorio-bonaerense\/","url_meta":{"origin":30601,"position":1},"title":"FIEBRE HEMORR\u00c1GICA ARGENTINA: OTROS DOS CASOS EN TERRITORIO BONAERENSE","author":"Alejandro Sosa Ruda","date":"29 agosto, 2022","format":false,"excerpt":"El \u00faltimo bolet\u00edn epidemiol\u00f3gico del Ministerio de Salud bonaerense report\u00f3 dos nuevos casos de Fiebre Hemorr\u00e1gica Argentina. El Ministerio de Salud de la provincia de Buenos Aires confirm\u00f3 dos nuevos contagios de Fiebre Hemorr\u00e1gica Argentina (FHA), por lo que el n\u00famero de casos subi\u00f3 a 22 en toda la regi\u00f3n\u2026","rel":"","context":"En \u00abSOCIEDAD\u00bb","block_context":{"text":"SOCIEDAD","link":"https:\/\/larevistadigital.com.ar\/blog\/category\/sociedad\/"},"img":{"alt_text":"","src":"https:\/\/i0.wp.com\/larevistadigital.com.ar\/blog\/wp-content\/uploads\/20220829161228_fha.jpg?fit=880%2C512&ssl=1&resize=350%2C200","width":350,"height":200,"srcset":"https:\/\/i0.wp.com\/larevistadigital.com.ar\/blog\/wp-content\/uploads\/20220829161228_fha.jpg?fit=880%2C512&ssl=1&resize=350%2C200 1x, https:\/\/i0.wp.com\/larevistadigital.com.ar\/blog\/wp-content\/uploads\/20220829161228_fha.jpg?fit=880%2C512&ssl=1&resize=525%2C300 1.5x, https:\/\/i0.wp.com\/larevistadigital.com.ar\/blog\/wp-content\/uploads\/20220829161228_fha.jpg?fit=880%2C512&ssl=1&resize=700%2C400 2x"},"classes":[]},{"id":15302,"url":"https:\/\/larevistadigital.com.ar\/blog\/lamentable-record-41-000-infectados-de-dengue-en-argentina\/","url_meta":{"origin":30601,"position":2},"title":"LAMENTABLE R\u00c9CORD: 41.000 INFECTADOS DE DENGUE EN ARGENTINA","author":"Alejandro Sosa Ruda","date":"23 mayo, 2020","format":false,"excerpt":"La atenci\u00f3n y los cuidados de prevenci\u00f3n est\u00e1n enfocados en el coronavirus mientras el dengue sigue avanzando en nuestro territorio. Las personas contagiadas por dengue en Argentina ya son 41.754 desde julio de 2019 hasta el 9 de mayo pasado. Estos n\u00fameros superan los registros del per\u00edodo 2015-2016 con 41.402\u2026","rel":"","context":"En \u00abREGIONALES\u00bb","block_context":{"text":"REGIONALES","link":"https:\/\/larevistadigital.com.ar\/blog\/category\/regionales\/"},"img":{"alt_text":"","src":"https:\/\/i0.wp.com\/larevistadigital.com.ar\/blog\/wp-content\/uploads\/1200px-Aedes_aegypti.jpg?fit=1200%2C800&ssl=1&resize=350%2C200","width":350,"height":200,"srcset":"https:\/\/i0.wp.com\/larevistadigital.com.ar\/blog\/wp-content\/uploads\/1200px-Aedes_aegypti.jpg?fit=1200%2C800&ssl=1&resize=350%2C200 1x, https:\/\/i0.wp.com\/larevistadigital.com.ar\/blog\/wp-content\/uploads\/1200px-Aedes_aegypti.jpg?fit=1200%2C800&ssl=1&resize=525%2C300 1.5x, https:\/\/i0.wp.com\/larevistadigital.com.ar\/blog\/wp-content\/uploads\/1200px-Aedes_aegypti.jpg?fit=1200%2C800&ssl=1&resize=700%2C400 2x, https:\/\/i0.wp.com\/larevistadigital.com.ar\/blog\/wp-content\/uploads\/1200px-Aedes_aegypti.jpg?fit=1200%2C800&ssl=1&resize=1050%2C600 3x"},"classes":[]},{"id":29156,"url":"https:\/\/larevistadigital.com.ar\/blog\/un-bonaerense-de-44-anos-es-el-primer-muerto-por-viruela-del-mono-en-el-pais\/","url_meta":{"origin":30601,"position":3},"title":"UN BONAERENSE DE 44 A\u00d1OS ES EL PRIMER MUERTO POR VIRUELA DEL MONO EN EL PA\u00cdS","author":"Alejandro Sosa Ruda","date":"29 noviembre, 2022","format":false,"excerpt":"El paciente, residente de la provincia de Buenos Aires, estaba internado en un establecimiento p\u00fablico de CABA desde el 17 de septiembre en terapia intensiva con asistencia respiratoria mec\u00e1nica y muri\u00f3 el pasado 22 de noviembre a ra\u00edz de un shock s\u00e9ptico 29 de noviembre de 2022 BUENOS AIRES -\u00a0\u2026","rel":"","context":"En \u00abINTERES GENERAL\u00bb","block_context":{"text":"INTERES GENERAL","link":"https:\/\/larevistadigital.com.ar\/blog\/category\/interes-general\/"},"img":{"alt_text":"","src":"https:\/\/i0.wp.com\/larevistadigital.com.ar\/blog\/wp-content\/uploads\/20221128181556_viruela-mono-2.jpg?fit=880%2C512&ssl=1&resize=350%2C200","width":350,"height":200,"srcset":"https:\/\/i0.wp.com\/larevistadigital.com.ar\/blog\/wp-content\/uploads\/20221128181556_viruela-mono-2.jpg?fit=880%2C512&ssl=1&resize=350%2C200 1x, https:\/\/i0.wp.com\/larevistadigital.com.ar\/blog\/wp-content\/uploads\/20221128181556_viruela-mono-2.jpg?fit=880%2C512&ssl=1&resize=525%2C300 1.5x, https:\/\/i0.wp.com\/larevistadigital.com.ar\/blog\/wp-content\/uploads\/20221128181556_viruela-mono-2.jpg?fit=880%2C512&ssl=1&resize=700%2C400 2x"},"classes":[]},{"id":38103,"url":"https:\/\/larevistadigital.com.ar\/blog\/vacunacion-contra-el-dengue-en-chascomus\/","url_meta":{"origin":30601,"position":4},"title":"Vacunaci\u00f3n contra el dengue en Chascom\u00fas","author":"Alejandro Sosa Ruda","date":"3 diciembre, 2024","format":false,"excerpt":"Comienza la campa\u00f1a implementada desde el gobierno de la Provincia de Buenos Aires. 03 de diciembre de 2024 CHASCOM\u00daS -\u00a0 Comenz\u00f3 hoy la campa\u00f1a de vacunaci\u00f3n contra el dengue en el Vacunatorio Municipal. Desde el 2 al 14 de diciembre, se vacunar\u00e1 a las personas que padecieron la enfermedad, con\u2026","rel":"","context":"En \u00abCHASCOM\u00daS\u00bb","block_context":{"text":"CHASCOM\u00daS","link":"https:\/\/larevistadigital.com.ar\/blog\/category\/chascomus\/"},"img":{"alt_text":"","src":"https:\/\/i0.wp.com\/larevistadigital.com.ar\/blog\/wp-content\/uploads\/674de9adaf1e6.png?fit=668%2C445&ssl=1&resize=350%2C200","width":350,"height":200,"srcset":"https:\/\/i0.wp.com\/larevistadigital.com.ar\/blog\/wp-content\/uploads\/674de9adaf1e6.png?fit=668%2C445&ssl=1&resize=350%2C200 1x, https:\/\/i0.wp.com\/larevistadigital.com.ar\/blog\/wp-content\/uploads\/674de9adaf1e6.png?fit=668%2C445&ssl=1&resize=525%2C300 1.5x"},"classes":[]},{"id":33306,"url":"https:\/\/larevistadigital.com.ar\/blog\/a-tener-cuidado-ya-hay-217-casos-confirmados-de-triquinosis-en-20-municipios-bonaerenses\/","url_meta":{"origin":30601,"position":5},"title":"A TENER CUIDADO: YA HAY 217 CASOS CONFIRMADOS DE TRIQUINOSIS EN 20 MUNICIPIOS BONAERENSES.","author":"Alejandro Sosa Ruda","date":"5 septiembre, 2023","format":false,"excerpt":"En tanto, hay otros 239 casos en estudio. Todos los casos evolucionaron favorablemente y se provey\u00f3 el tratamiento correspondiente. En la provincia de Buenos Aires, los brotes de triquinosis se producen en su mayor\u00eda durante la \u00e9poca de bajas temperaturas. 5 de Septiembre de 2023 BUENOS AIRES -\u00a0 La provincia\u2026","rel":"","context":"En \u00abREGIONALES\u00bb","block_context":{"text":"REGIONALES","link":"https:\/\/larevistadigital.com.ar\/blog\/category\/regionales\/"},"img":{"alt_text":"","src":"https:\/\/i0.wp.com\/larevistadigital.com.ar\/blog\/wp-content\/uploads\/20230905175519_triquinosis.jpg?fit=880%2C512&ssl=1&resize=350%2C200","width":350,"height":200,"srcset":"https:\/\/i0.wp.com\/larevistadigital.com.ar\/blog\/wp-content\/uploads\/20230905175519_triquinosis.jpg?fit=880%2C512&ssl=1&resize=350%2C200 1x, https:\/\/i0.wp.com\/larevistadigital.com.ar\/blog\/wp-content\/uploads\/20230905175519_triquinosis.jpg?fit=880%2C512&ssl=1&resize=525%2C300 1.5x, https:\/\/i0.wp.com\/larevistadigital.com.ar\/blog\/wp-content\/uploads\/20230905175519_triquinosis.jpg?fit=880%2C512&ssl=1&resize=700%2C400 2x"},"classes":[]}],"_links":{"self":[{"href":"https:\/\/larevistadigital.com.ar\/blog\/wp-json\/wp\/v2\/posts\/30601","targetHints":{"allow":["GET"]}}],"collection":[{"href":"https:\/\/larevistadigital.com.ar\/blog\/wp-json\/wp\/v2\/posts"}],"about":[{"href":"https:\/\/larevistadigital.com.ar\/blog\/wp-json\/wp\/v2\/types\/post"}],"author":[{"embeddable":true,"href":"https:\/\/larevistadigital.com.ar\/blog\/wp-json\/wp\/v2\/users\/3"}],"replies":[{"embeddable":true,"href":"https:\/\/larevistadigital.com.ar\/blog\/wp-json\/wp\/v2\/comments?post=30601"}],"version-history":[{"count":1,"href":"https:\/\/larevistadigital.com.ar\/blog\/wp-json\/wp\/v2\/posts\/30601\/revisions"}],"predecessor-version":[{"id":30603,"href":"https:\/\/larevistadigital.com.ar\/blog\/wp-json\/wp\/v2\/posts\/30601\/revisions\/30603"}],"wp:featuredmedia":[{"embeddable":true,"href":"https:\/\/larevistadigital.com.ar\/blog\/wp-json\/wp\/v2\/media\/30602"}],"wp:attachment":[{"href":"https:\/\/larevistadigital.com.ar\/blog\/wp-json\/wp\/v2\/media?parent=30601"}],"wp:term":[{"taxonomy":"category","embeddable":true,"href":"https:\/\/larevistadigital.com.ar\/blog\/wp-json\/wp\/v2\/categories?post=30601"},{"taxonomy":"post_tag","embeddable":true,"href":"https:\/\/larevistadigital.com.ar\/blog\/wp-json\/wp\/v2\/tags?post=30601"}],"curies":[{"name":"wp","href":"https:\/\/api.w.org\/{rel}","templated":true}]}}