{"id":30604,"date":"2023-03-15T14:59:48","date_gmt":"2023-03-15T14:59:48","guid":{"rendered":"https:\/\/larevistadigital.com.ar\/blog\/?p=30604"},"modified":"2023-03-15T14:59:48","modified_gmt":"2023-03-15T14:59:48","slug":"accidente-fatal-en-la-ruta-88-murio-una-mujer-en-accidente-entre-camion-y-auto","status":"publish","type":"post","link":"https:\/\/larevistadigital.com.ar\/blog\/accidente-fatal-en-la-ruta-88-murio-una-mujer-en-accidente-entre-camion-y-auto\/","title":{"rendered":"ACCIDENTE FATAL EN LA RUTA 88: MURI\u00d3 UNA MUJER EN ACCIDENTE ENTRE CAMI\u00d3N Y AUTO"},"content":{"rendered":"<h2>La mujer ten\u00eda 69 a\u00f1os, y el camionero sali\u00f3 ileso. Sucedi\u00f3 en el km. 106 de la ruta que une Mar del Plata con Necochea.<\/h2>\n<p>15 de marzo de 2023<\/p>\n<p><strong>QUEQUEN &#8211;<\/strong>\u00a0 Ayer por la tarde, sucedi\u00f3 un grave accidente entre un autom\u00f3vil y un cami\u00f3n Dimex con acoplado y sin carga, que dej\u00f3 como saldo la muerte de una mujer que conduc\u00eda \u00a0un un Ford K, que viajaba con un perro.<\/p>\n<p>Personal del Destacamento Vial de Quequ\u00e9n acudi\u00f3 de urgencia al lugar y ante la gravedad de las lesiones de la mujer se orden\u00f3 su traslado en ambulancia hasta el Hospital de Necochea, donde se constat\u00f3 su fallecimiento.\u00a0<strong>La v\u00edctima fatal, oriunda de Necochea, fue identificada como Silvia Ferrerro<\/strong>\u00a0(69 a\u00f1os), seg\u00fan inform\u00f3 La Capital.<\/p>\n<p><strong>El camionero<\/strong>, de 37 a\u00f1os y con<strong>\u00a0residencia en la ciudad de Comandante Nicanor Otamendi<\/strong>\u00a0(partido de General Alvarado),\u00a0<strong>result\u00f3 ileso<\/strong>. El hombre, que apenas experiment\u00f3 algunos dolores por la desaceleraci\u00f3n, fue imputado del delito de \u00abhomicidio culposo\u00bb.<\/p>\n<p>fuente:entrel\u00edneas<\/p>\n","protected":false},"excerpt":{"rendered":"<div class=\"mh-excerpt\"><p>La mujer ten\u00eda 69 a\u00f1os, y el camionero sali\u00f3 ileso. Sucedi\u00f3 en el km. 106 de la ruta que une Mar del Plata con Necochea. 15 de marzo de 2023 QUEQUEN &#8211;\u00a0 Ayer por la <a class=\"mh-excerpt-more\" href=\"https:\/\/larevistadigital.com.ar\/blog\/accidente-fatal-en-la-ruta-88-murio-una-mujer-en-accidente-entre-camion-y-auto\/\" title=\"ACCIDENTE FATAL EN LA RUTA 88: MURI\u00d3 UNA MUJER EN ACCIDENTE ENTRE CAMI\u00d3N Y AUTO\">[Leer M\u00e1s]<\/a><\/p>\n<\/div>","protected":false},"author":3,"featured_media":30605,"comment_status":"open","ping_status":"open","sticky":false,"template":"","format":"standard","meta":{"_jetpack_memberships_contains_paid_content":false,"footnotes":"","jetpack_publicize_message":"","jetpack_publicize_feature_enabled":true,"jetpack_social_post_already_shared":true,"jetpack_social_options":{"image_generator_settings":{"template":"highway","default_image_id":0,"font":"","enabled":false},"version":2}},"categories":[44,51],"tags":[],"class_list":{"0":"post-30604","1":"post","2":"type-post","3":"status-publish","4":"format-standard","5":"has-post-thumbnail","7":"category-policiales","8":"category-regionales"},"jetpack_publicize_connections":[],"jetpack_featured_media_url":"https:\/\/i0.wp.com\/larevistadigital.com.ar\/blog\/wp-content\/uploads\/0bea1e187568c0af4b2b76bab0b7884af95d3bd7.jpg?fit=1140%2C605&ssl=1","jetpack_sharing_enabled":true,"jetpack_shortlink":"https:\/\/wp.me\/p8qtrQ-7XC","jetpack-related-posts":[{"id":41501,"url":"https:\/\/larevistadigital.com.ar\/blog\/necochea-tragedia-en-la-ruta-228-un-camionero-murio-al-colisionar-con-el-vehiculo-que-manejaba-su-hermano\/","url_meta":{"origin":30604,"position":0},"title":"Necochea: Tragedia en la Ruta 228: un camionero muri\u00f3 al colisionar con el veh\u00edculo que manejaba su hermano","author":"Alejandro Sosa Ruda","date":"18 septiembre, 2025","format":false,"excerpt":"Un grave accidente ocurrido en la madrugada del mi\u00e9rcoles 27 de agosto sobre la Ruta Nacional 228, a pocos kil\u00f3metros de Necochea, dej\u00f3 como saldo la muerte de Jonatan Emanuel Roda, de 33 a\u00f1os, oriundo de Oriente. El joven transportista perdi\u00f3 la vida en un choque m\u00faltiple que, de manera\u2026","rel":"","context":"En \u00abPOLICIALES\u00bb","block_context":{"text":"POLICIALES","link":"https:\/\/larevistadigital.com.ar\/blog\/category\/policiales\/"},"img":{"alt_text":"","src":"https:\/\/i0.wp.com\/larevistadigital.com.ar\/blog\/wp-content\/uploads\/20250918103212_tragedia-ruta-228-camion-hermano-choque.jpg?fit=880%2C512&ssl=1&resize=350%2C200","width":350,"height":200,"srcset":"https:\/\/i0.wp.com\/larevistadigital.com.ar\/blog\/wp-content\/uploads\/20250918103212_tragedia-ruta-228-camion-hermano-choque.jpg?fit=880%2C512&ssl=1&resize=350%2C200 1x, https:\/\/i0.wp.com\/larevistadigital.com.ar\/blog\/wp-content\/uploads\/20250918103212_tragedia-ruta-228-camion-hermano-choque.jpg?fit=880%2C512&ssl=1&resize=525%2C300 1.5x, https:\/\/i0.wp.com\/larevistadigital.com.ar\/blog\/wp-content\/uploads\/20250918103212_tragedia-ruta-228-camion-hermano-choque.jpg?fit=880%2C512&ssl=1&resize=700%2C400 2x"},"classes":[]},{"id":21225,"url":"https:\/\/larevistadigital.com.ar\/blog\/comerciante-de-chascomus-fallece-en-accidente-ocurrido-en-la-ruta-228\/","url_meta":{"origin":30604,"position":1},"title":"COMERCIANTE DE CHASCOM\u00daS, FALLECE EN ACCIDENTE OCURRIDO EN LA RUTA 228","author":"Alejandro Sosa Ruda","date":"22 julio, 2021","format":false,"excerpt":"Lamentablemente se tomo conocimiento a trav\u00e9s del sitio \"necocheadigital.com\" que un comerciante de la ciudad de Chascom\u00fas, perdi\u00f3 la vida tr\u00e1gicamente anoche durante un accidente de tr\u00e1nsito acontecido en los primeros kil\u00f3metros de la ruta nacional 228 en el tramo Necochea \u2013 Energ\u00eda. Seg\u00fan coment\u00f3 el director general de Defensa\u2026","rel":"","context":"En \u00abINTERES GENERAL\u00bb","block_context":{"text":"INTERES GENERAL","link":"https:\/\/larevistadigital.com.ar\/blog\/category\/interes-general\/"},"img":{"alt_text":"","src":"https:\/\/i0.wp.com\/larevistadigital.com.ar\/blog\/wp-content\/uploads\/Captura-de-pantalla-2021-07-22-115441.png?fit=781%2C760&ssl=1&resize=350%2C200","width":350,"height":200,"srcset":"https:\/\/i0.wp.com\/larevistadigital.com.ar\/blog\/wp-content\/uploads\/Captura-de-pantalla-2021-07-22-115441.png?fit=781%2C760&ssl=1&resize=350%2C200 1x, https:\/\/i0.wp.com\/larevistadigital.com.ar\/blog\/wp-content\/uploads\/Captura-de-pantalla-2021-07-22-115441.png?fit=781%2C760&ssl=1&resize=525%2C300 1.5x, https:\/\/i0.wp.com\/larevistadigital.com.ar\/blog\/wp-content\/uploads\/Captura-de-pantalla-2021-07-22-115441.png?fit=781%2C760&ssl=1&resize=700%2C400 2x"},"classes":[]},{"id":9032,"url":"https:\/\/larevistadigital.com.ar\/blog\/san-vicente-accidente-fatal-en-ruta-6\/","url_meta":{"origin":30604,"position":2},"title":"SAN VICENTE: ACCIDENTE FATAL EN RUTA 6","author":"Alejandro Sosa Ruda","date":"12 marzo, 2019","format":false,"excerpt":"En las \u00faltimas horas se produjo un\u00a0grave accidente\u00a0en\u00a0ruta 6\u00a0a la altura del\u00a0peaje en construcci\u00f3n\u00a0de\u00a0San Vicente, donde lamentablemente\u00a0falleci\u00f3 el conductor de un cami\u00f3n, tras impactar con otro cami\u00f3n. La v\u00edctima fatal es un hombre de 28 a\u00f1os de edad. Fuentes policiales indicaron a\u00a0DLN\u00a0que en la ruta 6, un cami\u00f3n Mercedes Benz\u00a0colision\u00f3\u2026","rel":"","context":"En \u00abPOLICIALES\u00bb","block_context":{"text":"POLICIALES","link":"https:\/\/larevistadigital.com.ar\/blog\/category\/policiales\/"},"img":{"alt_text":"","src":"https:\/\/i0.wp.com\/larevistadigital.com.ar\/blog\/wp-content\/uploads\/2019\/03\/WhatsApp-Image-2019-03-12-at-09.41.18.jpeg?fit=1024%2C575&ssl=1&resize=350%2C200","width":350,"height":200,"srcset":"https:\/\/i0.wp.com\/larevistadigital.com.ar\/blog\/wp-content\/uploads\/2019\/03\/WhatsApp-Image-2019-03-12-at-09.41.18.jpeg?fit=1024%2C575&ssl=1&resize=350%2C200 1x, https:\/\/i0.wp.com\/larevistadigital.com.ar\/blog\/wp-content\/uploads\/2019\/03\/WhatsApp-Image-2019-03-12-at-09.41.18.jpeg?fit=1024%2C575&ssl=1&resize=525%2C300 1.5x, https:\/\/i0.wp.com\/larevistadigital.com.ar\/blog\/wp-content\/uploads\/2019\/03\/WhatsApp-Image-2019-03-12-at-09.41.18.jpeg?fit=1024%2C575&ssl=1&resize=700%2C400 2x"},"classes":[]},{"id":34465,"url":"https:\/\/larevistadigital.com.ar\/blog\/necochea-detienen-en-un-asalto-a-un-homicida-oriundo-de-mar-del-plata\/","url_meta":{"origin":30604,"position":3},"title":"NECOCHEA: DETIENEN EN UN ASALTO A UN HOMICIDA ORIUNDO DE MAR DEL PLATA","author":"Alejandro Sosa Ruda","date":"8 noviembre, 2023","format":false,"excerpt":"Se le hab\u00eda concedido el beneficio de la libertad asistida en el marco de una condena a 9 a\u00f1os por el asesinato de Mat\u00edas Garc\u00eda en 2015. 8 de noviembre de 2023 NECOCHEA-\u00a0 Nicol\u00e1s Ontivero, de 29 a\u00f1os, quien a\u00fan cumpl\u00eda con la pena impuesta por la Justicia de Mar\u2026","rel":"","context":"En \u00abPOLICIALES\u00bb","block_context":{"text":"POLICIALES","link":"https:\/\/larevistadigital.com.ar\/blog\/category\/policiales\/"},"img":{"alt_text":"","src":"https:\/\/i0.wp.com\/larevistadigital.com.ar\/blog\/wp-content\/uploads\/Captura-de-pantalla-2023-11-08-220047.png?fit=808%2C477&ssl=1&resize=350%2C200","width":350,"height":200,"srcset":"https:\/\/i0.wp.com\/larevistadigital.com.ar\/blog\/wp-content\/uploads\/Captura-de-pantalla-2023-11-08-220047.png?fit=808%2C477&ssl=1&resize=350%2C200 1x, https:\/\/i0.wp.com\/larevistadigital.com.ar\/blog\/wp-content\/uploads\/Captura-de-pantalla-2023-11-08-220047.png?fit=808%2C477&ssl=1&resize=525%2C300 1.5x, https:\/\/i0.wp.com\/larevistadigital.com.ar\/blog\/wp-content\/uploads\/Captura-de-pantalla-2023-11-08-220047.png?fit=808%2C477&ssl=1&resize=700%2C400 2x"},"classes":[]},{"id":8855,"url":"https:\/\/larevistadigital.com.ar\/blog\/accidente-fatal-en-ruta-11-muere-un-hombre-de-63-anos\/","url_meta":{"origin":30604,"position":4},"title":"ACCIDENTE FATAL EN RUTA 11. MUERE UN HOMBRE DE 63 A\u00d1OS","author":"Alejandro Sosa Ruda","date":"3 marzo, 2019","format":false,"excerpt":"Sucedi\u00f3 en la madrugada del domingo en la ruta interbalnearia camino a Santa Clara. La v\u00edctima fatal era un marplatense que iba acompa\u00f1ado de tres adultos y cuatro ni\u00f1os, todos hospitalizados. Una mujer est\u00e1 grave. Un terrible siniestro vial sucedi\u00f3 esta madrugada en el\u00a0kil\u00f3metro 497\u00a0de la\u00a0ruta 11, camino a\u00a0Santa Clara\u00a0cuando\u2026","rel":"","context":"En \u00abPOLICIALES\u00bb","block_context":{"text":"POLICIALES","link":"https:\/\/larevistadigital.com.ar\/blog\/category\/policiales\/"},"img":{"alt_text":"","src":"https:\/\/i0.wp.com\/larevistadigital.com.ar\/blog\/wp-content\/uploads\/2019\/03\/1551626678673.jpg?fit=1020%2C622&ssl=1&resize=350%2C200","width":350,"height":200,"srcset":"https:\/\/i0.wp.com\/larevistadigital.com.ar\/blog\/wp-content\/uploads\/2019\/03\/1551626678673.jpg?fit=1020%2C622&ssl=1&resize=350%2C200 1x, https:\/\/i0.wp.com\/larevistadigital.com.ar\/blog\/wp-content\/uploads\/2019\/03\/1551626678673.jpg?fit=1020%2C622&ssl=1&resize=525%2C300 1.5x, https:\/\/i0.wp.com\/larevistadigital.com.ar\/blog\/wp-content\/uploads\/2019\/03\/1551626678673.jpg?fit=1020%2C622&ssl=1&resize=700%2C400 2x"},"classes":[]},{"id":28207,"url":"https:\/\/larevistadigital.com.ar\/blog\/cnel-vidal-un-muerto-tras-choque-en-la-ruta-55\/","url_meta":{"origin":30604,"position":5},"title":"CNEL. VIDAL: UN MUERTO TRAS CHOQUE EN LA RUTA 55","author":"Alejandro Sosa Ruda","date":"2 octubre, 2022","format":false,"excerpt":"Fue entre una camioneta y un cami\u00f3n. Pudo ser como consecuencia de la gran niebla. 02 de Octubre de 2022 CORONEL VIDAL -\u00a0 El accidente sucedi\u00f3 durante la ma\u00f1ana de ayer, a la altura de Coronel Vidal en la\u00a0 ruta 55, donde un hombre de 65 a\u00f1os de edad, result\u00f3\u2026","rel":"","context":"En \u00abPOLICIALES\u00bb","block_context":{"text":"POLICIALES","link":"https:\/\/larevistadigital.com.ar\/blog\/category\/policiales\/"},"img":{"alt_text":"","src":"https:\/\/i0.wp.com\/larevistadigital.com.ar\/blog\/wp-content\/uploads\/f837c0c7427de0636a5e002abf5c8a555fa2a72a.jpg?fit=1140%2C641&ssl=1&resize=350%2C200","width":350,"height":200,"srcset":"https:\/\/i0.wp.com\/larevistadigital.com.ar\/blog\/wp-content\/uploads\/f837c0c7427de0636a5e002abf5c8a555fa2a72a.jpg?fit=1140%2C641&ssl=1&resize=350%2C200 1x, https:\/\/i0.wp.com\/larevistadigital.com.ar\/blog\/wp-content\/uploads\/f837c0c7427de0636a5e002abf5c8a555fa2a72a.jpg?fit=1140%2C641&ssl=1&resize=525%2C300 1.5x, https:\/\/i0.wp.com\/larevistadigital.com.ar\/blog\/wp-content\/uploads\/f837c0c7427de0636a5e002abf5c8a555fa2a72a.jpg?fit=1140%2C641&ssl=1&resize=700%2C400 2x, https:\/\/i0.wp.com\/larevistadigital.com.ar\/blog\/wp-content\/uploads\/f837c0c7427de0636a5e002abf5c8a555fa2a72a.jpg?fit=1140%2C641&ssl=1&resize=1050%2C600 3x"},"classes":[]}],"_links":{"self":[{"href":"https:\/\/larevistadigital.com.ar\/blog\/wp-json\/wp\/v2\/posts\/30604","targetHints":{"allow":["GET"]}}],"collection":[{"href":"https:\/\/larevistadigital.com.ar\/blog\/wp-json\/wp\/v2\/posts"}],"about":[{"href":"https:\/\/larevistadigital.com.ar\/blog\/wp-json\/wp\/v2\/types\/post"}],"author":[{"embeddable":true,"href":"https:\/\/larevistadigital.com.ar\/blog\/wp-json\/wp\/v2\/users\/3"}],"replies":[{"embeddable":true,"href":"https:\/\/larevistadigital.com.ar\/blog\/wp-json\/wp\/v2\/comments?post=30604"}],"version-history":[{"count":1,"href":"https:\/\/larevistadigital.com.ar\/blog\/wp-json\/wp\/v2\/posts\/30604\/revisions"}],"predecessor-version":[{"id":30606,"href":"https:\/\/larevistadigital.com.ar\/blog\/wp-json\/wp\/v2\/posts\/30604\/revisions\/30606"}],"wp:featuredmedia":[{"embeddable":true,"href":"https:\/\/larevistadigital.com.ar\/blog\/wp-json\/wp\/v2\/media\/30605"}],"wp:attachment":[{"href":"https:\/\/larevistadigital.com.ar\/blog\/wp-json\/wp\/v2\/media?parent=30604"}],"wp:term":[{"taxonomy":"category","embeddable":true,"href":"https:\/\/larevistadigital.com.ar\/blog\/wp-json\/wp\/v2\/categories?post=30604"},{"taxonomy":"post_tag","embeddable":true,"href":"https:\/\/larevistadigital.com.ar\/blog\/wp-json\/wp\/v2\/tags?post=30604"}],"curies":[{"name":"wp","href":"https:\/\/api.w.org\/{rel}","templated":true}]}}