{"id":30607,"date":"2023-03-15T15:08:35","date_gmt":"2023-03-15T15:08:35","guid":{"rendered":"https:\/\/larevistadigital.com.ar\/blog\/?p=30607"},"modified":"2023-03-15T15:08:35","modified_gmt":"2023-03-15T15:08:35","slug":"lezama-accidente-en-la-ruta-2-con-el-saldo-de-un-muerto-y-un-herido-grave","status":"publish","type":"post","link":"https:\/\/larevistadigital.com.ar\/blog\/lezama-accidente-en-la-ruta-2-con-el-saldo-de-un-muerto-y-un-herido-grave\/","title":{"rendered":"LEZAMA: ACCIDENTE EN LA RUTA 2 CON EL SALDO DE UN MUERTO Y UN HERIDO GRAVE."},"content":{"rendered":"<h2 class=\"nota__hero__summary\">Una mujer muri\u00f3 al chocar un auto contra un cami\u00f3n a la altura del kil\u00f3metro 148, mientras que otra fue hospitalizada en estado cr\u00edtico.<\/h2>\n<p>15 de marzo de 2023<\/p>\n<p><strong>LEZAMA &#8211;\u00a0<\/strong> El tr\u00e1gico siniestro, ocurri\u00f3 durante la ma\u00f1ana del d\u00eda de ayer, a la altura del km 148 donde el lamentable saldo fue el de una v\u00edctima fatal y dos heridos, uno de ellos de gravedad.<\/p>\n<blockquote>\n<h3>Los hechos sucedieron cuando un autom\u00f3vil Volkswagen choc\u00f3 <strong>contra un cami\u00f3n<\/strong>\u00a0Mercedes Benz, por causas que a\u00fan no fueron establecidas, algo que se espera determinar luego de efectuarse las pericias correspondientes.<\/h3>\n<\/blockquote>\n<p>Como consecuencia del tremendo impacto entre ambos rodados,<strong>\u00a0una mujer de 28 a\u00f1os falleci\u00f3 en el acto<\/strong>, mientras que\u00a0<strong>otra de 45 a\u00f1os fue trasladada con C\u00f3digo Rojo<\/strong> (muy grave) a la Unidad de Pronta Atenci\u00f3n (UPA-Trauma) de Lezama para su urgente atenci\u00f3n m\u00e9dica, seg\u00fan informa el portal Infozona.<\/p>\n<blockquote>\n<h3>El accidente dej\u00f3\u00a0<strong>otros 3 heridos<\/strong>:\u00a0<strong>un chico de 7 a\u00f1os<\/strong>, que se hallaba consciente, aunque presumiblemente con fracturas en ambos miembros inferiores;\u00a0<strong>el conductor del Volkswagen<\/strong>\u00a0y\u00a0<strong>otro de los ocupantes del auto<\/strong>, ambos con politraumatismos varios.<\/h3>\n<\/blockquote>\n<p>En el lugar trabajaron Bomberos Voluntarios de Lezama en las unidades 5 y 10, ambulancias de la UPA Trauma de la misma localidad y de la empresa AUBASA y personal del Destacamento de Polic\u00eda Vial de Lezama y de la Agencia Nacional de Seguridad Vial, con base en Monasterio.<\/p>\n<p>La empresa AUBASA, concesionaria de la Ruta 2, inform\u00f3 que a ra\u00edz del accidente<strong>\u00a0hay un corte total de calzada en el kil\u00f3metro 149, en sentido a la Ciudad de Buenos Aires<\/strong>. Adem\u00e1s, se delimit\u00f3 un per\u00edmetro para que los peritos de la Polic\u00eda Cient\u00edfica puedan llevar a cabo su trabajo.<\/p>\n<p>fuente e imagen entrelineas<\/p>\n","protected":false},"excerpt":{"rendered":"<div class=\"mh-excerpt\"><p>Una mujer muri\u00f3 al chocar un auto contra un cami\u00f3n a la altura del kil\u00f3metro 148, mientras que otra fue hospitalizada en estado cr\u00edtico. 15 de marzo de 2023 LEZAMA &#8211;\u00a0 El tr\u00e1gico siniestro, ocurri\u00f3 <a class=\"mh-excerpt-more\" href=\"https:\/\/larevistadigital.com.ar\/blog\/lezama-accidente-en-la-ruta-2-con-el-saldo-de-un-muerto-y-un-herido-grave\/\" title=\"LEZAMA: ACCIDENTE EN LA RUTA 2 CON EL SALDO DE UN MUERTO Y UN HERIDO GRAVE.\">[Leer M\u00e1s]<\/a><\/p>\n<\/div>","protected":false},"author":3,"featured_media":30608,"comment_status":"open","ping_status":"open","sticky":false,"template":"","format":"standard","meta":{"_jetpack_memberships_contains_paid_content":false,"footnotes":"","jetpack_publicize_message":"","jetpack_publicize_feature_enabled":true,"jetpack_social_post_already_shared":true,"jetpack_social_options":{"image_generator_settings":{"template":"highway","default_image_id":0,"font":"","enabled":false},"version":2}},"categories":[7,44,51],"tags":[],"class_list":{"0":"post-30607","1":"post","2":"type-post","3":"status-publish","4":"format-standard","5":"has-post-thumbnail","7":"category-lezama","8":"category-policiales","9":"category-regionales"},"jetpack_publicize_connections":[],"jetpack_featured_media_url":"https:\/\/i0.wp.com\/larevistadigital.com.ar\/blog\/wp-content\/uploads\/ae0b14745ac17ab4765de25a90a2874aa4827bac.jpg?fit=1140%2C699&ssl=1","jetpack_sharing_enabled":true,"jetpack_shortlink":"https:\/\/wp.me\/p8qtrQ-7XF","jetpack-related-posts":[{"id":24336,"url":"https:\/\/larevistadigital.com.ar\/blog\/lezama-accidente-fatal-en-la-ruta-2-por-choque-entre-un-camion-y-un-auto\/","url_meta":{"origin":30607,"position":0},"title":"LEZAMA: ACCIDENTE FATAL EN LA RUTA 2 POR CHOQUE ENTRE UN CAMI\u00d3N Y UN AUTO","author":"Alejandro Sosa Ruda","date":"4 marzo, 2022","format":false,"excerpt":"El siniestro provoc\u00f3 un muerto y tres heridos graves. LEZAMA -\u00a0 El accidente fue protagonizado por un autom\u00f3vil Chevrolet Cruze que embisti\u00f3 la parte trasera de un cami\u00f3n Dodge 1000, en la Ruta Provincial N\u00b0 2, en el kil\u00f3metro 160, en jurisdicci\u00f3n del partido de Lezama, sentido hacia la Ciudad\u2026","rel":"","context":"En \u00abLEZAMA\u00bb","block_context":{"text":"LEZAMA","link":"https:\/\/larevistadigital.com.ar\/blog\/category\/lezama\/"},"img":{"alt_text":"","src":"https:\/\/i0.wp.com\/larevistadigital.com.ar\/blog\/wp-content\/uploads\/274990046_3038607069735160_7660224162669634410_n.jpg?fit=1029%2C686&ssl=1&resize=350%2C200","width":350,"height":200,"srcset":"https:\/\/i0.wp.com\/larevistadigital.com.ar\/blog\/wp-content\/uploads\/274990046_3038607069735160_7660224162669634410_n.jpg?fit=1029%2C686&ssl=1&resize=350%2C200 1x, https:\/\/i0.wp.com\/larevistadigital.com.ar\/blog\/wp-content\/uploads\/274990046_3038607069735160_7660224162669634410_n.jpg?fit=1029%2C686&ssl=1&resize=525%2C300 1.5x, https:\/\/i0.wp.com\/larevistadigital.com.ar\/blog\/wp-content\/uploads\/274990046_3038607069735160_7660224162669634410_n.jpg?fit=1029%2C686&ssl=1&resize=700%2C400 2x"},"classes":[]},{"id":40467,"url":"https:\/\/larevistadigital.com.ar\/blog\/tragedia-en-ruta-2-un-auto-choco-contra-una-alcantarilla-y-se-incendio-con-sus-ocupantes-adentro-a-la-altura-de-lezama\/","url_meta":{"origin":30607,"position":1},"title":"Tragedia en Ruta 2: un auto choc\u00f3 contra una alcantarilla y se incendi\u00f3 con sus ocupantes adentro a la altura de Lezama","author":"Alejandro Sosa Ruda","date":"14 julio, 2025","format":false,"excerpt":"Ocurri\u00f3 a la altura del kil\u00f3metro 145, en jurisdicci\u00f3n de Lezama. Las v\u00edctimas murieron calcinadas. El veh\u00edculo fue consumido por las llamas antes de que pudiera llegar la ayuda. 14 de Julio de 20254 LEZAMA\u00a0 -\u00a0 \u00a0Un impactante siniestro vial enlut\u00f3 esta tarde a la Ruta 2. A la altura\u2026","rel":"","context":"En \u00abLEZAMA\u00bb","block_context":{"text":"LEZAMA","link":"https:\/\/larevistadigital.com.ar\/blog\/category\/lezama\/"},"img":{"alt_text":"","src":"https:\/\/i0.wp.com\/larevistadigital.com.ar\/blog\/wp-content\/uploads\/Captura-de-pantalla-2025-07-14-183949.jpg?fit=777%2C420&ssl=1&resize=350%2C200","width":350,"height":200,"srcset":"https:\/\/i0.wp.com\/larevistadigital.com.ar\/blog\/wp-content\/uploads\/Captura-de-pantalla-2025-07-14-183949.jpg?fit=777%2C420&ssl=1&resize=350%2C200 1x, https:\/\/i0.wp.com\/larevistadigital.com.ar\/blog\/wp-content\/uploads\/Captura-de-pantalla-2025-07-14-183949.jpg?fit=777%2C420&ssl=1&resize=525%2C300 1.5x, https:\/\/i0.wp.com\/larevistadigital.com.ar\/blog\/wp-content\/uploads\/Captura-de-pantalla-2025-07-14-183949.jpg?fit=777%2C420&ssl=1&resize=700%2C400 2x"},"classes":[]},{"id":34802,"url":"https:\/\/larevistadigital.com.ar\/blog\/lezama-en-fatal-accidente-el-tren-arrollo-un-auto-y-fallece-una-mujer-chascomunense\/","url_meta":{"origin":30607,"position":2},"title":"LEZAMA: EN FATAL ACCIDENTE EL TREN ARROLL\u00d3 UN AUTO Y FALLECE UNA MUJER CHASCOMUNENSE","author":"Alejandro Sosa Ruda","date":"6 diciembre, 2023","format":false,"excerpt":"La v\u00edctima es una mujer nativa de Chascom\u00fas, quien hace a\u00f1os viv\u00eda en Lezama junto a su marido e hijas. 6 de diciembre de 2023 LEZAMA -\u00a0 En un fatal accidente, un autom\u00f3vil cruz\u00f3 las v\u00edas del tren, sin advertir que se acercaba la formaci\u00f3n y fue embestido provocando la\u2026","rel":"","context":"En \u00abDESTACADAS\u00bb","block_context":{"text":"DESTACADAS","link":"https:\/\/larevistadigital.com.ar\/blog\/category\/destacadas\/"},"img":{"alt_text":"","src":"https:\/\/i0.wp.com\/larevistadigital.com.ar\/blog\/wp-content\/uploads\/Captura-de-pantalla-2023-12-06-151357.png?fit=815%2C338&ssl=1&resize=350%2C200","width":350,"height":200,"srcset":"https:\/\/i0.wp.com\/larevistadigital.com.ar\/blog\/wp-content\/uploads\/Captura-de-pantalla-2023-12-06-151357.png?fit=815%2C338&ssl=1&resize=350%2C200 1x, https:\/\/i0.wp.com\/larevistadigital.com.ar\/blog\/wp-content\/uploads\/Captura-de-pantalla-2023-12-06-151357.png?fit=815%2C338&ssl=1&resize=525%2C300 1.5x, https:\/\/i0.wp.com\/larevistadigital.com.ar\/blog\/wp-content\/uploads\/Captura-de-pantalla-2023-12-06-151357.png?fit=815%2C338&ssl=1&resize=700%2C400 2x"},"classes":[]},{"id":31141,"url":"https:\/\/larevistadigital.com.ar\/blog\/ruta-2-despiste-vuelco-y-milagro-un-hombre-en-grave-estado-quedo-internado\/","url_meta":{"origin":30607,"position":3},"title":"RUTA 2: DESPISTE, VUELCO Y MILAGRO. UN HOMBRE EN GRAVE ESTADO QUED\u00d3 INTERNADO","author":"Alejandro Sosa Ruda","date":"20 abril, 2023","format":false,"excerpt":"El conductor de una camioneta perdi\u00f3 el control y sufri\u00f3 un grav\u00edsimo vuelco en la banquina de la autov\u00eda. Fue internado y se encuentra en estado cr\u00edtico. 20 de abril de 2023 LEZAMA -\u00a0 Un brutal accidente de tr\u00e1nsito estuvo a punto de terminar en tragedia en las primeras horas\u2026","rel":"","context":"En \u00abINTERES GENERAL\u00bb","block_context":{"text":"INTERES GENERAL","link":"https:\/\/larevistadigital.com.ar\/blog\/category\/interes-general\/"},"img":{"alt_text":"","src":"https:\/\/i0.wp.com\/larevistadigital.com.ar\/blog\/wp-content\/uploads\/1681997589303.jpeg?fit=1200%2C594&ssl=1&resize=350%2C200","width":350,"height":200,"srcset":"https:\/\/i0.wp.com\/larevistadigital.com.ar\/blog\/wp-content\/uploads\/1681997589303.jpeg?fit=1200%2C594&ssl=1&resize=350%2C200 1x, https:\/\/i0.wp.com\/larevistadigital.com.ar\/blog\/wp-content\/uploads\/1681997589303.jpeg?fit=1200%2C594&ssl=1&resize=525%2C300 1.5x, https:\/\/i0.wp.com\/larevistadigital.com.ar\/blog\/wp-content\/uploads\/1681997589303.jpeg?fit=1200%2C594&ssl=1&resize=700%2C400 2x, https:\/\/i0.wp.com\/larevistadigital.com.ar\/blog\/wp-content\/uploads\/1681997589303.jpeg?fit=1200%2C594&ssl=1&resize=1050%2C600 3x"},"classes":[]},{"id":195,"url":"https:\/\/larevistadigital.com.ar\/blog\/vecino-lezama-fue-hospitalizado-tras-despiste-la-autovia-2\/","url_meta":{"origin":30607,"position":4},"title":"Vecino de Lezama fue hospitalizado tras despiste en la Autov\u00eda 2","author":"editor","date":"10 febrero, 2017","format":false,"excerpt":"Ayer cerca de las 9 de la ma\u00f1ana, se produjo el despiste de una camioneta en la Autov\u00eda, a la altura del cruce con Avenida Presidente Alfons\u00edn. Por causa que se tratan de establecer, el veh\u00edculo marca Chevrolet S10 que era conducido por un vecino de Lezama, pero que pertenec\u00eda\u2026","rel":"","context":"En \u00abLEZAMA\u00bb","block_context":{"text":"LEZAMA","link":"https:\/\/larevistadigital.com.ar\/blog\/category\/lezama\/"},"img":{"alt_text":"","src":"https:\/\/i0.wp.com\/larevistadigital.com.ar\/blog\/wp-content\/uploads\/2017\/02\/vuelco_10defebrerode2017_elfuerte.jpg?fit=703%2C572&ssl=1&resize=350%2C200","width":350,"height":200,"srcset":"https:\/\/i0.wp.com\/larevistadigital.com.ar\/blog\/wp-content\/uploads\/2017\/02\/vuelco_10defebrerode2017_elfuerte.jpg?fit=703%2C572&ssl=1&resize=350%2C200 1x, https:\/\/i0.wp.com\/larevistadigital.com.ar\/blog\/wp-content\/uploads\/2017\/02\/vuelco_10defebrerode2017_elfuerte.jpg?fit=703%2C572&ssl=1&resize=525%2C300 1.5x, https:\/\/i0.wp.com\/larevistadigital.com.ar\/blog\/wp-content\/uploads\/2017\/02\/vuelco_10defebrerode2017_elfuerte.jpg?fit=703%2C572&ssl=1&resize=700%2C400 2x"},"classes":[]},{"id":13345,"url":"https:\/\/larevistadigital.com.ar\/blog\/volco-micro-con-chicos-a-la-altura-de-lezama-hay-dos-nenas-muertas\/","url_meta":{"origin":30607,"position":5},"title":"VOLC\u00d3 MICRO CON CHICOS A LA ALTURA DE LEZAMA: HAY DOS NENAS MUERTAS","author":"Alejandro Sosa Ruda","date":"28 noviembre, 2019","format":false,"excerpt":"Partieron de una escuela en Benavidez, con rumbo a Mundo Marino, en San Clemente del Tuy\u00fa. Hay dos nenas fallecidas y cuatro chicos graves. Un micro de larga distancia volc\u00f3 esta madrugada en la\u00a0Ruta 2, en el kil\u00f3metro 141, a la altura de Lezama, sentido a Mar del Plata, y\u00a0resultaron\u2026","rel":"","context":"En \u00abDESTACADAS\u00bb","block_context":{"text":"DESTACADAS","link":"https:\/\/larevistadigital.com.ar\/blog\/category\/destacadas\/"},"img":{"alt_text":"","src":"https:\/\/i0.wp.com\/larevistadigital.com.ar\/blog\/wp-content\/uploads\/Screenshot_3-27.jpg?fit=954%2C535&ssl=1&resize=350%2C200","width":350,"height":200,"srcset":"https:\/\/i0.wp.com\/larevistadigital.com.ar\/blog\/wp-content\/uploads\/Screenshot_3-27.jpg?fit=954%2C535&ssl=1&resize=350%2C200 1x, https:\/\/i0.wp.com\/larevistadigital.com.ar\/blog\/wp-content\/uploads\/Screenshot_3-27.jpg?fit=954%2C535&ssl=1&resize=525%2C300 1.5x, https:\/\/i0.wp.com\/larevistadigital.com.ar\/blog\/wp-content\/uploads\/Screenshot_3-27.jpg?fit=954%2C535&ssl=1&resize=700%2C400 2x"},"classes":[]}],"_links":{"self":[{"href":"https:\/\/larevistadigital.com.ar\/blog\/wp-json\/wp\/v2\/posts\/30607","targetHints":{"allow":["GET"]}}],"collection":[{"href":"https:\/\/larevistadigital.com.ar\/blog\/wp-json\/wp\/v2\/posts"}],"about":[{"href":"https:\/\/larevistadigital.com.ar\/blog\/wp-json\/wp\/v2\/types\/post"}],"author":[{"embeddable":true,"href":"https:\/\/larevistadigital.com.ar\/blog\/wp-json\/wp\/v2\/users\/3"}],"replies":[{"embeddable":true,"href":"https:\/\/larevistadigital.com.ar\/blog\/wp-json\/wp\/v2\/comments?post=30607"}],"version-history":[{"count":1,"href":"https:\/\/larevistadigital.com.ar\/blog\/wp-json\/wp\/v2\/posts\/30607\/revisions"}],"predecessor-version":[{"id":30609,"href":"https:\/\/larevistadigital.com.ar\/blog\/wp-json\/wp\/v2\/posts\/30607\/revisions\/30609"}],"wp:featuredmedia":[{"embeddable":true,"href":"https:\/\/larevistadigital.com.ar\/blog\/wp-json\/wp\/v2\/media\/30608"}],"wp:attachment":[{"href":"https:\/\/larevistadigital.com.ar\/blog\/wp-json\/wp\/v2\/media?parent=30607"}],"wp:term":[{"taxonomy":"category","embeddable":true,"href":"https:\/\/larevistadigital.com.ar\/blog\/wp-json\/wp\/v2\/categories?post=30607"},{"taxonomy":"post_tag","embeddable":true,"href":"https:\/\/larevistadigital.com.ar\/blog\/wp-json\/wp\/v2\/tags?post=30607"}],"curies":[{"name":"wp","href":"https:\/\/api.w.org\/{rel}","templated":true}]}}