{"id":30610,"date":"2023-03-15T21:36:47","date_gmt":"2023-03-15T21:36:47","guid":{"rendered":"https:\/\/larevistadigital.com.ar\/blog\/?p=30610"},"modified":"2023-03-15T21:39:47","modified_gmt":"2023-03-15T21:39:47","slug":"con-la-vara-que-midas-seras-medido-por-patricia-garcia-rey","status":"publish","type":"post","link":"https:\/\/larevistadigital.com.ar\/blog\/con-la-vara-que-midas-seras-medido-por-patricia-garcia-rey\/","title":{"rendered":"\u201cCON LA VARA QUE MIDAS SERAS MEDIDO\u2026\u201d (Por Patricia Garc\u00eda Rey)"},"content":{"rendered":"<h2>Primera nota de opini\u00f3n y presentaci\u00f3n en sociedad de nuestra nueva compa\u00f1era de la Revista Digital, P.G. Rey.<\/h2>\n<p><strong><em>(\u00bfActuar\u00e1 as\u00ed la Administraci\u00f3n Gast\u00f3n?)<\/em><\/strong><\/p>\n<p>15 de marzo de 2023<\/p>\n<p><strong>CHASCOM\u00daS &#8211;\u00a0 <\/strong>Por la importancia que reviste para nuestra ciudad, <strong>La Revista Digital<\/strong>, toma como uno de los temas preferidos para dar tratamiento en notas de opini\u00f3n, es el referido a las pol\u00edticas de turismo.<\/p>\n<p>As\u00ed es como\u00a0 pudimos observar en el transcurso de estos ya mas de 7 a\u00f1os, de las dos administraciones de <strong>Javier Gast\u00f3n<\/strong>, y estando a cargo del \u00e1rea <strong>Leandro Otondo<\/strong>, que cuando vence el periodo del contrato de las concesiones tur\u00edsticas, <strong>no se otorgaba la prorroga establecida en el Pliego de Bases y Condiciones<\/strong>, a la que es menester aclarar, que siendo solicitada por el concesionario en tiempo y forma, el Departamento Ejecutivo debe analizar si el solicitante ha cumplimentado con lo oportunamente acordado para hacer o no lugar a la misma.<\/p>\n<p>Pero la realidad, mostr\u00f3 c\u00f3mo desde la administraci\u00f3n <strong>Gast\u00f3n<\/strong>, \u00a0se estableci\u00f3 un sistema de <span style=\"color: #ff0000\"><strong>denegaci\u00f3n<\/strong><\/span> de las solicitudes de pr\u00f3rroga, por distintas razones, y adem\u00e1s en varios de los casos, aclarando que, <strong><em>\u201cel proyecto de ciudad tur\u00edstica requer\u00eda de inversiones modernas y de calidad\u201d<\/em><\/strong>.<\/p>\n<blockquote>\n<h3><strong>As\u00ed fue que entre la entrega del concesionario saliente y la ocupaci\u00f3n del ganador de la licitaci\u00f3n pasaron a\u00f1os, o en varios de los casos lamentablemente NUNCA volvieron a funcionar.<\/strong><\/h3>\n<\/blockquote>\n<p>Ejemplos<strong>: La Tapera<\/strong> se abandono y la saquearon, campings de las parcelas ribere\u00f1as pasaban a\u00f1os sin concesionar y eran tambi\u00e9n saqueados, o para no ir muy lejos del centro de la ciudad solo basta con ver (tratando de no llorar) el Edificio del Turista del que hace ya mas de dos a\u00f1os que est\u00e1 cerrado.<\/p>\n<blockquote>\n<h3>\u00bfEste era el proyecto de Chascom\u00fas Tur\u00edstico\u2026?<\/h3>\n<\/blockquote>\n<p>Pero volviendo al tema central de esta nota, varios son los concesionarios a los que en el corriente a\u00f1o les vence el periodo original de concesi\u00f3n, y como ya explicamos, est\u00e1n en condiciones de solicitar la prorroga establecida en el contrato.<\/p>\n<blockquote>\n<h3>Uno de los casos, y del cual tomamos conocimiento a trav\u00e9s del bolet\u00edn oficial Municipal es el Balneario Lamadrid \u201cMINOTAURO\u201d.<\/h3>\n<\/blockquote>\n<p>As\u00ed de la lectura del Decreto 1188\/22 de diciembre del pasado a\u00f1o, podemos leer que el concesionario ante el vencimiento del periodo de 10 a\u00f1os en abril del 2023, solicita la prorroga en tiempo y forma. Pero curiosamente (o no tanto) el Departamento Ejecutivo en el Art 1 del mencionado decreto Rechaza la solicitud.<\/p>\n<p>Y aqu\u00ed viene nuestro peque\u00f1o aporte para el Departamento Ejecutivo, ya que dentro de las argumentaciones por la cuales se rechaza la pr\u00f3rroga, hay una muy particular, que hace referencia a:<\/p>\n<p><strong>Informes de la empresa EDEA donde se detallan las irregularidades por inicio de manipulaci\u00f3n externa en el circuito electr\u00f3nico con el agregado de componentes externos que adulteraban el comportamiento metrol\u00f3gico del medidor, el cual registraba valores menores a los consumidos.<\/strong><\/p>\n<blockquote>\n<h3><strong>Esperamos que el Departamento Ejecutivo utilice la misma vara para, llegado el momento, aplicar sobre TODAS las concesiones Municipales que cometieron este ILICITO.<\/strong><\/h3>\n<\/blockquote>\n<p><strong>LA REVISTA DIGITAL SE ACUERDA BIEN DE CUALES FUERON\u2026<\/strong><\/p>\n<p><img data-recalc-dims=\"1\" loading=\"lazy\" decoding=\"async\" class=\"alignnone size-full wp-image-30611\" src=\"https:\/\/i0.wp.com\/larevistadigital.com.ar\/blog\/wp-content\/uploads\/denegacion.png?resize=588%2C482&#038;ssl=1\" alt=\"\" width=\"588\" height=\"482\" srcset=\"https:\/\/i0.wp.com\/larevistadigital.com.ar\/blog\/wp-content\/uploads\/denegacion.png?w=588&amp;ssl=1 588w, https:\/\/i0.wp.com\/larevistadigital.com.ar\/blog\/wp-content\/uploads\/denegacion.png?resize=300%2C246&amp;ssl=1 300w\" sizes=\"auto, (max-width: 588px) 100vw, 588px\" \/><\/p>\n<h3><span style=\"color: #ff0000\">Texto completo del decreto donde el Ejecutivo de acuerdo a lo que dice Turismo, deniega la pr\u00f3rroga del contrato (click en el enlace)<\/span><\/h3>\n<p><a href=\"https:\/\/larevistadigital.com.ar\/blog\/wp-content\/uploads\/Balneario-Lamadrid.docx\">Balneario Lamadrid<\/a><\/p>\n<p>&nbsp;<\/p>\n","protected":false},"excerpt":{"rendered":"<div class=\"mh-excerpt\"><p>Primera nota de opini\u00f3n y presentaci\u00f3n en sociedad de nuestra nueva compa\u00f1era de la Revista Digital, P.G. Rey. (\u00bfActuar\u00e1 as\u00ed la Administraci\u00f3n Gast\u00f3n?) 15 de marzo de 2023 CHASCOM\u00daS &#8211;\u00a0 Por la importancia que reviste <a class=\"mh-excerpt-more\" href=\"https:\/\/larevistadigital.com.ar\/blog\/con-la-vara-que-midas-seras-medido-por-patricia-garcia-rey\/\" title=\"\u201cCON LA VARA QUE MIDAS SERAS MEDIDO\u2026\u201d (Por Patricia Garc\u00eda Rey)\">[Leer M\u00e1s]<\/a><\/p>\n<\/div>","protected":false},"author":3,"featured_media":30613,"comment_status":"open","ping_status":"open","sticky":false,"template":"","format":"standard","meta":{"_jetpack_memberships_contains_paid_content":false,"footnotes":"","jetpack_publicize_message":"","jetpack_publicize_feature_enabled":true,"jetpack_social_post_already_shared":true,"jetpack_social_options":{"image_generator_settings":{"template":"highway","default_image_id":0,"font":"","enabled":false},"version":2}},"categories":[41,23],"tags":[],"class_list":{"0":"post-30610","1":"post","2":"type-post","3":"status-publish","4":"format-standard","5":"has-post-thumbnail","7":"category-destacadas","8":"category-politica-local"},"jetpack_publicize_connections":[],"jetpack_featured_media_url":"https:\/\/i0.wp.com\/larevistadigital.com.ar\/blog\/wp-content\/uploads\/11064818_801344899950469_30307243910688494_o.jpg?fit=2048%2C1536&ssl=1","jetpack_sharing_enabled":true,"jetpack_shortlink":"https:\/\/wp.me\/p8qtrQ-7XI","jetpack-related-posts":[{"id":22458,"url":"https:\/\/larevistadigital.com.ar\/blog\/luego-de-las-publicaciones-de-el-fuerte-y-la-revista-digital-gaston-cambio-su-discurso-sobre-la-rifa-bueno-solo-un-poco\/","url_meta":{"origin":30610,"position":0},"title":"LUEGO DE LAS PUBLICACI\u00d3NES DE EL FUERTE Y LA REVISTA DIGITAL, GAST\u00d3N CAMBI\u00d3 SU DISCURSO SOBRE LA RIFA&#8230; (BUENO, SOLO UN POCO)","author":"Alejandro Sosa Ruda","date":"24 octubre, 2021","format":false,"excerpt":"Luego de salir en las redes a festejar un proyecto de ley, que por ahora solo es eso, con una evidente intenci\u00f3n pol\u00edtica, el intendente de Chascom\u00fas, Javier Gast\u00f3n, tuvo que admitir en una nota de Lili Villaverde en FM ACTIVA (93,1) que el proyecto tiene solo media sanci\u00f3n. CHASCOM\u00daS\u2026","rel":"","context":"En \u00abDESTACADAS\u00bb","block_context":{"text":"DESTACADAS","link":"https:\/\/larevistadigital.com.ar\/blog\/category\/destacadas\/"},"img":{"alt_text":"","src":"https:\/\/i0.wp.com\/larevistadigital.com.ar\/blog\/wp-content\/uploads\/gaston-dedos-cruzados.jpg?fit=814%2C600&ssl=1&resize=350%2C200","width":350,"height":200,"srcset":"https:\/\/i0.wp.com\/larevistadigital.com.ar\/blog\/wp-content\/uploads\/gaston-dedos-cruzados.jpg?fit=814%2C600&ssl=1&resize=350%2C200 1x, https:\/\/i0.wp.com\/larevistadigital.com.ar\/blog\/wp-content\/uploads\/gaston-dedos-cruzados.jpg?fit=814%2C600&ssl=1&resize=525%2C300 1.5x, https:\/\/i0.wp.com\/larevistadigital.com.ar\/blog\/wp-content\/uploads\/gaston-dedos-cruzados.jpg?fit=814%2C600&ssl=1&resize=700%2C400 2x"},"classes":[]},{"id":1699,"url":"https:\/\/larevistadigital.com.ar\/blog\/primicia-de-la-revista-digital-el-tribunal-de-cuentas-lo-confirmo-el-veto-de-gaston-fue-extemporaneo-por-lo-que-esta-en-vigencia-el-pago-del-bono-a-municipales\/","url_meta":{"origin":30610,"position":1},"title":"PRIMICIA DE LA REVISTA DIGITAL: EL TRIBUNAL DE CUENTAS LO CONFIRM\u00d3: EL VETO DE GASTON FUE EXTEMPORANEO POR LO QUE EST\u00c1 EN VIGENCIA EL PAGO DEL BONO A MUNICIPALES","author":"Alejandro Sosa Ruda","date":"28 marzo, 2017","format":false,"excerpt":"En exclusiva, LRD tuvo acceso al fallo del Honorable Tribunal de Cuentas en el que dice que \u201cEn atenci\u00f3n a lo se\u00f1alado y vistas las fechas que acontecieron las distintas instancias, el veto del Ejecutivo al proyecto de ordenanza tra\u00eddo a consulta (pago del bono a empleados municipales) ha sido\u2026","rel":"","context":"En \u00abCHASCOM\u00daS\u00bb","block_context":{"text":"CHASCOM\u00daS","link":"https:\/\/larevistadigital.com.ar\/blog\/category\/chascomus\/"},"img":{"alt_text":"","src":"https:\/\/i0.wp.com\/larevistadigital.com.ar\/blog\/wp-content\/uploads\/2017\/03\/PROTESTA-CHASCOMUS1.jpg?fit=1200%2C900&ssl=1&resize=350%2C200","width":350,"height":200,"srcset":"https:\/\/i0.wp.com\/larevistadigital.com.ar\/blog\/wp-content\/uploads\/2017\/03\/PROTESTA-CHASCOMUS1.jpg?fit=1200%2C900&ssl=1&resize=350%2C200 1x, https:\/\/i0.wp.com\/larevistadigital.com.ar\/blog\/wp-content\/uploads\/2017\/03\/PROTESTA-CHASCOMUS1.jpg?fit=1200%2C900&ssl=1&resize=525%2C300 1.5x, https:\/\/i0.wp.com\/larevistadigital.com.ar\/blog\/wp-content\/uploads\/2017\/03\/PROTESTA-CHASCOMUS1.jpg?fit=1200%2C900&ssl=1&resize=700%2C400 2x, https:\/\/i0.wp.com\/larevistadigital.com.ar\/blog\/wp-content\/uploads\/2017\/03\/PROTESTA-CHASCOMUS1.jpg?fit=1200%2C900&ssl=1&resize=1050%2C600 3x"},"classes":[]},{"id":17236,"url":"https:\/\/larevistadigital.com.ar\/blog\/basura-a-chascomus-el-ejecutivo-y-sus-aliados-quieren-aprobarlo-si-o-si\/","url_meta":{"origin":30610,"position":2},"title":"BASURA A CHASCOM\u00daS: EL EJECUTIVO Y SUS ALIADOS QUIEREN APROBARLO S\u00cd O S\u00cd&#8230;","author":"Alejandro Sosa Ruda","date":"27 octubre, 2020","format":false,"excerpt":"Sin importar la opini\u00f3n de la oposici\u00f3n, y tampoco la de los vecinos de Chascom\u00fas, el intendente municipal Javier Gast\u00f3n present\u00f3 un proyecto para ser tratado en el Concejo Deliberante, que deber\u00eda pasar por las Comisi\u00f3nes. El plan del oficialismo ser\u00eda sacarlo \"sobre tablas\" en la sesi\u00f3n del jueves, y\u2026","rel":"","context":"En \u00abDESTACADAS\u00bb","block_context":{"text":"DESTACADAS","link":"https:\/\/larevistadigital.com.ar\/blog\/category\/destacadas\/"},"img":{"alt_text":"","src":"https:\/\/i0.wp.com\/larevistadigital.com.ar\/blog\/wp-content\/uploads\/2019\/04\/Basural-660x330.jpg?fit=660%2C330&ssl=1&resize=350%2C200","width":350,"height":200,"srcset":"https:\/\/i0.wp.com\/larevistadigital.com.ar\/blog\/wp-content\/uploads\/2019\/04\/Basural-660x330.jpg?fit=660%2C330&ssl=1&resize=350%2C200 1x, https:\/\/i0.wp.com\/larevistadigital.com.ar\/blog\/wp-content\/uploads\/2019\/04\/Basural-660x330.jpg?fit=660%2C330&ssl=1&resize=525%2C300 1.5x"},"classes":[]},{"id":4427,"url":"https:\/\/larevistadigital.com.ar\/blog\/chascomus-buena-senal-del-intendente-javier-gaston\/","url_meta":{"origin":30610,"position":3},"title":"CHASCOM\u00daS: BUENA SE\u00d1AL DEL INTENDENTE JAVIER GAST\u00d3N","author":"Alejandro Sosa Ruda","date":"8 enero, 2018","format":false,"excerpt":"El municipio pidi\u00f3 de manera urgente una reuni\u00f3n con autoridades de la firma EDEA, por la gran cantidad de cortes a los que se ve sometida la poblaci\u00f3n, que, entre otras cosas, provoc\u00f3 que un grupo de vecinos saliera en algunos medios de comunicaci\u00f3n, y se reunieran con algunos concejales\u2026","rel":"","context":"En \u00abDESTACADAS\u00bb","block_context":{"text":"DESTACADAS","link":"https:\/\/larevistadigital.com.ar\/blog\/category\/destacadas\/"},"img":{"alt_text":"","src":"https:\/\/i0.wp.com\/larevistadigital.com.ar\/blog\/wp-content\/uploads\/2018\/01\/chascomus.jpg?fit=960%2C640&ssl=1&resize=350%2C200","width":350,"height":200,"srcset":"https:\/\/i0.wp.com\/larevistadigital.com.ar\/blog\/wp-content\/uploads\/2018\/01\/chascomus.jpg?fit=960%2C640&ssl=1&resize=350%2C200 1x, https:\/\/i0.wp.com\/larevistadigital.com.ar\/blog\/wp-content\/uploads\/2018\/01\/chascomus.jpg?fit=960%2C640&ssl=1&resize=525%2C300 1.5x, https:\/\/i0.wp.com\/larevistadigital.com.ar\/blog\/wp-content\/uploads\/2018\/01\/chascomus.jpg?fit=960%2C640&ssl=1&resize=700%2C400 2x"},"classes":[]},{"id":21270,"url":"https:\/\/larevistadigital.com.ar\/blog\/como-anticipamos-en-la-revista-digital-beatriz-de-leon-encabeza-la-lista-de-randazzo-en-chascomus\/","url_meta":{"origin":30610,"position":4},"title":"COMO ANTICIPAMOS EN LA REVISTA DIGITAL, BEATRIZ DE LE\u00d3N ENCABEZA LA LISTA DE RANDAZZO EN CHASCOM\u00daS","author":"Alejandro Sosa Ruda","date":"26 julio, 2021","format":false,"excerpt":"CHASCOM\u00daS -\u00a0 Como lo anticipamos en primicia en La Revista Digital en una nota del 2\/6\/21, (https:\/\/larevistadigital.com.ar\/blog\/chascomus-beatriz-de-leon-se-perfila-como-la-referente-local-de-randazzo-en-chascomus\/)\u00a0 la referente Mar\u00eda Beatriz de Le\u00f3n finalmente encabeza la lista de precandidatos por el espacio que lidera quien fuera Ministro del Interior, y Transportes,\u00a0 Florencio Randazzo. La misma se completa en los titulares\u2026","rel":"","context":"En \u00abINTERES GENERAL\u00bb","block_context":{"text":"INTERES GENERAL","link":"https:\/\/larevistadigital.com.ar\/blog\/category\/interes-general\/"},"img":{"alt_text":"","src":"https:\/\/i0.wp.com\/larevistadigital.com.ar\/blog\/wp-content\/uploads\/Captura-de-pantalla-2021-07-26-115407.png?fit=843%2C697&ssl=1&resize=350%2C200","width":350,"height":200,"srcset":"https:\/\/i0.wp.com\/larevistadigital.com.ar\/blog\/wp-content\/uploads\/Captura-de-pantalla-2021-07-26-115407.png?fit=843%2C697&ssl=1&resize=350%2C200 1x, https:\/\/i0.wp.com\/larevistadigital.com.ar\/blog\/wp-content\/uploads\/Captura-de-pantalla-2021-07-26-115407.png?fit=843%2C697&ssl=1&resize=525%2C300 1.5x, https:\/\/i0.wp.com\/larevistadigital.com.ar\/blog\/wp-content\/uploads\/Captura-de-pantalla-2021-07-26-115407.png?fit=843%2C697&ssl=1&resize=700%2C400 2x"},"classes":[]},{"id":30136,"url":"https:\/\/larevistadigital.com.ar\/blog\/lo-que-viene-en-la-revista-digital-dirigentes-candidatos-el-perfil-y-el-archivo-o-datos-de-cada-uno\/","url_meta":{"origin":30610,"position":5},"title":"LO QUE VIENE EN LA REVISTA DIGITAL: DIRIGENTES\/CANDIDATOS (EL PERFIL Y EL ARCHIVO O DATOS DE CADA UNO)","author":"Alejandro Sosa Ruda","date":"13 febrero, 2023","format":false,"excerpt":"Muy pronto, comenzar\u00e1 la carrera de candidaturas que ya comienza a asomar con sus primeros pasos. Nosotros desde La Revista Digital, vamos entonces a ocuparnos del tema, refiri\u00e9ndonos a quienes ser\u00e1n los protagonistas. Muy pronto el primer envio. CHASCOM\u00daS -\u00a0\u00a0Se viene una nueva elecci\u00f3n, y por lo general comienzan a\u2026","rel":"","context":"En \u00abDESTACADAS\u00bb","block_context":{"text":"DESTACADAS","link":"https:\/\/larevistadigital.com.ar\/blog\/category\/destacadas\/"},"img":{"alt_text":"","src":"https:\/\/i0.wp.com\/larevistadigital.com.ar\/blog\/wp-content\/uploads\/DIRIGENTES.jpg?fit=900%2C671&ssl=1&resize=350%2C200","width":350,"height":200,"srcset":"https:\/\/i0.wp.com\/larevistadigital.com.ar\/blog\/wp-content\/uploads\/DIRIGENTES.jpg?fit=900%2C671&ssl=1&resize=350%2C200 1x, https:\/\/i0.wp.com\/larevistadigital.com.ar\/blog\/wp-content\/uploads\/DIRIGENTES.jpg?fit=900%2C671&ssl=1&resize=525%2C300 1.5x, https:\/\/i0.wp.com\/larevistadigital.com.ar\/blog\/wp-content\/uploads\/DIRIGENTES.jpg?fit=900%2C671&ssl=1&resize=700%2C400 2x"},"classes":[]}],"_links":{"self":[{"href":"https:\/\/larevistadigital.com.ar\/blog\/wp-json\/wp\/v2\/posts\/30610","targetHints":{"allow":["GET"]}}],"collection":[{"href":"https:\/\/larevistadigital.com.ar\/blog\/wp-json\/wp\/v2\/posts"}],"about":[{"href":"https:\/\/larevistadigital.com.ar\/blog\/wp-json\/wp\/v2\/types\/post"}],"author":[{"embeddable":true,"href":"https:\/\/larevistadigital.com.ar\/blog\/wp-json\/wp\/v2\/users\/3"}],"replies":[{"embeddable":true,"href":"https:\/\/larevistadigital.com.ar\/blog\/wp-json\/wp\/v2\/comments?post=30610"}],"version-history":[{"count":4,"href":"https:\/\/larevistadigital.com.ar\/blog\/wp-json\/wp\/v2\/posts\/30610\/revisions"}],"predecessor-version":[{"id":30617,"href":"https:\/\/larevistadigital.com.ar\/blog\/wp-json\/wp\/v2\/posts\/30610\/revisions\/30617"}],"wp:featuredmedia":[{"embeddable":true,"href":"https:\/\/larevistadigital.com.ar\/blog\/wp-json\/wp\/v2\/media\/30613"}],"wp:attachment":[{"href":"https:\/\/larevistadigital.com.ar\/blog\/wp-json\/wp\/v2\/media?parent=30610"}],"wp:term":[{"taxonomy":"category","embeddable":true,"href":"https:\/\/larevistadigital.com.ar\/blog\/wp-json\/wp\/v2\/categories?post=30610"},{"taxonomy":"post_tag","embeddable":true,"href":"https:\/\/larevistadigital.com.ar\/blog\/wp-json\/wp\/v2\/tags?post=30610"}],"curies":[{"name":"wp","href":"https:\/\/api.w.org\/{rel}","templated":true}]}}