{"id":30622,"date":"2023-03-16T00:12:10","date_gmt":"2023-03-16T00:12:10","guid":{"rendered":"https:\/\/larevistadigital.com.ar\/blog\/?p=30622"},"modified":"2023-03-16T00:12:10","modified_gmt":"2023-03-16T00:12:10","slug":"mar-chiquita-imputan-a-una-mujer-por-arengar-a-pelear-a-su-hija-mientras-la-filmaba","status":"publish","type":"post","link":"https:\/\/larevistadigital.com.ar\/blog\/mar-chiquita-imputan-a-una-mujer-por-arengar-a-pelear-a-su-hija-mientras-la-filmaba\/","title":{"rendered":"MAR CHIQUITA: IMPUTAN A UNA MUJER POR ARENGAR A PELEAR A SU HIJA, MIENTRAS LA FILMABA"},"content":{"rendered":"<h2 class=\"nota__hero__summary\">La causa se origin\u00f3 cuando un hombre de Coronel Vidal denunci\u00f3 una agresi\u00f3n contra su hija de 13 a\u00f1os por parte de una compa\u00f1era.<\/h2>\n<p>15 de marzo de 2023<\/p>\n<p><strong>CORONEL VIDAL &#8211;\u00a0<\/strong> Una mujer de 28 a\u00f1os con residencia en <strong>Coronel Vidal<\/strong>, partido de\u00a0<strong>Mar Chiquita<\/strong>, qued\u00f3 imputada en una causa por\u00a0<strong>instigaci\u00f3n p\u00fablica a cometer delitos<\/strong>\u00a0luego de una denuncia en su contra por incitar a su hija a pelear, al tiempo que filmaba la situaci\u00f3n con un tel\u00e9fono m\u00f3vil.<\/p>\n<blockquote>\n<h3>Efectivos de la Polic\u00eda Bonaerense realizaron un\u00a0<strong>allanamiento en el domicilio de la acusada<\/strong>, situado en zona de calles Sarasa y Pareja de la mencionada localidad marchiquitense, y durante el procedimiento\u00a0<strong>procedieron a confiscar 4 tel\u00e9fonos celulares<\/strong>\u00a0para su posterior an\u00e1lisis, seg\u00fan inform\u00f3 el portal Tel\u00e9grafo.<\/h3>\n<\/blockquote>\n<p>Despu\u00e9s del procedimiento, la mujer qued\u00f3 notificada de la formaci\u00f3n de la causa en su contra, una resoluci\u00f3n judicial que no estipula ninguna medida restrictiva respecto de su libertad.<\/p>\n<blockquote>\n<h3>La investigaci\u00f3n en torno al caso se realiz\u00f3 a partir de la presentaci\u00f3n que hizo un hombre de 51 a\u00f1os, quien<strong>\u00a0denunci\u00f3 una agresi\u00f3n contra su hija de 13 a\u00f1os por parte de una compa\u00f1era de colegio<\/strong>.<\/h3>\n<\/blockquote>\n<p>Seg\u00fan el denunciante,\u00a0<strong>la mujer imputada, adem\u00e1s de incitar a su hija a pelear, film\u00f3 el momento del cruce entre las menores.<\/strong>\u00a0En la causa interviene Ramiro Anchou, represente del Ministerio P\u00fablico Fiscal en Mar Chiquita.<\/p>\n<p>Publicado en entrel\u00edneas<\/p>\n","protected":false},"excerpt":{"rendered":"<div class=\"mh-excerpt\"><p>La causa se origin\u00f3 cuando un hombre de Coronel Vidal denunci\u00f3 una agresi\u00f3n contra su hija de 13 a\u00f1os por parte de una compa\u00f1era. 15 de marzo de 2023 CORONEL VIDAL &#8211;\u00a0 Una mujer de <a class=\"mh-excerpt-more\" href=\"https:\/\/larevistadigital.com.ar\/blog\/mar-chiquita-imputan-a-una-mujer-por-arengar-a-pelear-a-su-hija-mientras-la-filmaba\/\" title=\"MAR CHIQUITA: IMPUTAN A UNA MUJER POR ARENGAR A PELEAR A SU HIJA, MIENTRAS LA FILMABA\">[Leer M\u00e1s]<\/a><\/p>\n<\/div>","protected":false},"author":3,"featured_media":30623,"comment_status":"open","ping_status":"open","sticky":false,"template":"","format":"standard","meta":{"_jetpack_memberships_contains_paid_content":false,"footnotes":"","jetpack_publicize_message":"","jetpack_publicize_feature_enabled":true,"jetpack_social_post_already_shared":true,"jetpack_social_options":{"image_generator_settings":{"template":"highway","default_image_id":0,"font":"","enabled":false},"version":2}},"categories":[44,51],"tags":[],"class_list":{"0":"post-30622","1":"post","2":"type-post","3":"status-publish","4":"format-standard","5":"has-post-thumbnail","7":"category-policiales","8":"category-regionales"},"jetpack_publicize_connections":[],"jetpack_featured_media_url":"https:\/\/i0.wp.com\/larevistadigital.com.ar\/blog\/wp-content\/uploads\/0aa3c8799850ce245e5c7feb8e0950b686fb78c4.jpg?fit=1140%2C716&ssl=1","jetpack_sharing_enabled":true,"jetpack_shortlink":"https:\/\/wp.me\/p8qtrQ-7XU","jetpack-related-posts":[{"id":30795,"url":"https:\/\/larevistadigital.com.ar\/blog\/mar-chiquita-imputan-a-dos-menores-por-golpear-y-amenazar-con-cuchillos-a-tres-adultos\/","url_meta":{"origin":30622,"position":0},"title":"MAR CHIQUITA: IMPUTAN A DOS MENORES POR GOLPEAR Y AMENAZAR CON CUCHILLOS A TRES ADULTOS","author":"Alejandro Sosa Ruda","date":"29 marzo, 2023","format":false,"excerpt":"Uno tiene 12 a\u00f1os y otro de 15. Hab\u00edan emboscado a tres personas a la salida de un boliche en Coronel Vidal. 29 de marzo de 2023 MAR CHIQUITA -\u00a0 Dos menores\u00a0de edad,\u00a0uno de 12 a\u00f1os y otro de 15, fueron imputados en una causa por amenazas agravadas y lesiones\u2026","rel":"","context":"En \u00abPOLICIALES\u00bb","block_context":{"text":"POLICIALES","link":"https:\/\/larevistadigital.com.ar\/blog\/category\/policiales\/"},"img":{"alt_text":"","src":"https:\/\/i0.wp.com\/larevistadigital.com.ar\/blog\/wp-content\/uploads\/507e09a3d5e3f3744fd5959ea14ec22f8bc9e02e.png?fit=1140%2C635&ssl=1&resize=350%2C200","width":350,"height":200,"srcset":"https:\/\/i0.wp.com\/larevistadigital.com.ar\/blog\/wp-content\/uploads\/507e09a3d5e3f3744fd5959ea14ec22f8bc9e02e.png?fit=1140%2C635&ssl=1&resize=350%2C200 1x, https:\/\/i0.wp.com\/larevistadigital.com.ar\/blog\/wp-content\/uploads\/507e09a3d5e3f3744fd5959ea14ec22f8bc9e02e.png?fit=1140%2C635&ssl=1&resize=525%2C300 1.5x, https:\/\/i0.wp.com\/larevistadigital.com.ar\/blog\/wp-content\/uploads\/507e09a3d5e3f3744fd5959ea14ec22f8bc9e02e.png?fit=1140%2C635&ssl=1&resize=700%2C400 2x, https:\/\/i0.wp.com\/larevistadigital.com.ar\/blog\/wp-content\/uploads\/507e09a3d5e3f3744fd5959ea14ec22f8bc9e02e.png?fit=1140%2C635&ssl=1&resize=1050%2C600 3x"},"classes":[]},{"id":39882,"url":"https:\/\/larevistadigital.com.ar\/blog\/detienen-a-una-mujer-que-al-intentar-suicidarse-termino-matando-a-su-hija-de-dos-anos\/","url_meta":{"origin":30622,"position":1},"title":"Detienen a una mujer que al intentar suicidarse, termin\u00f3 matando a su hija de dos a\u00f1os","author":"Alejandro Sosa Ruda","date":"25 mayo, 2025","format":false,"excerpt":"Una mujer de 35 a\u00f1os fue arrestada en Coronel Su\u00e1rez, acusada del asesinato de su hija de apenas dos a\u00f1os. El tr\u00e1gico episodio ocurri\u00f3 en una vivienda de esa ciudad del sudoeste bonaerense, y la causa fue calificada como \"homicidio agravado por el v\u00ednculo\". 25 de Mayo de 2025 CORONEL\u2026","rel":"","context":"En \u00abPOLICIALES\u00bb","block_context":{"text":"POLICIALES","link":"https:\/\/larevistadigital.com.ar\/blog\/category\/policiales\/"},"img":{"alt_text":"","src":"https:\/\/i0.wp.com\/larevistadigital.com.ar\/blog\/wp-content\/uploads\/20250524160450_coronel-suarez-intento-suicidio.jpg?fit=880%2C512&ssl=1&resize=350%2C200","width":350,"height":200,"srcset":"https:\/\/i0.wp.com\/larevistadigital.com.ar\/blog\/wp-content\/uploads\/20250524160450_coronel-suarez-intento-suicidio.jpg?fit=880%2C512&ssl=1&resize=350%2C200 1x, https:\/\/i0.wp.com\/larevistadigital.com.ar\/blog\/wp-content\/uploads\/20250524160450_coronel-suarez-intento-suicidio.jpg?fit=880%2C512&ssl=1&resize=525%2C300 1.5x, https:\/\/i0.wp.com\/larevistadigital.com.ar\/blog\/wp-content\/uploads\/20250524160450_coronel-suarez-intento-suicidio.jpg?fit=880%2C512&ssl=1&resize=700%2C400 2x"},"classes":[]},{"id":41458,"url":"https:\/\/larevistadigital.com.ar\/blog\/tragedia-en-coronel-vidal-un-motociclista-murio-y-otro-resulto-gravemente-herido-tras-chocar-contra-la-barrera-del-tren\/","url_meta":{"origin":30622,"position":2},"title":"Tragedia en Coronel Vidal: un motociclista muri\u00f3 y otro result\u00f3 gravemente herido tras chocar contra la barrera del tren","author":"Alejandro Sosa Ruda","date":"15 septiembre, 2025","format":false,"excerpt":"El siniestro ocurri\u00f3 en la madrugada del domingo en el cruce de la Ruta 55 y el ingreso a Coronel Vidal. Uno de los conductores falleci\u00f3 en el acto y otro permanece internado en grave estado. 15 de septiembre de 2025 CORONEL VIDAL -\u00a0 \u00a0Un tr\u00e1gico accidente se produjo este\u2026","rel":"","context":"En \u00abPOLICIALES\u00bb","block_context":{"text":"POLICIALES","link":"https:\/\/larevistadigital.com.ar\/blog\/category\/policiales\/"},"img":{"alt_text":"","src":"https:\/\/i0.wp.com\/larevistadigital.com.ar\/blog\/wp-content\/uploads\/e554f2555198221fa41688bde2a8ab59e2797d3e.jpg?fit=1140%2C724&ssl=1&resize=350%2C200","width":350,"height":200,"srcset":"https:\/\/i0.wp.com\/larevistadigital.com.ar\/blog\/wp-content\/uploads\/e554f2555198221fa41688bde2a8ab59e2797d3e.jpg?fit=1140%2C724&ssl=1&resize=350%2C200 1x, https:\/\/i0.wp.com\/larevistadigital.com.ar\/blog\/wp-content\/uploads\/e554f2555198221fa41688bde2a8ab59e2797d3e.jpg?fit=1140%2C724&ssl=1&resize=525%2C300 1.5x, https:\/\/i0.wp.com\/larevistadigital.com.ar\/blog\/wp-content\/uploads\/e554f2555198221fa41688bde2a8ab59e2797d3e.jpg?fit=1140%2C724&ssl=1&resize=700%2C400 2x, https:\/\/i0.wp.com\/larevistadigital.com.ar\/blog\/wp-content\/uploads\/e554f2555198221fa41688bde2a8ab59e2797d3e.jpg?fit=1140%2C724&ssl=1&resize=1050%2C600 3x"},"classes":[]},{"id":23114,"url":"https:\/\/larevistadigital.com.ar\/blog\/coronel-vidal-dos-hermanos-interceptaron-un-auto-amenazaron-al-conductor-y-rompieron-el-cehiculo-con-hachas\/","url_meta":{"origin":30622,"position":3},"title":"CORONEL VIDAL: DOS HERMANOS INTERCEPTARON UN AUTO, AMENAZARON AL CONDUCTOR Y ROMPIERON EL CEH\u00cdCULO CON HACHAS","author":"Alejandro Sosa Ruda","date":"29 diciembre, 2021","format":false,"excerpt":"CORONEL VIDAL -\u00a0 Todo se remonta al d\u00eda 19 de diciembre, cuando un sujeto agredi\u00f3 con un botellazo en la cara a otro. Seg\u00fan las investigaciones, se trata de un problema de vieja data, pero la situaci\u00f3n no termin\u00f3 all\u00ed. Hubo un allanamiento en la casa del agresor, aunque sin\u2026","rel":"","context":"En \u00abPOLICIALES\u00bb","block_context":{"text":"POLICIALES","link":"https:\/\/larevistadigital.com.ar\/blog\/category\/policiales\/"},"img":{"alt_text":"","src":"https:\/\/i0.wp.com\/larevistadigital.com.ar\/blog\/wp-content\/uploads\/AIRE-1-1536x1152-1.jpeg?fit=1200%2C900&ssl=1&resize=350%2C200","width":350,"height":200,"srcset":"https:\/\/i0.wp.com\/larevistadigital.com.ar\/blog\/wp-content\/uploads\/AIRE-1-1536x1152-1.jpeg?fit=1200%2C900&ssl=1&resize=350%2C200 1x, https:\/\/i0.wp.com\/larevistadigital.com.ar\/blog\/wp-content\/uploads\/AIRE-1-1536x1152-1.jpeg?fit=1200%2C900&ssl=1&resize=525%2C300 1.5x, https:\/\/i0.wp.com\/larevistadigital.com.ar\/blog\/wp-content\/uploads\/AIRE-1-1536x1152-1.jpeg?fit=1200%2C900&ssl=1&resize=700%2C400 2x, https:\/\/i0.wp.com\/larevistadigital.com.ar\/blog\/wp-content\/uploads\/AIRE-1-1536x1152-1.jpeg?fit=1200%2C900&ssl=1&resize=1050%2C600 3x"},"classes":[]},{"id":32813,"url":"https:\/\/larevistadigital.com.ar\/blog\/atropellaron-a-un-hombre-que-caminaba-por-la-ruta-2-esta-en-grave-estado\/","url_meta":{"origin":30622,"position":4},"title":"ATROPELLARON A UN HOMBRE QUE CAMINABA POR LA RUTA 2. EST\u00c1 EN GRAVE ESTADO","author":"Alejandro Sosa Ruda","date":"8 agosto, 2023","format":false,"excerpt":"Sucedi\u00f3 mientras la persona hac\u00eda ejercicios, durante la ma\u00f1ana de ayer. 8 de agosto de 2023 MAR CHIQUITA -\u00a0 Una persona de sexo masculino de 58 a\u00f1os de edad,\u00a0 fue atropellado en la ruta 2, en jurisdicci\u00f3n del partido de Mar Chiquita, y se encuentra en grave estado. El lamentable\u2026","rel":"","context":"En \u00abPOLICIALES\u00bb","block_context":{"text":"POLICIALES","link":"https:\/\/larevistadigital.com.ar\/blog\/category\/policiales\/"},"img":{"alt_text":"","src":"https:\/\/i0.wp.com\/larevistadigital.com.ar\/blog\/wp-content\/uploads\/2019\/02\/ambulancia.jpg?fit=800%2C454&ssl=1&resize=350%2C200","width":350,"height":200,"srcset":"https:\/\/i0.wp.com\/larevistadigital.com.ar\/blog\/wp-content\/uploads\/2019\/02\/ambulancia.jpg?fit=800%2C454&ssl=1&resize=350%2C200 1x, https:\/\/i0.wp.com\/larevistadigital.com.ar\/blog\/wp-content\/uploads\/2019\/02\/ambulancia.jpg?fit=800%2C454&ssl=1&resize=525%2C300 1.5x, https:\/\/i0.wp.com\/larevistadigital.com.ar\/blog\/wp-content\/uploads\/2019\/02\/ambulancia.jpg?fit=800%2C454&ssl=1&resize=700%2C400 2x"},"classes":[]},{"id":29031,"url":"https:\/\/larevistadigital.com.ar\/blog\/ruta-2-bajo-de-su-auto-y-murio-atropellado\/","url_meta":{"origin":30622,"position":5},"title":"RUTA 2: BAJ\u00d3 DE SU AUTO Y MURI\u00d3 ATROPELLADO","author":"Alejandro Sosa Ruda","date":"24 noviembre, 2022","format":false,"excerpt":"El automovilista se hab\u00eda bajado de su camioneta porque hab\u00eda sufrido un desperfecto mec\u00e1nico en la Autov\u00eda 2, a la altura de Coronel Vidal. 23 de noviembre de 2022 CORONEL VIDAL -\u00a0\u00a0Un lamentable accidente ocurri\u00f3 cuando una persona detuvo su camioneta utilitaria en la ruta 2, debido a un desperfecto\u2026","rel":"","context":"En \u00abPOLICIALES\u00bb","block_context":{"text":"POLICIALES","link":"https:\/\/larevistadigital.com.ar\/blog\/category\/policiales\/"},"img":{"alt_text":"","src":"https:\/\/i0.wp.com\/larevistadigital.com.ar\/blog\/wp-content\/uploads\/9ac309c6f4d19b747d8c237c4d8f50cb7c061836.jpg?fit=1140%2C717&ssl=1&resize=350%2C200","width":350,"height":200,"srcset":"https:\/\/i0.wp.com\/larevistadigital.com.ar\/blog\/wp-content\/uploads\/9ac309c6f4d19b747d8c237c4d8f50cb7c061836.jpg?fit=1140%2C717&ssl=1&resize=350%2C200 1x, https:\/\/i0.wp.com\/larevistadigital.com.ar\/blog\/wp-content\/uploads\/9ac309c6f4d19b747d8c237c4d8f50cb7c061836.jpg?fit=1140%2C717&ssl=1&resize=525%2C300 1.5x, https:\/\/i0.wp.com\/larevistadigital.com.ar\/blog\/wp-content\/uploads\/9ac309c6f4d19b747d8c237c4d8f50cb7c061836.jpg?fit=1140%2C717&ssl=1&resize=700%2C400 2x, https:\/\/i0.wp.com\/larevistadigital.com.ar\/blog\/wp-content\/uploads\/9ac309c6f4d19b747d8c237c4d8f50cb7c061836.jpg?fit=1140%2C717&ssl=1&resize=1050%2C600 3x"},"classes":[]}],"_links":{"self":[{"href":"https:\/\/larevistadigital.com.ar\/blog\/wp-json\/wp\/v2\/posts\/30622","targetHints":{"allow":["GET"]}}],"collection":[{"href":"https:\/\/larevistadigital.com.ar\/blog\/wp-json\/wp\/v2\/posts"}],"about":[{"href":"https:\/\/larevistadigital.com.ar\/blog\/wp-json\/wp\/v2\/types\/post"}],"author":[{"embeddable":true,"href":"https:\/\/larevistadigital.com.ar\/blog\/wp-json\/wp\/v2\/users\/3"}],"replies":[{"embeddable":true,"href":"https:\/\/larevistadigital.com.ar\/blog\/wp-json\/wp\/v2\/comments?post=30622"}],"version-history":[{"count":1,"href":"https:\/\/larevistadigital.com.ar\/blog\/wp-json\/wp\/v2\/posts\/30622\/revisions"}],"predecessor-version":[{"id":30624,"href":"https:\/\/larevistadigital.com.ar\/blog\/wp-json\/wp\/v2\/posts\/30622\/revisions\/30624"}],"wp:featuredmedia":[{"embeddable":true,"href":"https:\/\/larevistadigital.com.ar\/blog\/wp-json\/wp\/v2\/media\/30623"}],"wp:attachment":[{"href":"https:\/\/larevistadigital.com.ar\/blog\/wp-json\/wp\/v2\/media?parent=30622"}],"wp:term":[{"taxonomy":"category","embeddable":true,"href":"https:\/\/larevistadigital.com.ar\/blog\/wp-json\/wp\/v2\/categories?post=30622"},{"taxonomy":"post_tag","embeddable":true,"href":"https:\/\/larevistadigital.com.ar\/blog\/wp-json\/wp\/v2\/tags?post=30622"}],"curies":[{"name":"wp","href":"https:\/\/api.w.org\/{rel}","templated":true}]}}