{"id":30629,"date":"2023-03-19T14:44:07","date_gmt":"2023-03-19T14:44:07","guid":{"rendered":"https:\/\/larevistadigital.com.ar\/blog\/?p=30629"},"modified":"2023-03-19T14:45:25","modified_gmt":"2023-03-19T14:45:25","slug":"chascomus-choco-su-auto-y-furioso-intento-incendiar-su-casa","status":"publish","type":"post","link":"https:\/\/larevistadigital.com.ar\/blog\/chascomus-choco-su-auto-y-furioso-intento-incendiar-su-casa\/","title":{"rendered":"CHASCOM\u00daS: CHOC\u00d3 SU AUTO, Y FURIOSO INTENT\u00d3 INCENDIAR SU CASA."},"content":{"rendered":"<h2>La polic\u00eda tuvo que aprehenderlo porque el sujeto estaba muy alterado. Los Bomberos lograron controlar el incendio.<\/h2>\n<p>19 de marzo de 2023<\/p>\n<p><strong>CHASCOM\u00daS &#8211;\u00a0<\/strong> Durante la jornada del s\u00e1bado se produjo un accidente de tr\u00e1nsito en calle Malvinas Argentinas y Rivadavia, donde un autom\u00f3vil Fiat Duna colision\u00f3 con un \u00e1rbol.<\/p>\n<p>Cuando personal policial lleg\u00f3 al lugar, no encontr\u00f3 al propietario del rodado, y mientras trataba de recabar informaci\u00f3n para identificarlo, lleg\u00f3 una mujer, diciendo que su pareja se encontraba prendiendo fuego si casa, que se ubica a una cuadra de ese sitio, por lo que se dirigieron r\u00e1pidamente al lugar indicado.<\/p>\n<p>Al llegar, se encontraron con un incendio en curso en el comedor de la vivienda, que tambi\u00e9n afectaba a un comercio lindero y en el interior hab\u00eda una persona de sexo masculino, muy alterado y agresivo, por lo que se procedi\u00f3 a su aprehensi\u00f3n.<\/p>\n<p>Se hizo presente personal de bomberos, quienes procedieron a sofocar el incendio, y una ambulancia del nosocomio local que traslad\u00f3 al aprehendido a los fines de aistirlo por las lesiones sufridas, quedando alojado en el Hospital con custodia policial en calidad de aprehendido.<\/p>\n<p>El Ministerio P\u00fablico Fiscal aval\u00f3 las actuaciones solicitando diligencias de rigor, notificaci\u00f3n de 1 y 60 del C.P.P por el delito de da\u00f1o, y comparezca personal de bomberos siniestral dolores, confirmando estos \u00faltimos que el incendio fue intencional, como as\u00ed tambi\u00e9n se logro establecer que el aprehendido fue quien conduc\u00eda el veh\u00edculo colisionado y abandonado<\/p>\n","protected":false},"excerpt":{"rendered":"<div class=\"mh-excerpt\"><p>La polic\u00eda tuvo que aprehenderlo porque el sujeto estaba muy alterado. Los Bomberos lograron controlar el incendio. 19 de marzo de 2023 CHASCOM\u00daS &#8211;\u00a0 Durante la jornada del s\u00e1bado se produjo un accidente de tr\u00e1nsito <a class=\"mh-excerpt-more\" href=\"https:\/\/larevistadigital.com.ar\/blog\/chascomus-choco-su-auto-y-furioso-intento-incendiar-su-casa\/\" title=\"CHASCOM\u00daS: CHOC\u00d3 SU AUTO, Y FURIOSO INTENT\u00d3 INCENDIAR SU CASA.\">[Leer M\u00e1s]<\/a><\/p>\n<\/div>","protected":false},"author":3,"featured_media":24841,"comment_status":"open","ping_status":"open","sticky":false,"template":"","format":"standard","meta":{"_jetpack_memberships_contains_paid_content":false,"footnotes":"","jetpack_publicize_message":"","jetpack_publicize_feature_enabled":true,"jetpack_social_post_already_shared":true,"jetpack_social_options":{"image_generator_settings":{"template":"highway","default_image_id":0,"font":"","enabled":false},"version":2}},"categories":[6],"tags":[],"class_list":{"0":"post-30629","1":"post","2":"type-post","3":"status-publish","4":"format-standard","5":"has-post-thumbnail","7":"category-chascomus"},"jetpack_publicize_connections":[],"jetpack_featured_media_url":"https:\/\/i0.wp.com\/larevistadigital.com.ar\/blog\/wp-content\/uploads\/1620734310362-1.jpg?fit=1920%2C950&ssl=1","jetpack_sharing_enabled":true,"jetpack_shortlink":"https:\/\/wp.me\/p8qtrQ-7Y1","jetpack-related-posts":[{"id":22401,"url":"https:\/\/larevistadigital.com.ar\/blog\/terrible-incendio-en-camping-de-chascomus\/","url_meta":{"origin":30629,"position":0},"title":"TERRIBLE INCENDIO EN CAMPING DE CHASCOM\u00daS","author":"Alejandro Sosa Ruda","date":"18 octubre, 2021","format":false,"excerpt":"Un incendio de magnitud se registr\u00f3 en un camping de la localidad de Chascom\u00fas. Seg\u00fan datos oficiales el fuego afect\u00f3 27 quinchos, 14 casillas rodantes y 3 embarcaciones. Si bien la r\u00e1pida acci\u00f3n de los bomberos permiti\u00f3 salvar varias propiedades, los da\u00f1os materiales fueron muy importantes. Fueron 7 las dotaciones\u2026","rel":"","context":"En \u00abDESTACADAS\u00bb","block_context":{"text":"DESTACADAS","link":"https:\/\/larevistadigital.com.ar\/blog\/category\/destacadas\/"},"img":{"alt_text":"","src":"https:\/\/i0.wp.com\/larevistadigital.com.ar\/blog\/wp-content\/uploads\/WhatsApp-Image-2021-10-17-at-14.38.15.jpeg?fit=1200%2C901&ssl=1&resize=350%2C200","width":350,"height":200,"srcset":"https:\/\/i0.wp.com\/larevistadigital.com.ar\/blog\/wp-content\/uploads\/WhatsApp-Image-2021-10-17-at-14.38.15.jpeg?fit=1200%2C901&ssl=1&resize=350%2C200 1x, https:\/\/i0.wp.com\/larevistadigital.com.ar\/blog\/wp-content\/uploads\/WhatsApp-Image-2021-10-17-at-14.38.15.jpeg?fit=1200%2C901&ssl=1&resize=525%2C300 1.5x, https:\/\/i0.wp.com\/larevistadigital.com.ar\/blog\/wp-content\/uploads\/WhatsApp-Image-2021-10-17-at-14.38.15.jpeg?fit=1200%2C901&ssl=1&resize=700%2C400 2x, https:\/\/i0.wp.com\/larevistadigital.com.ar\/blog\/wp-content\/uploads\/WhatsApp-Image-2021-10-17-at-14.38.15.jpeg?fit=1200%2C901&ssl=1&resize=1050%2C600 3x"},"classes":[]},{"id":42486,"url":"https:\/\/larevistadigital.com.ar\/blog\/chascomus-una-familia-perdio-su-taller-en-un-incendio-y-necesita-ayuda-para-volver-a-trabajar\/","url_meta":{"origin":30629,"position":1},"title":"Chascom\u00fas: una familia perdi\u00f3 su taller en un incendio y necesita ayuda para volver a trabajar","author":"Alejandro Sosa Ruda","date":"16 noviembre, 2025","format":false,"excerpt":"Milagros y Esteban, una pareja trabajadora de Chascom\u00fas, vieron destruido su galp\u00f3n y todas sus herramientas tras un incendio que arras\u00f3 con su fuente de trabajo. Piden ayuda a la comunidad para poder empezar de nuevo. 16 de Noviembre de 2025 La madrugada del jueves dej\u00f3 una de esas escenas\u2026","rel":"","context":"En \u00abDESTACADAS\u00bb","block_context":{"text":"DESTACADAS","link":"https:\/\/larevistadigital.com.ar\/blog\/category\/destacadas\/"},"img":{"alt_text":"","src":"https:\/\/i0.wp.com\/larevistadigital.com.ar\/blog\/wp-content\/uploads\/INCENDIO-TALLER.jpg?fit=650%2C566&ssl=1&resize=350%2C200","width":350,"height":200,"srcset":"https:\/\/i0.wp.com\/larevistadigital.com.ar\/blog\/wp-content\/uploads\/INCENDIO-TALLER.jpg?fit=650%2C566&ssl=1&resize=350%2C200 1x, https:\/\/i0.wp.com\/larevistadigital.com.ar\/blog\/wp-content\/uploads\/INCENDIO-TALLER.jpg?fit=650%2C566&ssl=1&resize=525%2C300 1.5x"},"classes":[]},{"id":25004,"url":"https:\/\/larevistadigital.com.ar\/blog\/chascomus-se-realizaron-allanamientos-por-violacion-de-domicilio-y-amenazas-agravadas\/","url_meta":{"origin":30629,"position":2},"title":"CHASCOM\u00daS: ALLANAMIENTO Y DETENCI\u00d3N POR \u00abVIOLACI\u00d3N DE DOMICILIO Y AMENAZAS AGRAVADAS\u00bb","author":"Alejandro Sosa Ruda","date":"8 abril, 2022","format":false,"excerpt":"CHASCOM\u00daS -\u00a0 La\u00a0denunciante, se encontraba durmiendo en su domicilio cuando escuch\u00f3 que le golpeaban la puerta de su casa. Al levantarse y abrir, vio que era su vecino en el interior de su casa con su hija. Seg\u00fan denuncia de la se\u00f1ora, el vecino, ten\u00eda en su mano un arma\u2026","rel":"","context":"En \u00abINTERES GENERAL\u00bb","block_context":{"text":"INTERES GENERAL","link":"https:\/\/larevistadigital.com.ar\/blog\/category\/interes-general\/"},"img":{"alt_text":"","src":"https:\/\/i0.wp.com\/larevistadigital.com.ar\/blog\/wp-content\/uploads\/WhatsApp-Image-2022-04-07-at-8.19.57-PM.jpeg?fit=774%2C1032&ssl=1&resize=350%2C200","width":350,"height":200,"srcset":"https:\/\/i0.wp.com\/larevistadigital.com.ar\/blog\/wp-content\/uploads\/WhatsApp-Image-2022-04-07-at-8.19.57-PM.jpeg?fit=774%2C1032&ssl=1&resize=350%2C200 1x, https:\/\/i0.wp.com\/larevistadigital.com.ar\/blog\/wp-content\/uploads\/WhatsApp-Image-2022-04-07-at-8.19.57-PM.jpeg?fit=774%2C1032&ssl=1&resize=525%2C300 1.5x, https:\/\/i0.wp.com\/larevistadigital.com.ar\/blog\/wp-content\/uploads\/WhatsApp-Image-2022-04-07-at-8.19.57-PM.jpeg?fit=774%2C1032&ssl=1&resize=700%2C400 2x"},"classes":[]},{"id":7457,"url":"https:\/\/larevistadigital.com.ar\/blog\/los-bomberos-de-chascomus-asistieron-a-los-de-lezama-para-sofocar-un-incendio-durante-tres-horas\/","url_meta":{"origin":30629,"position":3},"title":"LOS BOMBEROS DE CHASCOMUS ASISTIERON A LOS DE LEZAMA PARA SOFOCAR UN INCENDIO DURANTE TRES HORAS","author":"Alejandro Sosa Ruda","date":"28 diciembre, 2018","format":false,"excerpt":"Aproximadamente a las 14:50 hs. se recibe en el Cuartel de Bomberos Voluntarios de Chascom\u00fas, un llamado de sus colegas de Lezama, a efectos de pedir la colaboraci\u00f3n para sofocar un incendio de grandes proporciones de un campo, y una maquinaria agr\u00edcola en el paraje Libres del Sur. Con alarma\u2026","rel":"","context":"En \u00abCHASCOM\u00daS\u00bb","block_context":{"text":"CHASCOM\u00daS","link":"https:\/\/larevistadigital.com.ar\/blog\/category\/chascomus\/"},"img":{"alt_text":"","src":"https:\/\/i0.wp.com\/larevistadigital.com.ar\/blog\/wp-content\/uploads\/2018\/12\/13921169_553231878196592_8484525598537632035_n.jpg?fit=600%2C319&ssl=1&resize=350%2C200","width":350,"height":200,"srcset":"https:\/\/i0.wp.com\/larevistadigital.com.ar\/blog\/wp-content\/uploads\/2018\/12\/13921169_553231878196592_8484525598537632035_n.jpg?fit=600%2C319&ssl=1&resize=350%2C200 1x, https:\/\/i0.wp.com\/larevistadigital.com.ar\/blog\/wp-content\/uploads\/2018\/12\/13921169_553231878196592_8484525598537632035_n.jpg?fit=600%2C319&ssl=1&resize=525%2C300 1.5x"},"classes":[]},{"id":30803,"url":"https:\/\/larevistadigital.com.ar\/blog\/30803-2\/","url_meta":{"origin":30629,"position":4},"title":"CHASCOM\u00daS: SE INCENDI\u00d3 UNA VIVIENDA Y ENCONTRARON UNA PERSONA FALLECIDA","author":"Alejandro Sosa Ruda","date":"31 marzo, 2023","format":false,"excerpt":"En el incendio se encontr\u00f3 una persona fallecida, de 61 a\u00f1os de edad. 31 de marzo de 2023 CHASCOM\u00daS -\u00a0 Siendo las 3:25 AM, Personal de Polic\u00eda Comunal, concurri\u00f3 a la calle Baigorria 3415 junto a Bomberos Voluntarios de Chascom\u00fas, donde se produc\u00eda un incendio en la vivienda. Result\u00f3 que\u2026","rel":"","context":"En \u00abDESTACADAS\u00bb","block_context":{"text":"DESTACADAS","link":"https:\/\/larevistadigital.com.ar\/blog\/category\/destacadas\/"},"img":{"alt_text":"","src":"https:\/\/i0.wp.com\/larevistadigital.com.ar\/blog\/wp-content\/uploads\/WhatsApp-Image-2023-03-31-at-06.48.36.jpeg?fit=1200%2C675&ssl=1&resize=350%2C200","width":350,"height":200,"srcset":"https:\/\/i0.wp.com\/larevistadigital.com.ar\/blog\/wp-content\/uploads\/WhatsApp-Image-2023-03-31-at-06.48.36.jpeg?fit=1200%2C675&ssl=1&resize=350%2C200 1x, https:\/\/i0.wp.com\/larevistadigital.com.ar\/blog\/wp-content\/uploads\/WhatsApp-Image-2023-03-31-at-06.48.36.jpeg?fit=1200%2C675&ssl=1&resize=525%2C300 1.5x, https:\/\/i0.wp.com\/larevistadigital.com.ar\/blog\/wp-content\/uploads\/WhatsApp-Image-2023-03-31-at-06.48.36.jpeg?fit=1200%2C675&ssl=1&resize=700%2C400 2x, https:\/\/i0.wp.com\/larevistadigital.com.ar\/blog\/wp-content\/uploads\/WhatsApp-Image-2023-03-31-at-06.48.36.jpeg?fit=1200%2C675&ssl=1&resize=1050%2C600 3x"},"classes":[]},{"id":30895,"url":"https:\/\/larevistadigital.com.ar\/blog\/incendio-intencional-sucedio-en-la-mutual-de-villa-del-sur-y-sospechan-que-fue-intencional-algo-que-despierta-dudas-luego-de-los-despidos-y-persecucion-gremial-denunciadas-por-el-presidente-d\/","url_meta":{"origin":30629,"position":5},"title":"\u00bfINCENDIO INTENCIONAL? SUCEDI\u00d3 EN LA MUTUAL DE VILLA DEL SUR, Y SOSPECHAN QUE FUE INTENCIONAL, ALGO QUE DESPIERTA DUDAS LUEGO DE LOS DESPIDOS Y PERSECUCI\u00d3N GREMIAL DENUNCIADAS POR EL PRESIDENTE DE LA MUTUAL","author":"Alejandro Sosa Ruda","date":"5 abril, 2023","format":false,"excerpt":"Todo (incluso el off the record de algunos indicar\u00eda que fue intencional. Crecen las sospechas de un acto mafioso con transfondo gremial. 5 de abril de 2023 CHASCOM\u00daS -\u00a0 Hace un rato, aproximadamente a las 12:30 horas nos lleg\u00f3 una alerta de los Bomberos Voluntarios que se dirig\u00edan a sofocar\u2026","rel":"","context":"En \u00abDESTACADAS\u00bb","block_context":{"text":"DESTACADAS","link":"https:\/\/larevistadigital.com.ar\/blog\/category\/destacadas\/"},"img":{"alt_text":"","src":"https:\/\/i0.wp.com\/larevistadigital.com.ar\/blog\/wp-content\/uploads\/6-5.jpg?fit=900%2C1200&ssl=1&resize=350%2C200","width":350,"height":200,"srcset":"https:\/\/i0.wp.com\/larevistadigital.com.ar\/blog\/wp-content\/uploads\/6-5.jpg?fit=900%2C1200&ssl=1&resize=350%2C200 1x, https:\/\/i0.wp.com\/larevistadigital.com.ar\/blog\/wp-content\/uploads\/6-5.jpg?fit=900%2C1200&ssl=1&resize=525%2C300 1.5x, https:\/\/i0.wp.com\/larevistadigital.com.ar\/blog\/wp-content\/uploads\/6-5.jpg?fit=900%2C1200&ssl=1&resize=700%2C400 2x"},"classes":[]}],"_links":{"self":[{"href":"https:\/\/larevistadigital.com.ar\/blog\/wp-json\/wp\/v2\/posts\/30629","targetHints":{"allow":["GET"]}}],"collection":[{"href":"https:\/\/larevistadigital.com.ar\/blog\/wp-json\/wp\/v2\/posts"}],"about":[{"href":"https:\/\/larevistadigital.com.ar\/blog\/wp-json\/wp\/v2\/types\/post"}],"author":[{"embeddable":true,"href":"https:\/\/larevistadigital.com.ar\/blog\/wp-json\/wp\/v2\/users\/3"}],"replies":[{"embeddable":true,"href":"https:\/\/larevistadigital.com.ar\/blog\/wp-json\/wp\/v2\/comments?post=30629"}],"version-history":[{"count":1,"href":"https:\/\/larevistadigital.com.ar\/blog\/wp-json\/wp\/v2\/posts\/30629\/revisions"}],"predecessor-version":[{"id":30630,"href":"https:\/\/larevistadigital.com.ar\/blog\/wp-json\/wp\/v2\/posts\/30629\/revisions\/30630"}],"wp:featuredmedia":[{"embeddable":true,"href":"https:\/\/larevistadigital.com.ar\/blog\/wp-json\/wp\/v2\/media\/24841"}],"wp:attachment":[{"href":"https:\/\/larevistadigital.com.ar\/blog\/wp-json\/wp\/v2\/media?parent=30629"}],"wp:term":[{"taxonomy":"category","embeddable":true,"href":"https:\/\/larevistadigital.com.ar\/blog\/wp-json\/wp\/v2\/categories?post=30629"},{"taxonomy":"post_tag","embeddable":true,"href":"https:\/\/larevistadigital.com.ar\/blog\/wp-json\/wp\/v2\/tags?post=30629"}],"curies":[{"name":"wp","href":"https:\/\/api.w.org\/{rel}","templated":true}]}}