{"id":30632,"date":"2023-03-21T02:03:55","date_gmt":"2023-03-21T02:03:55","guid":{"rendered":"https:\/\/larevistadigital.com.ar\/blog\/?p=30632"},"modified":"2023-03-21T02:42:27","modified_gmt":"2023-03-21T02:42:27","slug":"contiene-audios-despedidos-de-villa-del-sur-aseguran-que-hay-extorsiones-amenazas-y-persecucion-de-delegados-gremiales-por-una-interna-que-viene-desde-la-plata","status":"publish","type":"post","link":"https:\/\/larevistadigital.com.ar\/blog\/contiene-audios-despedidos-de-villa-del-sur-aseguran-que-hay-extorsiones-amenazas-y-persecucion-de-delegados-gremiales-por-una-interna-que-viene-desde-la-plata\/","title":{"rendered":"[CONTIENE AUDIOS] DESPEDIDOS DE VILLA DEL SUR ASEGURAN QUE HAY EXTORSIONES, AMENAZAS Y PERSECUCI\u00d3N DE DELEGADOS GREMIALES POR UNA INTERNA QUE VIENE DESDE LA PLATA&#8230;"},"content":{"rendered":"<h2>Desde la empresa, pareciera que una fuerte interna gremial que nace en La Plata ha provocado persecuciones, amenazas y despidos. La \u00faltima semana en Chascom\u00fas cesantearon a dos personas respetadas y sin motivo concreto.<\/h2>\n<p>21 de marzo de 2023<\/p>\n<p>La Revista Digital se puso en contacto y entrevist\u00f3 a <strong>Mat\u00edas Monteros<\/strong>, uno de los dos empleados que injustamente fueron despedidos la semana pasada de la f\u00e1brica Villa del Sur. El di\u00e1logo dej\u00f3 mucha \u201ctela para cortar\u201d, ya que los dichos de <strong>Monteros<\/strong>, apuntan directamente al Delegado gremial de <strong>SUTIAGA Silvio Marchesi<\/strong>,\u00a0 responsabiliz\u00e1ndolo por su despido y el de Quesada, asegurando que fueron ocasionados por una persecuci\u00f3n gremial, \u00a0y que se sumar\u00edan a una cadena de dislates y atropellos que denuncia sobre el comportamiento hist\u00f3rico del Delegado <strong>Marchesi<\/strong>, no solo respecto de sus despidos, sino que con los de otros compa\u00f1eros trabajadores de la empresa.<\/p>\n<blockquote>\n<h3>Entre otras cosas, <strong>Monteros<\/strong> mencion\u00f3 que hace tiempo que las actitudes de <strong>Marchesi <\/strong>como Delegado, dejan bastante que desear, asegurando que se manejar\u00eda empleando el miedo como forma de relacionarse con quienes deber\u00eda representar y defender. <strong>Monteros<\/strong> tambi\u00e9n denunci\u00f3 que el delegado suele utilizar el apriete y las amenazas encubiertas con los trabajadores, y que cuando debe fijar posici\u00f3n, suele hacerlo en favor de la empresa.<\/h3>\n<\/blockquote>\n<p>A modo de ejemplo, narr\u00f3 que <strong><em>\u201cMarchesi se encarg\u00f3 de convencer y llevar de la mano a las oficinas de la firma, cuando hace tiempo atr\u00e1s se hizo una especie de \u201cretiro voluntario\u201d, aconsejando a quienes estaban encuadrados en esa posibilidad, que agarren lo que les ofrec\u00edan\u201d\u2026<\/em><\/strong><\/p>\n<p>&nbsp;<\/p>\n<!--[if lt IE 9]><script>document.createElement('audio');<\/script><![endif]-->\n<audio class=\"wp-audio-shortcode\" id=\"audio-30632-1\" preload=\"none\" style=\"width: 100%;\" controls=\"controls\"><source type=\"audio\/wav\" src=\"https:\/\/larevistadigital.com.ar\/blog\/wp-content\/uploads\/EL-DELEGADO-TE-LLEVABA-AL-MATADERO.wav?_=1\" \/><a href=\"https:\/\/larevistadigital.com.ar\/blog\/wp-content\/uploads\/EL-DELEGADO-TE-LLEVABA-AL-MATADERO.wav\">https:\/\/larevistadigital.com.ar\/blog\/wp-content\/uploads\/EL-DELEGADO-TE-LLEVABA-AL-MATADERO.wav<\/a><\/audio>\n<blockquote>\n<h3><strong>Agreg\u00f3 que <em>\u201cMarchesi<\/em><em> siempre se comportaba igual, cuando ve\u00eda alg\u00fan descontento, ejecut\u00f3 a uno o dos y nos bajaba los decibeles\u201d<\/em><\/strong><strong>.<\/strong><\/h3>\n<\/blockquote>\n<p>Dijo que las primeras rispideces con <strong>Marchesi<\/strong>, comenzaron con una clara intenci\u00f3n de el delegado de tomar las riendas y controlar la Mutual, y que cuando percibi\u00f3 la intenci\u00f3n de <strong>Monteros<\/strong> de participar gremialmente fue la g\u00f3ta que rebals\u00f3 el vaso, terminando despedido, junto con <strong>Quesada<\/strong>.<\/p>\n<blockquote>\n<h3>Adem\u00e1s asegur\u00f3 que al momento de su despido, quiso comunicarse con el delegado <strong>Marchesi<\/strong> pero incre\u00edblemente <strong><span style=\"color: #ff0000\">LO BLOQUEARON EN EL TEL\u00c9FONO<\/span><\/strong>.<\/h3>\n<\/blockquote>\n<audio class=\"wp-audio-shortcode\" id=\"audio-30632-2\" preload=\"none\" style=\"width: 100%;\" controls=\"controls\"><source type=\"audio\/wav\" src=\"https:\/\/larevistadigital.com.ar\/blog\/wp-content\/uploads\/ME-BLOQUEARON-TODOS-LOS-DELEGADOS.wav?_=2\" \/><a href=\"https:\/\/larevistadigital.com.ar\/blog\/wp-content\/uploads\/ME-BLOQUEARON-TODOS-LOS-DELEGADOS.wav\">https:\/\/larevistadigital.com.ar\/blog\/wp-content\/uploads\/ME-BLOQUEARON-TODOS-LOS-DELEGADOS.wav<\/a><\/audio>\n<blockquote>\n<h3>En esta historia, tambi\u00e9n es protagonista fundamental el ex delegado y ex presidente de la Mutual, <strong>Mat\u00edas Pi\u00f1ero<\/strong>, que aparentemente fue apartado por\u00a0 <strong>Marchesi<\/strong>, que habr\u00eda utilizado el \u00abcupo femenino\u00bb como excusa.<br \/>\n<strong>Monteros<\/strong> afirma que luego de esto,<strong> Marchesi<\/strong> volvi\u00f3 a las amenazas&#8230; <em><strong>\u00abFijate lo que vas a hacer porque \u00abel resentido\u00bb (Por Pi\u00f1ero) no tiene nada que perder, pero vos si\u00bb<\/strong><\/em>&#8230; le habr\u00eda dicho.<\/h3>\n<\/blockquote>\n<audio class=\"wp-audio-shortcode\" id=\"audio-30632-3\" preload=\"none\" style=\"width: 100%;\" controls=\"controls\"><source type=\"audio\/wav\" src=\"https:\/\/larevistadigital.com.ar\/blog\/wp-content\/uploads\/fijate-lo-que-vas-a-hacer.wav?_=3\" \/><a href=\"https:\/\/larevistadigital.com.ar\/blog\/wp-content\/uploads\/fijate-lo-que-vas-a-hacer.wav\">https:\/\/larevistadigital.com.ar\/blog\/wp-content\/uploads\/fijate-lo-que-vas-a-hacer.wav<\/a><\/audio>\n<p>Luego de los roces con el delegado, <strong>Mat\u00edas Monteros<\/strong> comenz\u00f3 a hablar con sus compa\u00f1eros, planteando que las actitudes de <strong>Marchesi<\/strong> no ten\u00edan nada que ver con el normal desempe\u00f1o de un delegado gremial, y esto, sumado a la noticia de la pr\u00f3xima presentaci\u00f3n de una lista encabezada por <strong>Pi\u00f1ero<\/strong>, habr\u00eda sido suficiente para que se tome la determinaci\u00f3n de despedirlo, ya que supon\u00eda que <strong>Monteros<\/strong>, ir\u00eda con <strong>Pi\u00f1ero<\/strong> para enfrentarlo&#8230;<\/p>\n<h3><span style=\"color: #ff0000\">LA INTERNA GREMIAL EN SUTIAGA&#8230; \u00abVILLA DEL SUR\u00bb Y REGINALD LEE (EMBOTELLADORA DE COCA COLA, DONDE HUBO UN MUERTO.<\/span><\/h3>\n<p>En la empresa que embotella Coca Cola, sucede una situaci\u00f3n similar a la de Villa del Sur, con personas que han perdido su trabajo.<\/p>\n<blockquote>\n<h3>En ambas empresas, suponen que estas situaciones tienen que ver con una fuerte interna en el gremio que deber\u00eda representarlos: el\u00a0<strong>S<\/strong><strong>indicato Unido Trabajadores de la Industria de Aguas y Gaseosas\u00a0<\/strong>(SUTIAGA).<\/h3>\n<\/blockquote>\n<p>En portal <strong>Secciones Bonaerenses<\/strong>, asegura al respecto que <em><strong>\u00abPese a la gravedad de la situaci\u00f3n, con el aval proveniente de la Seccional La Plata, puertas adentro de la empresa aseguran que Marchesi \u201cni siquiera present\u00f3 una queja\u201d.<\/strong><\/em><\/p>\n<blockquote>\n<h3 align=\"justify\">La situaci\u00f3n, es casi calcada para quienes trabajan en la empresa embotelladora ubicada en Berazategui: en septiembre \u00faltimo, un trabajador fue degollado dentro de la planta, identificado como <strong>Hugo Alberto Acevedo<\/strong>, cuyo cuerpo fue encontrado en horas de la madrugada.<\/h3>\n<\/blockquote>\n<p align=\"justify\">Por lo que se sabe, \u00faltimamente los despidos tambi\u00e9n son moneda com\u00fan en dicha empresa y tambi\u00e9n tienen un denominador com\u00fan: <strong><span style=\"color: #ff0000\">la supuesta complicidad con la\u00a0Seccional La Plata del SUTIAGA\u00a0que comanda\u00a0Carlos Roagna.<\/span><\/strong><\/p>\n<blockquote>\n<h3 align=\"justify\">La Seccional platense tiene una jurisdicci\u00f3n muy fuerte en materia de representatividad gremial, dado que abarca los distritos de Quilmes, Berazategui, Lobos, Chascom\u00fas, Lezama y Ranchos, entre otros.<\/h3>\n<\/blockquote>\n<p align=\"justify\">Por los despidos llevados adelante, en Reginald Lee los \u00e1nimos est\u00e1n m\u00e1s que caldeados: <strong><span style=\"color: #ff0000\">junto al secretario general del SUTIAGA Roagna, fueron\u00a0denunciados\u00a0penalmente\u00a0el gerente de recursos humanos de la empresa,\u00a0Braian Saja;\u00a0y otros empleados por \u201camenazas\u201d, \u201casociaci\u00f3n il\u00edcita\u201d, \u201cdiscriminaci\u00f3n\u201d y de \u201catentar contra la libertad de trabajo\u201d<\/span><\/strong>. Se cree que los mencionados orquestaron la cesant\u00eda de trabajadores cuando estos comenzaron a organizarse internamente y a discutir el rol gremial.<\/p>\n","protected":false},"excerpt":{"rendered":"<div class=\"mh-excerpt\"><p>Desde la empresa, pareciera que una fuerte interna gremial que nace en La Plata ha provocado persecuciones, amenazas y despidos. La \u00faltima semana en Chascom\u00fas cesantearon a dos personas respetadas y sin motivo concreto. 21 <a class=\"mh-excerpt-more\" href=\"https:\/\/larevistadigital.com.ar\/blog\/contiene-audios-despedidos-de-villa-del-sur-aseguran-que-hay-extorsiones-amenazas-y-persecucion-de-delegados-gremiales-por-una-interna-que-viene-desde-la-plata\/\" title=\"[CONTIENE AUDIOS] DESPEDIDOS DE VILLA DEL SUR ASEGURAN QUE HAY EXTORSIONES, AMENAZAS Y PERSECUCI\u00d3N DE DELEGADOS GREMIALES POR UNA INTERNA QUE VIENE DESDE LA PLATA&#8230;\">[Leer M\u00e1s]<\/a><\/p>\n<\/div>","protected":false},"author":3,"featured_media":8873,"comment_status":"open","ping_status":"open","sticky":false,"template":"","format":"standard","meta":{"_jetpack_memberships_contains_paid_content":false,"footnotes":"","jetpack_publicize_message":"","jetpack_publicize_feature_enabled":true,"jetpack_social_post_already_shared":true,"jetpack_social_options":{"image_generator_settings":{"template":"highway","default_image_id":0,"font":"","enabled":false},"version":2}},"categories":[41,10],"tags":[],"class_list":{"0":"post-30632","1":"post","2":"type-post","3":"status-publish","4":"format-standard","5":"has-post-thumbnail","7":"category-destacadas","8":"category-gremiales"},"jetpack_publicize_connections":[],"jetpack_featured_media_url":"https:\/\/i0.wp.com\/larevistadigital.com.ar\/blog\/wp-content\/uploads\/2019\/03\/villadelsur_02demarzode2108_elfuerte.jpg?fit=1200%2C801&ssl=1","jetpack_sharing_enabled":true,"jetpack_shortlink":"https:\/\/wp.me\/p8qtrQ-7Y4","jetpack-related-posts":[{"id":30895,"url":"https:\/\/larevistadigital.com.ar\/blog\/incendio-intencional-sucedio-en-la-mutual-de-villa-del-sur-y-sospechan-que-fue-intencional-algo-que-despierta-dudas-luego-de-los-despidos-y-persecucion-gremial-denunciadas-por-el-presidente-d\/","url_meta":{"origin":30632,"position":0},"title":"\u00bfINCENDIO INTENCIONAL? SUCEDI\u00d3 EN LA MUTUAL DE VILLA DEL SUR, Y SOSPECHAN QUE FUE INTENCIONAL, ALGO QUE DESPIERTA DUDAS LUEGO DE LOS DESPIDOS Y PERSECUCI\u00d3N GREMIAL DENUNCIADAS POR EL PRESIDENTE DE LA MUTUAL","author":"Alejandro Sosa Ruda","date":"5 abril, 2023","format":false,"excerpt":"Todo (incluso el off the record de algunos indicar\u00eda que fue intencional. Crecen las sospechas de un acto mafioso con transfondo gremial. 5 de abril de 2023 CHASCOM\u00daS -\u00a0 Hace un rato, aproximadamente a las 12:30 horas nos lleg\u00f3 una alerta de los Bomberos Voluntarios que se dirig\u00edan a sofocar\u2026","rel":"","context":"En \u00abDESTACADAS\u00bb","block_context":{"text":"DESTACADAS","link":"https:\/\/larevistadigital.com.ar\/blog\/category\/destacadas\/"},"img":{"alt_text":"","src":"https:\/\/i0.wp.com\/larevistadigital.com.ar\/blog\/wp-content\/uploads\/6-5.jpg?fit=900%2C1200&ssl=1&resize=350%2C200","width":350,"height":200,"srcset":"https:\/\/i0.wp.com\/larevistadigital.com.ar\/blog\/wp-content\/uploads\/6-5.jpg?fit=900%2C1200&ssl=1&resize=350%2C200 1x, https:\/\/i0.wp.com\/larevistadigital.com.ar\/blog\/wp-content\/uploads\/6-5.jpg?fit=900%2C1200&ssl=1&resize=525%2C300 1.5x, https:\/\/i0.wp.com\/larevistadigital.com.ar\/blog\/wp-content\/uploads\/6-5.jpg?fit=900%2C1200&ssl=1&resize=700%2C400 2x"},"classes":[]},{"id":11168,"url":"https:\/\/larevistadigital.com.ar\/blog\/panorama-de-conflicto-y-confrontacion-gremial-en-la-uocra-de-la-plata\/","url_meta":{"origin":30632,"position":1},"title":"PANORAMA DE CONFLICTO Y CONFRONTACI\u00d3N GREMIAL EN LA UOCRA DE LA PLATA","author":"Alejandro Sosa Ruda","date":"9 julio, 2019","format":false,"excerpt":"La marcha que este mi\u00e9rcoles realizar\u00e1n los trabajadores de la UOCRA La Plata hasta la sede de la Intervenci\u00f3n, tuvo su correlato este lunes con pintadas intimidatorias a uno de los sectores convocantes, hechos que se sumaron a las sospechas de que integrantes de dicho organismo \u201cnormalizador\u201d estuvieron llamando a\u2026","rel":"","context":"En \u00abGREMIALES\u00bb","block_context":{"text":"GREMIALES","link":"https:\/\/larevistadigital.com.ar\/blog\/category\/gremiales\/"},"img":{"alt_text":"","src":"https:\/\/i0.wp.com\/larevistadigital.com.ar\/blog\/wp-content\/uploads\/bbx_516441926_BRAIAN2.jpg?fit=1200%2C544&ssl=1&resize=350%2C200","width":350,"height":200,"srcset":"https:\/\/i0.wp.com\/larevistadigital.com.ar\/blog\/wp-content\/uploads\/bbx_516441926_BRAIAN2.jpg?fit=1200%2C544&ssl=1&resize=350%2C200 1x, https:\/\/i0.wp.com\/larevistadigital.com.ar\/blog\/wp-content\/uploads\/bbx_516441926_BRAIAN2.jpg?fit=1200%2C544&ssl=1&resize=525%2C300 1.5x, https:\/\/i0.wp.com\/larevistadigital.com.ar\/blog\/wp-content\/uploads\/bbx_516441926_BRAIAN2.jpg?fit=1200%2C544&ssl=1&resize=700%2C400 2x, https:\/\/i0.wp.com\/larevistadigital.com.ar\/blog\/wp-content\/uploads\/bbx_516441926_BRAIAN2.jpg?fit=1200%2C544&ssl=1&resize=1050%2C600 3x"},"classes":[]},{"id":1084,"url":"https:\/\/larevistadigital.com.ar\/blog\/revocan-la-personeria-gremial-de-los-metrodelegados-a-horas-de-comenzar-las-paritarias\/","url_meta":{"origin":30632,"position":2},"title":"Revocan la personer\u00eda gremial de los Metrodelegados a horas de comenzar las paritarias","author":"editor","date":"10 marzo, 2017","format":false,"excerpt":"\u201cJusto en la semana en que toca discutir la paritaria\u201d sale este fallo, dijo N\u00e9stor Segovia, referente de los Metrodelegados, quien acus\u00f3\u00a0a\u00a0Mauricio Macri y a Jorge Triaca de una \u201cpersecuci\u00f3n pol\u00edtica y gremial\u201d contra el gremio. El delegado de la l\u00ednea C de subterr\u00e1neos y referente de los Metrodelegados, N\u00e9stor\u2026","rel":"","context":"En \u00abGREMIALES\u00bb","block_context":{"text":"GREMIALES","link":"https:\/\/larevistadigital.com.ar\/blog\/category\/gremiales\/"},"img":{"alt_text":"","src":"https:\/\/i0.wp.com\/larevistadigital.com.ar\/blog\/wp-content\/uploads\/2017\/03\/metrodelegados-q-644x340.jpg?fit=644%2C340&ssl=1&resize=350%2C200","width":350,"height":200,"srcset":"https:\/\/i0.wp.com\/larevistadigital.com.ar\/blog\/wp-content\/uploads\/2017\/03\/metrodelegados-q-644x340.jpg?fit=644%2C340&ssl=1&resize=350%2C200 1x, https:\/\/i0.wp.com\/larevistadigital.com.ar\/blog\/wp-content\/uploads\/2017\/03\/metrodelegados-q-644x340.jpg?fit=644%2C340&ssl=1&resize=525%2C300 1.5x"},"classes":[]},{"id":15528,"url":"https:\/\/larevistadigital.com.ar\/blog\/dirigente-gremial-de-la-seguridad-a-los-trabajadores-no-se-dejen-amenazar-con-despidos\/","url_meta":{"origin":30632,"position":3},"title":"DIRIGENTE GREMIAL DE LA SEGURIDAD A LOS TRABAJADORES: \u00abNO SE DEJEN AMENAZAR CON DESPIDOS\u00bb","author":"Alejandro Sosa Ruda","date":"8 junio, 2020","format":false,"excerpt":"En el marco de las medidas de prevenci\u00f3n y protocolo sanitario que deben llevar adelante las empresas y dependencias oficiales para evitar contagios de Coronavirus, los trabajadores de la seguridad privada pasaron a ser parte de las tareas consideradas esenciales para la continuidad de la prestaci\u00f3n de determinados servicios. Pese\u2026","rel":"","context":"En \u00abGREMIALES\u00bb","block_context":{"text":"GREMIALES","link":"https:\/\/larevistadigital.com.ar\/blog\/category\/gremiales\/"},"img":{"alt_text":"","src":"https:\/\/i0.wp.com\/larevistadigital.com.ar\/blog\/wp-content\/uploads\/PABLO-OTERO.jpg?fit=600%2C840&ssl=1&resize=350%2C200","width":350,"height":200,"srcset":"https:\/\/i0.wp.com\/larevistadigital.com.ar\/blog\/wp-content\/uploads\/PABLO-OTERO.jpg?fit=600%2C840&ssl=1&resize=350%2C200 1x, https:\/\/i0.wp.com\/larevistadigital.com.ar\/blog\/wp-content\/uploads\/PABLO-OTERO.jpg?fit=600%2C840&ssl=1&resize=525%2C300 1.5x"},"classes":[]},{"id":32300,"url":"https:\/\/larevistadigital.com.ar\/blog\/mar-del-plata-un-dirigente-de-la-uta-denuncio-que-le-balearon-el-auto\/","url_meta":{"origin":30632,"position":4},"title":"MAR DEL PLATA: UN DIRIGENTE DE LA UTA DENUNCI\u00d3 QUE LE BALEARON EL AUTO","author":"Alejandro Sosa Ruda","date":"5 julio, 2023","format":false,"excerpt":"Le ocurri\u00f3 en la puerta de su casa al secretario organizaci\u00f3n de la UTA en Mar del Plata, Dami\u00e1n Maldonado. Lo vinculan a una interna gremial. 5 de julio de 2023 MAR DEL PLATA\u00a0 -\u00a0 El secretario organizaci\u00f3n de la UTA en Mar del Plata, Dami\u00e1n Maldonado, denunci\u00f3 que le\u2026","rel":"","context":"En \u00abGREMIALES\u00bb","block_context":{"text":"GREMIALES","link":"https:\/\/larevistadigital.com.ar\/blog\/category\/gremiales\/"},"img":{"alt_text":"","src":"https:\/\/i0.wp.com\/larevistadigital.com.ar\/blog\/wp-content\/uploads\/20230705171644_uta.jpg?fit=880%2C512&ssl=1&resize=350%2C200","width":350,"height":200,"srcset":"https:\/\/i0.wp.com\/larevistadigital.com.ar\/blog\/wp-content\/uploads\/20230705171644_uta.jpg?fit=880%2C512&ssl=1&resize=350%2C200 1x, https:\/\/i0.wp.com\/larevistadigital.com.ar\/blog\/wp-content\/uploads\/20230705171644_uta.jpg?fit=880%2C512&ssl=1&resize=525%2C300 1.5x, https:\/\/i0.wp.com\/larevistadigital.com.ar\/blog\/wp-content\/uploads\/20230705171644_uta.jpg?fit=880%2C512&ssl=1&resize=700%2C400 2x"},"classes":[]},{"id":20745,"url":"https:\/\/larevistadigital.com.ar\/blog\/la-uocra-marcha-a-los-tribunales-de-la-plata-para-denunciar-al-hijo-del-pata-medina\/","url_meta":{"origin":30632,"position":5},"title":"LA UOCRA MARCHA A LOS TRIBUNALES DE LA PLATA PARA DENUNCIAR AL HIJO DEL \u00abPATA MEDINA\u00bb","author":"Alejandro Sosa Ruda","date":"16 junio, 2021","format":false,"excerpt":"Presentar\u00e1n documentaci\u00f3n que, se\u00f1alan, demuestran que incumpli\u00f3 uno de los requisitos para estar fuera de una c\u00e1rcel com\u00fan. Afiliados a la\u00a0Uni\u00f3n Obrera de Constructores de la Rep\u00fablica Argentina\u00a0(UOCRA) de La Plata marchar\u00e1n a la sede del fuero Federal en la ciudad con el objetivo de denunciar a\u00a0Cristian \"Puly\" Medina, hijo\u2026","rel":"","context":"En \u00abGREMIALES\u00bb","block_context":{"text":"GREMIALES","link":"https:\/\/larevistadigital.com.ar\/blog\/category\/gremiales\/"},"img":{"alt_text":"","src":"https:\/\/i0.wp.com\/larevistadigital.com.ar\/blog\/wp-content\/uploads\/1582208664084.jpg?fit=1200%2C797&ssl=1&resize=350%2C200","width":350,"height":200,"srcset":"https:\/\/i0.wp.com\/larevistadigital.com.ar\/blog\/wp-content\/uploads\/1582208664084.jpg?fit=1200%2C797&ssl=1&resize=350%2C200 1x, https:\/\/i0.wp.com\/larevistadigital.com.ar\/blog\/wp-content\/uploads\/1582208664084.jpg?fit=1200%2C797&ssl=1&resize=525%2C300 1.5x, https:\/\/i0.wp.com\/larevistadigital.com.ar\/blog\/wp-content\/uploads\/1582208664084.jpg?fit=1200%2C797&ssl=1&resize=700%2C400 2x, https:\/\/i0.wp.com\/larevistadigital.com.ar\/blog\/wp-content\/uploads\/1582208664084.jpg?fit=1200%2C797&ssl=1&resize=1050%2C600 3x"},"classes":[]}],"_links":{"self":[{"href":"https:\/\/larevistadigital.com.ar\/blog\/wp-json\/wp\/v2\/posts\/30632","targetHints":{"allow":["GET"]}}],"collection":[{"href":"https:\/\/larevistadigital.com.ar\/blog\/wp-json\/wp\/v2\/posts"}],"about":[{"href":"https:\/\/larevistadigital.com.ar\/blog\/wp-json\/wp\/v2\/types\/post"}],"author":[{"embeddable":true,"href":"https:\/\/larevistadigital.com.ar\/blog\/wp-json\/wp\/v2\/users\/3"}],"replies":[{"embeddable":true,"href":"https:\/\/larevistadigital.com.ar\/blog\/wp-json\/wp\/v2\/comments?post=30632"}],"version-history":[{"count":6,"href":"https:\/\/larevistadigital.com.ar\/blog\/wp-json\/wp\/v2\/posts\/30632\/revisions"}],"predecessor-version":[{"id":30641,"href":"https:\/\/larevistadigital.com.ar\/blog\/wp-json\/wp\/v2\/posts\/30632\/revisions\/30641"}],"wp:featuredmedia":[{"embeddable":true,"href":"https:\/\/larevistadigital.com.ar\/blog\/wp-json\/wp\/v2\/media\/8873"}],"wp:attachment":[{"href":"https:\/\/larevistadigital.com.ar\/blog\/wp-json\/wp\/v2\/media?parent=30632"}],"wp:term":[{"taxonomy":"category","embeddable":true,"href":"https:\/\/larevistadigital.com.ar\/blog\/wp-json\/wp\/v2\/categories?post=30632"},{"taxonomy":"post_tag","embeddable":true,"href":"https:\/\/larevistadigital.com.ar\/blog\/wp-json\/wp\/v2\/tags?post=30632"}],"curies":[{"name":"wp","href":"https:\/\/api.w.org\/{rel}","templated":true}]}}