{"id":30642,"date":"2023-03-21T11:49:33","date_gmt":"2023-03-21T11:49:33","guid":{"rendered":"https:\/\/larevistadigital.com.ar\/blog\/?p=30642"},"modified":"2023-03-21T11:49:33","modified_gmt":"2023-03-21T11:49:33","slug":"esto-paso-un-dia-como-hoy-21-de-marzo","status":"publish","type":"post","link":"https:\/\/larevistadigital.com.ar\/blog\/esto-paso-un-dia-como-hoy-21-de-marzo\/","title":{"rendered":"ESTO PAS\u00d3 UN D\u00cdA COMO HOY, 21 DE MARZO&#8230;"},"content":{"rendered":"<p class=\"paragraph\" data-mrf-recirculation=\"Links inline\">Desde\u00a0<b>sucesos legendarios, infames tragedias e importantes adelantos cient\u00edficos<\/b>, hasta nacimientos y muertes de personajes relevantes como l\u00edderes sociales, cient\u00edficos y artistas, es lo que nos traen las efem\u00e9rides de este mi\u00e9rcoles.<\/p>\n<div class=\"inline ad-wrapper\">\n<div class=\"dfpAd ad-inline\">\n<div id=\"infobae\/noticias\/nota\/inline\" class=\"infobae\/noticias\/nota\/inline arcad\" data-google-query-id=\"CK3kgaX57P0CFdpOuAQdkJEFzg\">\n<div id=\"google_ads_iframe_\/1058609\/infobae\/noticias\/nota\/inline_0__container__\">21 De Marzo de 2023<\/div>\n<\/div>\n<\/div>\n<\/div>\n<p class=\"paragraph\" data-mrf-recirculation=\"Links inline\"><b>2019<\/b>: J\u00f3venes activistas, entre ellos la sueca Greta Thunberg, piden en la Asamblea de la ONU acciones contra cambio clim\u00e1tico.<\/p>\n<p class=\"paragraph\" data-mrf-recirculation=\"Links inline\"><b>2013<\/b>: Mueren 72 personas, incluidos los 5 terroristas, en un centro comercial en Nairobi (Kenia) asaltado por la milicia radical somal\u00ed Al Shabab.<\/p>\n<p class=\"paragraph\" data-mrf-recirculation=\"Links inline\"><b>2009<\/b>: El depuesto presidente hondure\u00f1o Manuel Zelaya regresa a Honduras y se instala en la Embajada de Brasil.<\/p>\n<p class=\"paragraph\" data-mrf-recirculation=\"Links inline\"><b>2007<\/b>: La Corte Suprema de Chile aprueba la extradici\u00f3n a Per\u00fa del expresidente Alberto Fujimori.<\/p>\n<p class=\"paragraph\" data-mrf-recirculation=\"Links inline\"><b>2006<\/b>: El exasesor presidencial peruano Vladimiro Montesinos es condenado a 20 a\u00f1os de c\u00e1rcel por vender armas a las FARC colombianas.<\/p>\n<p class=\"paragraph\" data-mrf-recirculation=\"Links inline\"><b>2005<\/b>: Nueve muertos, entre ellos el ministro de Seguridad P\u00fablica Ram\u00f3n Mart\u00edn, en un accidente de helic\u00f3ptero en el estado de M\u00e9xico.<\/p>\n<p class=\"paragraph\" data-mrf-recirculation=\"Links inline\"><b>2004<\/b>: El presidente espa\u00f1ol, Jos\u00e9 Luis Rodr\u00edguez Zapatero, propone ante la Asamblea de la ONU la creaci\u00f3n de una Alianza de Civilizaciones entre el mundo occidental, el \u00e1rabe y el musulm\u00e1n, lanzada por la organizaci\u00f3n en julio siguiente.<\/p>\n<p class=\"paragraph\" data-mrf-recirculation=\"Links inline\"><b>2003<\/b>: El telescopio espacial \u201cGalileo\u201d, despu\u00e9s de casi 15 a\u00f1os en \u00f3rbita, se desintegra en la atm\u00f3sfera de J\u00fapiter al finalizar su misi\u00f3n.<\/p>\n<p class=\"paragraph\" data-mrf-recirculation=\"Links inline\"><b>1998<\/b>: Bill Clinton testifica ante el Gran Jurado estadounidense por sus relaciones con Monica Lewinski.<\/p>\n<div class=\"visual__image\"><img data-recalc-dims=\"1\" loading=\"lazy\" decoding=\"async\" class=\"\" src=\"https:\/\/i0.wp.com\/cloudfront-us-east-1.images.arcpublishing.com\/infobae\/TNVWM4MVXRAXZHUUPUKAVYMJ3A.jpg?resize=1920%2C1080&#038;ssl=1\" alt=\"Monica Lewinsky y Bill Clinton (Archivo)\" width=\"1920\" height=\"1080\" \/><strong>Monica Lewinsky y Bill Clinton (Archivo)<\/strong><\/div>\n<p class=\"paragraph\" data-mrf-recirculation=\"Links inline\"><b>1997<\/b>: Elecciones generales en Polonia con victoria de Acci\u00f3n Electoral de Solidaridad.<\/p>\n<p class=\"paragraph\" data-mrf-recirculation=\"Links inline\"><b>1994<\/b>: Cuarenta de los 120 pa\u00edses del OIEA firman en Viena la primera convenci\u00f3n internacional sobre seguridad nuclear.<\/p>\n<p class=\"paragraph\" data-mrf-recirculation=\"Links inline\"><b>1993<\/b>: El presidente ruso, Bor\u00eds Yeltsin, disuelve el Parlamento y convoca elecciones, medidas que el Tribunal Constitucional declara ilegales. Los parlamentarios lo destituyen y nombran en su su lugar al vicepresidente Alexandr Rutskoi.<\/p>\n<p class=\"paragraph\" data-mrf-recirculation=\"Links inline\"><b>1992<\/b>: El Vaticano y M\u00e9xico establecen relaciones diplom\u00e1ticas, interrumpidas hac\u00eda un siglo.<\/p>\n<p class=\"paragraph\" data-mrf-recirculation=\"Links inline\"><b>1991<\/b>: Armenia consigue la independencia de la URSS al respaldar esta opci\u00f3n el 99,6 % de los votantes.<\/p>\n<p class=\"paragraph\" data-mrf-recirculation=\"Links inline\"><b>1990<\/b>: El presidente de L\u00edbano, El\u00edas Haraui, proclama la Nueva Rep\u00fablica Libanesa.<\/p>\n<p class=\"paragraph\" data-mrf-recirculation=\"Links inline\"><b>1982<\/b>: Am\u00edn Gemayel es elegido presidente de L\u00edbano despu\u00e9s de la muerte en atentado de su hermano Bechir Gemayel.<\/p>\n<p class=\"paragraph\" data-mrf-recirculation=\"Links inline\"><b>1979<\/b>: Jos\u00e9 Eduardo dos Santos toma posesi\u00f3n como presidente de Angola tras la muerte de Antonio Agostinho Neto por enfermedad en Mosc\u00fa.<\/p>\n<p class=\"paragraph\" data-mrf-recirculation=\"Links inline\"><b>1976<\/b>: El exembajador chileno Orlando Letelier, miembro activo de la oposici\u00f3n a Pinochet, y su secretaria, Ronnie Moffit, mueren en Washington al estallar una bomba en su autom\u00f3vil.<\/p>\n<p class=\"paragraph\" data-mrf-recirculation=\"Links inline\"><b>1964<\/b>: Malta se independiza del Reino Unido.<\/p>\n<p class=\"paragraph\" data-mrf-recirculation=\"Links inline\"><b>1956<\/b>: Resulta mortalmente herido, en un atentado con balas envenenadas, el presidente de la Rep\u00fablica de Nicaragua Anastasio Somoza Garc\u00eda, en Le\u00f3n (Nicaragua). Fallece ocho d\u00edas despu\u00e9s en Panam\u00e1.<\/p>\n<p class=\"paragraph\" data-mrf-recirculation=\"Links inline\"><b>1954<\/b>: La Marina de los Estados Unidos recibe el \u201cUSS Nautilus\u201d, el primer submarino de propulsi\u00f3n nuclear.<\/p>\n<p class=\"paragraph\" data-mrf-recirculation=\"Links inline\"><b>1930<\/b>: El alem\u00e1n Johan Ostermeyer patenta el flash de l\u00e1mparas fotogr\u00e1fico de un solo uso.<\/p>\n<p class=\"paragraph\" data-mrf-recirculation=\"Links inline\"><b>1921<\/b>: Mueren 561 personas y casi dos mil resultan heridas al explotar la f\u00e1brica Badische Anilinwerke (BASF), en Oppau (Alemania), a orillas del Rhin, donde se almacenaban alrededor de 4.500 toneladas de sulfato y nitrato de amonio.<\/p>\n<p class=\"paragraph\" data-mrf-recirculation=\"Links inline\"><b>1863<\/b>: Espa\u00f1a reconoce la independencia de Argentina en el Tratado Tratado de reconocimiento, paz y amistad.<\/p>\n<p class=\"paragraph\" data-mrf-recirculation=\"Links inline\"><b>1843<\/b>: La goleta \u201cAncud\u201d iza la bandera chilena en el puerto del Hambre y toma posesi\u00f3n del estrecho de Magallanes en nombre de este pa\u00eds.<\/p>\n<p class=\"paragraph\" data-mrf-recirculation=\"Links inline\"><b>1808<\/b>: Se crea la Junta Gubernativa de Montevideo, primera se\u00f1al de sublevaci\u00f3n de las colonias americanas contra Espa\u00f1a. \u00c9sta proclama su fidelidad al rey Fernando VII y la preside Francisco de El\u00edo.<\/p>\n<p class=\"paragraph\" data-mrf-recirculation=\"Links inline\"><b>1799<\/b>: El ingeniero y qu\u00edmico franc\u00e9s Fhilippe Lebon patenta su invento de aplicaci\u00f3n del gas para el alumbrado, la termol\u00e1mpara.<\/p>\n<p class=\"paragraph\" data-mrf-recirculation=\"Links inline\"><b>1792<\/b>: La Convenci\u00f3n francesa, en su primera sesi\u00f3n, abole de la monarqu\u00eda.<\/p>\n<p class=\"paragraph\" data-mrf-recirculation=\"Links inline\"><b>1551<\/b>: Carlos I de Espa\u00f1a ordena la fundaci\u00f3n de la Real Universidad de M\u00e9xico, hoy en d\u00eda Universidad Nacional Aut\u00f3noma de M\u00e9xico (UNAM).<\/p>\n<h2 class=\"header d23-headline-class-h2\"><span style=\"color: #ff0000\">Nacimientos<\/span><\/h2>\n<p class=\"paragraph\" data-mrf-recirculation=\"Links inline\"><b>1989<\/b>: Jason Derulo, actor y cantante estadounidense.<\/p>\n<p class=\"paragraph\" data-mrf-recirculation=\"Links inline\"><b>1972<\/b>: Liam Gallagher, l\u00edder del grupo brit\u00e1nico \u201cOasis\u201d.<\/p>\n<p class=\"paragraph\" data-mrf-recirculation=\"Links inline\"><b>1957<\/b>: Ethan Coen, director de cine estadounidense.<\/p>\n<p class=\"paragraph\" data-mrf-recirculation=\"Links inline\"><b>1954<\/b>: Shinzo Abe, pol\u00edtico japon\u00e9s.<\/p>\n<p class=\"paragraph\" data-mrf-recirculation=\"Links inline\"><b>1950<\/b>: William James Murray, \u201cBill Murray\u201d, actor estadounidense.<\/p>\n<p class=\"paragraph\" data-mrf-recirculation=\"Links inline\"><b>1947<\/b>: Stephen King, escritor estadounidense.<\/p>\n<p class=\"paragraph\" data-mrf-recirculation=\"Links inline\"><b>1942<\/b>: Luis Mateo D\u00edez, escritor espa\u00f1ol.<\/p>\n<p class=\"paragraph\" data-mrf-recirculation=\"Links inline\"><b>1934<\/b>: Leonard Cohen, m\u00fasico y escritor canadiense.<\/p>\n<p class=\"paragraph\" data-mrf-recirculation=\"Links inline\"><b>1929<\/b>: H\u00e9ctor Alterio, actor espa\u00f1ol de origen argentino.<\/p>\n<p class=\"paragraph\" data-mrf-recirculation=\"Links inline\"><b>1902<\/b>: Luis Cernuda, poeta y ensayista espa\u00f1ol.<\/p>\n<p class=\"paragraph\" data-mrf-recirculation=\"Links inline\"><b>1895<\/b>: Juan de la Cierva, ingeniero espa\u00f1ol, inventor del autogiro.<\/p>\n<p class=\"paragraph\" data-mrf-recirculation=\"Links inline\"><b>1870<\/b>: Juli\u00e1n Besteiro, pol\u00edtico socialista espa\u00f1ol.<\/p>\n<h2 class=\"header d23-headline-class-h2\"><span style=\"color: #ff0000\">Fallecimientos<\/span><\/h2>\n<p class=\"paragraph\" data-mrf-recirculation=\"Links inline\"><b>2021<\/b>: Melvin Van Peebles, cineasta estadounidense, icono del cine afroamericano.<\/p>\n<p class=\"paragraph\" data-mrf-recirculation=\"Links inline\"><b>2020<\/b>: Arthur Ashkin, f\u00edsico estadounidense y Premio Nobel por sus investigaciones del l\u00e1ser.<\/p>\n<p class=\"paragraph\" data-mrf-recirculation=\"Links inline\"><b>2018<\/b>: Tran Dai Quang, presidente de Vietnam.<\/p>\n<p class=\"paragraph\" data-mrf-recirculation=\"Links inline\"><b>2017<\/b>: Liliane Bettencourt, empresaria francesa due\u00f1a de L\u2019Or\u00e9al.<\/p>\n<p class=\"paragraph\" data-mrf-recirculation=\"Links inline\"><b>2015<\/b>: Carmen Balcells, editora espa\u00f1ola.<\/p>\n<p class=\"paragraph\" data-mrf-recirculation=\"Links inline\"><b>2014<\/b>: Graciliano Barreiros, empresario de automoci\u00f3n espa\u00f1ol.<\/p>\n<p class=\"paragraph\" data-mrf-recirculation=\"Links inline\"><b>1998<\/b>: Florence Griffith, atleta estadounidense.<\/p>\n<p class=\"paragraph\" data-mrf-recirculation=\"Links inline\"><b>1976<\/b>: Orlando Letelier, pol\u00edtico chileno.<\/p>\n<p class=\"paragraph\" data-mrf-recirculation=\"Links inline\"><b>1832<\/b>: Walter Scott, escritor brit\u00e1nico.<\/p>\n<p class=\"paragraph\" data-mrf-recirculation=\"Links inline\"><b>1558<\/b>: Carlos I, rey de Espa\u00f1a y emperador de Alemania.<\/p>\n","protected":false},"excerpt":{"rendered":"<div class=\"mh-excerpt\"><p>Desde\u00a0sucesos legendarios, infames tragedias e importantes adelantos cient\u00edficos, hasta nacimientos y muertes de personajes relevantes como l\u00edderes sociales, cient\u00edficos y artistas, es lo que nos traen las efem\u00e9rides de este mi\u00e9rcoles. 21 De Marzo de <a class=\"mh-excerpt-more\" href=\"https:\/\/larevistadigital.com.ar\/blog\/esto-paso-un-dia-como-hoy-21-de-marzo\/\" title=\"ESTO PAS\u00d3 UN D\u00cdA COMO HOY, 21 DE MARZO&#8230;\">[Leer M\u00e1s]<\/a><\/p>\n<\/div>","protected":false},"author":3,"featured_media":16747,"comment_status":"open","ping_status":"open","sticky":false,"template":"","format":"standard","meta":{"_jetpack_memberships_contains_paid_content":false,"footnotes":"","jetpack_publicize_message":"","jetpack_publicize_feature_enabled":true,"jetpack_social_post_already_shared":true,"jetpack_social_options":{"image_generator_settings":{"template":"highway","default_image_id":0,"font":"","enabled":false},"version":2}},"categories":[15],"tags":[],"class_list":{"0":"post-30642","1":"post","2":"type-post","3":"status-publish","4":"format-standard","5":"has-post-thumbnail","7":"category-cultura"},"jetpack_publicize_connections":[],"jetpack_featured_media_url":"https:\/\/i0.wp.com\/larevistadigital.com.ar\/blog\/wp-content\/uploads\/LOGO-EFEMERIDES.jpg?fit=1268%2C664&ssl=1","jetpack_sharing_enabled":true,"jetpack_shortlink":"https:\/\/wp.me\/p8qtrQ-7Ye","jetpack-related-posts":[{"id":38933,"url":"https:\/\/larevistadigital.com.ar\/blog\/advertencia-de-cientificos-sobre-la-seguridad-en-la-investigacion-de-virus\/","url_meta":{"origin":30642,"position":0},"title":"Advertencia de Cient\u00edficos sobre la Seguridad en la Investigaci\u00f3n de Virus","author":"Alejandro Sosa Ruda","date":"5 marzo, 2025","format":false,"excerpt":"Dos epidemi\u00f3logos estadounidenses alertan sobre los experimentos realizados con el pat\u00f3geno HKU5-CoV-2, similar al que gener\u00f3 la pandemia de COVID. En una columna en The New York Times, advierten que deben realizarse en centros con la m\u00e1xima certificaci\u00f3n internacional 05 de Marzo de 2025 Los cient\u00edficos W. Ian Lipkin y\u2026","rel":"","context":"En \u00abINTERES GENERAL\u00bb","block_context":{"text":"INTERES GENERAL","link":"https:\/\/larevistadigital.com.ar\/blog\/category\/interes-general\/"},"img":{"alt_text":"","src":"https:\/\/i0.wp.com\/larevistadigital.com.ar\/blog\/wp-content\/uploads\/Captura-de-pantalla-2025-03-05-151514.jpg?fit=640%2C383&ssl=1&resize=350%2C200","width":350,"height":200,"srcset":"https:\/\/i0.wp.com\/larevistadigital.com.ar\/blog\/wp-content\/uploads\/Captura-de-pantalla-2025-03-05-151514.jpg?fit=640%2C383&ssl=1&resize=350%2C200 1x, https:\/\/i0.wp.com\/larevistadigital.com.ar\/blog\/wp-content\/uploads\/Captura-de-pantalla-2025-03-05-151514.jpg?fit=640%2C383&ssl=1&resize=525%2C300 1.5x"},"classes":[]},{"id":40837,"url":"https:\/\/larevistadigital.com.ar\/blog\/pura-emocion-los-cientificos-del-conicet-pusieron-un-cartel-en-el-fondo-del-mar-en-el-ultimo-dia-de-expedicion\/","url_meta":{"origin":30642,"position":1},"title":"Pura emoci\u00f3n: Los cient\u00edficos del CONICET pusieron un cartel en el fondo del mar, en el \u00faltimo d\u00eda de expedici\u00f3n","author":"Alejandro Sosa Ruda","date":"10 agosto, 2025","format":false,"excerpt":"Los cient\u00edficos desplegaron un cartel de agradecimiento en la \u00faltima inmersi\u00f3n del robot submarino, en medio de un contexto de reclamos laborales y hallazgos in\u00e9ditos. 10 de Agosto de 2025 Mar del Plata, BUENOS AIRES\u00a0 -\u00a0 \u00a0La transmisi\u00f3n en vivo de la misi\u00f3n \u201cTalud Continental IV\u201d del CONICET, que durante\u2026","rel":"","context":"En \u00abDESTACADAS\u00bb","block_context":{"text":"DESTACADAS","link":"https:\/\/larevistadigital.com.ar\/blog\/category\/destacadas\/"},"img":{"alt_text":"","src":"https:\/\/i0.wp.com\/larevistadigital.com.ar\/blog\/wp-content\/uploads\/Captura-de-pantalla-2025-08-10-182716.jpg?fit=796%2C487&ssl=1&resize=350%2C200","width":350,"height":200,"srcset":"https:\/\/i0.wp.com\/larevistadigital.com.ar\/blog\/wp-content\/uploads\/Captura-de-pantalla-2025-08-10-182716.jpg?fit=796%2C487&ssl=1&resize=350%2C200 1x, https:\/\/i0.wp.com\/larevistadigital.com.ar\/blog\/wp-content\/uploads\/Captura-de-pantalla-2025-08-10-182716.jpg?fit=796%2C487&ssl=1&resize=525%2C300 1.5x, https:\/\/i0.wp.com\/larevistadigital.com.ar\/blog\/wp-content\/uploads\/Captura-de-pantalla-2025-08-10-182716.jpg?fit=796%2C487&ssl=1&resize=700%2C400 2x"},"classes":[]},{"id":28805,"url":"https:\/\/larevistadigital.com.ar\/blog\/atencion-se-buscan-cientificos\/","url_meta":{"origin":30642,"position":2},"title":"\u00a1ATENCI\u00d3N! SE BUSCAN CIENT\u00cdFICOS","author":"Alejandro Sosa Ruda","date":"7 noviembre, 2022","format":false,"excerpt":"El CONICET, adem\u00e1s de convocar durante toda su actual gesti\u00f3n a 800 cargos cada a\u00f1o para incorporarse a la Carrera del Investigador Cient\u00edfico y Tecnol\u00f3gico, est\u00e1 realizando las convocatorias para sumar anualmente 300 ingresos a la Carrera del Personal de Apoyo a la Investigaci\u00f3n. 7 de noviembre de 2022 El\u2026","rel":"","context":"En \u00abINTERES GENERAL\u00bb","block_context":{"text":"INTERES GENERAL","link":"https:\/\/larevistadigital.com.ar\/blog\/category\/interes-general\/"},"img":{"alt_text":"","src":"https:\/\/i0.wp.com\/larevistadigital.com.ar\/blog\/wp-content\/uploads\/20221107083621_becas-conicet.jpg?fit=880%2C512&ssl=1&resize=350%2C200","width":350,"height":200,"srcset":"https:\/\/i0.wp.com\/larevistadigital.com.ar\/blog\/wp-content\/uploads\/20221107083621_becas-conicet.jpg?fit=880%2C512&ssl=1&resize=350%2C200 1x, https:\/\/i0.wp.com\/larevistadigital.com.ar\/blog\/wp-content\/uploads\/20221107083621_becas-conicet.jpg?fit=880%2C512&ssl=1&resize=525%2C300 1.5x, https:\/\/i0.wp.com\/larevistadigital.com.ar\/blog\/wp-content\/uploads\/20221107083621_becas-conicet.jpg?fit=880%2C512&ssl=1&resize=700%2C400 2x"},"classes":[]},{"id":211,"url":"https:\/\/larevistadigital.com.ar\/blog\/personalidad-acuerdo-la-longitud-tus-dedos\/","url_meta":{"origin":30642,"position":3},"title":"\u00bfC\u00f3mo es tu personalidad, de acuerdo a la longitud de tus dedos?","author":"editor","date":"13 febrero, 2017","format":false,"excerpt":"De acuerdo a algunos estudios cient\u00edficos, la longitud del dedo anular respecto del \u00edndice, determina el tipo de personalidad del sujeto en cuesti\u00f3n. Seg\u00fan algunas publicaciones se han efectuado diversos estudios cient\u00edficos que aseguran que de acuerdo a la relaci\u00f3n de tama\u00f1o entre los dedos \u00edndice y anular, se pueden\u2026","rel":"","context":"En \u00abCURIOSAS\u00bb","block_context":{"text":"CURIOSAS","link":"https:\/\/larevistadigital.com.ar\/blog\/category\/curiosas\/"},"img":{"alt_text":"","src":"https:\/\/i0.wp.com\/larevistadigital.com.ar\/blog\/wp-content\/uploads\/2017\/02\/estudio-longitud_dedos-mano-ansiedad-depresion-testosterona_MDSIMA20161013_0350_9.jpg?fit=980%2C549&ssl=1&resize=350%2C200","width":350,"height":200,"srcset":"https:\/\/i0.wp.com\/larevistadigital.com.ar\/blog\/wp-content\/uploads\/2017\/02\/estudio-longitud_dedos-mano-ansiedad-depresion-testosterona_MDSIMA20161013_0350_9.jpg?fit=980%2C549&ssl=1&resize=350%2C200 1x, https:\/\/i0.wp.com\/larevistadigital.com.ar\/blog\/wp-content\/uploads\/2017\/02\/estudio-longitud_dedos-mano-ansiedad-depresion-testosterona_MDSIMA20161013_0350_9.jpg?fit=980%2C549&ssl=1&resize=525%2C300 1.5x, https:\/\/i0.wp.com\/larevistadigital.com.ar\/blog\/wp-content\/uploads\/2017\/02\/estudio-longitud_dedos-mano-ansiedad-depresion-testosterona_MDSIMA20161013_0350_9.jpg?fit=980%2C549&ssl=1&resize=700%2C400 2x"},"classes":[]},{"id":15991,"url":"https:\/\/larevistadigital.com.ar\/blog\/video-misterioso-objeto-metalico-bajo-la-antartida-argentina\/","url_meta":{"origin":30642,"position":4},"title":"[VIDEO] MISTERIOSO OBJETO MET\u00c1LICO BAJO LA ANT\u00c1RTIDA ARGENTINA","author":"Alejandro Sosa Ruda","date":"12 agosto, 2020","format":false,"excerpt":"La Ant\u00e1rtida siempre ha tenido una gran cantidad de misterios y secretos, desde albergar la supuesta entrada a la Tierra hueca, a formar parte de una \u201cbarrera\u201d que delimitar\u00eda la supuesta Tierra plana.. Hoy por hoy todos sus secretos est\u00e1n bajo el hielo, aunque empieza a dejar al descubierto algunas\u2026","rel":"","context":"En \u00abCURIOSAS\u00bb","block_context":{"text":"CURIOSAS","link":"https:\/\/larevistadigital.com.ar\/blog\/category\/curiosas\/"},"img":{"alt_text":"","src":"https:\/\/i0.wp.com\/larevistadigital.com.ar\/blog\/wp-content\/uploads\/Screenshot_1-129.jpg?fit=1000%2C497&ssl=1&resize=350%2C200","width":350,"height":200,"srcset":"https:\/\/i0.wp.com\/larevistadigital.com.ar\/blog\/wp-content\/uploads\/Screenshot_1-129.jpg?fit=1000%2C497&ssl=1&resize=350%2C200 1x, https:\/\/i0.wp.com\/larevistadigital.com.ar\/blog\/wp-content\/uploads\/Screenshot_1-129.jpg?fit=1000%2C497&ssl=1&resize=525%2C300 1.5x, https:\/\/i0.wp.com\/larevistadigital.com.ar\/blog\/wp-content\/uploads\/Screenshot_1-129.jpg?fit=1000%2C497&ssl=1&resize=700%2C400 2x"},"classes":[]},{"id":38709,"url":"https:\/\/larevistadigital.com.ar\/blog\/se-volvio-a-desplazar-el-polo-norte-magnetico-cientificos-han-actualizado-su-nueva-ubicacion\/","url_meta":{"origin":30642,"position":5},"title":"Se volvi\u00f3 a desplazar el Polo Norte Magn\u00e9tico, cient\u00edficos han actualizado su nueva ubicaci\u00f3n","author":"Alejandro Sosa Ruda","date":"16 febrero, 2025","format":false,"excerpt":"El\u00a0Polo Norte magn\u00e9tico\u00a0de la Tierra est\u00e1 cambiando de posici\u00f3n una vez m\u00e1s, lo que obliga a recalibrar los sistemas de navegaci\u00f3n en barcos y aviones. A ra\u00edz de su desplazamiento continuo desde Canad\u00e1 hacia Siberia, cient\u00edficos de la NOAA y el Servicio Geol\u00f3gico Brit\u00e1nico han actualizado el Modelo Magn\u00e9tico Mundial\u2026","rel":"","context":"En \u00abINTERES GENERAL\u00bb","block_context":{"text":"INTERES GENERAL","link":"https:\/\/larevistadigital.com.ar\/blog\/category\/interes-general\/"},"img":{"alt_text":"","src":"https:\/\/i0.wp.com\/larevistadigital.com.ar\/blog\/wp-content\/uploads\/Captura-de-pantalla-2025-02-16-103015.jpg?fit=628%2C391&ssl=1&resize=350%2C200","width":350,"height":200,"srcset":"https:\/\/i0.wp.com\/larevistadigital.com.ar\/blog\/wp-content\/uploads\/Captura-de-pantalla-2025-02-16-103015.jpg?fit=628%2C391&ssl=1&resize=350%2C200 1x, https:\/\/i0.wp.com\/larevistadigital.com.ar\/blog\/wp-content\/uploads\/Captura-de-pantalla-2025-02-16-103015.jpg?fit=628%2C391&ssl=1&resize=525%2C300 1.5x"},"classes":[]}],"_links":{"self":[{"href":"https:\/\/larevistadigital.com.ar\/blog\/wp-json\/wp\/v2\/posts\/30642","targetHints":{"allow":["GET"]}}],"collection":[{"href":"https:\/\/larevistadigital.com.ar\/blog\/wp-json\/wp\/v2\/posts"}],"about":[{"href":"https:\/\/larevistadigital.com.ar\/blog\/wp-json\/wp\/v2\/types\/post"}],"author":[{"embeddable":true,"href":"https:\/\/larevistadigital.com.ar\/blog\/wp-json\/wp\/v2\/users\/3"}],"replies":[{"embeddable":true,"href":"https:\/\/larevistadigital.com.ar\/blog\/wp-json\/wp\/v2\/comments?post=30642"}],"version-history":[{"count":1,"href":"https:\/\/larevistadigital.com.ar\/blog\/wp-json\/wp\/v2\/posts\/30642\/revisions"}],"predecessor-version":[{"id":30643,"href":"https:\/\/larevistadigital.com.ar\/blog\/wp-json\/wp\/v2\/posts\/30642\/revisions\/30643"}],"wp:featuredmedia":[{"embeddable":true,"href":"https:\/\/larevistadigital.com.ar\/blog\/wp-json\/wp\/v2\/media\/16747"}],"wp:attachment":[{"href":"https:\/\/larevistadigital.com.ar\/blog\/wp-json\/wp\/v2\/media?parent=30642"}],"wp:term":[{"taxonomy":"category","embeddable":true,"href":"https:\/\/larevistadigital.com.ar\/blog\/wp-json\/wp\/v2\/categories?post=30642"},{"taxonomy":"post_tag","embeddable":true,"href":"https:\/\/larevistadigital.com.ar\/blog\/wp-json\/wp\/v2\/tags?post=30642"}],"curies":[{"name":"wp","href":"https:\/\/api.w.org\/{rel}","templated":true}]}}