{"id":30645,"date":"2023-03-21T13:25:08","date_gmt":"2023-03-21T13:25:08","guid":{"rendered":"https:\/\/larevistadigital.com.ar\/blog\/?p=30645"},"modified":"2023-03-21T13:25:08","modified_gmt":"2023-03-21T13:25:08","slug":"gonzalo-fierro-se-reunio-con-autoridades-de-la-camara-de-comercio","status":"publish","type":"post","link":"https:\/\/larevistadigital.com.ar\/blog\/gonzalo-fierro-se-reunio-con-autoridades-de-la-camara-de-comercio\/","title":{"rendered":"GONZALO FIERRO SE REUNIO CON AUTORIDADES DE LA CAMARA DE COMERCIO"},"content":{"rendered":"<h2>El pre candidato mantiene reuniones de trabajo con vecinos e instituciones diariamente<\/h2>\n<p>21 de marzo de 2023<\/p>\n<p><strong>CHASCOM\u00daS &#8211;<\/strong>\u00a0 D\u00edas atr\u00e1s el pre candidato radical del frente juntos estuvo compartiendo una reuni\u00f3n con representantes de la C\u00e1mara de Comercio de Chascom\u00fas, quienes contaron sus iniciativas y proyectos, como\u00a0 la importante campa\u00f1a en el cuidado del medio ambiente de recolecci\u00f3n de pilas que vienen realizando de manera aut\u00f3noma en nuestra ciudad. A la fecha llevan certificadas la entrega de m\u00e1s de 600 kilogramos de pilas y bater\u00edas, cuyas partes son recicladas e incineradas en un horno pirol\u00edtico por una empresa especializada.<\/p>\n<p>Los programas que favorecen a nuestra comunidad, necesitan de la articulaci\u00f3n con el municipio. <strong>Fierro<\/strong> manifesto que <em><strong>\u00abEsperamos que en el futuro tengamos nuevos intercambios de ideas, pudiendo acompa\u00f1ar sus buenos proyectos cuando gestionamos un municipio sostenible y sustentable para todos\u00bb.<\/strong><\/em><\/p>\n","protected":false},"excerpt":{"rendered":"<div class=\"mh-excerpt\"><p>El pre candidato mantiene reuniones de trabajo con vecinos e instituciones diariamente 21 de marzo de 2023 CHASCOM\u00daS &#8211;\u00a0 D\u00edas atr\u00e1s el pre candidato radical del frente juntos estuvo compartiendo una reuni\u00f3n con representantes de <a class=\"mh-excerpt-more\" href=\"https:\/\/larevistadigital.com.ar\/blog\/gonzalo-fierro-se-reunio-con-autoridades-de-la-camara-de-comercio\/\" title=\"GONZALO FIERRO SE REUNIO CON AUTORIDADES DE LA CAMARA DE COMERCIO\">[Leer M\u00e1s]<\/a><\/p>\n<\/div>","protected":false},"author":3,"featured_media":30646,"comment_status":"open","ping_status":"open","sticky":false,"template":"","format":"standard","meta":{"_jetpack_memberships_contains_paid_content":false,"footnotes":"","jetpack_publicize_message":"","jetpack_publicize_feature_enabled":true,"jetpack_social_post_already_shared":true,"jetpack_social_options":{"image_generator_settings":{"template":"highway","default_image_id":0,"font":"","enabled":false},"version":2}},"categories":[6,23],"tags":[],"class_list":{"0":"post-30645","1":"post","2":"type-post","3":"status-publish","4":"format-standard","5":"has-post-thumbnail","7":"category-chascomus","8":"category-politica-local"},"jetpack_publicize_connections":[],"jetpack_featured_media_url":"https:\/\/i0.wp.com\/larevistadigital.com.ar\/blog\/wp-content\/uploads\/WhatsApp-Image-2023-03-21-at-08.17.58-e1679405048952.jpeg?fit=720%2C595&ssl=1","jetpack_sharing_enabled":true,"jetpack_shortlink":"https:\/\/wp.me\/p8qtrQ-7Yh","jetpack-related-posts":[{"id":29202,"url":"https:\/\/larevistadigital.com.ar\/blog\/chascomus-vehiculo-se-fue-a-la-zanja-a-la-altura-del-martin-fierro\/","url_meta":{"origin":30645,"position":0},"title":"CHASCOM\u00daS: VEH\u00cdCULO SE FUE A LA ZANJA A LA ALTURA DEL \u00abMART\u00cdN FIERRO\u00bb","author":"Alejandro Sosa Ruda","date":"1 diciembre, 2022","format":false,"excerpt":"Sucedi\u00f3 por la ma\u00f1ana temprano. Un amigo y lector nos envi\u00f3 la foto. 01 de diciembre de 2022 CHASCOM\u00daS -\u00a0 Un accidente afortunadamente sin v\u00edctimas fatales, ocurri\u00f3 por la ma\u00f1ana cuando por circunstancias que se desconocen un autom\u00f3vil cay\u00f3 a la zanja en el acceso a la ciudad a la\u2026","rel":"","context":"En \u00abDESTACADAS\u00bb","block_context":{"text":"DESTACADAS","link":"https:\/\/larevistadigital.com.ar\/blog\/category\/destacadas\/"},"img":{"alt_text":"","src":"https:\/\/i0.wp.com\/larevistadigital.com.ar\/blog\/wp-content\/uploads\/auto-accidente.jpg?fit=900%2C380&ssl=1&resize=350%2C200","width":350,"height":200,"srcset":"https:\/\/i0.wp.com\/larevistadigital.com.ar\/blog\/wp-content\/uploads\/auto-accidente.jpg?fit=900%2C380&ssl=1&resize=350%2C200 1x, https:\/\/i0.wp.com\/larevistadigital.com.ar\/blog\/wp-content\/uploads\/auto-accidente.jpg?fit=900%2C380&ssl=1&resize=525%2C300 1.5x, https:\/\/i0.wp.com\/larevistadigital.com.ar\/blog\/wp-content\/uploads\/auto-accidente.jpg?fit=900%2C380&ssl=1&resize=700%2C400 2x"},"classes":[]},{"id":30557,"url":"https:\/\/larevistadigital.com.ar\/blog\/chascomus-gonzalo-fierro-se-lanzo-como-precandidato-a-intendente-de-la-ucr\/","url_meta":{"origin":30645,"position":1},"title":"CHASCOM\u00daS: GONZALO FIERRO SE LANZ\u00d3 COMO PRECANDIDATO A INTENDENTE DE LA UCR","author":"Alejandro Sosa Ruda","date":"13 marzo, 2023","format":false,"excerpt":"Representar\u00e1 al espacio Unidad Radical y fue propuesto en una reuni\u00f3n realizada el viernes \u2013 Al aceptar la candidatura dijo que \u201cser\u00e1 un honor y una responsabilidad que voy a asumir con el compromiso y la labor que se merece\u201d, invitando a todos los vecinos a participar de la iniciativa\u2026","rel":"","context":"En \u00abCHASCOM\u00daS\u00bb","block_context":{"text":"CHASCOM\u00daS","link":"https:\/\/larevistadigital.com.ar\/blog\/category\/chascomus\/"},"img":{"alt_text":"","src":"https:\/\/i0.wp.com\/larevistadigital.com.ar\/blog\/wp-content\/uploads\/GONZALO-FIERRO.png?fit=800%2C545&ssl=1&resize=350%2C200","width":350,"height":200,"srcset":"https:\/\/i0.wp.com\/larevistadigital.com.ar\/blog\/wp-content\/uploads\/GONZALO-FIERRO.png?fit=800%2C545&ssl=1&resize=350%2C200 1x, https:\/\/i0.wp.com\/larevistadigital.com.ar\/blog\/wp-content\/uploads\/GONZALO-FIERRO.png?fit=800%2C545&ssl=1&resize=525%2C300 1.5x, https:\/\/i0.wp.com\/larevistadigital.com.ar\/blog\/wp-content\/uploads\/GONZALO-FIERRO.png?fit=800%2C545&ssl=1&resize=700%2C400 2x"},"classes":[]},{"id":7179,"url":"https:\/\/larevistadigital.com.ar\/blog\/chascomus-la-camara-de-comercio-pide-un-tratamiento-exhaustivo-de-la-ordenanza-que-regulara-los-boliches-bailables\/","url_meta":{"origin":30645,"position":2},"title":"CHASCOM\u00daS: LA C\u00c1MARA DE COMERCIO PIDE UN TRATAMIENTO EXHAUSTIVO DE LA  ORDENANZA QUE REGULAR\u00c1 LOS BOLICHES BAILABLES","author":"Alejandro Sosa Ruda","date":"13 diciembre, 2018","format":false,"excerpt":"Se conoci\u00f3 ayer, que dicho proyecto de ordenanza que fue enviado por el Ejecutivo Municipal el pasado mes de agosto, podr\u00eda haber sido tratado en el d\u00eda de hoy en la 1ra. sesi\u00f3n de pr\u00f3rroga. Al respecto desde la C\u00e1mara de Comercio hicieron llegar su inquietud sobre dicho proyecto, a\u2026","rel":"","context":"En \u00abDESTACADAS\u00bb","block_context":{"text":"DESTACADAS","link":"https:\/\/larevistadigital.com.ar\/blog\/category\/destacadas\/"},"img":{"alt_text":"","src":"https:\/\/i0.wp.com\/larevistadigital.com.ar\/blog\/wp-content\/uploads\/2018\/12\/CAMARA.jpg?fit=737%2C415&ssl=1&resize=350%2C200","width":350,"height":200,"srcset":"https:\/\/i0.wp.com\/larevistadigital.com.ar\/blog\/wp-content\/uploads\/2018\/12\/CAMARA.jpg?fit=737%2C415&ssl=1&resize=350%2C200 1x, https:\/\/i0.wp.com\/larevistadigital.com.ar\/blog\/wp-content\/uploads\/2018\/12\/CAMARA.jpg?fit=737%2C415&ssl=1&resize=525%2C300 1.5x, https:\/\/i0.wp.com\/larevistadigital.com.ar\/blog\/wp-content\/uploads\/2018\/12\/CAMARA.jpg?fit=737%2C415&ssl=1&resize=700%2C400 2x"},"classes":[]},{"id":10222,"url":"https:\/\/larevistadigital.com.ar\/blog\/chascomus-el-secretario-de-gobierno-mantuvo-una-reunion-con-las-nuevas-autoridades-de-la-camara-de-comercio\/","url_meta":{"origin":30645,"position":3},"title":"CHASCOM\u00daS: EL SECRETARIO DE GOBIERNO MANTUVO UNA REUNI\u00d3N CON LAS NUEVAS AUTORIDADES DE LA C\u00c1MARA DE COMERCIO","author":"Alejandro Sosa Ruda","date":"17 mayo, 2019","format":false,"excerpt":"Con el objetivo de dialogar sobre distintas tem\u00e1ticas y seguir afianzando el trabajo en conjunto, Cipriano P\u00e9rez del Cerro se reuni\u00f3 con el presidente de la instituci\u00f3n, Dar\u00edo Leguizam\u00f3n y Ernesto Claps, vicepresidente. Entre otros temas destacados, se convoc\u00f3 a la C\u00e1mara a participar del programa \u201cCentros Comerciales a Cielo\u2026","rel":"","context":"En \u00abCHASCOM\u00daS\u00bb","block_context":{"text":"CHASCOM\u00daS","link":"https:\/\/larevistadigital.com.ar\/blog\/category\/chascomus\/"},"img":{"alt_text":"","src":"https:\/\/i0.wp.com\/larevistadigital.com.ar\/blog\/wp-content\/uploads\/2019\/05\/60804701_2434607009893503_7907270770324144128_o.jpg?fit=1200%2C803&ssl=1&resize=350%2C200","width":350,"height":200,"srcset":"https:\/\/i0.wp.com\/larevistadigital.com.ar\/blog\/wp-content\/uploads\/2019\/05\/60804701_2434607009893503_7907270770324144128_o.jpg?fit=1200%2C803&ssl=1&resize=350%2C200 1x, https:\/\/i0.wp.com\/larevistadigital.com.ar\/blog\/wp-content\/uploads\/2019\/05\/60804701_2434607009893503_7907270770324144128_o.jpg?fit=1200%2C803&ssl=1&resize=525%2C300 1.5x, https:\/\/i0.wp.com\/larevistadigital.com.ar\/blog\/wp-content\/uploads\/2019\/05\/60804701_2434607009893503_7907270770324144128_o.jpg?fit=1200%2C803&ssl=1&resize=700%2C400 2x, https:\/\/i0.wp.com\/larevistadigital.com.ar\/blog\/wp-content\/uploads\/2019\/05\/60804701_2434607009893503_7907270770324144128_o.jpg?fit=1200%2C803&ssl=1&resize=1050%2C600 3x"},"classes":[]},{"id":816,"url":"https:\/\/larevistadigital.com.ar\/blog\/la-camara-comercio-industria-produccion-servicios-chascomus-publico-reconocimiento-dia-la-mujer\/","url_meta":{"origin":30645,"position":4},"title":"La C\u00e1mara de Comercio, Industria, Producci\u00f3n y Servicios de Chascom\u00fas hace p\u00fablico su reconocimiento en el D\u00eda de la Mujer","author":"Alejandro Sosa Ruda","date":"8 marzo, 2017","format":false,"excerpt":"Como lo viene haciendo los \u00faltimos a\u00f1os,\u00a0reconocer\u00e1 en el presente mes,\u00a0a mujeres que han contribuido al desarrollo comercial y emprendedor de nuestro distrito, como tambi\u00e9n aquellas que han logrado por su trabajo en equipo un lugar\u00a0 destacado en nuestra sociedad. Los reconocimientos ser\u00e1n los siguientes: Reconocimiento a la mujer y\u2026","rel":"","context":"En \u00abCHASCOM\u00daS\u00bb","block_context":{"text":"CHASCOM\u00daS","link":"https:\/\/larevistadigital.com.ar\/blog\/category\/chascomus\/"},"img":{"alt_text":"","src":"https:\/\/i0.wp.com\/larevistadigital.com.ar\/blog\/wp-content\/uploads\/2017\/03\/maxresdefault-1.jpg?fit=1200%2C675&ssl=1&resize=350%2C200","width":350,"height":200,"srcset":"https:\/\/i0.wp.com\/larevistadigital.com.ar\/blog\/wp-content\/uploads\/2017\/03\/maxresdefault-1.jpg?fit=1200%2C675&ssl=1&resize=350%2C200 1x, https:\/\/i0.wp.com\/larevistadigital.com.ar\/blog\/wp-content\/uploads\/2017\/03\/maxresdefault-1.jpg?fit=1200%2C675&ssl=1&resize=525%2C300 1.5x, https:\/\/i0.wp.com\/larevistadigital.com.ar\/blog\/wp-content\/uploads\/2017\/03\/maxresdefault-1.jpg?fit=1200%2C675&ssl=1&resize=700%2C400 2x, https:\/\/i0.wp.com\/larevistadigital.com.ar\/blog\/wp-content\/uploads\/2017\/03\/maxresdefault-1.jpg?fit=1200%2C675&ssl=1&resize=1050%2C600 3x"},"classes":[]},{"id":3263,"url":"https:\/\/larevistadigital.com.ar\/blog\/chascomus-ramiro-ferrante-se-reunio-con-el-ministro-de-justicia-de-la-provincia-de-buenos-aires-gustavo-ferrari\/","url_meta":{"origin":30645,"position":5},"title":"CHASCOMUS: RAMIRO FERRANTE SE REUNI\u00d3 CON EL MINISTRO DE JUSTICIA DE LA PROVINCIA DE BUENOS AIRES, GUSTAVO FERRARI","author":"Alejandro Sosa Ruda","date":"7 septiembre, 2017","format":false,"excerpt":"El primer candidato a concejal por Cambiemos en Chascom\u00fas, Ramiro Ferrante, mantuvo un encuentro con el ministro de Justicia de la provincia de Buenos Aires, Gustavo Ferrari. \u00a0 Durante la reuni\u00f3n, que se desarroll\u00f3 en el despacho que el ministro posee en la ciudad de La Plata, Ferrari y Ferrante\u2026","rel":"","context":"En \u00abCHASCOM\u00daS\u00bb","block_context":{"text":"CHASCOM\u00daS","link":"https:\/\/larevistadigital.com.ar\/blog\/category\/chascomus\/"},"img":{"alt_text":"","src":"https:\/\/i0.wp.com\/larevistadigital.com.ar\/blog\/wp-content\/uploads\/2017\/09\/Foto-1-Ferrante-Ferrari.jpg?fit=1200%2C801&ssl=1&resize=350%2C200","width":350,"height":200,"srcset":"https:\/\/i0.wp.com\/larevistadigital.com.ar\/blog\/wp-content\/uploads\/2017\/09\/Foto-1-Ferrante-Ferrari.jpg?fit=1200%2C801&ssl=1&resize=350%2C200 1x, https:\/\/i0.wp.com\/larevistadigital.com.ar\/blog\/wp-content\/uploads\/2017\/09\/Foto-1-Ferrante-Ferrari.jpg?fit=1200%2C801&ssl=1&resize=525%2C300 1.5x, https:\/\/i0.wp.com\/larevistadigital.com.ar\/blog\/wp-content\/uploads\/2017\/09\/Foto-1-Ferrante-Ferrari.jpg?fit=1200%2C801&ssl=1&resize=700%2C400 2x, https:\/\/i0.wp.com\/larevistadigital.com.ar\/blog\/wp-content\/uploads\/2017\/09\/Foto-1-Ferrante-Ferrari.jpg?fit=1200%2C801&ssl=1&resize=1050%2C600 3x"},"classes":[]}],"_links":{"self":[{"href":"https:\/\/larevistadigital.com.ar\/blog\/wp-json\/wp\/v2\/posts\/30645","targetHints":{"allow":["GET"]}}],"collection":[{"href":"https:\/\/larevistadigital.com.ar\/blog\/wp-json\/wp\/v2\/posts"}],"about":[{"href":"https:\/\/larevistadigital.com.ar\/blog\/wp-json\/wp\/v2\/types\/post"}],"author":[{"embeddable":true,"href":"https:\/\/larevistadigital.com.ar\/blog\/wp-json\/wp\/v2\/users\/3"}],"replies":[{"embeddable":true,"href":"https:\/\/larevistadigital.com.ar\/blog\/wp-json\/wp\/v2\/comments?post=30645"}],"version-history":[{"count":1,"href":"https:\/\/larevistadigital.com.ar\/blog\/wp-json\/wp\/v2\/posts\/30645\/revisions"}],"predecessor-version":[{"id":30647,"href":"https:\/\/larevistadigital.com.ar\/blog\/wp-json\/wp\/v2\/posts\/30645\/revisions\/30647"}],"wp:featuredmedia":[{"embeddable":true,"href":"https:\/\/larevistadigital.com.ar\/blog\/wp-json\/wp\/v2\/media\/30646"}],"wp:attachment":[{"href":"https:\/\/larevistadigital.com.ar\/blog\/wp-json\/wp\/v2\/media?parent=30645"}],"wp:term":[{"taxonomy":"category","embeddable":true,"href":"https:\/\/larevistadigital.com.ar\/blog\/wp-json\/wp\/v2\/categories?post=30645"},{"taxonomy":"post_tag","embeddable":true,"href":"https:\/\/larevistadigital.com.ar\/blog\/wp-json\/wp\/v2\/tags?post=30645"}],"curies":[{"name":"wp","href":"https:\/\/api.w.org\/{rel}","templated":true}]}}