{"id":30649,"date":"2023-03-21T22:41:35","date_gmt":"2023-03-21T22:41:35","guid":{"rendered":"https:\/\/larevistadigital.com.ar\/blog\/?p=30649"},"modified":"2023-03-21T22:41:35","modified_gmt":"2023-03-21T22:41:35","slug":"sutiaga-interna-villa-del-sur-lo-despidieron-sin-causa-con-un-bebe-recien-nacido-hoy-cuenta-todo-con-lujo-de-detalles","status":"publish","type":"post","link":"https:\/\/larevistadigital.com.ar\/blog\/sutiaga-interna-villa-del-sur-lo-despidieron-sin-causa-con-un-bebe-recien-nacido-hoy-cuenta-todo-con-lujo-de-detalles\/","title":{"rendered":"SUTIAGA &#8211; INTERNA &#8211;  VILLA DEL SUR: LO DESPIDIERON SIN CAUSA, CON UN BEB\u00c9 RECI\u00c9N NACIDO. HOY CUENTA TODO CON LUJO DE DETALLES"},"content":{"rendered":"<h2>Un testimonio conmovedor de otro trabajador que sufri\u00f3 las consecuencias de ser \u00abun posible delegado\u00bb.<\/h2>\n<p>21 de marzo de 2023<\/p>\n<p><strong>CHASCOM\u00daS &#8211;\u00a0\u00a0<\/strong>Luego de los dos despidos de la pasada semana en la empresa VIlla del Sur, es como que se ha destapado una situaci\u00f3n que adem\u00e1s de revestir gravedad, parece que viene de tiempo atr\u00e1s,. ya que cada d\u00eda comienzan a aparecer nuevos testimonios de gente que habr\u00eda sido v\u00edctima de los malos manejos de \u00edndole sindical.<\/p>\n<p>Lamentablemente, esto cuesta puestos de trabajo, con el consiguiente problema para las familias de los trabajadores, no solo de \u00edndole econ\u00f3mico, sino en lo social y en la salud, ya que muchos tardan en reponerse o en conseguir un nuevo trabajo que les devuelva la dignidad.<\/p>\n<blockquote>\n<h3>Ahora presentamos un audio, de un joven que le toc\u00f3 ser despedido, donde narra lo que vivi\u00f3 y la ins\u00f3lita raz\u00f3n por la que lo cesantearon. Se trata de Mariano Francese, quien sufri\u00f3 el despido con un hijo reci\u00e9n nacido e internado en La Plata por problemas de salud&#8230;<\/h3>\n<\/blockquote>\n<h3><span style=\"color: #ff0000\"><strong>AC\u00c1 PUBLICAMOS EL AUDIO. NO HACE FALTA AGREGAR NADA&#8230;<\/strong><\/span><\/h3>\n<!--[if lt IE 9]><script>document.createElement('audio');<\/script><![endif]-->\n<audio class=\"wp-audio-shortcode\" id=\"audio-30649-1\" preload=\"none\" style=\"width: 100%;\" controls=\"controls\"><source type=\"audio\/ogg\" src=\"https:\/\/larevistadigital.com.ar\/blog\/wp-content\/uploads\/WhatsApp-Audio-2023-03-18-at-21.37.31.ogg?_=1\" \/><a href=\"https:\/\/larevistadigital.com.ar\/blog\/wp-content\/uploads\/WhatsApp-Audio-2023-03-18-at-21.37.31.ogg\">https:\/\/larevistadigital.com.ar\/blog\/wp-content\/uploads\/WhatsApp-Audio-2023-03-18-at-21.37.31.ogg<\/a><\/audio>\n","protected":false},"excerpt":{"rendered":"<div class=\"mh-excerpt\"><p>Un testimonio conmovedor de otro trabajador que sufri\u00f3 las consecuencias de ser \u00abun posible delegado\u00bb. 21 de marzo de 2023 CHASCOM\u00daS &#8211;\u00a0\u00a0Luego de los dos despidos de la pasada semana en la empresa VIlla del <a class=\"mh-excerpt-more\" href=\"https:\/\/larevistadigital.com.ar\/blog\/sutiaga-interna-villa-del-sur-lo-despidieron-sin-causa-con-un-bebe-recien-nacido-hoy-cuenta-todo-con-lujo-de-detalles\/\" title=\"SUTIAGA &#8211; INTERNA &#8211;  VILLA DEL SUR: LO DESPIDIERON SIN CAUSA, CON UN BEB\u00c9 RECI\u00c9N NACIDO. HOY CUENTA TODO CON LUJO DE DETALLES\">[Leer M\u00e1s]<\/a><\/p>\n<\/div>","protected":false},"author":3,"featured_media":30650,"comment_status":"open","ping_status":"open","sticky":false,"template":"","format":"standard","meta":{"_jetpack_memberships_contains_paid_content":false,"footnotes":"","jetpack_publicize_message":"","jetpack_publicize_feature_enabled":true,"jetpack_social_post_already_shared":true,"jetpack_social_options":{"image_generator_settings":{"template":"highway","default_image_id":0,"font":"","enabled":false},"version":2}},"categories":[10,50],"tags":[],"class_list":{"0":"post-30649","1":"post","2":"type-post","3":"status-publish","4":"format-standard","5":"has-post-thumbnail","7":"category-gremiales","8":"category-interes-general"},"jetpack_publicize_connections":[],"jetpack_featured_media_url":"https:\/\/i0.wp.com\/larevistadigital.com.ar\/blog\/wp-content\/uploads\/ESTA-DESPEDIDO.jpg?fit=880%2C506&ssl=1","jetpack_sharing_enabled":true,"jetpack_shortlink":"https:\/\/wp.me\/p8qtrQ-7Yl","jetpack-related-posts":[{"id":30528,"url":"https:\/\/larevistadigital.com.ar\/blog\/indignacion-en-villa-del-sur-denuncian-despidos-indiscriminados-y-persecucion-a-trabajadores\/","url_meta":{"origin":30649,"position":0},"title":"INDIGNACI\u00d3N EN VILLA DEL SUR: DENUNCIAN DESPIDOS INDISCRIMINADOS Y PERSECUCI\u00d3N A TRABAJADORES.","author":"Alejandro Sosa Ruda","date":"12 marzo, 2023","format":false,"excerpt":"As\u00ed lo plantean los trabajadores, luego del despido de dos personas. Dicen que es el corolario de una persecuci\u00f3n de los superiores. 11 de Marzo de 2023 CHASCOM\u00daS -\u00a0 \u00a0Por lo visto la situaci\u00f3n en Villa del Sur, no es tan tranquila como parece. Algunos trabajadores est\u00e1n preocupados y muy\u2026","rel":"","context":"En \u00abDESTACADAS\u00bb","block_context":{"text":"DESTACADAS","link":"https:\/\/larevistadigital.com.ar\/blog\/category\/destacadas\/"},"img":{"alt_text":"","src":"https:\/\/i0.wp.com\/larevistadigital.com.ar\/blog\/wp-content\/uploads\/despidos-sin-causa.jpg?fit=800%2C897&ssl=1&resize=350%2C200","width":350,"height":200,"srcset":"https:\/\/i0.wp.com\/larevistadigital.com.ar\/blog\/wp-content\/uploads\/despidos-sin-causa.jpg?fit=800%2C897&ssl=1&resize=350%2C200 1x, https:\/\/i0.wp.com\/larevistadigital.com.ar\/blog\/wp-content\/uploads\/despidos-sin-causa.jpg?fit=800%2C897&ssl=1&resize=525%2C300 1.5x, https:\/\/i0.wp.com\/larevistadigital.com.ar\/blog\/wp-content\/uploads\/despidos-sin-causa.jpg?fit=800%2C897&ssl=1&resize=700%2C400 2x"},"classes":[]},{"id":9497,"url":"https:\/\/larevistadigital.com.ar\/blog\/chascomus-continuan-los-despidos-en-villa-del-sur\/","url_meta":{"origin":30649,"position":1},"title":"CHASCOM\u00daS: CONTIN\u00daAN LOS DESPIDOS EN VILLA DEL SUR","author":"Alejandro Sosa Ruda","date":"1 abril, 2019","format":false,"excerpt":"Hace unos d\u00edas nos comentaban que segu\u00edan despidiendo trabajadores en la empresa Aguas Danone (Villa del Sur) y todos ellos con antig\u00fcedad en la empresa mayor a los diez a\u00f1os. Lamentablemente, estos vecinos, ven truncada su carrera laboral cuando a muchos les faltaba poco tiempo para jubilarse, y ten\u00edan su\u2026","rel":"","context":"En \u00abDESTACADAS\u00bb","block_context":{"text":"DESTACADAS","link":"https:\/\/larevistadigital.com.ar\/blog\/category\/destacadas\/"},"img":{"alt_text":"","src":"https:\/\/i0.wp.com\/larevistadigital.com.ar\/blog\/wp-content\/uploads\/2019\/03\/villadelsur_02demarzode2108_elfuerte.jpg?fit=1200%2C801&ssl=1&resize=350%2C200","width":350,"height":200,"srcset":"https:\/\/i0.wp.com\/larevistadigital.com.ar\/blog\/wp-content\/uploads\/2019\/03\/villadelsur_02demarzode2108_elfuerte.jpg?fit=1200%2C801&ssl=1&resize=350%2C200 1x, https:\/\/i0.wp.com\/larevistadigital.com.ar\/blog\/wp-content\/uploads\/2019\/03\/villadelsur_02demarzode2108_elfuerte.jpg?fit=1200%2C801&ssl=1&resize=525%2C300 1.5x, https:\/\/i0.wp.com\/larevistadigital.com.ar\/blog\/wp-content\/uploads\/2019\/03\/villadelsur_02demarzode2108_elfuerte.jpg?fit=1200%2C801&ssl=1&resize=700%2C400 2x, https:\/\/i0.wp.com\/larevistadigital.com.ar\/blog\/wp-content\/uploads\/2019\/03\/villadelsur_02demarzode2108_elfuerte.jpg?fit=1200%2C801&ssl=1&resize=1050%2C600 3x"},"classes":[]},{"id":25172,"url":"https:\/\/larevistadigital.com.ar\/blog\/cambios-en-whatsapp-los-nuevos-poderes-que-tendran-los-administradores-de-grupos\/","url_meta":{"origin":30649,"position":2},"title":"CAMBIOS EN WHATSAPP: LOS NUEVOS PODERES QUE TENDR\u00c1N LOS ADMINISTRADORES DE GRUPOS","author":"Alejandro Sosa Ruda","date":"20 abril, 2022","format":false,"excerpt":"Ahora se podr\u00e1 moderar lo que se habla, con la posibilidad de eliminar comentarios que consideren ofensivos o fuera de lugar. Este mayor control ya se implement\u00f3 y lo est\u00e1n probando usuarios de Whatsapp Beta para Android e iOS. Una vez m\u00e1s, Whatsapp transformar\u00e1 por completo la manera de comunicarnos.\u2026","rel":"","context":"En \u00abINTERES GENERAL\u00bb","block_context":{"text":"INTERES GENERAL","link":"https:\/\/larevistadigital.com.ar\/blog\/category\/interes-general\/"},"img":{"alt_text":"","src":"https:\/\/i0.wp.com\/larevistadigital.com.ar\/blog\/wp-content\/uploads\/20220419200847_app.jpg?fit=880%2C512&ssl=1&resize=350%2C200","width":350,"height":200,"srcset":"https:\/\/i0.wp.com\/larevistadigital.com.ar\/blog\/wp-content\/uploads\/20220419200847_app.jpg?fit=880%2C512&ssl=1&resize=350%2C200 1x, https:\/\/i0.wp.com\/larevistadigital.com.ar\/blog\/wp-content\/uploads\/20220419200847_app.jpg?fit=880%2C512&ssl=1&resize=525%2C300 1.5x, https:\/\/i0.wp.com\/larevistadigital.com.ar\/blog\/wp-content\/uploads\/20220419200847_app.jpg?fit=880%2C512&ssl=1&resize=700%2C400 2x"},"classes":[]},{"id":42143,"url":"https:\/\/larevistadigital.com.ar\/blog\/chascomus-la-empresa-ccu-argentina-villa-del-sur-brindo-un-taller-laboral-a-estudiantes-secundarios\/","url_meta":{"origin":30649,"position":3},"title":"Chascom\u00fas: La empresa CCU Argentina &#8211; Villa del Sur brind\u00f3 un taller laboral a estudiantes secundarios","author":"Alejandro Sosa Ruda","date":"21 octubre, 2025","format":false,"excerpt":"A trav\u00e9s del programa Coordenadas, desde la Municipalidad se trabaja para acercar a los j\u00f3venes estudiantes con el mundo del trabajo. 21 de Octubre de 2025 CHASCOM\u00daS -\u00a0 \u00a0Durante la ma\u00f1ana de este martes, en el marco del programa \"Coordenadas\", empresa CCU Argentina - Villa del Sur brind\u00f3 un taller\u2026","rel":"","context":"En \u00abCHASCOM\u00daS\u00bb","block_context":{"text":"CHASCOM\u00daS","link":"https:\/\/larevistadigital.com.ar\/blog\/category\/chascomus\/"},"img":{"alt_text":"","src":"https:\/\/i0.wp.com\/larevistadigital.com.ar\/blog\/wp-content\/uploads\/68f7b8718a9f4.png?fit=668%2C445&ssl=1&resize=350%2C200","width":350,"height":200,"srcset":"https:\/\/i0.wp.com\/larevistadigital.com.ar\/blog\/wp-content\/uploads\/68f7b8718a9f4.png?fit=668%2C445&ssl=1&resize=350%2C200 1x, https:\/\/i0.wp.com\/larevistadigital.com.ar\/blog\/wp-content\/uploads\/68f7b8718a9f4.png?fit=668%2C445&ssl=1&resize=525%2C300 1.5x"},"classes":[]},{"id":44677,"url":"https:\/\/larevistadigital.com.ar\/blog\/devastador-incendio-en-villa-gesell-el-balneario-sudestada-quedo-totalmente-destruido\/","url_meta":{"origin":30649,"position":4},"title":"Devastador incendio en Villa Gesell: el balneario Sudestada qued\u00f3 totalmente destruido","author":"Alejandro Sosa Ruda","date":"24 marzo, 2026","format":false,"excerpt":"El fuego se desat\u00f3 a primera hora de este martes y arras\u00f3 por completo con el parador ubicado en la zona norte. Investigan las causas del siniestro. 24 de marzo de 2026 VILLA GESELL -\u00a0 \u00a0Un importante incendio se registr\u00f3 este martes por la ma\u00f1ana en Villa Gesell y termin\u00f3\u2026","rel":"","context":"En \u00abREGIONALES\u00bb","block_context":{"text":"REGIONALES","link":"https:\/\/larevistadigital.com.ar\/blog\/category\/regionales\/"},"img":{"alt_text":"","src":"https:\/\/i0.wp.com\/larevistadigital.com.ar\/blog\/wp-content\/uploads\/0b97e3946927748e569df1ec6ad688a3ed8eeb30.jpg?fit=1140%2C641&ssl=1&resize=350%2C200","width":350,"height":200,"srcset":"https:\/\/i0.wp.com\/larevistadigital.com.ar\/blog\/wp-content\/uploads\/0b97e3946927748e569df1ec6ad688a3ed8eeb30.jpg?fit=1140%2C641&ssl=1&resize=350%2C200 1x, https:\/\/i0.wp.com\/larevistadigital.com.ar\/blog\/wp-content\/uploads\/0b97e3946927748e569df1ec6ad688a3ed8eeb30.jpg?fit=1140%2C641&ssl=1&resize=525%2C300 1.5x, https:\/\/i0.wp.com\/larevistadigital.com.ar\/blog\/wp-content\/uploads\/0b97e3946927748e569df1ec6ad688a3ed8eeb30.jpg?fit=1140%2C641&ssl=1&resize=700%2C400 2x, https:\/\/i0.wp.com\/larevistadigital.com.ar\/blog\/wp-content\/uploads\/0b97e3946927748e569df1ec6ad688a3ed8eeb30.jpg?fit=1140%2C641&ssl=1&resize=1050%2C600 3x"},"classes":[]},{"id":8872,"url":"https:\/\/larevistadigital.com.ar\/blog\/chascomus-lamentablemente-serian-14-los-despidos-en-villa-del-sur\/","url_meta":{"origin":30649,"position":5},"title":"CHASCOM\u00daS: LAMENTABLEMENTE SER\u00cdAN 14  LOS DESPIDOS EN VILLA DEL SUR","author":"Alejandro Sosa Ruda","date":"3 marzo, 2019","format":false,"excerpt":"Lamentablemente se produjeron 14 despidos en Villa del Sur, y seg\u00fan trascendidos, ser\u00edan m\u00e1s los empleados que correr\u00edan la misma suerte dentro de poco. Seg\u00fan LRD pudo averiguar, vinieron de la firma Danone titular de la empresa desde Francia, y hablaron con la gente de los serios problemas econ\u00f3micos que\u2026","rel":"","context":"En \u00abCHASCOM\u00daS\u00bb","block_context":{"text":"CHASCOM\u00daS","link":"https:\/\/larevistadigital.com.ar\/blog\/category\/chascomus\/"},"img":{"alt_text":"","src":"https:\/\/i0.wp.com\/larevistadigital.com.ar\/blog\/wp-content\/uploads\/2019\/03\/villadelsur_02demarzode2108_elfuerte.jpg?fit=1200%2C801&ssl=1&resize=350%2C200","width":350,"height":200,"srcset":"https:\/\/i0.wp.com\/larevistadigital.com.ar\/blog\/wp-content\/uploads\/2019\/03\/villadelsur_02demarzode2108_elfuerte.jpg?fit=1200%2C801&ssl=1&resize=350%2C200 1x, https:\/\/i0.wp.com\/larevistadigital.com.ar\/blog\/wp-content\/uploads\/2019\/03\/villadelsur_02demarzode2108_elfuerte.jpg?fit=1200%2C801&ssl=1&resize=525%2C300 1.5x, https:\/\/i0.wp.com\/larevistadigital.com.ar\/blog\/wp-content\/uploads\/2019\/03\/villadelsur_02demarzode2108_elfuerte.jpg?fit=1200%2C801&ssl=1&resize=700%2C400 2x, https:\/\/i0.wp.com\/larevistadigital.com.ar\/blog\/wp-content\/uploads\/2019\/03\/villadelsur_02demarzode2108_elfuerte.jpg?fit=1200%2C801&ssl=1&resize=1050%2C600 3x"},"classes":[]}],"_links":{"self":[{"href":"https:\/\/larevistadigital.com.ar\/blog\/wp-json\/wp\/v2\/posts\/30649","targetHints":{"allow":["GET"]}}],"collection":[{"href":"https:\/\/larevistadigital.com.ar\/blog\/wp-json\/wp\/v2\/posts"}],"about":[{"href":"https:\/\/larevistadigital.com.ar\/blog\/wp-json\/wp\/v2\/types\/post"}],"author":[{"embeddable":true,"href":"https:\/\/larevistadigital.com.ar\/blog\/wp-json\/wp\/v2\/users\/3"}],"replies":[{"embeddable":true,"href":"https:\/\/larevistadigital.com.ar\/blog\/wp-json\/wp\/v2\/comments?post=30649"}],"version-history":[{"count":2,"href":"https:\/\/larevistadigital.com.ar\/blog\/wp-json\/wp\/v2\/posts\/30649\/revisions"}],"predecessor-version":[{"id":30653,"href":"https:\/\/larevistadigital.com.ar\/blog\/wp-json\/wp\/v2\/posts\/30649\/revisions\/30653"}],"wp:featuredmedia":[{"embeddable":true,"href":"https:\/\/larevistadigital.com.ar\/blog\/wp-json\/wp\/v2\/media\/30650"}],"wp:attachment":[{"href":"https:\/\/larevistadigital.com.ar\/blog\/wp-json\/wp\/v2\/media?parent=30649"}],"wp:term":[{"taxonomy":"category","embeddable":true,"href":"https:\/\/larevistadigital.com.ar\/blog\/wp-json\/wp\/v2\/categories?post=30649"},{"taxonomy":"post_tag","embeddable":true,"href":"https:\/\/larevistadigital.com.ar\/blog\/wp-json\/wp\/v2\/tags?post=30649"}],"curies":[{"name":"wp","href":"https:\/\/api.w.org\/{rel}","templated":true}]}}