{"id":30659,"date":"2023-03-22T03:02:35","date_gmt":"2023-03-22T03:02:35","guid":{"rendered":"https:\/\/larevistadigital.com.ar\/blog\/?p=30659"},"modified":"2023-03-22T03:02:35","modified_gmt":"2023-03-22T03:02:35","slug":"desde-abril-el-salario-minimo-vital-y-movil-sera-de-80-342","status":"publish","type":"post","link":"https:\/\/larevistadigital.com.ar\/blog\/desde-abril-el-salario-minimo-vital-y-movil-sera-de-80-342\/","title":{"rendered":"DESDE ABRIL, EL SALARIO M\u00cdNIMO VITAL Y M\u00d3VIL SER\u00c1 DE $80.342.-"},"content":{"rendered":"<h2 class=\"negrita\">El aumento, del 26,6%, se ir\u00e1 cobrando en tres tramos y alcanzar\u00e1 los\u00a0$87.987 en junio. En julio se volver\u00e1n a reunir para adecuar el valor a la inflaci\u00f3n.<\/h2>\n<p class=\"fecha\">21 de marzo de 2023<\/p>\n<div class=\"texto\">\n<p>Los integrantes de la Comisi\u00f3n del Salario M\u00ednimo, Vital y M\u00f3vil, acordaron este martes por la tarde\u00a0<strong>elevar un 26,6% el salario m\u00ednimo, por lo que el b\u00e1sico ascender\u00e1 a $87.987 en junio de 2023<\/strong>. Seg\u00fan se acord\u00f3,<strong>\u00a0<\/strong>los trabajadores percibir\u00e1n el 15,6% del aumento en abril -por lo que el ingreso ser\u00e1 de\u00a0<strong>$80.342<\/strong>-, otro 6% en mayo &#8211;<strong>$84.512<\/strong>&#8211; y el 5% restante en junio, alcanzando la cifra de\u00a0<strong>$87.987<\/strong>.\u00a0El 15 de julio se volver\u00e1 a discutir para adecuar el valor a la inflaci\u00f3n.<\/p>\n<blockquote>\n<h3>El Ministerio de Trabajo, a cargo de\u00a0<strong>Raquel Olmos<\/strong>, confirm\u00f3 que el acuerdo fue logrado por \u00abamplia mayor\u00eda\u00bb, ya que el plenario del organismo aprob\u00f3 la propuesta de la comisi\u00f3n con 30 votos positivos, una abstenci\u00f3n y un sufragio negativo a ese incremento.<\/h3>\n<\/blockquote>\n<p>La CTA que lidera el docente\u00a0<strong>Yasky\u00a0<\/strong>fue la que se abstuvo en la votaci\u00f3n, en tanto su par Aut\u00f3noma (CTAA) del estatal\u00a0<strong>Godoy\u00a0<\/strong>y del visitador m\u00e9dico\u00a0<strong>Ricardo Peidro\u00a0<\/strong>la rechaz\u00f3 de forma total y anunci\u00f3 que convocar\u00e1 a la conducci\u00f3n para llamar a una protesta a mediados de abril.<\/p>\n<p><strong><em>\u00abSe deber\u00eda establecer desde el mes de abril aumentos de fuerte impacto que no pueden estar por debajo del 50% para este primer trimestre, y volver a tener una convocatoria al consejo dentro de no m\u00e1s de tres meses\u00bb<\/em><\/strong>, plante\u00f3\u00a0la CTAA a trav\u00e9s de su secretario General, <strong>Hugo Godoy<\/strong>, qui\u00e9n sostuvo que<em><strong>\u00a0\u00abel Salario M\u00ednimo, Vital y M\u00f3vil deber\u00eda estar en los 180.000 pesos\u00bb.\u00a0<\/strong><\/em><\/p>\n<p><a class=\"link\" href=\"https:\/\/i0.wp.com\/pxb.cdn.0221.com.ar\/0221\/062020\/1591618386810.jpg?ssl=1\" target=\"_blank\" rel=\"noopener\"><img data-recalc-dims=\"1\" decoding=\"async\" src=\"https:\/\/i0.wp.com\/pxb.cdn.0221.com.ar\/0221\/062020\/1591618386810.jpg?ssl=1\" alt=\"\" \/><\/a><\/p>\n<blockquote>\n<h3>Durante su exposici\u00f3n, Godoy refiri\u00f3 que en febrero\u00a0hubo un 6,6% de inflaci\u00f3n general y un 9,4% de inflaci\u00f3n en los alimentos, y que en los \u00faltimos 12 meses la inflaci\u00f3n fue del 102% y en alimentos alcanz\u00f3 el 116%. Y destac\u00f3 que\u00a0todas las consultoras coinciden en que la inflaci\u00f3n del 2023 va a ser del orden del 100%.<\/h3>\n<\/blockquote>\n<p><em><strong>\u00abCualquier aumento que se establezca tiene que estar muy por encima del aumento del 116% que ya ha tenido la canasta de alimentos en nuestro pa\u00eds el \u00faltimo a\u00f1o. Creemos que hay que garantizar un incremento y un porcentaje de incremento que nos acerque lo m\u00e1s posible a esa canasta m\u00ednima\u00bb<\/strong><\/em>, afirm\u00f3.<\/p>\n<p>El encuentro virtual inaugur\u00f3 el per\u00edodo anual del Consejo entre abril de este a\u00f1o y marzo de 2024 sobre la base de valores vigentes a marzo \u00faltimo, no acumulativos.<\/p>\n<div class=\"contenedor__publicidad\">\n<div class=\"publicidad P15 \">\n<div id=\"taboola-below-article-thumbnails\" class=\" trc_related_container trc_spotlight_widget tbl-feed-container tbl-feed-frame-DIVIDER  render-late-effect\" data-feed-container-num=\"1\" data-feed-main-container-id=\"taboola-below-article-thumbnails\" data-parent-placement-name=\"Below Article Thumbnails\" data-pub-lang=\"es\">\n<div class=\" tbl-feed-header tbl-logo-right-position\">\n<div class=\"tbl-feed-header-logo\">fuente 0221<\/div>\n<\/div>\n<\/div>\n<\/div>\n<\/div>\n<\/div>\n","protected":false},"excerpt":{"rendered":"<div class=\"mh-excerpt\"><p>El aumento, del 26,6%, se ir\u00e1 cobrando en tres tramos y alcanzar\u00e1 los\u00a0$87.987 en junio. En julio se volver\u00e1n a reunir para adecuar el valor a la inflaci\u00f3n. 21 de marzo de 2023 Los integrantes <a class=\"mh-excerpt-more\" href=\"https:\/\/larevistadigital.com.ar\/blog\/desde-abril-el-salario-minimo-vital-y-movil-sera-de-80-342\/\" title=\"DESDE ABRIL, EL SALARIO M\u00cdNIMO VITAL Y M\u00d3VIL SER\u00c1 DE $80.342.-\">[Leer M\u00e1s]<\/a><\/p>\n<\/div>","protected":false},"author":3,"featured_media":30661,"comment_status":"open","ping_status":"open","sticky":false,"template":"","format":"standard","meta":{"_jetpack_memberships_contains_paid_content":false,"footnotes":"","jetpack_publicize_message":"","jetpack_publicize_feature_enabled":true,"jetpack_social_post_already_shared":true,"jetpack_social_options":{"image_generator_settings":{"template":"highway","default_image_id":0,"font":"","enabled":false},"version":2}},"categories":[50],"tags":[],"class_list":{"0":"post-30659","1":"post","2":"type-post","3":"status-publish","4":"format-standard","5":"has-post-thumbnail","7":"category-interes-general"},"jetpack_publicize_connections":[],"jetpack_featured_media_url":"https:\/\/i0.wp.com\/larevistadigital.com.ar\/blog\/wp-content\/uploads\/Salario-sueldo.jpg?fit=1000%2C638&ssl=1","jetpack_sharing_enabled":true,"jetpack_shortlink":"https:\/\/wp.me\/p8qtrQ-7Yv","jetpack-related-posts":[{"id":28985,"url":"https:\/\/larevistadigital.com.ar\/blog\/28985-2\/","url_meta":{"origin":30659,"position":0},"title":"ACORDARON UN 20% DE AUMENTO PARA EL SALARIO M\u00cdNIMO EN CUATRO TRAMOS","author":"Alejandro Sosa Ruda","date":"23 noviembre, 2022","format":false,"excerpt":"La CGT y la CTA se reunieron con las c\u00e1maras empresarias en el Consejo del Salario y arreglaron una suba en los haberes que ser\u00e1 revisada en febrero. 22 de noviembre de 2022 La CGT y la CTA se reunieron con las c\u00e1maras empresarias en el Consejo del Salario y\u2026","rel":"","context":"En \u00abECONOMIA\u00bb","block_context":{"text":"ECONOMIA","link":"https:\/\/larevistadigital.com.ar\/blog\/category\/economia\/"},"img":{"alt_text":"","src":"https:\/\/i0.wp.com\/larevistadigital.com.ar\/blog\/wp-content\/uploads\/1611169911090.jpg?fit=1200%2C594&ssl=1&resize=350%2C200","width":350,"height":200,"srcset":"https:\/\/i0.wp.com\/larevistadigital.com.ar\/blog\/wp-content\/uploads\/1611169911090.jpg?fit=1200%2C594&ssl=1&resize=350%2C200 1x, https:\/\/i0.wp.com\/larevistadigital.com.ar\/blog\/wp-content\/uploads\/1611169911090.jpg?fit=1200%2C594&ssl=1&resize=525%2C300 1.5x, https:\/\/i0.wp.com\/larevistadigital.com.ar\/blog\/wp-content\/uploads\/1611169911090.jpg?fit=1200%2C594&ssl=1&resize=700%2C400 2x, https:\/\/i0.wp.com\/larevistadigital.com.ar\/blog\/wp-content\/uploads\/1611169911090.jpg?fit=1200%2C594&ssl=1&resize=1050%2C600 3x"},"classes":[]},{"id":39151,"url":"https:\/\/larevistadigital.com.ar\/blog\/nuevo-aumento-para-jubilados-cuanto-cobraran-desde-abril-y-que-pasa-con-el-bono\/","url_meta":{"origin":30659,"position":1},"title":"Nuevo aumento para jubilados: cu\u00e1nto cobrar\u00e1n desde abril y qu\u00e9 pasa con el bono","author":"Alejandro Sosa Ruda","date":"26 marzo, 2025","format":false,"excerpt":"La suba ser\u00e1 del 2,4% y responde a la f\u00f3rmula de movilidad que se ajusta de acuerdo al \u00edndice de inflaci\u00f3n. El bono se mantiene en $ 70.000, como desde marzo de 2024. 26 de Marzo de 2025 El Gobierno nacional oficializ\u00f3 este mi\u00e9rcoles un incremento del 2,4% en los\u2026","rel":"","context":"En \u00abINTERES GENERAL\u00bb","block_context":{"text":"INTERES GENERAL","link":"https:\/\/larevistadigital.com.ar\/blog\/category\/interes-general\/"},"img":{"alt_text":"","src":"https:\/\/i0.wp.com\/larevistadigital.com.ar\/blog\/wp-content\/uploads\/6610702a40a02.jpg?fit=1200%2C675&ssl=1&resize=350%2C200","width":350,"height":200,"srcset":"https:\/\/i0.wp.com\/larevistadigital.com.ar\/blog\/wp-content\/uploads\/6610702a40a02.jpg?fit=1200%2C675&ssl=1&resize=350%2C200 1x, https:\/\/i0.wp.com\/larevistadigital.com.ar\/blog\/wp-content\/uploads\/6610702a40a02.jpg?fit=1200%2C675&ssl=1&resize=525%2C300 1.5x, https:\/\/i0.wp.com\/larevistadigital.com.ar\/blog\/wp-content\/uploads\/6610702a40a02.jpg?fit=1200%2C675&ssl=1&resize=700%2C400 2x, https:\/\/i0.wp.com\/larevistadigital.com.ar\/blog\/wp-content\/uploads\/6610702a40a02.jpg?fit=1200%2C675&ssl=1&resize=1050%2C600 3x"},"classes":[]},{"id":26878,"url":"https:\/\/larevistadigital.com.ar\/blog\/otra-batalla-perdida-por-gustavo-lopez\/","url_meta":{"origin":30659,"position":2},"title":"OTRA BATALLA PERDIDA (Por Gustavo L\u00f3pez)","author":"Alejandro Sosa Ruda","date":"29 julio, 2022","format":false,"excerpt":"El kirchnerismo en los tres niveles del Estado que gobierna -Naci\u00f3n, Provincia y Chascom\u00fas- ha sido muy creativo en eslogan institucionales que denotan un contraste absoluto con la realidad de los ciudadanos de a pie. El martes 15 de marzo el presidente\u00a0Alberto Fern\u00e1ndez despu\u00e9s de m\u00e1s de\u00a0830 d\u00edas de gobierno\u2026","rel":"","context":"En \u00abINTERES GENERAL\u00bb","block_context":{"text":"INTERES GENERAL","link":"https:\/\/larevistadigital.com.ar\/blog\/category\/interes-general\/"},"img":{"alt_text":"","src":"https:\/\/i0.wp.com\/larevistadigital.com.ar\/blog\/wp-content\/uploads\/municipalidad-de-chascomus.jpg?fit=1200%2C800&ssl=1&resize=350%2C200","width":350,"height":200,"srcset":"https:\/\/i0.wp.com\/larevistadigital.com.ar\/blog\/wp-content\/uploads\/municipalidad-de-chascomus.jpg?fit=1200%2C800&ssl=1&resize=350%2C200 1x, https:\/\/i0.wp.com\/larevistadigital.com.ar\/blog\/wp-content\/uploads\/municipalidad-de-chascomus.jpg?fit=1200%2C800&ssl=1&resize=525%2C300 1.5x, https:\/\/i0.wp.com\/larevistadigital.com.ar\/blog\/wp-content\/uploads\/municipalidad-de-chascomus.jpg?fit=1200%2C800&ssl=1&resize=700%2C400 2x, https:\/\/i0.wp.com\/larevistadigital.com.ar\/blog\/wp-content\/uploads\/municipalidad-de-chascomus.jpg?fit=1200%2C800&ssl=1&resize=1050%2C600 3x"},"classes":[]},{"id":22113,"url":"https:\/\/larevistadigital.com.ar\/blog\/el-gobierno-aumento-a-175-000-el-piso-salarial-del-impuesto-a-las-ganancias\/","url_meta":{"origin":30659,"position":3},"title":"EL GOBIERNO AUMENT\u00d3 A $175.000.- EL PISO SALARIAL DEL IMPUESTO A LAS GANANCIAS","author":"Alejandro Sosa Ruda","date":"23 septiembre, 2021","format":false,"excerpt":"Hasta ahora lo pagaban quienes ganaban m\u00e1s de $150.000.- brutos por mes. Aseguran que impactar\u00e1 en m\u00e1s de 1.200.000 trabajadores. La modificaci\u00f3n fue publicada este jueves en el Bolet\u00edn Oficial y rige desde septiembre. Tras la dura derrota electoral, el Gobierno\u00a0aument\u00f3\u00a0a $ 175 mil el piso salarial\u00a0del Impuesto\u00a0a las Ganancias.\u2026","rel":"","context":"En \u00abINTERES GENERAL\u00bb","block_context":{"text":"INTERES GENERAL","link":"https:\/\/larevistadigital.com.ar\/blog\/category\/interes-general\/"},"img":{"alt_text":"","src":"https:\/\/i0.wp.com\/larevistadigital.com.ar\/blog\/wp-content\/uploads\/WhatsApp-Image-2021-04-30-at-09.36.03.jpeg?fit=1200%2C801&ssl=1&resize=350%2C200","width":350,"height":200,"srcset":"https:\/\/i0.wp.com\/larevistadigital.com.ar\/blog\/wp-content\/uploads\/WhatsApp-Image-2021-04-30-at-09.36.03.jpeg?fit=1200%2C801&ssl=1&resize=350%2C200 1x, https:\/\/i0.wp.com\/larevistadigital.com.ar\/blog\/wp-content\/uploads\/WhatsApp-Image-2021-04-30-at-09.36.03.jpeg?fit=1200%2C801&ssl=1&resize=525%2C300 1.5x, https:\/\/i0.wp.com\/larevistadigital.com.ar\/blog\/wp-content\/uploads\/WhatsApp-Image-2021-04-30-at-09.36.03.jpeg?fit=1200%2C801&ssl=1&resize=700%2C400 2x, https:\/\/i0.wp.com\/larevistadigital.com.ar\/blog\/wp-content\/uploads\/WhatsApp-Image-2021-04-30-at-09.36.03.jpeg?fit=1200%2C801&ssl=1&resize=1050%2C600 3x"},"classes":[]},{"id":9786,"url":"https:\/\/larevistadigital.com.ar\/blog\/pila-el-intendente-modifico-por-decreto-las-cuotas-uva-del-programa-pila-crece\/","url_meta":{"origin":30659,"position":4},"title":"PILA: EL INTENDENTE MODIFIC\u00d3 POR DECRETO LAS CUOTAS UVA DEL PROGRAMA \u00abPILA CRECE\u00bb","author":"Alejandro Sosa Ruda","date":"22 abril, 2019","format":false,"excerpt":"El Intendente Municipal de Pila, Gustavo A. Walker, mediante el Decreto Municipal 113\/19 atento a los incesantes aumentos UVA de las cuotas del Programa Pila Crece, modific\u00f3 las mismas que pasar\u00e1n a ser ajustadas por el salario m\u00ednimo vital y m\u00f3vil ampliando en 12 cuotas m\u00e1s. Motiva la decisi\u00f3n la\u2026","rel":"","context":"En \u00abPILA\u00bb","block_context":{"text":"PILA","link":"https:\/\/larevistadigital.com.ar\/blog\/category\/pila\/"},"img":{"alt_text":"","src":"https:\/\/i0.wp.com\/larevistadigital.com.ar\/blog\/wp-content\/uploads\/2019\/04\/58376375_2107681432613981_3583461583520530432_n.jpg?fit=639%2C514&ssl=1&resize=350%2C200","width":350,"height":200,"srcset":"https:\/\/i0.wp.com\/larevistadigital.com.ar\/blog\/wp-content\/uploads\/2019\/04\/58376375_2107681432613981_3583461583520530432_n.jpg?fit=639%2C514&ssl=1&resize=350%2C200 1x, https:\/\/i0.wp.com\/larevistadigital.com.ar\/blog\/wp-content\/uploads\/2019\/04\/58376375_2107681432613981_3583461583520530432_n.jpg?fit=639%2C514&ssl=1&resize=525%2C300 1.5x"},"classes":[]},{"id":32845,"url":"https:\/\/larevistadigital.com.ar\/blog\/desde-septiembre-la-jubilacion-minima-sera-de-114-46040\/","url_meta":{"origin":30659,"position":5},"title":"DESDE SEPTIEMBRE, LA JUBILACI\u00d3N M\u00cdNIMA SER\u00c1 DE $114.460,40","author":"Alejandro Sosa Ruda","date":"11 agosto, 2023","format":false,"excerpt":"La und\u00e9cima medici\u00f3n de la actualizaci\u00f3n jubilatoria derivada de la nueva ley de movilidad, aplicable desde septiembre pr\u00f3ximo alcanz\u00f3 23,29%. Este dato se encuentra levemente por debajo de las expectativas de inflaci\u00f3n para el per\u00edodo julio\/septiembre, comparable con el per\u00edodo alcanzado por la movilidad, que se estima en 24,8%. 11\u2026","rel":"","context":"En \u00abDESTACADAS\u00bb","block_context":{"text":"DESTACADAS","link":"https:\/\/larevistadigital.com.ar\/blog\/category\/destacadas\/"},"img":{"alt_text":"","src":"https:\/\/i0.wp.com\/larevistadigital.com.ar\/blog\/wp-content\/uploads\/20230811072735_jubilaciones-movilidad-previsional-massa-raverta.jpg?fit=880%2C512&ssl=1&resize=350%2C200","width":350,"height":200,"srcset":"https:\/\/i0.wp.com\/larevistadigital.com.ar\/blog\/wp-content\/uploads\/20230811072735_jubilaciones-movilidad-previsional-massa-raverta.jpg?fit=880%2C512&ssl=1&resize=350%2C200 1x, https:\/\/i0.wp.com\/larevistadigital.com.ar\/blog\/wp-content\/uploads\/20230811072735_jubilaciones-movilidad-previsional-massa-raverta.jpg?fit=880%2C512&ssl=1&resize=525%2C300 1.5x, https:\/\/i0.wp.com\/larevistadigital.com.ar\/blog\/wp-content\/uploads\/20230811072735_jubilaciones-movilidad-previsional-massa-raverta.jpg?fit=880%2C512&ssl=1&resize=700%2C400 2x"},"classes":[]}],"_links":{"self":[{"href":"https:\/\/larevistadigital.com.ar\/blog\/wp-json\/wp\/v2\/posts\/30659","targetHints":{"allow":["GET"]}}],"collection":[{"href":"https:\/\/larevistadigital.com.ar\/blog\/wp-json\/wp\/v2\/posts"}],"about":[{"href":"https:\/\/larevistadigital.com.ar\/blog\/wp-json\/wp\/v2\/types\/post"}],"author":[{"embeddable":true,"href":"https:\/\/larevistadigital.com.ar\/blog\/wp-json\/wp\/v2\/users\/3"}],"replies":[{"embeddable":true,"href":"https:\/\/larevistadigital.com.ar\/blog\/wp-json\/wp\/v2\/comments?post=30659"}],"version-history":[{"count":1,"href":"https:\/\/larevistadigital.com.ar\/blog\/wp-json\/wp\/v2\/posts\/30659\/revisions"}],"predecessor-version":[{"id":30662,"href":"https:\/\/larevistadigital.com.ar\/blog\/wp-json\/wp\/v2\/posts\/30659\/revisions\/30662"}],"wp:featuredmedia":[{"embeddable":true,"href":"https:\/\/larevistadigital.com.ar\/blog\/wp-json\/wp\/v2\/media\/30661"}],"wp:attachment":[{"href":"https:\/\/larevistadigital.com.ar\/blog\/wp-json\/wp\/v2\/media?parent=30659"}],"wp:term":[{"taxonomy":"category","embeddable":true,"href":"https:\/\/larevistadigital.com.ar\/blog\/wp-json\/wp\/v2\/categories?post=30659"},{"taxonomy":"post_tag","embeddable":true,"href":"https:\/\/larevistadigital.com.ar\/blog\/wp-json\/wp\/v2\/tags?post=30659"}],"curies":[{"name":"wp","href":"https:\/\/api.w.org\/{rel}","templated":true}]}}