{"id":30663,"date":"2023-03-22T03:10:23","date_gmt":"2023-03-22T03:10:23","guid":{"rendered":"https:\/\/larevistadigital.com.ar\/blog\/?p=30663"},"modified":"2023-03-22T03:10:23","modified_gmt":"2023-03-22T03:10:23","slug":"como-quedo-la-conduccion-de-la-cgt-de-la-region","status":"publish","type":"post","link":"https:\/\/larevistadigital.com.ar\/blog\/como-quedo-la-conduccion-de-la-cgt-de-la-region\/","title":{"rendered":"COMO QUED\u00d3 LA CONDUCCI\u00d3N DE LA CGT DE LA REGI\u00d3N"},"content":{"rendered":"<h2 class=\"negrita\">En un congreso normalizador, la entidad regional design\u00f3 a una conducci\u00f3n colegiada con tres secretarios generales y tres adjuntos.<\/h2>\n<p class=\"fecha\">21 de marzo de 2023<\/p>\n<div class=\"texto\">\n<p><strong>La constituci\u00f3n de una conducci\u00f3n colegiada\u00a0<\/strong>sell\u00f3 este lunes la nueva etapa de la\u00a0<strong>CGT Regional La Plata<\/strong>, tras 15 a\u00f1os de divisi\u00f3n interna. La entidad que nuclea a 78 sindicatos de La Plata, Berisso, Ensenada, Magdalena, Brandsen, Ranchos y Punta Indio se dio\u00a0<strong>cinco meses para cerrar la negociaci\u00f3n\u00a0<\/strong>que dej\u00f3 a seis referentes\u00a0<strong>-tres secretarios generales y tres adjuntos-<\/strong>\u00a0al frente de la comisi\u00f3n directiva.<\/p>\n<p>Las negociaciones hab\u00edan empezado en septiembre del a\u00f1o pasado, tras el fallecimiento del hist\u00f3rico titular de UPCN y la central regional\u00a0<strong>Carlos Quintana<\/strong>.\u00a0En febrero hab\u00eda sido designada la comisi\u00f3n normalizadora en la Regional, para\u00a0avanzar en la\u00a0<strong>unificaci\u00f3n definitiva<\/strong>\u00a0de la conducci\u00f3n.<\/p>\n<div class=\"boxepigrafe\"><img data-recalc-dims=\"1\" decoding=\"async\" title=\"El congreso normalizador de la CGT de la regi\u00f3n\" src=\"https:\/\/i0.wp.com\/pxb.cdn.0221.com.ar\/0221\/032023\/1679357082308.jpg?ssl=1\" alt=\"El congreso normalizador de la CGT de la regi\u00f3n\" \/><strong>El congreso normalizador de la CGT de la regi\u00f3n<\/strong><\/p>\n<\/div>\n<p>La primera l\u00ednea de mando qued\u00f3 a cargo de\u00a0<strong>Julio Castro<\/strong>\u00a0del\u00a0Sindicato Obras Sanitarias de la Provincia de Buenos Aires (SOSBA),\u00a0<strong>Antonio \u201cNino\u201d Di Tomasso<\/strong>\u00a0de la Uni\u00f3n Obrera Metal\u00fargica (UOM) y\u00a0<strong>H\u00e9ctor Nieves<\/strong>\u00a0de la Uni\u00f3n Personal Civil de la Naci\u00f3n (UPCN). Como adjuntos, quedaron\u00a0<strong>Nahuel Chancel<\/strong>\u00a0de Sindicatos Unidos Petroleros e Hidrocarbur\u00edferos (SUPEH),\u00a0<strong>Dar\u00edo Micheletti<\/strong>\u00a0del Sindicato Argentino de Televisi\u00f3n, Servicios Audiovisuales, Interactivos y de Datos\u00a0(SATSAID) y\u00a0<strong>Pedro Borgini<\/strong>\u00a0de la\u00a0Asociaci\u00f3n de Trabajadores de la\u00a0Sanidad\u00a0Argentina (ATSA).<\/p>\n<p>Los dirigentes, todos de\u00a0<strong>larga data\u00a0<\/strong>en la regi\u00f3n, estuvieron acompa\u00f1ados en el acto por el gobernador\u00a0<strong>Axel Kicillof<\/strong>, el ministro de Justicia y DDHH\u00a0<strong>Julio Alak<\/strong>\u00a0y\u00a0el ministro de Trabajo\u00a0<strong>Walter Correa<\/strong>. En el Gobierno consideraron \u201cmuy importante\u201d el apoyo recibido por parte de los representantes del movimiento obrero de la capital provincial. El propio Gobernador asegur\u00f3 que \u00ab<strong>h<\/strong><strong>oy se ha aplicado el primer criterio que le da fuerza al movimiento obrero: la unidad de los trabajadores y trabajadoras\u00bb<\/strong>. \u00bfQui\u00e9n es qui\u00e9n el nuevo armado de la CGT local?<\/p>\n<div class=\"boxepigrafe\"><img data-recalc-dims=\"1\" decoding=\"async\" title=\"Axel Kicillof habla en el congreso normalizador de la CGT regional - Foto: AGLP\" src=\"https:\/\/i0.wp.com\/pxb.cdn.0221.com.ar\/0221\/032023\/1679357081636.jpg?ssl=1\" alt=\"Axel Kicillof habla en el congreso normalizador de la CGT regional - Foto: AGLP\" \/><strong>Axel Kicillof habla en el congreso normalizador de la CGT regional &#8211; Foto: AGLP<\/strong><\/p>\n<\/div>\n<p><span style=\"color: #ff0000\"><strong>JULIO CASTRO<\/strong><\/span><\/p>\n<p>Es secretario General del\u00a0Sindicato Obras Sanitarias de la Provincia de Buenos Aires (SOSBA), gremio que representa a trabajadores\u00a0sanitaristas de m\u00e1s de 100 localidades de la provincia que se desempe\u00f1an en la empresa provincial ABSA, en los organismos provinciales Autoridad del Agua y Direcci\u00f3n Provincial de Agua y Cloacas, municipios, cooperativas, empresas y SAPEM.<\/p>\n<p>Durante la divisi\u00f3n de la CGT, condujo la facci\u00f3n \u00abIgnacio Rucci\u201d que se enfrentaba a la hist\u00f3rica conducci\u00f3n de\u00a0<strong>Carlos Quintana<\/strong>, de UPCN. Desde mayo del 2022, adem\u00e1s, es titular de la Federaci\u00f3n de Gremios Estatales y Particulares de la Provincia de Buenos Aires (FEGEPPBA).<\/p>\n<p><span style=\"color: #ff0000\"><strong>ANTONIO \u00abNINO\u00bb DI TOMASSO<\/strong><\/span><\/p>\n<p>Es secretario General de la UOM La Plata y responde al hist\u00f3rico referente nacional metal\u00fargico\u00a0<strong>Antonio Cal\u00f3<\/strong>.<\/p>\n<p>Fue diputado y senador por el peronismo y responsable del Parque Industrial de La Plata en la d\u00e9cada del 2000.<\/p>\n<div class=\"boxepigrafe\"><img data-recalc-dims=\"1\" decoding=\"async\" title=\"Julio Castro (izq) y H\u00e9ctor Nieves con el micr\u00f3fono - Foto: AGLP\" src=\"https:\/\/i0.wp.com\/pxb.cdn.0221.com.ar\/0221\/032023\/1679400977607\/IMG_8369.jpg?ssl=1\" alt=\"Julio Castro (izq) y H\u00e9ctor Nieves con el micr\u00f3fono - Foto: AGLP\" \/><strong>Julio Castro (izq) y H\u00e9ctor Nieves con el micr\u00f3fono &#8211; Foto: AGLP<\/strong><\/p>\n<\/div>\n<p><span style=\"color: #ff0000\"><strong>H\u00c9CTOR NIEVES<\/strong><\/span><\/p>\n<p>Es tesorero de UPCN La Plata, gremio donde acompa\u00f1\u00f3 la\u00a0hist\u00f3rica conducci\u00f3n de Carlos Quintana. Ahora sigue alineado a la titular\u00a0<strong>Fabiana Quintera<\/strong>. Tambi\u00e9n ocup\u00f3 cargos en el Club Estudiantes de La Plata.<\/p>\n<p><span style=\"color: #ff0000\"><strong>NAHUEL CHANCEL<\/strong><\/span><\/p>\n<p>Es<strong>\u00a0<\/strong>Secretario General de la seccional Ensenada del SUPEH. A sus 35 a\u00f1os, en 2016, fue electo como titular despu\u00e9s de 24 a\u00f1os\u00a0ininterrumpidos de\u00a0<strong>Ram\u00f3n Garaza\u00a0<\/strong>al frente de ese gremio.<\/p>\n<div class=\"boxepigrafe\"><img data-recalc-dims=\"1\" decoding=\"async\" title=\"Dar\u00edo Micheletti habla y a su izquierda est\u00e1 Nahuel Chancel - Foto: AGLP\" src=\"https:\/\/i0.wp.com\/pxb.cdn.0221.com.ar\/0221\/032023\/1679400638098\/IMG_8366.jpg?ssl=1\" alt=\"Dar\u00edo Micheletti habla y a su izquierda est\u00e1 Nahuel Chancel - Foto: AGLP\" \/><strong>Dar\u00edo Micheletti habla y a su izquierda est\u00e1 Nahuel Chancel &#8211; Foto: AGLP<\/strong><\/p>\n<\/div>\n<p><span style=\"color: #ff0000\"><strong>DAR\u00cdO MICHELETTI<\/strong><\/span><\/p>\n<p>Es secretario General del Sindicato Argentino de Televisi\u00f3n, Servicios Audiovisuales, Interactivos y de Datos (Satsaid). Tambi\u00e9n es titular de la\u00a0Confederaci\u00f3n Sindical de Trabajadores de los Medios de Comunicaci\u00f3n Social (Cositmecos).<\/p>\n<div class=\"boxepigrafe\"><img data-recalc-dims=\"1\" decoding=\"async\" title=\"Antonio &quot;Nino&quot; Di Tomasso, Julio Alak y Pedro Borgini - Foto: AGLP\" src=\"https:\/\/i0.wp.com\/pxb.cdn.0221.com.ar\/0221\/032023\/1679400740391\/IMG_8376.jpg?ssl=1\" alt=\"Antonio &quot;Nino&quot; Di Tomasso, Julio Alak y Pedro Borgini - Foto: AGLP\" \/><strong>Antonio \u00abNino\u00bb Di Tomasso, Julio Alak y Pedro Borgini &#8211; Foto: AGLP<\/strong><\/p>\n<\/div>\n<p><span style=\"color: #ff0000\"><strong>PEDRO BORGINI<\/strong><\/span><\/p>\n<p>Es secretario general de\u00a0la\u00a0Asociaci\u00f3n de Trabajadores de la\u00a0Sanidad\u00a0Argentina\u00a0(ATSA) desde hace una d\u00e9cada\u00a0y tambi\u00e9n secretario de Finanzas de la Federaci\u00f3n de Asociaciones de Trabajadores de la Sanidad Argentina\u00a0(FATSA). Adem\u00e1s fue concejal por el peronismo en La Plata en varias ocasiones.<\/p>\n<\/div>\n","protected":false},"excerpt":{"rendered":"<div class=\"mh-excerpt\"><p>En un congreso normalizador, la entidad regional design\u00f3 a una conducci\u00f3n colegiada con tres secretarios generales y tres adjuntos. 21 de marzo de 2023 La constituci\u00f3n de una conducci\u00f3n colegiada\u00a0sell\u00f3 este lunes la nueva etapa <a class=\"mh-excerpt-more\" href=\"https:\/\/larevistadigital.com.ar\/blog\/como-quedo-la-conduccion-de-la-cgt-de-la-region\/\" title=\"COMO QUED\u00d3 LA CONDUCCI\u00d3N DE LA CGT DE LA REGI\u00d3N\">[Leer M\u00e1s]<\/a><\/p>\n<\/div>","protected":false},"author":3,"featured_media":30665,"comment_status":"open","ping_status":"open","sticky":false,"template":"","format":"standard","meta":{"_jetpack_memberships_contains_paid_content":false,"footnotes":"","jetpack_publicize_message":"","jetpack_publicize_feature_enabled":true,"jetpack_social_post_already_shared":true,"jetpack_social_options":{"image_generator_settings":{"template":"highway","default_image_id":0,"font":"","enabled":false},"version":2}},"categories":[10,51],"tags":[],"class_list":{"0":"post-30663","1":"post","2":"type-post","3":"status-publish","4":"format-standard","5":"has-post-thumbnail","7":"category-gremiales","8":"category-regionales"},"jetpack_publicize_connections":[],"jetpack_featured_media_url":"https:\/\/i0.wp.com\/larevistadigital.com.ar\/blog\/wp-content\/uploads\/1679411929901.png?fit=1920%2C950&ssl=1","jetpack_sharing_enabled":true,"jetpack_shortlink":"https:\/\/wp.me\/p8qtrQ-7Yz","jetpack-related-posts":[{"id":594,"url":"https:\/\/larevistadigital.com.ar\/blog\/cgt-regional-mar-del-plata-va-directamente-una-crisis-la-del-2001%e2%80%b3\/","url_meta":{"origin":30663,"position":0},"title":"CGT Regional: \u201cMar del Plata va directamente a una crisis como la del 2001\u2033","author":"editor","date":"6 marzo, 2017","format":false,"excerpt":"Lo dijo el titular de la CGT, Jorge V\u00e1ttimo, al momento de explicar por qu\u00e9 el gremio marchar\u00e1 el pr\u00f3ximo martes en Buenos Aires. \u201cParecer\u00eda que no pasa nada pero hay una crisis\u201d, indic\u00f3. La Plata, 05 Mar (InfoGEI).- En di\u00e1logo con\u00a0Loquepasa.net, el titular de la CGT,\u00a0Jorge V\u00e1ttimo, explic\u00f3 que\u00a0\u201cvamos\u2026","rel":"","context":"En \u00abPOLITICA\u00bb","block_context":{"text":"POLITICA","link":"https:\/\/larevistadigital.com.ar\/blog\/category\/politica\/"},"img":{"alt_text":"","src":"https:\/\/i0.wp.com\/larevistadigital.com.ar\/blog\/wp-content\/uploads\/2017\/03\/20170305202823_jorge_vattimo_cgt_mar_del_plata.jpg?fit=620%2C370&ssl=1&resize=350%2C200","width":350,"height":200,"srcset":"https:\/\/i0.wp.com\/larevistadigital.com.ar\/blog\/wp-content\/uploads\/2017\/03\/20170305202823_jorge_vattimo_cgt_mar_del_plata.jpg?fit=620%2C370&ssl=1&resize=350%2C200 1x, https:\/\/i0.wp.com\/larevistadigital.com.ar\/blog\/wp-content\/uploads\/2017\/03\/20170305202823_jorge_vattimo_cgt_mar_del_plata.jpg?fit=620%2C370&ssl=1&resize=525%2C300 1.5x"},"classes":[]},{"id":2950,"url":"https:\/\/larevistadigital.com.ar\/blog\/por-las-internas-se-pospuso-la-reunion-de-mesa-chica-de-la-cgt\/","url_meta":{"origin":30663,"position":1},"title":"Por las internas, se pospuso la reuni\u00f3n de mesa chica de la CGT","author":"admin","date":"4 agosto, 2017","format":false,"excerpt":"La organizaci\u00f3n de la movilizaci\u00f3n del 22 y posible paro general posterior volvieron a generar fuertes discrepancias en la central obrera. Entre los que no quieren ir a Plaza de Mayo y los que buscan endurecer. El encuentro que se iba a llevar a cabo en las primeras horas de\u2026","rel":"","context":"En \u00abGREMIALES\u00bb","block_context":{"text":"GREMIALES","link":"https:\/\/larevistadigital.com.ar\/blog\/category\/gremiales\/"},"img":{"alt_text":"","src":"https:\/\/i0.wp.com\/larevistadigital.com.ar\/blog\/wp-content\/uploads\/2017\/08\/30-07-2017_buenos_aires_la_confederacion_general-3-644x340.jpg?fit=644%2C340&ssl=1&resize=350%2C200","width":350,"height":200,"srcset":"https:\/\/i0.wp.com\/larevistadigital.com.ar\/blog\/wp-content\/uploads\/2017\/08\/30-07-2017_buenos_aires_la_confederacion_general-3-644x340.jpg?fit=644%2C340&ssl=1&resize=350%2C200 1x, https:\/\/i0.wp.com\/larevistadigital.com.ar\/blog\/wp-content\/uploads\/2017\/08\/30-07-2017_buenos_aires_la_confederacion_general-3-644x340.jpg?fit=644%2C340&ssl=1&resize=525%2C300 1.5x"},"classes":[]},{"id":44725,"url":"https:\/\/larevistadigital.com.ar\/blog\/kicillof-recibio-a-autoridades-de-la-internacional-de-educacion-y-refrentes-del-sindicalismo-global\/","url_meta":{"origin":30663,"position":2},"title":"Kicillof recibi\u00f3 a autoridades de la Internacional de Educaci\u00f3n y refrentes del sindicalismo global","author":"Alejandro Sosa Ruda","date":"26 marzo, 2026","format":false,"excerpt":"El gobernador de la provincia de Buenos Aires, Axel Kicillof, se reuni\u00f3 este martes en el Sal\u00f3n de Acuerdos de la Casa de Gobierno con autoridades de la Internacional de Educaci\u00f3n (IE) y representantes del sindicalismo nacional e internacional. Fue junto a los ministros de Gobierno, Carlos Bianco; de Trabajo,\u2026","rel":"","context":"En \u00abPOLITICA PROVINCIAL\u00bb","block_context":{"text":"POLITICA PROVINCIAL","link":"https:\/\/larevistadigital.com.ar\/blog\/category\/politica\/politica-provincial\/"},"img":{"alt_text":"","src":"https:\/\/i0.wp.com\/larevistadigital.com.ar\/blog\/wp-content\/uploads\/DSC1345_1-scaled.jpg?fit=1200%2C800&ssl=1&resize=350%2C200","width":350,"height":200,"srcset":"https:\/\/i0.wp.com\/larevistadigital.com.ar\/blog\/wp-content\/uploads\/DSC1345_1-scaled.jpg?fit=1200%2C800&ssl=1&resize=350%2C200 1x, https:\/\/i0.wp.com\/larevistadigital.com.ar\/blog\/wp-content\/uploads\/DSC1345_1-scaled.jpg?fit=1200%2C800&ssl=1&resize=525%2C300 1.5x, https:\/\/i0.wp.com\/larevistadigital.com.ar\/blog\/wp-content\/uploads\/DSC1345_1-scaled.jpg?fit=1200%2C800&ssl=1&resize=700%2C400 2x, https:\/\/i0.wp.com\/larevistadigital.com.ar\/blog\/wp-content\/uploads\/DSC1345_1-scaled.jpg?fit=1200%2C800&ssl=1&resize=1050%2C600 3x"},"classes":[]},{"id":29706,"url":"https:\/\/larevistadigital.com.ar\/blog\/chascomus-sergio-palazzo-y-secretarios-nacionales-proclamaron-la-nueva-conduccion-local-de-la-bancaria\/","url_meta":{"origin":30663,"position":3},"title":"CHASCOM\u00daS: SERGIO PALAZZO Y SECRETARIOS NACIONALES PROCLAMARON LA NUEVA CONDUCCI\u00d3N LOCAL DE LA BANCARIA","author":"Alejandro Sosa Ruda","date":"30 diciembre, 2022","format":false,"excerpt":"Se reunieron el d\u00eda de hoy en la sede de Chascom\u00fas, con el ganador de la elecci\u00f3n Fernando Latorre y algunos dirigentes para proclamar la nueva conducci\u00f3n. 29 de diciembre de 2022 CHASCOM\u00daS -\u00a0\u00a0Durante la jornada de hoy, se vivi\u00f3 una importante reuni\u00f3n en el \u00e1mbito del sindicato Bancario, con\u2026","rel":"","context":"En \u00abGREMIALES\u00bb","block_context":{"text":"GREMIALES","link":"https:\/\/larevistadigital.com.ar\/blog\/category\/gremiales\/"},"img":{"alt_text":"","src":"https:\/\/i0.wp.com\/larevistadigital.com.ar\/blog\/wp-content\/uploads\/WhatsApp-Image-2022-12-29-at-20.23.02.jpeg?fit=750%2C802&ssl=1&resize=350%2C200","width":350,"height":200,"srcset":"https:\/\/i0.wp.com\/larevistadigital.com.ar\/blog\/wp-content\/uploads\/WhatsApp-Image-2022-12-29-at-20.23.02.jpeg?fit=750%2C802&ssl=1&resize=350%2C200 1x, https:\/\/i0.wp.com\/larevistadigital.com.ar\/blog\/wp-content\/uploads\/WhatsApp-Image-2022-12-29-at-20.23.02.jpeg?fit=750%2C802&ssl=1&resize=525%2C300 1.5x, https:\/\/i0.wp.com\/larevistadigital.com.ar\/blog\/wp-content\/uploads\/WhatsApp-Image-2022-12-29-at-20.23.02.jpeg?fit=750%2C802&ssl=1&resize=700%2C400 2x"},"classes":[]},{"id":26553,"url":"https:\/\/larevistadigital.com.ar\/blog\/qepd-murio-carlos-quintana-historico-dirigente-de-upcn\/","url_meta":{"origin":30663,"position":4},"title":"QEPD: MURI\u00d3 CARLOS QUINTANA, HIST\u00d3RICO DIRIGENTE DE UPCN","author":"Alejandro Sosa Ruda","date":"13 julio, 2022","format":false,"excerpt":"Esta madrugada\u00a0falleci\u00f3 Carlos Teodoro Quintana, hist\u00f3rico sindicalista de la Seccional Provincial de Buenos Aires de la Uni\u00f3n del Personal Civil de la Naci\u00f3n (UPCN). El dirigente gremial ten\u00eda 72 a\u00f1os de edad y desde hace meses atravesaba un complejo cuadro de salud que lo mantuvo alejado de la vida sindical.\u2026","rel":"","context":"En \u00abGREMIALES\u00bb","block_context":{"text":"GREMIALES","link":"https:\/\/larevistadigital.com.ar\/blog\/category\/gremiales\/"},"img":{"alt_text":"","src":"https:\/\/i0.wp.com\/larevistadigital.com.ar\/blog\/wp-content\/uploads\/Captura-de-pantalla-2022-07-13-113551.png?fit=705%2C445&ssl=1&resize=350%2C200","width":350,"height":200,"srcset":"https:\/\/i0.wp.com\/larevistadigital.com.ar\/blog\/wp-content\/uploads\/Captura-de-pantalla-2022-07-13-113551.png?fit=705%2C445&ssl=1&resize=350%2C200 1x, https:\/\/i0.wp.com\/larevistadigital.com.ar\/blog\/wp-content\/uploads\/Captura-de-pantalla-2022-07-13-113551.png?fit=705%2C445&ssl=1&resize=525%2C300 1.5x, https:\/\/i0.wp.com\/larevistadigital.com.ar\/blog\/wp-content\/uploads\/Captura-de-pantalla-2022-07-13-113551.png?fit=705%2C445&ssl=1&resize=700%2C400 2x"},"classes":[]},{"id":40513,"url":"https:\/\/larevistadigital.com.ar\/blog\/gremios-industriales-y-del-transporte-impulsan-un-cambio-profundo-en-la-cgt\/","url_meta":{"origin":30663,"position":5},"title":"Gremios industriales y del transporte impulsan un cambio profundo en la CGT","author":"Alejandro Sosa Ruda","date":"18 julio, 2025","format":false,"excerpt":"Distintos sindicatos vinculados a la industria y el transporte est\u00e1n promoviendo un proceso de renovaci\u00f3n profunda en la Confederaci\u00f3n General del Trabajo (CGT). Con una estrategia que busca consolidar un perfil m\u00e1s combativo, ya piensan en disputar la conducci\u00f3n de la central obrera, y advierten sobre una disputa directa con\u2026","rel":"","context":"En \u00abGREMIALES\u00bb","block_context":{"text":"GREMIALES","link":"https:\/\/larevistadigital.com.ar\/blog\/category\/gremiales\/"},"img":{"alt_text":"","src":"https:\/\/i0.wp.com\/larevistadigital.com.ar\/blog\/wp-content\/uploads\/20250717152848_furlan-gremios-industria-transporte-renovacion-cgt.jpg?fit=880%2C512&ssl=1&resize=350%2C200","width":350,"height":200,"srcset":"https:\/\/i0.wp.com\/larevistadigital.com.ar\/blog\/wp-content\/uploads\/20250717152848_furlan-gremios-industria-transporte-renovacion-cgt.jpg?fit=880%2C512&ssl=1&resize=350%2C200 1x, https:\/\/i0.wp.com\/larevistadigital.com.ar\/blog\/wp-content\/uploads\/20250717152848_furlan-gremios-industria-transporte-renovacion-cgt.jpg?fit=880%2C512&ssl=1&resize=525%2C300 1.5x, https:\/\/i0.wp.com\/larevistadigital.com.ar\/blog\/wp-content\/uploads\/20250717152848_furlan-gremios-industria-transporte-renovacion-cgt.jpg?fit=880%2C512&ssl=1&resize=700%2C400 2x"},"classes":[]}],"_links":{"self":[{"href":"https:\/\/larevistadigital.com.ar\/blog\/wp-json\/wp\/v2\/posts\/30663","targetHints":{"allow":["GET"]}}],"collection":[{"href":"https:\/\/larevistadigital.com.ar\/blog\/wp-json\/wp\/v2\/posts"}],"about":[{"href":"https:\/\/larevistadigital.com.ar\/blog\/wp-json\/wp\/v2\/types\/post"}],"author":[{"embeddable":true,"href":"https:\/\/larevistadigital.com.ar\/blog\/wp-json\/wp\/v2\/users\/3"}],"replies":[{"embeddable":true,"href":"https:\/\/larevistadigital.com.ar\/blog\/wp-json\/wp\/v2\/comments?post=30663"}],"version-history":[{"count":2,"href":"https:\/\/larevistadigital.com.ar\/blog\/wp-json\/wp\/v2\/posts\/30663\/revisions"}],"predecessor-version":[{"id":30666,"href":"https:\/\/larevistadigital.com.ar\/blog\/wp-json\/wp\/v2\/posts\/30663\/revisions\/30666"}],"wp:featuredmedia":[{"embeddable":true,"href":"https:\/\/larevistadigital.com.ar\/blog\/wp-json\/wp\/v2\/media\/30665"}],"wp:attachment":[{"href":"https:\/\/larevistadigital.com.ar\/blog\/wp-json\/wp\/v2\/media?parent=30663"}],"wp:term":[{"taxonomy":"category","embeddable":true,"href":"https:\/\/larevistadigital.com.ar\/blog\/wp-json\/wp\/v2\/categories?post=30663"},{"taxonomy":"post_tag","embeddable":true,"href":"https:\/\/larevistadigital.com.ar\/blog\/wp-json\/wp\/v2\/tags?post=30663"}],"curies":[{"name":"wp","href":"https:\/\/api.w.org\/{rel}","templated":true}]}}