{"id":30667,"date":"2023-03-22T03:23:20","date_gmt":"2023-03-22T03:23:20","guid":{"rendered":"https:\/\/larevistadigital.com.ar\/blog\/?p=30667"},"modified":"2023-03-22T03:23:20","modified_gmt":"2023-03-22T03:23:20","slug":"las-flores-tragedia-quiso-rescatar-a-su-companero-de-un-pozo-de-una-obra-de-cloacas-y-murieron-los-dos","status":"publish","type":"post","link":"https:\/\/larevistadigital.com.ar\/blog\/las-flores-tragedia-quiso-rescatar-a-su-companero-de-un-pozo-de-una-obra-de-cloacas-y-murieron-los-dos\/","title":{"rendered":"LAS FLORES: TRAGEDIA. QUISO RESCATAR A SU COMPA\u00d1ERO DE UN POZO DE UNA OBRA DE CLOACAS Y MURIERON LOS DOS"},"content":{"rendered":"<h2>Eran operarios de una empresa y cuando el primero se desvanece al descender, el otro fue a su auxilio. Una de las causales puede ser que \u00abel lugar no contaba con ox\u00edgeno suficiente para que una persona pueda sobrevivir\u00bb, dijo el jefe de la Polic\u00eda comunal. All\u00ed permanecieron por m\u00e1s de una hora y media hasta que fueron rescatados sin vida.<\/h2>\n<p>22 de marzo de 20232<\/p>\n<p><strong>LAS FLORES &#8211;\u00a0 <\/strong>Dos\u00a0<strong>operarios fallecieron luego de descender\u00a0a la c\u00e1mara de inspecci\u00f3n de una obra cloacal\u00a0<\/strong>en el partido de Las Flores, y sospechan que fue por falta de ox\u00edgeno. Adem\u00e1s bajaron sin protecci\u00f3n.<\/p>\n<blockquote>\n<h3>Ocurri\u00f3 en la ma\u00f1ana de este martes cuando los Bomberos Voluntarios, junto a un equipo de rescate, fueron convocados en la intersecci\u00f3n de la\u00a0Avenida\u00a0Cruz Marqu\u00e9s y Alvear.<\/h3>\n<\/blockquote>\n<p>En el lugar, un operario que se encontraba trabajando dentro de un pozo\u00a0se descompensa, luego ingresa un compa\u00f1ero para poder asistirlo y termina de la misma forma. Ambos trabajaban para una empresa privada y no eran de Las Flores.<\/p>\n<blockquote>\n<h3><strong>All\u00ed permanecieron por m\u00e1s de una hora y media hasta que fueron rescatados sin vida<\/strong>, inform\u00f3 Noticias Las Flores.<\/h3>\n<\/blockquote>\n<p>Desde la comuna se indic\u00f3 en una conferencia de prensa que la empresa constructora no hab\u00eda\u00a0entregado en forma definitiva la obra. El municipio, a trav\u00e9s de Obras P\u00fablicas, observ\u00f3 filtraciones de agua y llam\u00f3 a la empresa para que subsane en el inconveniente para su puesta en marcha.<\/p>\n<blockquote>\n<h3><strong>Un operario de la empresa ingres\u00f3 a la c\u00e1mara de unos 8 metros\u00a0sin insumos de protecci\u00f3n, lo que es materia de investigaci\u00f3n<\/strong>, aclar\u00f3 el Jefe de la Polic\u00eda Comunal Las Flores, Comisario Inspector Iv\u00e1n Risso.<\/h3>\n<\/blockquote>\n<p>El primer operario se desvanece, lo que es constatado por un segundo operario, y decide\u00a0bajar a rescatarlo. El segundo sufre las mismas consecuencias que el primero y el resto de la cuadrilla da aviso a Emergencias. Finalmente fueron rescatados sus cuerpos sin vida por Bomberos.<\/p>\n<blockquote>\n<h3><strong>\u00abLa red al no estar habilitada a\u00fan, no deber\u00eda tener ning\u00fan tipo de gas. Se convoc\u00f3 a Polic\u00eda Ecol\u00f3gica del porqu\u00e9 se dio esta situaci\u00f3n\u00bb, explic\u00f3 Risso. Una de las causales, dijo, puede ser que \u00abel lugar no contaba con ox\u00edgeno suficiente para que una persona pueda sobrevivir\u00bb. Estimaron una presencia del gas vital en un 15%.\u00a0<\/strong><\/h3>\n<\/blockquote>\n<p>En el lugar no hay contaminaci\u00f3n ambiental por lo que los vecinos no se vieron afectados. Algunos bomberos fueron asistidos en el lugar.<\/p>\n<p>fuente Lanoticia1<\/p>\n<p>imagen fm alpha<\/p>\n","protected":false},"excerpt":{"rendered":"<div class=\"mh-excerpt\"><p>Eran operarios de una empresa y cuando el primero se desvanece al descender, el otro fue a su auxilio. Una de las causales puede ser que \u00abel lugar no contaba con ox\u00edgeno suficiente para que <a class=\"mh-excerpt-more\" href=\"https:\/\/larevistadigital.com.ar\/blog\/las-flores-tragedia-quiso-rescatar-a-su-companero-de-un-pozo-de-una-obra-de-cloacas-y-murieron-los-dos\/\" title=\"LAS FLORES: TRAGEDIA. QUISO RESCATAR A SU COMPA\u00d1ERO DE UN POZO DE UNA OBRA DE CLOACAS Y MURIERON LOS DOS\">[Leer M\u00e1s]<\/a><\/p>\n<\/div>","protected":false},"author":3,"featured_media":30668,"comment_status":"open","ping_status":"open","sticky":false,"template":"","format":"standard","meta":{"_jetpack_memberships_contains_paid_content":false,"footnotes":"","jetpack_publicize_message":"","jetpack_publicize_feature_enabled":true,"jetpack_social_post_already_shared":true,"jetpack_social_options":{"image_generator_settings":{"template":"highway","default_image_id":0,"font":"","enabled":false},"version":2}},"categories":[44,51],"tags":[],"class_list":{"0":"post-30667","1":"post","2":"type-post","3":"status-publish","4":"format-standard","5":"has-post-thumbnail","7":"category-policiales","8":"category-regionales"},"jetpack_publicize_connections":[],"jetpack_featured_media_url":"https:\/\/i0.wp.com\/larevistadigital.com.ar\/blog\/wp-content\/uploads\/336431644_689110249897249_8837841148314149118_n-1-1024x502-1.jpg?fit=1024%2C502&ssl=1","jetpack_sharing_enabled":true,"jetpack_shortlink":"https:\/\/wp.me\/p8qtrQ-7YD","jetpack-related-posts":[{"id":12305,"url":"https:\/\/larevistadigital.com.ar\/blog\/tragico-incendio-en-hotel-de-flores-un-nene-muerto-y-23-afectados\/","url_meta":{"origin":30667,"position":0},"title":"TR\u00c1GICO INCENDIO EN HOTEL DE FLORES. UN NENE MUERTO Y 23 AFECTADOS","author":"Alejandro Sosa Ruda","date":"26 septiembre, 2019","format":false,"excerpt":"El fuego se inici\u00f3 en el primer piso del abergue familiar, donde las llamas ya fueron dominadas, y termin\u00f3 tomando 25 habitaciones. Hay dos menores en grave estado. Un nene de tres a\u00f1os muri\u00f3 tras incendiarse un hotel familiar, ubicado en la calle Fray Cayetano Rodr\u00edguez al 345, en el\u2026","rel":"","context":"En \u00abINTERES GENERAL\u00bb","block_context":{"text":"INTERES GENERAL","link":"https:\/\/larevistadigital.com.ar\/blog\/category\/interes-general\/"},"img":{"alt_text":"","src":"https:\/\/i0.wp.com\/larevistadigital.com.ar\/blog\/wp-content\/uploads\/Screenshot_1-40.jpg?fit=1128%2C548&ssl=1&resize=350%2C200","width":350,"height":200,"srcset":"https:\/\/i0.wp.com\/larevistadigital.com.ar\/blog\/wp-content\/uploads\/Screenshot_1-40.jpg?fit=1128%2C548&ssl=1&resize=350%2C200 1x, https:\/\/i0.wp.com\/larevistadigital.com.ar\/blog\/wp-content\/uploads\/Screenshot_1-40.jpg?fit=1128%2C548&ssl=1&resize=525%2C300 1.5x, https:\/\/i0.wp.com\/larevistadigital.com.ar\/blog\/wp-content\/uploads\/Screenshot_1-40.jpg?fit=1128%2C548&ssl=1&resize=700%2C400 2x, https:\/\/i0.wp.com\/larevistadigital.com.ar\/blog\/wp-content\/uploads\/Screenshot_1-40.jpg?fit=1128%2C548&ssl=1&resize=1050%2C600 3x"},"classes":[]},{"id":44894,"url":"https:\/\/larevistadigital.com.ar\/blog\/tragedia-en-la-ruta-3-cinco-muertos-tras-un-choque-frontal-cerca-de-las-flores\/","url_meta":{"origin":30667,"position":1},"title":"Tragedia en la Ruta 3: cinco muertos tras un choque frontal cerca de Las Flores","author":"Alejandro Sosa Ruda","date":"2 abril, 2026","format":false,"excerpt":"El violento impacto entre dos autos dej\u00f3 adem\u00e1s dos personas heridas. Ocurri\u00f3 a la altura del kil\u00f3metro 210. 02 de abril de 2026 Una tragedia sacudi\u00f3 la noche del mi\u00e9rcoles en la Ruta Nacional 3, a la altura del kil\u00f3metro 210, en cercan\u00edas de la localidad de Las Flores, donde\u2026","rel":"","context":"En \u00abREGIONALES\u00bb","block_context":{"text":"REGIONALES","link":"https:\/\/larevistadigital.com.ar\/blog\/category\/regionales\/"},"img":{"alt_text":"","src":"https:\/\/i0.wp.com\/larevistadigital.com.ar\/blog\/wp-content\/uploads\/Captura-de-pantalla-2026-04-02-120653.jpg?fit=812%2C372&ssl=1&resize=350%2C200","width":350,"height":200,"srcset":"https:\/\/i0.wp.com\/larevistadigital.com.ar\/blog\/wp-content\/uploads\/Captura-de-pantalla-2026-04-02-120653.jpg?fit=812%2C372&ssl=1&resize=350%2C200 1x, https:\/\/i0.wp.com\/larevistadigital.com.ar\/blog\/wp-content\/uploads\/Captura-de-pantalla-2026-04-02-120653.jpg?fit=812%2C372&ssl=1&resize=525%2C300 1.5x, https:\/\/i0.wp.com\/larevistadigital.com.ar\/blog\/wp-content\/uploads\/Captura-de-pantalla-2026-04-02-120653.jpg?fit=812%2C372&ssl=1&resize=700%2C400 2x"},"classes":[]},{"id":19940,"url":"https:\/\/larevistadigital.com.ar\/blog\/crisis-en-clinica-de-ensenadanos-queda-oxigeno-para-48-horas\/","url_meta":{"origin":30667,"position":2},"title":"CRISIS EN CL\u00cdNICA DE ENSENADA:\u00bbNOS QUEDA OXIGENO PARA 48 HORAS\u00bb","author":"Alejandro Sosa Ruda","date":"29 abril, 2021","format":false,"excerpt":"El Director del establecimiento sostiene que la situaci\u00f3n es cr\u00edtica y que ya no reciben pacientes. La falta de ox\u00edgeno es el principal problema. La segunda ola de coronavirus sigue con su paso arrollador y el sistema de salud busca evitar el colapso ante la crecida de contagios e internaciones.\u2026","rel":"","context":"En \u00abREGIONALES\u00bb","block_context":{"text":"REGIONALES","link":"https:\/\/larevistadigital.com.ar\/blog\/category\/regionales\/"},"img":{"alt_text":"","src":"https:\/\/i0.wp.com\/larevistadigital.com.ar\/blog\/wp-content\/uploads\/1619700201605.jpg?fit=720%2C400&ssl=1&resize=350%2C200","width":350,"height":200,"srcset":"https:\/\/i0.wp.com\/larevistadigital.com.ar\/blog\/wp-content\/uploads\/1619700201605.jpg?fit=720%2C400&ssl=1&resize=350%2C200 1x, https:\/\/i0.wp.com\/larevistadigital.com.ar\/blog\/wp-content\/uploads\/1619700201605.jpg?fit=720%2C400&ssl=1&resize=525%2C300 1.5x, https:\/\/i0.wp.com\/larevistadigital.com.ar\/blog\/wp-content\/uploads\/1619700201605.jpg?fit=720%2C400&ssl=1&resize=700%2C400 2x"},"classes":[]},{"id":31284,"url":"https:\/\/larevistadigital.com.ar\/blog\/mar-del-plata-tiraron-gas-pimienta-en-una-escuela-y-dos-chicas-debieron-ser-trasladadas-al-hospital\/","url_meta":{"origin":30667,"position":3},"title":"MAR DEL PLATA: TIRARON GAS PIMIENTA EN UNA ESCUELA Y DOS CHICAS DEBIERON SER TRASLADADAS AL HOSPITAL","author":"Alejandro Sosa Ruda","date":"28 abril, 2023","format":false,"excerpt":"Tienen 13 y 14 a\u00f1os. Ocurri\u00f3 esta ma\u00f1ana en la Escuela Secundaria 81 en el barrio Las Avenidas. A una de ellas le tuvieron que dar ox\u00edgeno. 28 de abril de 2023 MAR DEL PLATA -\u00a0 Dos adolescentes de 13 y 14 a\u00f1os fueron llevadas a la guardia del Hospital\u2026","rel":"","context":"En \u00abPOLICIALES\u00bb","block_context":{"text":"POLICIALES","link":"https:\/\/larevistadigital.com.ar\/blog\/category\/policiales\/"},"img":{"alt_text":"","src":"https:\/\/i0.wp.com\/larevistadigital.com.ar\/blog\/wp-content\/uploads\/comisaria-mdq.png?fit=812%2C456&ssl=1&resize=350%2C200","width":350,"height":200,"srcset":"https:\/\/i0.wp.com\/larevistadigital.com.ar\/blog\/wp-content\/uploads\/comisaria-mdq.png?fit=812%2C456&ssl=1&resize=350%2C200 1x, https:\/\/i0.wp.com\/larevistadigital.com.ar\/blog\/wp-content\/uploads\/comisaria-mdq.png?fit=812%2C456&ssl=1&resize=525%2C300 1.5x, https:\/\/i0.wp.com\/larevistadigital.com.ar\/blog\/wp-content\/uploads\/comisaria-mdq.png?fit=812%2C456&ssl=1&resize=700%2C400 2x"},"classes":[]},{"id":15827,"url":"https:\/\/larevistadigital.com.ar\/blog\/carlos-68-anos-necesita-un-tubo-de-oxigeno-para-no-morir-pide-ayuda-porquqe-no-se-lo-dan\/","url_meta":{"origin":30667,"position":4},"title":"CARLOS, 68 A\u00d1OS: NECESITA UN TUBO DE OXIGENO PARA NO MORIR. PIDE AYUDA PORQUQE NO SE LO DAN","author":"Alejandro Sosa Ruda","date":"26 junio, 2020","format":false,"excerpt":"Tiene 68 a\u00f1os y desde hace casi 4 necesita ox\u00edgeno liquido para vivir. Con el\u00a0comienzo\u00a0la pandemia por coronavirus,\u00a0los problemas con su obra social se multiplicaron. El\u00a0tanque que debe tener a disposici\u00f3n, est\u00e1 vac\u00edo hace casi 60 d\u00edas. Ahora est\u00e1 conectado provisoriamente a un pulmotor que le prest\u00f3 un vecino, pero\u2026","rel":"","context":"En \u00abINTERES GENERAL\u00bb","block_context":{"text":"INTERES GENERAL","link":"https:\/\/larevistadigital.com.ar\/blog\/category\/interes-general\/"},"img":{"alt_text":"","src":"https:\/\/i0.wp.com\/larevistadigital.com.ar\/blog\/wp-content\/uploads\/Whats-App-Image-2020-06-25-at-16-07-18.jpg?fit=600%2C828&ssl=1&resize=350%2C200","width":350,"height":200,"srcset":"https:\/\/i0.wp.com\/larevistadigital.com.ar\/blog\/wp-content\/uploads\/Whats-App-Image-2020-06-25-at-16-07-18.jpg?fit=600%2C828&ssl=1&resize=350%2C200 1x, https:\/\/i0.wp.com\/larevistadigital.com.ar\/blog\/wp-content\/uploads\/Whats-App-Image-2020-06-25-at-16-07-18.jpg?fit=600%2C828&ssl=1&resize=525%2C300 1.5x"},"classes":[]},{"id":25102,"url":"https:\/\/larevistadigital.com.ar\/blog\/dos-jovenes-murieron-intoxicados-en-un-campo\/","url_meta":{"origin":30667,"position":5},"title":"DOS JOVENES MURIERON INTOXICADOS EN UN CAMPO","author":"Alejandro Sosa Ruda","date":"16 abril, 2022","format":false,"excerpt":"LINCOLN -\u00a0 Un tr\u00e1gico suceso ocurri\u00f3 en un establecimiento rural de del Partido de Lincoln, donde cuatro j\u00f3venes se intoxicaron con mon\u00f3xido de carbono. Lamentablemente uno falleci\u00f3 en el lugar, mientras que los otros tres debieron ser trasladados al hospital municipal de la localidad y horas m\u00e1s tarde se confirm\u00f3\u2026","rel":"","context":"En \u00abPOLICIALES\u00bb","block_context":{"text":"POLICIALES","link":"https:\/\/larevistadigital.com.ar\/blog\/category\/policiales\/"},"img":{"alt_text":"","src":"https:\/\/i0.wp.com\/larevistadigital.com.ar\/blog\/wp-content\/uploads\/f02e4e65462021e494b95d0ff2b4861798b10a5f.jpg?fit=1140%2C595&ssl=1&resize=350%2C200","width":350,"height":200,"srcset":"https:\/\/i0.wp.com\/larevistadigital.com.ar\/blog\/wp-content\/uploads\/f02e4e65462021e494b95d0ff2b4861798b10a5f.jpg?fit=1140%2C595&ssl=1&resize=350%2C200 1x, https:\/\/i0.wp.com\/larevistadigital.com.ar\/blog\/wp-content\/uploads\/f02e4e65462021e494b95d0ff2b4861798b10a5f.jpg?fit=1140%2C595&ssl=1&resize=525%2C300 1.5x, https:\/\/i0.wp.com\/larevistadigital.com.ar\/blog\/wp-content\/uploads\/f02e4e65462021e494b95d0ff2b4861798b10a5f.jpg?fit=1140%2C595&ssl=1&resize=700%2C400 2x, https:\/\/i0.wp.com\/larevistadigital.com.ar\/blog\/wp-content\/uploads\/f02e4e65462021e494b95d0ff2b4861798b10a5f.jpg?fit=1140%2C595&ssl=1&resize=1050%2C600 3x"},"classes":[]}],"_links":{"self":[{"href":"https:\/\/larevistadigital.com.ar\/blog\/wp-json\/wp\/v2\/posts\/30667","targetHints":{"allow":["GET"]}}],"collection":[{"href":"https:\/\/larevistadigital.com.ar\/blog\/wp-json\/wp\/v2\/posts"}],"about":[{"href":"https:\/\/larevistadigital.com.ar\/blog\/wp-json\/wp\/v2\/types\/post"}],"author":[{"embeddable":true,"href":"https:\/\/larevistadigital.com.ar\/blog\/wp-json\/wp\/v2\/users\/3"}],"replies":[{"embeddable":true,"href":"https:\/\/larevistadigital.com.ar\/blog\/wp-json\/wp\/v2\/comments?post=30667"}],"version-history":[{"count":1,"href":"https:\/\/larevistadigital.com.ar\/blog\/wp-json\/wp\/v2\/posts\/30667\/revisions"}],"predecessor-version":[{"id":30669,"href":"https:\/\/larevistadigital.com.ar\/blog\/wp-json\/wp\/v2\/posts\/30667\/revisions\/30669"}],"wp:featuredmedia":[{"embeddable":true,"href":"https:\/\/larevistadigital.com.ar\/blog\/wp-json\/wp\/v2\/media\/30668"}],"wp:attachment":[{"href":"https:\/\/larevistadigital.com.ar\/blog\/wp-json\/wp\/v2\/media?parent=30667"}],"wp:term":[{"taxonomy":"category","embeddable":true,"href":"https:\/\/larevistadigital.com.ar\/blog\/wp-json\/wp\/v2\/categories?post=30667"},{"taxonomy":"post_tag","embeddable":true,"href":"https:\/\/larevistadigital.com.ar\/blog\/wp-json\/wp\/v2\/tags?post=30667"}],"curies":[{"name":"wp","href":"https:\/\/api.w.org\/{rel}","templated":true}]}}