{"id":30670,"date":"2023-03-22T12:29:03","date_gmt":"2023-03-22T12:29:03","guid":{"rendered":"https:\/\/larevistadigital.com.ar\/blog\/?p=30670"},"modified":"2023-03-22T12:29:03","modified_gmt":"2023-03-22T12:29:03","slug":"esto-paso-un-dia-como-hoy-22-de-marzo","status":"publish","type":"post","link":"https:\/\/larevistadigital.com.ar\/blog\/esto-paso-un-dia-como-hoy-22-de-marzo\/","title":{"rendered":"ESTO PAS\u00d3 UN D\u00cdA COMO HOY, 22 DE MARZO"},"content":{"rendered":"<p class=\"paragraph\" data-mrf-recirculation=\"Links inline\">Desde un peque\u00f1o hecho, hasta enormes acontecimientos, pueden convertir\u00a0<b>un d\u00eda cualquiera<\/b>\u00a0en una\u00a0<b>fecha hist\u00f3rica<\/b>\u00a0para un pa\u00eds e incluso para la humanidad:\u00a0<b>las efem\u00e9rides<\/b>.<\/p>\n<p class=\"paragraph\" data-mrf-recirculation=\"Links inline\">Estas fechas especiales incluyen\u00a0<b>hechos afortunados o infames desgracias<\/b>\u00a0que han marcado la historia, as\u00ed como los\u00a0<b>nacimientos y muertes<\/b>\u00a0de grandes cient\u00edficos, artistas, pensadores o l\u00edderes sociales y hasta\u00a0<b>descubrimientos e inventos<\/b>.<\/p>\n<div class=\"inline ad-wrapper\">\n<div class=\"dfpAd ad-inline\">\n<div id=\"infobae\/noticias\/nota\/inline\" class=\"infobae\/noticias\/nota\/inline arcad\" data-google-query-id=\"CJ2u-p7E7_0CFfq0lQIdHwIN_g\">\n<div id=\"google_ads_iframe_\/1058609\/infobae\/noticias\/nota\/inline_0__container__\"><\/div>\n<\/div>\n<\/div>\n<\/div>\n<p class=\"paragraph\" data-mrf-recirculation=\"Links inline\">Estas fechas pasan a convertirse en d\u00edas marcados en los calendarios con el fin de mantener vivos los recuerdos de c\u00f3mo se transforma el mundo y qu\u00e9 ha pasado en \u00e9l para que sea como hoy en d\u00eda lo conocemos, al tiempo que el ser humano entienda su propia historia.<\/p>\n<p class=\"paragraph\" data-mrf-recirculation=\"Links inline\">Para que no olvides los acontecimientos m\u00e1s importantes que est\u00e1n por conmemorarse, ac\u00e1 te presentamos\u00a0<b>las efem\u00e9rides m\u00e1s relevantes de este 22 de marzo<\/b>.<\/p>\n<p class=\"paragraph\" data-mrf-recirculation=\"Links inline\"><b>950<\/b>: En Espa\u00f1a, el califa Abd al-Rahman III ordena ejecutar a Abu Abd Allah Ibn Abd al-Barr por haber intervenido en una conspiraci\u00f3n contra \u00e9l.<\/p>\n<p class=\"paragraph\" data-mrf-recirculation=\"Links inline\"><b>1018<\/b>: En la sala caliente de los ba\u00f1os califales del Alc\u00e1zar andalus\u00ed de C\u00f3rdoba, es asesinado el califa Al\u00ed ben Hamud al-N\u00e1sir a manos de sus propios sirvientes.<\/p>\n<p class=\"paragraph\" data-mrf-recirculation=\"Links inline\"><b>1312<\/b>: En Roma (Italia), el papa Clemente V publica la bula Vox in excelso, en que suprime la Orden del Temple.<\/p>\n<p class=\"paragraph\" data-mrf-recirculation=\"Links inline\"><b>1369<\/b>: En Espa\u00f1a, Enrique de Trast\u00e1mara \u2014ayudado por el guerrero franc\u00e9s Bertrand Du Guesclin\u2014 mata a su hermanastro Pedro\u00a0I, rey de Castilla y Le\u00f3n.<\/p>\n<p class=\"paragraph\" data-mrf-recirculation=\"Links inline\"><b>1506<\/b>: En Denia, Fernando el Cat\u00f3lico (53), viudo de Isabel I de Castilla se casa con Germana de Foix (17), sobrina del rey franc\u00e9s Luis XII.<\/p>\n<p class=\"paragraph\" data-mrf-recirculation=\"Links inline\"><b>1508<\/b>: En Espa\u00f1a, Fernando el Cat\u00f3lico nombra a Am\u00e9rico Vespucio piloto mayor de Castilla.<\/p>\n<p class=\"paragraph\" data-mrf-recirculation=\"Links inline\"><b>1518<\/b>: En Valladolid, el navegante portugu\u00e9s Fernando de Magallanes firma unas capitulaciones por las que es nombrado capit\u00e1n general de la Armada y gobernador de las tierras que se descubran.<\/p>\n<p class=\"paragraph\" data-mrf-recirculation=\"Links inline\"><b>1594<\/b>: Par\u00eds \u2014baluarte de la Liga Cat\u00f3lica y ocupada dos a\u00f1os antes por las tropas espa\u00f1olas\u2014 se entrega y Enrique IV de Francia hace su entrada triunfal. El nuevo rey de Francia hab\u00eda sido consagrado en su cargo el 27 de febrero, despu\u00e9s de haber abjurado del protestantismo y abrazado el catolicismo como medio para conseguir la corona de Francia, as\u00ed como su pacificaci\u00f3n.<\/p>\n<p class=\"paragraph\" data-mrf-recirculation=\"Links inline\"><b>1618<\/b>: El papa Paulo V concede el capelo cardenalicio al duque de Lerma, que lo hab\u00eda solicitado como protecci\u00f3n ante el juicio por el asesinato de Francisco Juara por Rodrigo Calder\u00f3n, confidente de Lerma.<\/p>\n<p class=\"paragraph\" data-mrf-recirculation=\"Links inline\"><b>1793<\/b>: La Confederaci\u00f3n alemana declara la guerra a Francia.<\/p>\n<p class=\"paragraph\" data-mrf-recirculation=\"Links inline\"><b>1798<\/b>: En Austria se proclama la Rep\u00fablica Helv\u00e9tica.<\/p>\n<p class=\"paragraph\" data-mrf-recirculation=\"Links inline\"><b>1814<\/b>: Los franceses ponen al monarca espa\u00f1ol Fernando VII en manos del general Copons, quien lo escolta hasta Gerona, donde se le entrega el documento firmado por la Regencia el 2 de febrero. Pero los liberales, faltos de apoyo por parte de las autoridades civiles y militares que entran en contacto con el monarca, pierden pronto la iniciativa.<\/p>\n<p class=\"paragraph\" data-mrf-recirculation=\"Links inline\"><b>1832<\/b>: En Par\u00eds se desata una epidemia de c\u00f3lera, que ocasiona un gran n\u00famero de v\u00edctimas.<\/p>\n<p class=\"paragraph\" data-mrf-recirculation=\"Links inline\"><b>1835<\/b>: En el Teatro del Pr\u00edncipe (de Madrid) se estrena Don \u00c1lvaro o la fuerza del sino, del Duque de Rivas, lo que supuso el triunfo definitivo del romanticismo en Espa\u00f1a.<\/p>\n<p class=\"paragraph\" data-mrf-recirculation=\"Links inline\"><b>1848<\/b>: En la Plaza Mayor de Madrid se instala la estatua de Felipe III.<\/p>\n<p class=\"paragraph\" data-mrf-recirculation=\"Links inline\"><b>1859<\/b>: En Ecuador, el volc\u00e1n Pichincha entra en erupci\u00f3n destruyendo la capital, Quito.<\/p>\n<p class=\"paragraph\" data-mrf-recirculation=\"Links inline\"><b>1873<\/b>: En Puerto Rico se sanciona la Ley de la Abolici\u00f3n de la Esclavitud.<\/p>\n<p class=\"paragraph\" data-mrf-recirculation=\"Links inline\"><b>1887<\/b>: En Colombia se funda el peri\u00f3dico diario El Espectador.<\/p>\n<p class=\"paragraph\" data-mrf-recirculation=\"Links inline\"><b>1895<\/b>: Los hermanos Lumi\u00e8re (Auguste y Louis) dan la primera exhibici\u00f3n de una pel\u00edcula cinematogr\u00e1fica.<\/p>\n<p class=\"paragraph\" data-mrf-recirculation=\"Links inline\"><b>1902<\/b>: Firma de un acuerdo entre el Reino Unido y Persia para construir una l\u00ednea telegr\u00e1fica entre Europa y la India.<\/p>\n<p class=\"paragraph\" data-mrf-recirculation=\"Links inline\"><b>1903<\/b>: En las cercan\u00edas de Galerazamba (Colombia), una erupci\u00f3n volc\u00e1nica provoca importantes da\u00f1os.<\/p>\n<p class=\"paragraph\" data-mrf-recirculation=\"Links inline\"><b>1903<\/b>: El informe solicitado por Theodore Roosevelt a la comisi\u00f3n sobre el carb\u00f3n recomienda una reducci\u00f3n del tiempo de trabajo y un aumento del 10\u00a0% en los salarios de los mineros estadounidenses.<\/p>\n<p class=\"paragraph\" data-mrf-recirculation=\"Links inline\"><b>1904<\/b>: El peri\u00f3dico estadounidense Daily Illustrated Mirror publica por primera vez en la historia una fotograf\u00eda en color.<\/p>\n<p class=\"paragraph\" data-mrf-recirculation=\"Links inline\"><b>1905<\/b>: Los mineros brit\u00e1nicos del carb\u00f3n menores de 18 a\u00f1os obtienen la jornada diaria de 8 horas.<\/p>\n<p class=\"paragraph\" data-mrf-recirculation=\"Links inline\"><b>1911<\/b>: En Kiel (Alemania) se procede a la botadura del acorazado SMS Kaiser, l\u00edder de su clase de acorazados de la Kaiserliche Marine y primer acorazado alem\u00e1n en usar turbinas a vapor. El d\u00eda de su botadura fue escogido para que coincidiera con el cumplea\u00f1os del Kaiser Guillermo I de Alemania.<\/p>\n<p class=\"paragraph\" data-mrf-recirculation=\"Links inline\"><b>1918<\/b>: Antonio Maura es elegido nuevo presidente del Gobierno espa\u00f1ol, lo que es acogido en toda Espa\u00f1a con manifestaciones de j\u00fabilo.<\/p>\n<p class=\"paragraph\" data-mrf-recirculation=\"Links inline\"><b>1919<\/b>: En Hungr\u00eda se proclama la Rep\u00fablica sovi\u00e9tica.<\/p>\n<p class=\"paragraph\" data-mrf-recirculation=\"Links inline\"><b>1920<\/b>: En Par\u00eds se re\u00fanen los embajadores y ministros de Asuntos Exteriores de los gobiernos aliados.<\/p>\n<p class=\"paragraph\" data-mrf-recirculation=\"Links inline\"><b>1921<\/b>: En Londres, sir Joseph Chamberlain abandona el Ministerio de Finanzas.<\/p>\n<p class=\"paragraph\" data-mrf-recirculation=\"Links inline\"><b>1923<\/b>: En M\u00e9xico se dictan medidas muy rigurosas con objeto de impedir el contrabando de opio.<\/p>\n<p class=\"paragraph\" data-mrf-recirculation=\"Links inline\"><b>1927<\/b>: Entre Espa\u00f1a y Argentina se crea un servicio radiotelegr\u00e1fico.<\/p>\n<p class=\"paragraph\" data-mrf-recirculation=\"Links inline\"><b>1928<\/b>: Espa\u00f1a se reincorpora a la Sociedad de Naciones.<\/p>\n<p class=\"paragraph\" data-mrf-recirculation=\"Links inline\"><b>1928<\/b>: En M\u00e9xico se produce un violento temblor de tierra.<\/p>\n<p class=\"paragraph\" data-mrf-recirculation=\"Links inline\"><b>1928<\/b>: En la Uni\u00f3n Sovi\u00e9tica se producen disturbios de campesinos para protestar contra la escasez de abastecimientos.<\/p>\n<p class=\"paragraph\" data-mrf-recirculation=\"Links inline\"><b>1932<\/b>: Ram\u00f3n Casanellas, uno de los asesinos de Eduardo Dato, es expulsado de Espa\u00f1a tras ser detenido el 19 de marzo.<\/p>\n<p class=\"paragraph\" data-mrf-recirculation=\"Links inline\"><b>1933<\/b>: En Dachau (a 13 km de M\u00fanich, en el sur de Alemania) se inaugura el campo de concentraci\u00f3n de Dachau, el primer campo de prisioneros de los nazis.<\/p>\n<p class=\"paragraph\" data-mrf-recirculation=\"Links inline\"><b>1933<\/b>: En Estados Unidos \u2015en el marco de la Gran Depresi\u00f3n\u2015, el presidente Franklin Delano Roosevelt firma una enmienda a la ley Volstead \u2015conocida como Ley Cullen-Harrison\u2015, que permite la manufactura y venta de \u00abcerveza\u00a03.2\u00bb (con un 3,2\u00a0% de alcohol por peso, que equivale aproximadamente a un 4\u00a0% de alcohol por volumen) y vinos de bajo contenido alcoh\u00f3lico.<\/p>\n<p class=\"paragraph\" data-mrf-recirculation=\"Links inline\"><b>1934<\/b>: El doctor Gabriel Terra es reelegido presidente de Uruguay.<\/p>\n<p class=\"paragraph\" data-mrf-recirculation=\"Links inline\"><b>1934<\/b>: Juan Ram\u00f3n Jim\u00e9nez retira sus versos de la segunda edici\u00f3n que prepara Gerardo Diego de su antolog\u00eda Poes\u00eda espa\u00f1ola.<\/p>\n<p class=\"paragraph\" data-mrf-recirculation=\"Links inline\"><b>1935<\/b>: La emisora de televisi\u00f3n Paul Nipkow iniciaba su servicio desde el torre de radio de Berl\u00edn.<\/p>\n<p class=\"paragraph\" data-mrf-recirculation=\"Links inline\"><b>1936<\/b>: En los Andes, el monta\u00f1ero argentino Juan Jorge Link efect\u00faa el primer reconocimiento en solitario del Aconcagua, la cima m\u00e1s alta del continente.<\/p>\n<p class=\"paragraph\" data-mrf-recirculation=\"Links inline\"><b>1941<\/b>: El catedr\u00e1tico londinense de medicina interna Eric Bywaters describe, de manera sistem\u00e1tica, el \u00abs\u00edndrome de aplastamiento\u00bb con mioglobinuria (tinci\u00f3n roja de la orina) e insuficiencia renal.<\/p>\n<p class=\"paragraph\" data-mrf-recirculation=\"Links inline\"><b>1945<\/b>: Se funda la Liga \u00c1rabe.<\/p>\n<p class=\"paragraph\" data-mrf-recirculation=\"Links inline\"><b>1945<\/b>: El doctor Antonio Vallejo-N\u00e1gera publica en Madrid el primer tratado espa\u00f1ol de psiquiatr\u00eda.<\/p>\n<p class=\"paragraph\" data-mrf-recirculation=\"Links inline\"><b>1953<\/b>: En Espa\u00f1a, un decreto del Ministerio de Informaci\u00f3n y Turismo organiza la Filmoteca Nacional.<\/p>\n<p class=\"paragraph\" data-mrf-recirculation=\"Links inline\"><b>1954<\/b>: Tras m\u00e1s de 14 a\u00f1os, vuelve a funcionar el mercado del oro de Londres.<\/p>\n<p class=\"paragraph\" data-mrf-recirculation=\"Links inline\"><b>1955<\/b>: El Instituto Goethe (de Alemania) comienza a conceder hasta la actualidad la prestigiosa Medalla Goethe, premio anual en reconocimiento a la difusi\u00f3n de la lengua y la cultura alemanas.<\/p>\n<p class=\"paragraph\" data-mrf-recirculation=\"Links inline\"><b>1955<\/b>: En el Sitio de pruebas de Nevada, Estados Unidos detona su bomba at\u00f3mica Bee (\u2018abeja\u2019), de 8\u00a0kilotones, la sexta de las 14 de la operaci\u00f3n Teapot. Es la bomba n.\u00ba\u00a057 de las 1132 que Estados Unidos deton\u00f3 entre 1945 y 1992.<\/p>\n<p class=\"paragraph\" data-mrf-recirculation=\"Links inline\"><b>1963<\/b>: En Londres (Reino Unido) se lanza el primer \u00e1lbum, Please Please Me, de la banda brit\u00e1nica The Beatles, que alcanza el n\u00famero uno.<\/p>\n<p class=\"paragraph\" data-mrf-recirculation=\"Links inline\"><b>1965<\/b>: M\u00e9xico y los Estados Unidos firman un acuerdo para resolver el problema de la salinidad del r\u00edo Colorado, que destruye las cosechas mexicanas.<\/p>\n<p class=\"paragraph\" data-mrf-recirculation=\"Links inline\"><b>1965<\/b>: En Rumania, Nicolae Ceau\u015fescu es nombrado primer secretario del PTR.<\/p>\n<p class=\"paragraph\" data-mrf-recirculation=\"Links inline\"><b>1966<\/b>: En el Congo, Mobutu Sese Seko confisca el poder legislativo.<\/p>\n<p class=\"paragraph\" data-mrf-recirculation=\"Links inline\"><b>1968<\/b>: Inicio del movimiento que conducir\u00eda al Mayo franc\u00e9s, con manifestaciones, huelgas y ocupaciones.<\/p>\n<p class=\"paragraph\" data-mrf-recirculation=\"Links inline\"><b>1973<\/b>: El veto de Estados Unidos en el Consejo de Seguridad de la ONU impide nuevas negociaciones sobre el Canal de Panam\u00e1.<\/p>\n<p class=\"paragraph\" data-mrf-recirculation=\"Links inline\"><b>1975<\/b>: En Estocolmo, el tema \u00abDing-A-Dong\u00bb de Teach-In gana por los Pa\u00edses Bajos la XX Edici\u00f3n de Eurovisi\u00f3n.<\/p>\n<p class=\"paragraph\" data-mrf-recirculation=\"Links inline\"><b>1977<\/b>: Espa\u00f1a suspende las relaciones diplom\u00e1ticas con Guinea Ecuatorial tras un ataque verbal de Francisco Mac\u00edas Nguema al gobierno y al rey.<\/p>\n<p class=\"paragraph\" data-mrf-recirculation=\"Links inline\"><b>1979<\/b>: Juan Carlos I inaugura la sede de la Real Academia de la Lengua Gallega.<\/p>\n<p class=\"paragraph\" data-mrf-recirculation=\"Links inline\"><b>1983<\/b>: En Israel es nombrado presidente el laborista Jaim Herzog.<\/p>\n<p class=\"paragraph\" data-mrf-recirculation=\"Links inline\"><b>1984<\/b>: Deja de editarse el Diario de Barcelona, decano de la prensa diaria espa\u00f1ola.<\/p>\n<p class=\"paragraph\" data-mrf-recirculation=\"Links inline\"><b>1984<\/b>: Es clausurado el diario ABC Color de Paraguay por defender la libertad durante la dictadura del general Alfredo Stroessner.<\/p>\n<p class=\"paragraph\" data-mrf-recirculation=\"Links inline\"><b>1984<\/b>: En Chile se restablece el estado de emergencia como consecuencia de los disturbios populares.<\/p>\n<p class=\"paragraph\" data-mrf-recirculation=\"Links inline\"><b>1987<\/b>: En Grecia, la Iglesia ortodoxa griega lanza una campa\u00f1a para oponerse a la expropiaci\u00f3n de sus tierras por parte del gobierno.<\/p>\n<p class=\"paragraph\" data-mrf-recirculation=\"Links inline\"><b>1989<\/b>: En el L\u00edbano, m\u00e1s de cien mil personas abandonan Beirut, ciudad sometida a continuos bombardeos por parte del ej\u00e9rcito sirio y sus aliados de las facciones musulmanas drusas, en lucha con las fuerzas cristianas del general Michel Aoun.<\/p>\n<p class=\"paragraph\" data-mrf-recirculation=\"Links inline\"><b>1989<\/b>: Una vez ca\u00edda la dictadura de Alfredo Stroessner, el diario ABC Color de Paraguay reinicia sus ediciones tras ser clausurada un 22 de marzo de 1984.<\/p>\n<p class=\"paragraph\" data-mrf-recirculation=\"Links inline\"><b>1990<\/b>: En Anchorage (Alaska), el capit\u00e1n del barco superpetrolero Exxon Valdez es condenado tan solo al pago de una multa en met\u00e1lico. Tras sufrir una aver\u00eda, el barco a su mando desencaden\u00f3 una marea negra en la costa de Alaska el 24 de marzo de 1989.<\/p>\n<p class=\"paragraph\" data-mrf-recirculation=\"Links inline\"><b>1993<\/b>: En Espa\u00f1a, el juez del Tribunal Supremo, Marino Barbero, recibe el informe de unos peritos de Hacienda referido al esc\u00e1ndalo Filesa, en el que se afirma que esta empresa recibi\u00f3 m\u00e1s de mil millones de pesetas por informes inexistentes y que al parecer realiz\u00f3 pagos para financiar al PSOE.<\/p>\n<p class=\"paragraph\" data-mrf-recirculation=\"Links inline\"><b>1993<\/b>: La Asamblea General de las Naciones Unidas, declara este d\u00eda como el D\u00eda Mundial del Agua.<\/p>\n<p class=\"paragraph\" data-mrf-recirculation=\"Links inline\"><b>1994<\/b>: En la Ciudad del Vaticano, Juan Pablo II emite un nuevo documento papal que proh\u00edbe a los sacerdotes la militancia pol\u00edtica y sindical.<\/p>\n<p class=\"paragraph\" data-mrf-recirculation=\"Links inline\"><b>1994<\/b>: El grupo estadounidense de groove metal Pantera publica su aclamado \u00e1lbum de estudio Far Beyond Driven.<\/p>\n<p class=\"paragraph\" data-mrf-recirculation=\"Links inline\"><b>1997<\/b>: El parlamento polaco aprueba por mayor\u00eda la primera constituci\u00f3n democr\u00e1tica desde que el pa\u00eds inici\u00f3 su proceso de transformaciones pol\u00edticas y econ\u00f3micas hace siete a\u00f1os.<\/p>\n<p class=\"paragraph\" data-mrf-recirculation=\"Links inline\"><b>1998<\/b>: La provincia serbia de Kosovo celebra elecciones de manera no autorizada, con una presencia masiva de votantes (85\u00a0%). Obtiene la victoria independentista Liga Democr\u00e1tica Kosovar (LDK), liderada por Ibrahim Rugova.<\/p>\n<p class=\"paragraph\" data-mrf-recirculation=\"Links inline\"><b>1999<\/b>: El secretario general de la OTAN, Javier Solana, recibe plenos poderes de la Alianza para intervenir militarmente en Belgrado si el presidente serbio Milosevic rechazara el plan de paz de Rambouillet.<\/p>\n<p class=\"paragraph\" data-mrf-recirculation=\"Links inline\"><b>2001<\/b>: El presidente macedonio, Boris Trajkovski, anuncia el objetivo de su gobierno de \u00abneutralizar y eliminar a los extremistas albaneses\u00bb que, semanas atr\u00e1s, hab\u00edan iniciado una ofensiva contra el ej\u00e9rcito del pa\u00eds y amenazaban con desatar un nuevo conflicto b\u00e9lico en los Balcanes.<\/p>\n<p class=\"paragraph\" data-mrf-recirculation=\"Links inline\"><b>2002<\/b>: Una jueza brit\u00e1nica autoriza aplicar la eutanasia pasiva a una paciente.<\/p>\n<p class=\"paragraph\" data-mrf-recirculation=\"Links inline\"><b>2002<\/b>: En M\u00e9xico, el Gobierno se enfrenta diplom\u00e1ticamente con el Gobierno de Cuba por primera vez en la historia desde el triunfo de la Revoluci\u00f3n cubana, llevando a un rompimento de relaciones entre las dos naciones.<\/p>\n<p class=\"paragraph\" data-mrf-recirculation=\"Links inline\"><b>2003<\/b>: En Madrid, polic\u00edas y una minor\u00eda de alborotadores se enfrentan al final de una nueva marcha contra la guerra en Irak.<\/p>\n<p class=\"paragraph\" data-mrf-recirculation=\"Links inline\"><b>2004<\/b>: La polic\u00eda espa\u00f1ola detiene a cuatro nuevos sospechosos por su presunta implicaci\u00f3n en los atentados del 11-M.<\/p>\n<p class=\"paragraph\" data-mrf-recirculation=\"Links inline\"><b>2004<\/b>: Se celebra el D\u00eda Mundial del Agua, seg\u00fan la resoluci\u00f3n n.\u00ba\u00a047 de la ONU. El tema elegido para este a\u00f1o es \u00abAgua y Desastres\u00bb.<\/p>\n<p class=\"paragraph\" data-mrf-recirculation=\"Links inline\"><b>2005<\/b>: En Minesota (Estados Unidos), un joven estadounidense \u2014admirador de Hitler\u2014 mata a sus abuelos, a cinco compa\u00f1eros de instituto, a un profesor y un vigilante antes de suicidarse.<\/p>\n<p class=\"paragraph\" data-mrf-recirculation=\"Links inline\"><b>2005<\/b>: Se inaugura el Decenio Internacional del Agua, establecido por la Asamblea General de la Organizaci\u00f3n de las Naciones Unidas (ONU).<\/p>\n<p class=\"paragraph\" data-mrf-recirculation=\"Links inline\"><b>2006<\/b>: En Espa\u00f1a, la banda terrorista ETA declara un alto el fuego permanente.<\/p>\n<p class=\"paragraph\" data-mrf-recirculation=\"Links inline\"><b>2006<\/b>: En Per\u00fa, la justicia condena a V\u00edctor Polay, l\u00edder de la guerrilla T\u00fapac Amaru, a 32\u00a0a\u00f1os de c\u00e1rcel.<\/p>\n<p class=\"paragraph\" data-mrf-recirculation=\"Links inline\"><b>2013<\/b>: La banda de rock, My Chemical Romance, anuncia su separaci\u00f3n a trav\u00e9s de su p\u00e1gina web oficial.<\/p>\n<p class=\"paragraph\" data-mrf-recirculation=\"Links inline\"><b>2014<\/b>: Se desarrollan las Marchas de la Dignidad o 22M en Madrid, una de las manifestaciones m\u00e1s multitudinarias de la historia de Espa\u00f1a y la \u00faltima movilizaci\u00f3n masiva del ciclo de protestas en Espa\u00f1a de 2011-2015<\/p>\n<p class=\"paragraph\" data-mrf-recirculation=\"Links inline\"><b>2015<\/b>: Hubo un sismo de 5,2 grados que se sinti\u00f3 en el centro y norte de Colombia. El epicentro fue en la Mesa de los Santos (Santander).<\/p>\n<p class=\"paragraph\" data-mrf-recirculation=\"Links inline\"><b>2016<\/b>: En B\u00e9lgica, se producen los atentados de Bruselas de marzo de 2016.<\/p>\n<p class=\"paragraph\" data-mrf-recirculation=\"Links inline\"><b>2017<\/b>: En Londres, se produce un atentado en la zona del Palacio de Westminster con el resultado de 4 personas muertas y 20 heridas.<\/p>\n<p class=\"paragraph\" data-mrf-recirculation=\"Links inline\"><b>2020<\/b>: En Croatia, se produce un terremoto de magnitud 5,3.<\/p>\n<h2 class=\"header\"><span style=\"color: #ff0000\">Nacimientos<\/span><\/h2>\n<p class=\"paragraph\" data-mrf-recirculation=\"Links inline\"><b>841<\/b>: Bernardo III de Tolosa, arist\u00f3crata franc\u00e9s (f. 886).<\/p>\n<p class=\"paragraph\" data-mrf-recirculation=\"Links inline\"><b>875<\/b>: Guillermo I de Aquitania, arist\u00f3crata franc\u00e9s (f. 918).<\/p>\n<p class=\"paragraph\" data-mrf-recirculation=\"Links inline\"><b>1212<\/b>: Go-Horikawa, emperador japon\u00e9s (f. 1235).<\/p>\n<p class=\"paragraph\" data-mrf-recirculation=\"Links inline\"><b>1394<\/b>: Ulugh Beg, gobernante tim\u00farida (f. 1449).<\/p>\n<p class=\"paragraph\" data-mrf-recirculation=\"Links inline\"><b>1459<\/b>: Maximiliano I de Habsburgo, Emperador del Sacro Imperio Romano Germ\u00e1nico y Archiduque de Austria (f. 1519).<\/p>\n<p class=\"paragraph\" data-mrf-recirculation=\"Links inline\"><b>1599<\/b>: Anton van Dyck, pintor de origen flamenco afincado en Inglaterra (f. 1641).<\/p>\n<p class=\"paragraph\" data-mrf-recirculation=\"Links inline\"><b>1609<\/b>: Juan\u00a0II, arist\u00f3crata polaco (f. 1672).<\/p>\n<p class=\"paragraph\" data-mrf-recirculation=\"Links inline\"><b>1759<\/b>: Carlota de Holstein-Gottorp, reina sueca (f. 1818).<\/p>\n<p class=\"paragraph\" data-mrf-recirculation=\"Links inline\"><b>1785<\/b>: Adam Sedgwick, ge\u00f3logo brit\u00e1nico (f. 1873).<\/p>\n<p class=\"paragraph\" data-mrf-recirculation=\"Links inline\"><b>1797<\/b>: Guillermo\u00a0I, emperador alem\u00e1n (f. 1888).<\/p>\n<p class=\"paragraph\" data-mrf-recirculation=\"Links inline\"><b>1799<\/b>: Friedrich Argelander, astr\u00f3nomo alem\u00e1n (f. 1875).<\/p>\n<p class=\"paragraph\" data-mrf-recirculation=\"Links inline\"><b>1806<\/b>: Gottlob Ludwig Rabenhorst, bot\u00e1nico alem\u00e1n (f. 1881).<\/p>\n<p class=\"paragraph\" data-mrf-recirculation=\"Links inline\"><b>1817<\/b>: Braxton Bragg, general confederado estadounidense (f. 1876).<\/p>\n<p class=\"paragraph\" data-mrf-recirculation=\"Links inline\"><b>1826<\/b>: Victoriano Cepeda, profesor, militar y pol\u00edtico mexicano (f. 1892).<\/p>\n<p class=\"paragraph\" data-mrf-recirculation=\"Links inline\"><b>1833<\/b>: Manuel Ruiz Zorrilla, pol\u00edtico espa\u00f1ol (f. 1895).<\/p>\n<p class=\"paragraph\" data-mrf-recirculation=\"Links inline\"><b>1838<\/b>: Leopoldo Laussat, pol\u00edtico espa\u00f1ol (f. 1895).<\/p>\n<p class=\"paragraph\" data-mrf-recirculation=\"Links inline\"><b>1842<\/b>: Mykola Lysenko, compositor ucraniano (f. 1912).<\/p>\n<p class=\"paragraph\" data-mrf-recirculation=\"Links inline\"><b>1857<\/b>: Paul Doumer, pol\u00edtico franc\u00e9s (f. 1932).<\/p>\n<p class=\"paragraph\" data-mrf-recirculation=\"Links inline\"><b>1865<\/b>: Alfredo Javaloyes L\u00f3pez, m\u00fasico espa\u00f1ol (f. 1944).<\/p>\n<p class=\"paragraph\" data-mrf-recirculation=\"Links inline\"><b>1866<\/b>: Aquileo Echeverr\u00eda, escritor, periodista y pol\u00edtico costarricense (f. 1909).<\/p>\n<p class=\"paragraph\" data-mrf-recirculation=\"Links inline\"><b>1868<\/b>: Robert Andrews Millikan, f\u00edsico estadounidense, premio nobel de f\u00edsica en 1923 (f. 1953).<\/p>\n<p class=\"paragraph\" data-mrf-recirculation=\"Links inline\"><b>1869<\/b>: Emilio Aguinaldo, primer presidente de Filipinas (f. 1964).<\/p>\n<p class=\"paragraph\" data-mrf-recirculation=\"Links inline\"><b>1872<\/b>: Salvador Toscano, pionero del cine mexicano (f. 1947).<\/p>\n<p class=\"paragraph\" data-mrf-recirculation=\"Links inline\"><b>1877<\/b>: Jorge Anckerman, pianista, director de orquesta y compositor cubano (f. 1941).<\/p>\n<p class=\"paragraph\" data-mrf-recirculation=\"Links inline\"><b>1887<\/b>: Chico Marx, actor y comediante estadounidense (f. 1961).<\/p>\n<p class=\"paragraph\" data-mrf-recirculation=\"Links inline\"><b>1890<\/b>: Ewald von Kleist-Schmenzin, arist\u00f3crata, abogado y pol\u00edtico conservador alem\u00e1n (f. 1945).<\/p>\n<p class=\"paragraph\" data-mrf-recirculation=\"Links inline\"><b>1891<\/b>: Pedro Bosch Gimpera, prehistoriador espa\u00f1ol (f. 1974).<\/p>\n<p class=\"paragraph\" data-mrf-recirculation=\"Links inline\"><b>1894<\/b>: Osvaldo Licini, pintor (f. 1958).<\/p>\n<p class=\"paragraph\" data-mrf-recirculation=\"Links inline\"><b>1896<\/b>: Pierre Jeanneret, arquitecto y dise\u00f1ador suizo (f. 1967).<\/p>\n<p class=\"paragraph\" data-mrf-recirculation=\"Links inline\"><b>1897<\/b>: Pierre de Gaulle, pol\u00edtico franc\u00e9s (f. 1959).<\/p>\n<p class=\"paragraph\" data-mrf-recirculation=\"Links inline\"><b>1901<\/b>: Francisco \u00cd\u00f1iguez, arquitecto espa\u00f1ol (f. 1982).<\/p>\n<p class=\"paragraph\" data-mrf-recirculation=\"Links inline\"><b>1904<\/b>: Joaqu\u00edn de Entrambasaguas, fil\u00f3logo espa\u00f1ol (f. 1995).<\/p>\n<p class=\"paragraph\" data-mrf-recirculation=\"Links inline\"><b>1907<\/b>: James Gavin, general y embajador estadounidense (f. 1990).<\/p>\n<p class=\"paragraph\" data-mrf-recirculation=\"Links inline\"><b>1907<\/b>: Luc\u00eda dos Santos, monja portuguesa (f. 2005).<\/p>\n<p class=\"paragraph\" data-mrf-recirculation=\"Links inline\"><b>1907<\/b>: Oskar Rudolf Schlag, psicoterapeuta, graf\u00f3logo, escritor y esoterista suizo-alem\u00e1n (f. 1990).<\/p>\n<p class=\"paragraph\" data-mrf-recirculation=\"Links inline\"><b>1908<\/b>: Jack Crawford, tenista australiano (f. 1991).<\/p>\n<p class=\"paragraph\" data-mrf-recirculation=\"Links inline\"><b>1908<\/b>: Louis L&#8217;Amour, escritor estadounidense (f. 1988).<\/p>\n<p class=\"paragraph\" data-mrf-recirculation=\"Links inline\"><b>1909<\/b>: Nathan Rosen, f\u00edsico israel\u00ed (f. 1995).<\/p>\n<p class=\"paragraph\" data-mrf-recirculation=\"Links inline\"><b>1909<\/b>: Gabrielle Roy, escritora canadiense (f. 1983).<\/p>\n<p class=\"paragraph\" data-mrf-recirculation=\"Links inline\"><b>1912<\/b>: Karl Malden, actor estadounidense (f. 2009).<\/p>\n<p class=\"paragraph\" data-mrf-recirculation=\"Links inline\"><b>1912<\/b>: Agn\u00e8s Martin, pintora estadounidense (f. 2004).<\/p>\n<p class=\"paragraph\" data-mrf-recirculation=\"Links inline\"><b>1918<\/b>: Cheddi Jagan, pol\u00edtico guyan\u00e9s (f. 1997).<\/p>\n<p class=\"paragraph\" data-mrf-recirculation=\"Links inline\"><b>1918<\/b>: Edward Van Dijck, ciclista belga (f. 1977).<\/p>\n<p class=\"paragraph\" data-mrf-recirculation=\"Links inline\"><b>1919<\/b>: Isidora Aguirre, escritora chilena (f. 2011).<\/p>\n<p class=\"paragraph\" data-mrf-recirculation=\"Links inline\"><b>1920<\/b>: Ross Martin, actor estadounidense (f. 1981).<\/p>\n<p class=\"paragraph\" data-mrf-recirculation=\"Links inline\"><b>1921<\/b>: Nino Manfredi, actor italiano (f. 2004).<\/p>\n<p class=\"paragraph\" data-mrf-recirculation=\"Links inline\"><b>1923<\/b>: Marcel Marceau, actor y mimo franc\u00e9s (f. 2007).<\/p>\n<p class=\"paragraph\" data-mrf-recirculation=\"Links inline\"><b>1926<\/b>: Franca Falcucci, pol\u00edtica italiana (f. 2014).<\/p>\n<p class=\"paragraph\" data-mrf-recirculation=\"Links inline\"><b>1927<\/b>: Antonio Isasi-Isasmendi, director de cine espa\u00f1ol (f. 2017).<\/p>\n<p class=\"paragraph\" data-mrf-recirculation=\"Links inline\"><b>1928<\/b>: Ed Macauley, baloncestista estadounidense (f. 2011).<\/p>\n<p class=\"paragraph\" data-mrf-recirculation=\"Links inline\"><b>1930<\/b>: Pat Robertson, evangelista televisivo estadounidense.<\/p>\n<p class=\"paragraph\" data-mrf-recirculation=\"Links inline\"><b>1930<\/b>: Stephen Sondheim, compositor y letrista estadounidense.<\/p>\n<p class=\"paragraph\" data-mrf-recirculation=\"Links inline\"><b>1930<\/b>: Eythor Thorlaksson, guitarrista island\u00e9s (f. 2018).<\/p>\n<p class=\"paragraph\" data-mrf-recirculation=\"Links inline\"><b>1931<\/b>: Carlos Ferrer Salat, empresario espa\u00f1ol (f. 1998).<\/p>\n<p class=\"paragraph\" data-mrf-recirculation=\"Links inline\"><b>1931<\/b>: Burton Richter, f\u00edsico estadounidense, premio Nobel de F\u00edsica en 1976 (f. 2018).<\/p>\n<p class=\"paragraph\" data-mrf-recirculation=\"Links inline\"><b>1931<\/b>: William Shatner, actor canadiense.<\/p>\n<p class=\"paragraph\" data-mrf-recirculation=\"Links inline\"><b>1933<\/b>: Abolhassan Banisadr, presidente iran\u00ed.<\/p>\n<p class=\"paragraph\" data-mrf-recirculation=\"Links inline\"><b>1933<\/b>: May Britt, actriz sueca.<\/p>\n<p class=\"paragraph\" data-mrf-recirculation=\"Links inline\"><b>1933<\/b>: Linden Chiles, actor estadounidense (f. 2013).<\/p>\n<p class=\"paragraph\" data-mrf-recirculation=\"Links inline\"><b>1933<\/b>: Evaristo Macedo, futbolista brasile\u00f1o.<\/p>\n<p class=\"paragraph\" data-mrf-recirculation=\"Links inline\"><b>1934<\/b>: Orrin Hatch, pol\u00edtico estadounidense.<\/p>\n<p class=\"paragraph\" data-mrf-recirculation=\"Links inline\"><b>1936<\/b>: Roger Whittaker, cantante brit\u00e1nico.<\/p>\n<p class=\"paragraph\" data-mrf-recirculation=\"Links inline\"><b>1937<\/b>: Angelo Badalamenti, compositor estadounidense.<\/p>\n<p class=\"paragraph\" data-mrf-recirculation=\"Links inline\"><b>1937<\/b>: Armin Hary, atleta alem\u00e1n.<\/p>\n<p class=\"paragraph\" data-mrf-recirculation=\"Links inline\"><b>1939<\/b>: Jorge Ben Jor, m\u00fasico brasile\u00f1o.<\/p>\n<p class=\"paragraph\" data-mrf-recirculation=\"Links inline\"><b>1940<\/b>: Haing S. Ngor, actor camboyano (f. 1996).<\/p>\n<p class=\"paragraph\" data-mrf-recirculation=\"Links inline\"><b>1941<\/b>: Bruno Ganz, actor suizo (f. 2019).<\/p>\n<p class=\"paragraph\" data-mrf-recirculation=\"Links inline\"><b>1942<\/b>: Leo Dan, cantante argentino.<\/p>\n<p class=\"paragraph\" data-mrf-recirculation=\"Links inline\"><b>1943<\/b>: George Benson, guitarrista estadounidense de jazz.<\/p>\n<p class=\"paragraph\" data-mrf-recirculation=\"Links inline\"><b>1943<\/b>: Keith Relf, m\u00fasico brit\u00e1nico, de la banda The Yardbirds (f. 1976).<\/p>\n<p class=\"paragraph\" data-mrf-recirculation=\"Links inline\"><b>1943<\/b>: Vittorio Corbo, economista chileno.<\/p>\n<p class=\"paragraph\" data-mrf-recirculation=\"Links inline\"><b>1944<\/b>: Francisco Huenchumilla, abogado chileno.<\/p>\n<p class=\"paragraph\" data-mrf-recirculation=\"Links inline\"><b>1945<\/b>: Agust\u00edn Mario Cejas, futbolista argentino (f. 2015).<\/p>\n<p class=\"paragraph\" data-mrf-recirculation=\"Links inline\"><b>1948<\/b>: Andrew Lloyd Webber, compositor brit\u00e1nico.<\/p>\n<p class=\"paragraph\" data-mrf-recirculation=\"Links inline\"><b>1949<\/b>: Fanny Ardant, actriz francesa.<\/p>\n<p class=\"paragraph\" data-mrf-recirculation=\"Links inline\"><b>1949<\/b>: John Toshack, entrenador brit\u00e1nico de f\u00fatbol.<\/p>\n<p class=\"paragraph\" data-mrf-recirculation=\"Links inline\"><b>1953<\/b>: Isadora, cantautora colombiana.<\/p>\n<p class=\"paragraph\" data-mrf-recirculation=\"Links inline\"><b>1954<\/b>: \u00c1lvaro Garc\u00eda Hurtado, economista y pol\u00edtico chileno.<\/p>\n<p class=\"paragraph\" data-mrf-recirculation=\"Links inline\"><b>1955<\/b>: Lena Olin, actriz sueca.<\/p>\n<p class=\"paragraph\" data-mrf-recirculation=\"Links inline\"><b>1955<\/b>: Tuqui, artista, conductor de televisi\u00f3n y humorista argentino (f. 2019).<\/p>\n<p class=\"paragraph\" data-mrf-recirculation=\"Links inline\"><b>1955<\/b>: Valdis Zatlers, pol\u00edtico y expresidente let\u00f3n.<\/p>\n<p class=\"paragraph\" data-mrf-recirculation=\"Links inline\"><b>1956<\/b>: Mar\u00eda Teresa Mestre, arist\u00f3crata luxemburguesa.<\/p>\n<p class=\"paragraph\" data-mrf-recirculation=\"Links inline\"><b>1959<\/b>: Carlton Cuse, guionista mexicano-estadounidense.<\/p>\n<p class=\"paragraph\" data-mrf-recirculation=\"Links inline\"><b>1959<\/b>: Matthew Modine, actor estadounidense.<\/p>\n<p class=\"paragraph\" data-mrf-recirculation=\"Links inline\"><b>1959<\/b>: Roberto Ballesteros, actor peruano.<\/p>\n<p class=\"paragraph\" data-mrf-recirculation=\"Links inline\"><b>1960<\/b>: Juli\u00e1n Gorospe, ciclista espa\u00f1ol.<\/p>\n<p class=\"paragraph\" data-mrf-recirculation=\"Links inline\"><b>1962<\/b>: Francesco Quinn, actor italo-estadounidense (f. 2011).<\/p>\n<p class=\"paragraph\" data-mrf-recirculation=\"Links inline\"><b>1963<\/b>: Mart\u00edn Vizcarra, pol\u00edtico peruano, presidente de Per\u00fa entre 2018 y 2020.<\/p>\n<p class=\"paragraph\" data-mrf-recirculation=\"Links inline\"><b>1966<\/b>: Brian Shaw, baloncestista estadounidense.<\/p>\n<p class=\"paragraph\" data-mrf-recirculation=\"Links inline\"><b>1967<\/b>: Mario Cipollini, ciclista italiano.<\/p>\n<p class=\"paragraph\" data-mrf-recirculation=\"Links inline\"><b>1967<\/b>: Pepe Monje, actor argentino.<\/p>\n<p class=\"paragraph\" data-mrf-recirculation=\"Links inline\"><b>1968<\/b>: Euronymous, guitarrista noruego, de la banda Mayhem (f. 1993).<\/p>\n<p class=\"paragraph\" data-mrf-recirculation=\"Links inline\"><b>1969<\/b>: Emmanuel del Real, tecladista, cantante, guitarrista y productor mexicano, miembro de Caf\u00e9 Tacvba.<\/p>\n<p class=\"paragraph\" data-mrf-recirculation=\"Links inline\"><b>1970<\/b>: Andreas Johnson, cantante sueco.<\/p>\n<p class=\"paragraph\" data-mrf-recirculation=\"Links inline\"><b>1970<\/b>: Leontien van Moorsel, ciclista neerlandesa.<\/p>\n<p class=\"paragraph\" data-mrf-recirculation=\"Links inline\"><b>1972<\/b>: Shawn Bradley, baloncestista estadounidense.<\/p>\n<p class=\"paragraph\" data-mrf-recirculation=\"Links inline\"><b>1972<\/b>: Cory Lidle, beisbolista estadounidense (f. 2006).<\/p>\n<p class=\"paragraph\" data-mrf-recirculation=\"Links inline\"><b>1973<\/b>: Beverley Knight, cantante brit\u00e1nica.<\/p>\n<p class=\"paragraph\" data-mrf-recirculation=\"Links inline\"><b>1973<\/b>: Mauro Szeta, periodista argentino.<\/p>\n<p class=\"paragraph\" data-mrf-recirculation=\"Links inline\"><b>1974<\/b>: Marcus Camby, baloncestista estadounidense.<\/p>\n<p class=\"paragraph\" data-mrf-recirculation=\"Links inline\"><b>1974<\/b>: Ricardo Harris, futbolista costarricense.<\/p>\n<p class=\"paragraph\" data-mrf-recirculation=\"Links inline\"><b>1975<\/b>: Eugenia Guerty, actriz argentina.<\/p>\n<p class=\"paragraph\" data-mrf-recirculation=\"Links inline\"><b>1975<\/b>: Cole Hauser, actor estadounidense.<\/p>\n<p class=\"paragraph\" data-mrf-recirculation=\"Links inline\"><b>1975<\/b>: Ji\u0159\u00ed Nov\u00e1k, tenista checo.<\/p>\n<p class=\"paragraph\" data-mrf-recirculation=\"Links inline\"><b>1975<\/b>: Bea Segura, actriz espa\u00f1ola.<\/p>\n<p class=\"paragraph\" data-mrf-recirculation=\"Links inline\"><b>1975<\/b>: Sandra Davi\u00fa, presentadora espa\u00f1ola.<\/p>\n<p class=\"paragraph\" data-mrf-recirculation=\"Links inline\"><b>1976<\/b>: Iker Garai, futbolista espa\u00f1ol.<\/p>\n<p class=\"paragraph\" data-mrf-recirculation=\"Links inline\"><b>1976<\/b>: Reese Witherspoon, actriz estadounidense.<\/p>\n<p class=\"paragraph\" data-mrf-recirculation=\"Links inline\"><b>1976<\/b>: Marbelys Zamora, bailarina y actriz cubana.<\/p>\n<p class=\"paragraph\" data-mrf-recirculation=\"Links inline\"><b>1977<\/b>: Owusu Benson, futbolista ghan\u00e9s.<\/p>\n<p class=\"paragraph\" data-mrf-recirculation=\"Links inline\"><b>1978<\/b>: \u00c1ngela Prieto, actriz chilena<\/p>\n<p class=\"paragraph\" data-mrf-recirculation=\"Links inline\"><b>1979<\/b>: Aldo Duscher, futbolista argentino.<\/p>\n<p class=\"paragraph\" data-mrf-recirculation=\"Links inline\"><b>1979<\/b>: Aaron North, guitarrista estadounidense, de la banda Nine Inch Nails.<\/p>\n<p class=\"paragraph\" data-mrf-recirculation=\"Links inline\"><b>1979<\/b>: Juan Uribe, beisbolista dominicano.<\/p>\n<p class=\"paragraph\" data-mrf-recirculation=\"Links inline\"><b>1981<\/b>: Karina Jelinek, modelo argentina.<\/p>\n<p class=\"paragraph\" data-mrf-recirculation=\"Links inline\"><b>1981<\/b>: Mims, rapero estadounidense.<\/p>\n<p class=\"paragraph\" data-mrf-recirculation=\"Links inline\"><b>1982<\/b>: Alinne Rosa, cantante brasile\u00f1a.<\/p>\n<p class=\"paragraph\" data-mrf-recirculation=\"Links inline\"><b>1982<\/b>: Hugo Catal\u00e1n, actor mexicano.<\/p>\n<p class=\"paragraph\" data-mrf-recirculation=\"Links inline\"><b>1983<\/b>: Miriam Benoit, actriz espa\u00f1ola.<\/p>\n<p class=\"paragraph\" data-mrf-recirculation=\"Links inline\"><b>1984<\/b>: Piotr Trochowski, futbolista alem\u00e1n.<\/p>\n<p class=\"paragraph\" data-mrf-recirculation=\"Links inline\"><b>1984<\/b>: Saidou Panand\u00e9tiguiri, futbolista burkin\u00e9s.<\/p>\n<p class=\"paragraph\" data-mrf-recirculation=\"Links inline\"><b>1987<\/b>: Jessi Uribe, cantante y m\u00fasico colombiano.<\/p>\n<p class=\"paragraph\" data-mrf-recirculation=\"Links inline\"><b>1988<\/b>: Tania Raymonde, actriz estadounidense.<\/p>\n<p class=\"paragraph\" data-mrf-recirculation=\"Links inline\"><b>1989<\/b>: J.J. Watt, jugador de f\u00fatbol americano estadounidense.<\/p>\n<p class=\"paragraph\" data-mrf-recirculation=\"Links inline\"><b>1989<\/b>: Joselito Adame, torero mexicano.<\/p>\n<p class=\"paragraph\" data-mrf-recirculation=\"Links inline\"><b>1992<\/b>: Nao Eguchi, futbolista japon\u00e9s.<\/p>\n<p class=\"paragraph\" data-mrf-recirculation=\"Links inline\"><b>1993<\/b>: Leila Ouahabi, futbolista espa\u00f1ola.<\/p>\n<p class=\"paragraph\" data-mrf-recirculation=\"Links inline\"><b>1994<\/b>: Ha Sung-woon, cantante surcoreano.<\/p>\n<p class=\"paragraph\" data-mrf-recirculation=\"Links inline\"><b>1994<\/b>: Jean-Paul Bo\u00ebtius, futbolista neerland\u00e9s.<\/p>\n<p class=\"paragraph\" data-mrf-recirculation=\"Links inline\"><b>1995<\/b>: Nick Robinson, actor estadounidense.<\/p>\n<p class=\"paragraph\" data-mrf-recirculation=\"Links inline\"><b>1997<\/b>: Mar\u00eda Herazo, es una tenista colombiana.<\/p>\n<p class=\"paragraph\" data-mrf-recirculation=\"Links inline\"><b>1997<\/b>: Alex Meret, futbolista italiano.<\/p>\n<p class=\"paragraph\" data-mrf-recirculation=\"Links inline\"><b>1997<\/b>: Luiz Felipe Ramos Marchi, futbolista brasile\u00f1o.<\/p>\n<p class=\"paragraph\" data-mrf-recirculation=\"Links inline\"><b>1997<\/b>: Harry Wilson, futbolista gal\u00e9s.<\/p>\n<p class=\"paragraph\" data-mrf-recirculation=\"Links inline\"><b>1998<\/b>: Paola Andino, actriz puertorrique\u00f1a.<\/p>\n<p class=\"paragraph\" data-mrf-recirculation=\"Links inline\"><b>1998<\/b>: Mi\u0142osz Szczepa\u0144ski, futbolista polaco.<\/p>\n<p class=\"paragraph\" data-mrf-recirculation=\"Links inline\"><b>1999<\/b>: Mick Schumacher, piloto de automovilismo alem\u00e1n.<\/p>\n<p class=\"paragraph\" data-mrf-recirculation=\"Links inline\"><b>1999<\/b>: Sebastiaan Bornauw, futbolista belga.<\/p>\n<h2 class=\"header\"><span style=\"color: #ff0000\">Fallecimientos<\/span><\/h2>\n<p class=\"paragraph\" data-mrf-recirculation=\"Links inline\"><b>752<\/b>: Zacar\u00edas, papa de Roma entre 741 y 752 (n. 679).<\/p>\n<p class=\"paragraph\" data-mrf-recirculation=\"Links inline\"><b>1018<\/b>: Al\u00ed ben Hamud al-Nasir, califa espa\u00f1ol.<\/p>\n<p class=\"paragraph\" data-mrf-recirculation=\"Links inline\"><b>1090<\/b>: Garc\u00eda de Galicia, rey de Galicia (n. 1042)<\/p>\n<p class=\"paragraph\" data-mrf-recirculation=\"Links inline\"><b>1144<\/b>: Guillermo de Norwich (12), ni\u00f1o ingl\u00e9s cuyo asesinato se atribuy\u00f3 (err\u00f3neamente) a los jud\u00edos (n. 1132).<\/p>\n<p class=\"paragraph\" data-mrf-recirculation=\"Links inline\"><b>1282<\/b>: San Bienvenido, religioso italiano (n. 1188).<\/p>\n<p class=\"paragraph\" data-mrf-recirculation=\"Links inline\"><b>1369<\/b>: Pedro\u00a0I, rey castellano (n. 1334).<\/p>\n<p class=\"paragraph\" data-mrf-recirculation=\"Links inline\"><b>1544<\/b>: Johannes Magnus, \u00faltimo obispo cat\u00f3lico de Suecia (n. 1488).<\/p>\n<p class=\"paragraph\" data-mrf-recirculation=\"Links inline\"><b>1602<\/b>: Agostino Carracci, artista italiano (n. 1557).<\/p>\n<p class=\"paragraph\" data-mrf-recirculation=\"Links inline\"><b>1685<\/b>: Go-Sai, emperador japon\u00e9s (n. 1638).<\/p>\n<p class=\"paragraph\" data-mrf-recirculation=\"Links inline\"><b>1687<\/b>: Jean-Baptiste Lully, compositor franc\u00e9s (n. 1632).<\/p>\n<p class=\"paragraph\" data-mrf-recirculation=\"Links inline\"><b>1727<\/b>: Francesco Gasparini, m\u00fasico italiano (n. 1661).<\/p>\n<p class=\"paragraph\" data-mrf-recirculation=\"Links inline\"><b>1758<\/b>: Jonathan Edwards, te\u00f3logo y misionero estadounidense (n. 1703).<\/p>\n<p class=\"paragraph\" data-mrf-recirculation=\"Links inline\"><b>1772<\/b>: John Canton, f\u00edsico brit\u00e1nico (n. 1718).<\/p>\n<p class=\"paragraph\" data-mrf-recirculation=\"Links inline\"><b>1832<\/b>: Johann Wolfgang von Goethe, fil\u00f3sofo, dramaturgo y poeta alem\u00e1n (n. 1749).<\/p>\n<p class=\"paragraph\" data-mrf-recirculation=\"Links inline\"><b>1851<\/b>: G\u00f6ran Wahlenberg, bot\u00e1nico sueco (n. 1780).<\/p>\n<p class=\"paragraph\" data-mrf-recirculation=\"Links inline\"><b>1855<\/b>: Carl Sigismund Kunth, bot\u00e1nico alem\u00e1n (n. 1788).<\/p>\n<p class=\"paragraph\" data-mrf-recirculation=\"Links inline\"><b>1863<\/b>: Nicomedes Pastor D\u00edaz, escritor espa\u00f1ol (n. 1811).<\/p>\n<p class=\"paragraph\" data-mrf-recirculation=\"Links inline\"><b>1896<\/b>: Thomas Hughes, novelista brit\u00e1nico (n. 1822).<\/p>\n<p class=\"paragraph\" data-mrf-recirculation=\"Links inline\"><b>1904<\/b>: Karl Moritz Schumann, bot\u00e1nico alem\u00e1n (n. 1851).<\/p>\n<p class=\"paragraph\" data-mrf-recirculation=\"Links inline\"><b>1924<\/b>: Vlad\u00edmir Arnoldi, bi\u00f3logo ruso (n. 1871).<\/p>\n<p class=\"paragraph\" data-mrf-recirculation=\"Links inline\"><b>1927<\/b>: Charles Sprague Sargent, bot\u00e1nico estadounidense (n. 1841).<\/p>\n<p class=\"paragraph\" data-mrf-recirculation=\"Links inline\"><b>1946<\/b>: Werner von Blomberg, militar alem\u00e1n (n. 1878).<\/p>\n<p class=\"paragraph\" data-mrf-recirculation=\"Links inline\"><b>1953<\/b>: Jes\u00fas Agust\u00edn Castro, militar y pol\u00edtico mexicano (n. 1887).<\/p>\n<p class=\"paragraph\" data-mrf-recirculation=\"Links inline\"><b>1956<\/b>: Eduardo Lonardi, militar argentino (n. 1896).<\/p>\n<p class=\"paragraph\" data-mrf-recirculation=\"Links inline\"><b>1960<\/b>: Jos\u00e9 Antonio Aguirre, pol\u00edtico espa\u00f1ol (n. 1904).<\/p>\n<p class=\"paragraph\" data-mrf-recirculation=\"Links inline\"><b>1961<\/b>: Fyodor Isidorovich Kuznetsov, militar sovi\u00e9tico (n. 1898).<\/p>\n<p class=\"paragraph\" data-mrf-recirculation=\"Links inline\"><b>1962<\/b>: Fidel D\u00e1vila Arrondo, militar espa\u00f1ol (n. 1878).<\/p>\n<p class=\"paragraph\" data-mrf-recirculation=\"Links inline\"><b>1964<\/b>: Gregorio Jover, anarcosindicalista espa\u00f1ol (n. 1891).<\/p>\n<p class=\"paragraph\" data-mrf-recirculation=\"Links inline\"><b>1974<\/b>: Peter Revson, piloto estadounidense (n. 1939).<\/p>\n<p class=\"paragraph\" data-mrf-recirculation=\"Links inline\"><b>1980<\/b>: Luis Espinal, religioso jesuita, periodista, poeta y cineasta espa\u00f1ol asesinado en Bolivia (n. 1932).<\/p>\n<p class=\"paragraph\" data-mrf-recirculation=\"Links inline\"><b>1982<\/b>: Jacinto Castillo, pintor argentino (n. 1910).<\/p>\n<p class=\"paragraph\" data-mrf-recirculation=\"Links inline\"><b>1986<\/b>: Michele Sindona, banquero italiano (n. 1920).<\/p>\n<p class=\"paragraph\" data-mrf-recirculation=\"Links inline\"><b>1987<\/b>: Eugen Relgis, fil\u00f3sofo, anarquista y pacifista rumano (n. 1895).<\/p>\n<p class=\"paragraph\" data-mrf-recirculation=\"Links inline\"><b>1990<\/b>: Geoffrey Ostergaard, anarquista pacifista ingl\u00e9s (n. 1926).<\/p>\n<p class=\"paragraph\" data-mrf-recirculation=\"Links inline\"><b>1990<\/b>: Bernardo Jaramillo Ossa, l\u00edder colombiano de la Uni\u00f3n Patri\u00f3tica (n. 1956).<\/p>\n<p class=\"paragraph\" data-mrf-recirculation=\"Links inline\"><b>1990<\/b>: Odorico D&#8217;Andrea, fraile franciscano (n. 1916).<\/p>\n<p class=\"paragraph\" data-mrf-recirculation=\"Links inline\"><b>1992<\/b>: Rafael Lorente Escudero, arquitecto uruguayo (n. 1907).<\/p>\n<p class=\"paragraph\" data-mrf-recirculation=\"Links inline\"><b>1994<\/b>: Dan Hartman, productor musical (n. 1950).<\/p>\n<p class=\"paragraph\" data-mrf-recirculation=\"Links inline\"><b>1994<\/b>: Walter Lantz, caricaturista y animador estadounidense, creador del P\u00e1jaro Loco (n. 1899).<\/p>\n<p class=\"paragraph\" data-mrf-recirculation=\"Links inline\"><b>1995<\/b>: Hugo G\u00e1lvez, abogado chileno (n. 1920).<\/p>\n<p class=\"paragraph\" data-mrf-recirculation=\"Links inline\"><b>1999<\/b>: David Strickland, actor estadounidense (n. 1969).<\/p>\n<p class=\"paragraph\" data-mrf-recirculation=\"Links inline\"><b>2001<\/b>: William Hanna, productor y director estadounidense, cofundador (con Joseph Barbera) del estudio de animaci\u00f3n Hanna-Barbera (n. 1910).<\/p>\n<p class=\"paragraph\" data-mrf-recirculation=\"Links inline\"><b>2003<\/b>: Harry Fisher, sindicalista y pol\u00edtico estadounidense (n. 1911).<\/p>\n<p class=\"paragraph\" data-mrf-recirculation=\"Links inline\"><b>2004<\/b>: Germ\u00e1n G\u00f3mez G\u00f3mez, futbolista espa\u00f1ol (n. 1914).<\/p>\n<p class=\"paragraph\" data-mrf-recirculation=\"Links inline\"><b>2004<\/b>: William H. Pickering, astr\u00f3nomo neozeland\u00e9s (n. 1910).<\/p>\n<p class=\"paragraph\" data-mrf-recirculation=\"Links inline\"><b>2005<\/b>: Clemente Dom\u00ednguez, l\u00edder de secta espa\u00f1ol, autoproclamado papa como Gregorio XVII (n. 1946).<\/p>\n<p class=\"paragraph\" data-mrf-recirculation=\"Links inline\"><b>2005<\/b>: Antonio Mill\u00e1n-Puelles, escritor espa\u00f1ol (n. 1921).<\/p>\n<p class=\"paragraph\" data-mrf-recirculation=\"Links inline\"><b>2005<\/b>: Kenz\u014d Tange, arquitecto japon\u00e9s (n. 1913).<\/p>\n<p class=\"paragraph\" data-mrf-recirculation=\"Links inline\"><b>2006<\/b>: Pierre Clostermann, piloto de la Segunda Guerra Mundial (n. 1921).<\/p>\n<p class=\"paragraph\" data-mrf-recirculation=\"Links inline\"><b>2009<\/b>: Jade Goody, empresaria y celebridad televisiva brit\u00e1nica (n. 1981).<\/p>\n<p class=\"paragraph\" data-mrf-recirculation=\"Links inline\"><b>2011<\/b>: Jos\u00e9 Eusebio Soriano, futbolista peruano (n. 1917).<\/p>\n<p class=\"paragraph\" data-mrf-recirculation=\"Links inline\"><b>2013<\/b>: Gerardo Gandini, pianista, compositor y director musical argentino (n. 1936).<\/p>\n<p class=\"paragraph\" data-mrf-recirculation=\"Links inline\"><b>2013<\/b>: Joaqu\u00edn Gonz\u00e1lez Echegaray, arque\u00f3logo espa\u00f1ol (n. 1930).<\/p>\n<p class=\"paragraph\" data-mrf-recirculation=\"Links inline\"><b>2013<\/b>: Bebo Vald\u00e9s, pianista, compositor, arreglista y director de orquesta cubano (n. 1918).<\/p>\n<p class=\"paragraph\" data-mrf-recirculation=\"Links inline\"><b>2016<\/b>: Rob Ford, pol\u00edtico canadiense (n. 1969).<\/p>\n<p class=\"paragraph\" data-mrf-recirculation=\"Links inline\"><b>2018<\/b>: Daryush Shayegan, fil\u00f3sofo, escritor y te\u00f3rico cultural iran\u00ed (n. 1935).<\/p>\n<p class=\"paragraph\" data-mrf-recirculation=\"Links inline\"><b>2019<\/b>: Frans Andriessen, jurista y pol\u00edtico neerland\u00e9s (n. 1929).<\/p>\n<p class=\"paragraph\" data-mrf-recirculation=\"Links inline\"><b>2021<\/b>: Elgin Baylor, baloncestista estadounidense (n. 1934).<\/p>\n","protected":false},"excerpt":{"rendered":"<div class=\"mh-excerpt\"><p>Desde un peque\u00f1o hecho, hasta enormes acontecimientos, pueden convertir\u00a0un d\u00eda cualquiera\u00a0en una\u00a0fecha hist\u00f3rica\u00a0para un pa\u00eds e incluso para la humanidad:\u00a0las efem\u00e9rides. Estas fechas especiales incluyen\u00a0hechos afortunados o infames desgracias\u00a0que han marcado la historia, as\u00ed como <a class=\"mh-excerpt-more\" href=\"https:\/\/larevistadigital.com.ar\/blog\/esto-paso-un-dia-como-hoy-22-de-marzo\/\" title=\"ESTO PAS\u00d3 UN D\u00cdA COMO HOY, 22 DE MARZO\">[Leer M\u00e1s]<\/a><\/p>\n<\/div>","protected":false},"author":3,"featured_media":16747,"comment_status":"open","ping_status":"open","sticky":false,"template":"","format":"standard","meta":{"_jetpack_memberships_contains_paid_content":false,"footnotes":"","jetpack_publicize_message":"","jetpack_publicize_feature_enabled":true,"jetpack_social_post_already_shared":true,"jetpack_social_options":{"image_generator_settings":{"template":"highway","default_image_id":0,"font":"","enabled":false},"version":2}},"categories":[15],"tags":[],"class_list":{"0":"post-30670","1":"post","2":"type-post","3":"status-publish","4":"format-standard","5":"has-post-thumbnail","7":"category-cultura"},"jetpack_publicize_connections":[],"jetpack_featured_media_url":"https:\/\/i0.wp.com\/larevistadigital.com.ar\/blog\/wp-content\/uploads\/LOGO-EFEMERIDES.jpg?fit=1268%2C664&ssl=1","jetpack_sharing_enabled":true,"jetpack_shortlink":"https:\/\/wp.me\/p8qtrQ-7YG","jetpack-related-posts":[{"id":1695,"url":"https:\/\/larevistadigital.com.ar\/blog\/ultimo-momento-messi-sancionado-4-fechas\/","url_meta":{"origin":30670,"position":0},"title":"ULTIMO MOMENTO: MESSI SANCIONADO. 4 FECHAS","author":"Alejandro Sosa Ruda","date":"28 marzo, 2017","format":false,"excerpt":"El futbolista Lionel Messi fue sancionado por la FIFA muy duramente. Le aplicaron 4 fechas de suspensi\u00f3n por infracci\u00f3n a los art\u00edculos 77 y 108 \u00a0del C\u00f3digo de disciplina de la FIFA. De esta manera, el mejor futbolista del mundo se perder\u00e1 de jugar junto al seleccionado nacional las pr\u00f3ximas\u2026","rel":"","context":"En \u00abDESTACADAS\u00bb","block_context":{"text":"DESTACADAS","link":"https:\/\/larevistadigital.com.ar\/blog\/category\/destacadas\/"},"img":{"alt_text":"","src":"https:\/\/i0.wp.com\/larevistadigital.com.ar\/blog\/wp-content\/uploads\/2017\/03\/ST_20170325_SPTARG_3030037.jpg?fit=1200%2C800&ssl=1&resize=350%2C200","width":350,"height":200,"srcset":"https:\/\/i0.wp.com\/larevistadigital.com.ar\/blog\/wp-content\/uploads\/2017\/03\/ST_20170325_SPTARG_3030037.jpg?fit=1200%2C800&ssl=1&resize=350%2C200 1x, https:\/\/i0.wp.com\/larevistadigital.com.ar\/blog\/wp-content\/uploads\/2017\/03\/ST_20170325_SPTARG_3030037.jpg?fit=1200%2C800&ssl=1&resize=525%2C300 1.5x, https:\/\/i0.wp.com\/larevistadigital.com.ar\/blog\/wp-content\/uploads\/2017\/03\/ST_20170325_SPTARG_3030037.jpg?fit=1200%2C800&ssl=1&resize=700%2C400 2x, https:\/\/i0.wp.com\/larevistadigital.com.ar\/blog\/wp-content\/uploads\/2017\/03\/ST_20170325_SPTARG_3030037.jpg?fit=1200%2C800&ssl=1&resize=1050%2C600 3x"},"classes":[]},{"id":21714,"url":"https:\/\/larevistadigital.com.ar\/blog\/video-hasta-cuando-van-a-pasar-estas-cosas-violento-ataque-de-tres-pitbull-a-una-muer-que-pasaba-caminando\/","url_meta":{"origin":30670,"position":1},"title":"[VIDEO] \u00bfHASTA CU\u00c1NDO VAN A PASAR ESTAS COSAS?: VIOLENTO ATAQUE DE TRES PITBULL A UNA MUER QUE PASABA CAMINANDO","author":"Alejandro Sosa Ruda","date":"25 agosto, 2021","format":false,"excerpt":"SAN MART\u00cdN - Una mujer\u00a0de unos 50 a\u00f1os sufri\u00f3 un\u00a0feroz ataque\u00a0por parte de\u00a0tres perros de raza pitbull, cuando caminaba por una vereda de la localidad bonaerense de\u00a0San Mart\u00edn.\u00a0La v\u00edctima recibi\u00f3 varios puntos de sutura en sus miembros. Si no fuera por la r\u00e1pida intervenci\u00f3n de los vecinos, que intentaron alejar\u2026","rel":"","context":"En \u00abINTERES GENERAL\u00bb","block_context":{"text":"INTERES GENERAL","link":"https:\/\/larevistadigital.com.ar\/blog\/category\/interes-general\/"},"img":{"alt_text":"","src":"https:\/\/i0.wp.com\/larevistadigital.com.ar\/blog\/wp-content\/uploads\/ataque-pitbull.jpg?fit=748%2C435&ssl=1&resize=350%2C200","width":350,"height":200,"srcset":"https:\/\/i0.wp.com\/larevistadigital.com.ar\/blog\/wp-content\/uploads\/ataque-pitbull.jpg?fit=748%2C435&ssl=1&resize=350%2C200 1x, https:\/\/i0.wp.com\/larevistadigital.com.ar\/blog\/wp-content\/uploads\/ataque-pitbull.jpg?fit=748%2C435&ssl=1&resize=525%2C300 1.5x, https:\/\/i0.wp.com\/larevistadigital.com.ar\/blog\/wp-content\/uploads\/ataque-pitbull.jpg?fit=748%2C435&ssl=1&resize=700%2C400 2x"},"classes":[]},{"id":38461,"url":"https:\/\/larevistadigital.com.ar\/blog\/chascomus-fechas-de-vencimiento-de-tasas-municipales-en-enero\/","url_meta":{"origin":30670,"position":2},"title":"Chascom\u00fas: Fechas de vencimiento de tasas municipales en enero","author":"Alejandro Sosa Ruda","date":"11 enero, 2025","format":false,"excerpt":"Los contribuyentes podr\u00e1n elegir entre varios sistemas de pago. 11 de Enero de 2025 CHASCOM\u00daS -\u00a0 La Municipalidad de Chascom\u00fas informa que las tasas de Seguridad e Higiene, Servicios Sanitarios y Servicios Rurales, correspondientes al mes de enero tienen como fecha de vencimiento el jueves 16. Los pagos pueden realizarse\u2026","rel":"","context":"En \u00abCHASCOM\u00daS\u00bb","block_context":{"text":"CHASCOM\u00daS","link":"https:\/\/larevistadigital.com.ar\/blog\/category\/chascomus\/"},"img":{"alt_text":"","src":"https:\/\/i0.wp.com\/larevistadigital.com.ar\/blog\/wp-content\/uploads\/678007d1a5af8.png?fit=668%2C445&ssl=1&resize=350%2C200","width":350,"height":200,"srcset":"https:\/\/i0.wp.com\/larevistadigital.com.ar\/blog\/wp-content\/uploads\/678007d1a5af8.png?fit=668%2C445&ssl=1&resize=350%2C200 1x, https:\/\/i0.wp.com\/larevistadigital.com.ar\/blog\/wp-content\/uploads\/678007d1a5af8.png?fit=668%2C445&ssl=1&resize=525%2C300 1.5x"},"classes":[]},{"id":20199,"url":"https:\/\/larevistadigital.com.ar\/blog\/luego-del-acuerdo-para-postergar-las-elecciones-como-sera-el-proximo-cronograma-electoral\/","url_meta":{"origin":30670,"position":3},"title":"LUEGO DEL ACUERDO PARA POSTERGAR LAS ELECCI\u00d3NES, \u00bfC\u00d3MO SER\u00c1 EL PR\u00d3XIMO CRONOGRAMA ELECTORAL?","author":"Alejandro Sosa Ruda","date":"10 mayo, 2021","format":false,"excerpt":"La postergaci\u00f3n acordada entre el Frente de Todos y Juntos por Cambio estableci\u00f3 un nuevo cronograma para todos los pasos previos que deben cumplirse. El Gobierno y la oposici\u00f3n llegaron a un acuerdo para postergar las elecciones Primarias, Abiertas, Simult\u00e1neas y Obligatorias (PASO). El acuerdo qued\u00f3 sellado durante una reuni\u00f3n\u2026","rel":"","context":"En \u00abINTERES GENERAL\u00bb","block_context":{"text":"INTERES GENERAL","link":"https:\/\/larevistadigital.com.ar\/blog\/category\/interes-general\/"},"img":{"alt_text":"","src":"https:\/\/i0.wp.com\/larevistadigital.com.ar\/blog\/wp-content\/uploads\/ELECCIONES.jpg?fit=1200%2C672&ssl=1&resize=350%2C200","width":350,"height":200,"srcset":"https:\/\/i0.wp.com\/larevistadigital.com.ar\/blog\/wp-content\/uploads\/ELECCIONES.jpg?fit=1200%2C672&ssl=1&resize=350%2C200 1x, https:\/\/i0.wp.com\/larevistadigital.com.ar\/blog\/wp-content\/uploads\/ELECCIONES.jpg?fit=1200%2C672&ssl=1&resize=525%2C300 1.5x, https:\/\/i0.wp.com\/larevistadigital.com.ar\/blog\/wp-content\/uploads\/ELECCIONES.jpg?fit=1200%2C672&ssl=1&resize=700%2C400 2x, https:\/\/i0.wp.com\/larevistadigital.com.ar\/blog\/wp-content\/uploads\/ELECCIONES.jpg?fit=1200%2C672&ssl=1&resize=1050%2C600 3x"},"classes":[]},{"id":29671,"url":"https:\/\/larevistadigital.com.ar\/blog\/para-el-2023-renuevan-la-restriccion-de-circulacion-de-camiones-en-vacaciones\/","url_meta":{"origin":30670,"position":4},"title":"PARA EL 2023 RENUEVAN LA RESTRICCI\u00d3N DE CIRCULACI\u00d3N DE CAMIONES EN VACACIONES.","author":"Alejandro Sosa Ruda","date":"28 diciembre, 2022","format":false,"excerpt":"El Gobierno renov\u00f3 para el pr\u00f3ximo a\u00f1o la vigencia de la norma que proh\u00edbe la circulaci\u00f3n de camiones en las rutas nacionales durante los fines de semana largos, recambios tur\u00edsticos o fechas determinadas en las que se movilicen una gran cantidad de veh\u00edculos particulares. 28 de diciembre de 2022 La\u2026","rel":"","context":"En \u00abPOLITICA PROVINCIAL\u00bb","block_context":{"text":"POLITICA PROVINCIAL","link":"https:\/\/larevistadigital.com.ar\/blog\/category\/politica\/politica-provincial\/"},"img":{"alt_text":"","src":"https:\/\/i0.wp.com\/larevistadigital.com.ar\/blog\/wp-content\/uploads\/20221228194417_renuevan-norma-que-restringe-la-circulacion-de-camiones-en-fines-de-semana-largos-y-vacaciones.jpg?fit=880%2C512&ssl=1&resize=350%2C200","width":350,"height":200,"srcset":"https:\/\/i0.wp.com\/larevistadigital.com.ar\/blog\/wp-content\/uploads\/20221228194417_renuevan-norma-que-restringe-la-circulacion-de-camiones-en-fines-de-semana-largos-y-vacaciones.jpg?fit=880%2C512&ssl=1&resize=350%2C200 1x, https:\/\/i0.wp.com\/larevistadigital.com.ar\/blog\/wp-content\/uploads\/20221228194417_renuevan-norma-que-restringe-la-circulacion-de-camiones-en-fines-de-semana-largos-y-vacaciones.jpg?fit=880%2C512&ssl=1&resize=525%2C300 1.5x, https:\/\/i0.wp.com\/larevistadigital.com.ar\/blog\/wp-content\/uploads\/20221228194417_renuevan-norma-que-restringe-la-circulacion-de-camiones-en-fines-de-semana-largos-y-vacaciones.jpg?fit=880%2C512&ssl=1&resize=700%2C400 2x"},"classes":[]},{"id":24833,"url":"https:\/\/larevistadigital.com.ar\/blog\/copa-libertadores-aca-los-grupos-y-las-fechas-hasta-la-final-y-habra-choque-argentino\/","url_meta":{"origin":30670,"position":5},"title":"COPA LIBERTADORES, AC\u00c1 LOS GRUPOS Y LAS FECHAS HASTA LA FINAL (Y HABR\u00c1 CHOQUE ARGENTINO)","author":"Alejandro Sosa Ruda","date":"26 marzo, 2022","format":false,"excerpt":"El Xeneize y el Millonario son cabezas de serie de los grupos E y F; V\u00e9lez y Estudiantes comparten la zona C y el Sabalero fue al grupo G con Pe\u00f1arol y los dos grandes de Paraguay. Talleres al H, con Flamengo. La espera termin\u00f3: se realiz\u00f3 en Paraguay el\u2026","rel":"","context":"En \u00abDEPORTES\u00bb","block_context":{"text":"DEPORTES","link":"https:\/\/larevistadigital.com.ar\/blog\/category\/deportes\/"},"img":{"alt_text":"","src":"https:\/\/i0.wp.com\/larevistadigital.com.ar\/blog\/wp-content\/uploads\/libertadores-2022.jpg?fit=680%2C680&ssl=1&resize=350%2C200","width":350,"height":200,"srcset":"https:\/\/i0.wp.com\/larevistadigital.com.ar\/blog\/wp-content\/uploads\/libertadores-2022.jpg?fit=680%2C680&ssl=1&resize=350%2C200 1x, https:\/\/i0.wp.com\/larevistadigital.com.ar\/blog\/wp-content\/uploads\/libertadores-2022.jpg?fit=680%2C680&ssl=1&resize=525%2C300 1.5x"},"classes":[]}],"_links":{"self":[{"href":"https:\/\/larevistadigital.com.ar\/blog\/wp-json\/wp\/v2\/posts\/30670","targetHints":{"allow":["GET"]}}],"collection":[{"href":"https:\/\/larevistadigital.com.ar\/blog\/wp-json\/wp\/v2\/posts"}],"about":[{"href":"https:\/\/larevistadigital.com.ar\/blog\/wp-json\/wp\/v2\/types\/post"}],"author":[{"embeddable":true,"href":"https:\/\/larevistadigital.com.ar\/blog\/wp-json\/wp\/v2\/users\/3"}],"replies":[{"embeddable":true,"href":"https:\/\/larevistadigital.com.ar\/blog\/wp-json\/wp\/v2\/comments?post=30670"}],"version-history":[{"count":1,"href":"https:\/\/larevistadigital.com.ar\/blog\/wp-json\/wp\/v2\/posts\/30670\/revisions"}],"predecessor-version":[{"id":30671,"href":"https:\/\/larevistadigital.com.ar\/blog\/wp-json\/wp\/v2\/posts\/30670\/revisions\/30671"}],"wp:featuredmedia":[{"embeddable":true,"href":"https:\/\/larevistadigital.com.ar\/blog\/wp-json\/wp\/v2\/media\/16747"}],"wp:attachment":[{"href":"https:\/\/larevistadigital.com.ar\/blog\/wp-json\/wp\/v2\/media?parent=30670"}],"wp:term":[{"taxonomy":"category","embeddable":true,"href":"https:\/\/larevistadigital.com.ar\/blog\/wp-json\/wp\/v2\/categories?post=30670"},{"taxonomy":"post_tag","embeddable":true,"href":"https:\/\/larevistadigital.com.ar\/blog\/wp-json\/wp\/v2\/tags?post=30670"}],"curies":[{"name":"wp","href":"https:\/\/api.w.org\/{rel}","templated":true}]}}