{"id":30673,"date":"2023-03-22T21:48:08","date_gmt":"2023-03-22T21:48:08","guid":{"rendered":"https:\/\/larevistadigital.com.ar\/blog\/?p=30673"},"modified":"2023-03-22T21:48:08","modified_gmt":"2023-03-22T21:48:08","slug":"gustavo-lopez-sera-precandidato-a-intendente","status":"publish","type":"post","link":"https:\/\/larevistadigital.com.ar\/blog\/gustavo-lopez-sera-precandidato-a-intendente\/","title":{"rendered":"GUSTAVO L\u00d3PEZ SER\u00c1 PRECANDIDATO A INTENDENTE"},"content":{"rendered":"<h2>El dirigente Radical y ex candidato a senador se decidi\u00f3 a participar e hizo p\u00fablica su decisi\u00f3n.<\/h2>\n<p>22 de marzo de 2023<\/p>\n<p><strong>CHASCOM\u00daS &#8211;\u00a0 Gustavo L\u00f3pez<\/strong> anunci\u00f3 en sus redes sociales que ser\u00e1 Precandidato a Intendente de Chascom\u00fas, y adelant\u00f3 que repartir\u00e1 casa por casa un folleto con sus propuestas referidas a la Salud y la Seguridad, dos temas importantes para los chascomunenses y en los cuales el ex Secretario de Gobierno trabaj\u00f3 estos \u00faltimos meses.<\/p>\n<p>En sus redes public\u00f3: <em><strong>&#8211; \u201cEste camino no lo iniciamos hoy. Hace mucho tiempo que venimos dialogando, pensando, viajando, conociendo experiencias positivas en busca de no quedarnos solo en la cr\u00edtica, sino aportar ideas y proyectos de c\u00f3mo lograr lo que los Chascomunenses necesitamos.<\/strong><\/em><\/p>\n<p><em><strong>Es por eso que voy a ser PRECANDIDATO A INTENDENTE DE CHASCOM\u00daS. Llevaremos casa por casa nuestras propuestas, para vernos las caras, para poder hablar, y poder acercarnos.<\/strong><\/em><\/p>\n<p><em><strong>TENEMOS UN PROYECTO DE CIUDAD. <\/strong><\/em><br \/>\n<em><strong>Necesitamos m\u00e1s SEGURIDAD urgente y estoy convencido que con mi experiencia en la gesti\u00f3n y conocimiento del tema vamos a lograr vivir en una ciudad m\u00e1s tranquila, COMBATIENDO EL DELITO DIARIAMENTE EN CADA ESQUINA DE CHASCOM\u00daS. Tambi\u00e9n necesitamos mejor acceso a la SALUD, y para ello tenemos una serie de pol\u00edticas a desarrollar\u201d.<\/strong><\/em><\/p>\n<p>Por \u00faltimo, agradeci\u00f3 a la gente que lo acompa\u00f1a e invit\u00f3 a los vecinos a sumarse a su equipo.<\/p>\n","protected":false},"excerpt":{"rendered":"<div class=\"mh-excerpt\"><p>El dirigente Radical y ex candidato a senador se decidi\u00f3 a participar e hizo p\u00fablica su decisi\u00f3n. 22 de marzo de 2023 CHASCOM\u00daS &#8211;\u00a0 Gustavo L\u00f3pez anunci\u00f3 en sus redes sociales que ser\u00e1 Precandidato a <a class=\"mh-excerpt-more\" href=\"https:\/\/larevistadigital.com.ar\/blog\/gustavo-lopez-sera-precandidato-a-intendente\/\" title=\"GUSTAVO L\u00d3PEZ SER\u00c1 PRECANDIDATO A INTENDENTE\">[Leer M\u00e1s]<\/a><\/p>\n<\/div>","protected":false},"author":3,"featured_media":30674,"comment_status":"open","ping_status":"open","sticky":false,"template":"","format":"standard","meta":{"_jetpack_memberships_contains_paid_content":false,"footnotes":"","jetpack_publicize_message":"","jetpack_publicize_feature_enabled":true,"jetpack_social_post_already_shared":true,"jetpack_social_options":{"image_generator_settings":{"template":"highway","default_image_id":0,"font":"","enabled":false},"version":2}},"categories":[50,23],"tags":[],"class_list":{"0":"post-30673","1":"post","2":"type-post","3":"status-publish","4":"format-standard","5":"has-post-thumbnail","7":"category-interes-general","8":"category-politica-local"},"jetpack_publicize_connections":[],"jetpack_featured_media_url":"https:\/\/i0.wp.com\/larevistadigital.com.ar\/blog\/wp-content\/uploads\/WhatsApp-Image-2023-03-22-at-15.30.29.jpeg?fit=940%2C788&ssl=1","jetpack_sharing_enabled":true,"jetpack_shortlink":"https:\/\/wp.me\/p8qtrQ-7YJ","jetpack-related-posts":[{"id":32704,"url":"https:\/\/larevistadigital.com.ar\/blog\/gente-de-patricia-bullrich-martin-yeza-visito-la-ciudad-de-chascomus-y-se-encontro-con-gustavo-lopez\/","url_meta":{"origin":30673,"position":0},"title":"\u00abGENTE DE PATRICIA BULLRICH\u00bb MARTIN YEZA VISIT\u00d3 LA CIUDAD DE CHASCOM\u00daS Y SE ENCONTR\u00d3 CON GUSTAVO L\u00d3PEZ","author":"Alejandro Sosa Ruda","date":"1 agosto, 2023","format":false,"excerpt":"La visita fue en apoyo al precandidato a intendente Gustavo L\u00f3pez, ya que ambos acompa\u00f1an la candidatura de Patricia Bullrich. 1\u00b0 de agosto de 2023 CHASCOM\u00daS -\u00a0 Estuvo visitando nuestra ciudad el precandidato a Diputado Nacional y actual intendente de Pinamar Mart\u00edn Yeza, quien fuera recibido por el precandidato a\u2026","rel":"","context":"En \u00abPOLITICA\u00bb","block_context":{"text":"POLITICA","link":"https:\/\/larevistadigital.com.ar\/blog\/category\/politica\/"},"img":{"alt_text":"","src":"https:\/\/i0.wp.com\/larevistadigital.com.ar\/blog\/wp-content\/uploads\/Captura-de-pantalla-2023-08-01-193834.jpg?fit=800%2C525&ssl=1&resize=350%2C200","width":350,"height":200,"srcset":"https:\/\/i0.wp.com\/larevistadigital.com.ar\/blog\/wp-content\/uploads\/Captura-de-pantalla-2023-08-01-193834.jpg?fit=800%2C525&ssl=1&resize=350%2C200 1x, https:\/\/i0.wp.com\/larevistadigital.com.ar\/blog\/wp-content\/uploads\/Captura-de-pantalla-2023-08-01-193834.jpg?fit=800%2C525&ssl=1&resize=525%2C300 1.5x, https:\/\/i0.wp.com\/larevistadigital.com.ar\/blog\/wp-content\/uploads\/Captura-de-pantalla-2023-08-01-193834.jpg?fit=800%2C525&ssl=1&resize=700%2C400 2x"},"classes":[]},{"id":30557,"url":"https:\/\/larevistadigital.com.ar\/blog\/chascomus-gonzalo-fierro-se-lanzo-como-precandidato-a-intendente-de-la-ucr\/","url_meta":{"origin":30673,"position":1},"title":"CHASCOM\u00daS: GONZALO FIERRO SE LANZ\u00d3 COMO PRECANDIDATO A INTENDENTE DE LA UCR","author":"Alejandro Sosa Ruda","date":"13 marzo, 2023","format":false,"excerpt":"Representar\u00e1 al espacio Unidad Radical y fue propuesto en una reuni\u00f3n realizada el viernes \u2013 Al aceptar la candidatura dijo que \u201cser\u00e1 un honor y una responsabilidad que voy a asumir con el compromiso y la labor que se merece\u201d, invitando a todos los vecinos a participar de la iniciativa\u2026","rel":"","context":"En \u00abCHASCOM\u00daS\u00bb","block_context":{"text":"CHASCOM\u00daS","link":"https:\/\/larevistadigital.com.ar\/blog\/category\/chascomus\/"},"img":{"alt_text":"","src":"https:\/\/i0.wp.com\/larevistadigital.com.ar\/blog\/wp-content\/uploads\/GONZALO-FIERRO.png?fit=800%2C545&ssl=1&resize=350%2C200","width":350,"height":200,"srcset":"https:\/\/i0.wp.com\/larevistadigital.com.ar\/blog\/wp-content\/uploads\/GONZALO-FIERRO.png?fit=800%2C545&ssl=1&resize=350%2C200 1x, https:\/\/i0.wp.com\/larevistadigital.com.ar\/blog\/wp-content\/uploads\/GONZALO-FIERRO.png?fit=800%2C545&ssl=1&resize=525%2C300 1.5x, https:\/\/i0.wp.com\/larevistadigital.com.ar\/blog\/wp-content\/uploads\/GONZALO-FIERRO.png?fit=800%2C545&ssl=1&resize=700%2C400 2x"},"classes":[]},{"id":32541,"url":"https:\/\/larevistadigital.com.ar\/blog\/chascomus-patricia-bullrich-llego-a-la-ciudad-y-dejo-en-claro-que-mi-candidato-es-gustavo-lopez\/","url_meta":{"origin":30673,"position":2},"title":"CHASCOM\u00daS: PATRICIA BULLRICH LLEG\u00d3 A LA CIUDAD Y DEJ\u00d3 EN CLARO QUE \u00abMI CANDIDATO ES GUSTAVO L\u00d3PEZ\u00bb","author":"Alejandro Sosa Ruda","date":"22 julio, 2023","format":false,"excerpt":"Ante una nutrida concurrencia se present\u00f3 en el local partidario de Libres del Sur, brind\u00f3 una conferencia de prensa y camin\u00f3 saludando a vecinos y comerciantes. Tuvo elogiosos conceptos para con el precandidato a intendente Gustavo L\u00f3pez. 22 de julio de 2023 CHASCOM\u00daS -\u00a0 El d\u00eda de ayer, por la\u2026","rel":"","context":"En \u00abINTERES GENERAL\u00bb","block_context":{"text":"INTERES GENERAL","link":"https:\/\/larevistadigital.com.ar\/blog\/category\/interes-general\/"},"img":{"alt_text":"","src":"https:\/\/i0.wp.com\/larevistadigital.com.ar\/blog\/wp-content\/uploads\/WhatsApp-Image-2023-07-22-at-12.44.38-8-e1690052512751.jpeg?fit=750%2C610&ssl=1&resize=350%2C200","width":350,"height":200,"srcset":"https:\/\/i0.wp.com\/larevistadigital.com.ar\/blog\/wp-content\/uploads\/WhatsApp-Image-2023-07-22-at-12.44.38-8-e1690052512751.jpeg?fit=750%2C610&ssl=1&resize=350%2C200 1x, https:\/\/i0.wp.com\/larevistadigital.com.ar\/blog\/wp-content\/uploads\/WhatsApp-Image-2023-07-22-at-12.44.38-8-e1690052512751.jpeg?fit=750%2C610&ssl=1&resize=525%2C300 1.5x, https:\/\/i0.wp.com\/larevistadigital.com.ar\/blog\/wp-content\/uploads\/WhatsApp-Image-2023-07-22-at-12.44.38-8-e1690052512751.jpeg?fit=750%2C610&ssl=1&resize=700%2C400 2x"},"classes":[]},{"id":2749,"url":"https:\/\/larevistadigital.com.ar\/blog\/chascomus-el-precandidato-de-cambiemos-santiago-dos-santos-recorrio-las-calles-del-barrio-30-de-mayo\/","url_meta":{"origin":30673,"position":3},"title":"CHASCOM\u00daS: EL PRECANDIDATO DE CAMBIEMOS SANTIAGO DOS SANTOS, RECORRI\u00d3 LAS CALLES DEL BARRIO 30 DE MAYO.","author":"Alejandro Sosa Ruda","date":"23 julio, 2017","format":false,"excerpt":"El timbreo nacional de Cambiemos en todo el pa\u00eds tuvo tambi\u00e9n como protagonista al precandidato a concejal de la UCR - Cambiemos, Santiago Dos Santos, que junto con un grupo de amigos, integrantes de la lista y militantes, se acercaron al Barrio 30 de Mayo, en donde escucharon los reclamos\u2026","rel":"","context":"En \u00abCHASCOM\u00daS\u00bb","block_context":{"text":"CHASCOM\u00daS","link":"https:\/\/larevistadigital.com.ar\/blog\/category\/chascomus\/"},"img":{"alt_text":"","src":"https:\/\/i0.wp.com\/larevistadigital.com.ar\/blog\/wp-content\/uploads\/2017\/07\/20232763_10212941138380601_2732405127209186598_o.jpg?fit=1080%2C810&ssl=1&resize=350%2C200","width":350,"height":200,"srcset":"https:\/\/i0.wp.com\/larevistadigital.com.ar\/blog\/wp-content\/uploads\/2017\/07\/20232763_10212941138380601_2732405127209186598_o.jpg?fit=1080%2C810&ssl=1&resize=350%2C200 1x, https:\/\/i0.wp.com\/larevistadigital.com.ar\/blog\/wp-content\/uploads\/2017\/07\/20232763_10212941138380601_2732405127209186598_o.jpg?fit=1080%2C810&ssl=1&resize=525%2C300 1.5x, https:\/\/i0.wp.com\/larevistadigital.com.ar\/blog\/wp-content\/uploads\/2017\/07\/20232763_10212941138380601_2732405127209186598_o.jpg?fit=1080%2C810&ssl=1&resize=700%2C400 2x, https:\/\/i0.wp.com\/larevistadigital.com.ar\/blog\/wp-content\/uploads\/2017\/07\/20232763_10212941138380601_2732405127209186598_o.jpg?fit=1080%2C810&ssl=1&resize=1050%2C600 3x"},"classes":[]},{"id":32452,"url":"https:\/\/larevistadigital.com.ar\/blog\/seguridad-salud-y-trabajo-fueron-los-ejes-principales-en-la-presentacion-de-la-lista-10-de-juntos-por-el-cambio-que-encabeza-santiago-dos-santos\/","url_meta":{"origin":30673,"position":4},"title":"SEGURIDAD, SALUD Y TRABAJO FUERON LOS EJES PRINCIPALES EN LA PRESENTACION DE LA LISTA 10 DE JUNTOS POR EL CAMBIO QUE ENCABEZA SANTIAGO DOS SANTOS","author":"Alejandro Sosa Ruda","date":"16 julio, 2023","format":false,"excerpt":"Fue este s\u00e1bado 15 de julio en las instalaciones de Uni\u00f3n Deportiva 16 de julio de 2023 CHASCOM\u00daS -\u00a0 En el marco de la presentaci\u00f3n de los candidatos a concejales y consejeros escolares que lo acompa\u00f1an en la lista a nivel municipal de cara a las PASO, el precandidato a\u2026","rel":"","context":"En \u00abINTERES GENERAL\u00bb","block_context":{"text":"INTERES GENERAL","link":"https:\/\/larevistadigital.com.ar\/blog\/category\/interes-general\/"},"img":{"alt_text":"","src":"https:\/\/i0.wp.com\/larevistadigital.com.ar\/blog\/wp-content\/uploads\/WhatsApp-Image-2023-07-15-at-20.16.12.jpeg?fit=1200%2C900&ssl=1&resize=350%2C200","width":350,"height":200,"srcset":"https:\/\/i0.wp.com\/larevistadigital.com.ar\/blog\/wp-content\/uploads\/WhatsApp-Image-2023-07-15-at-20.16.12.jpeg?fit=1200%2C900&ssl=1&resize=350%2C200 1x, https:\/\/i0.wp.com\/larevistadigital.com.ar\/blog\/wp-content\/uploads\/WhatsApp-Image-2023-07-15-at-20.16.12.jpeg?fit=1200%2C900&ssl=1&resize=525%2C300 1.5x, https:\/\/i0.wp.com\/larevistadigital.com.ar\/blog\/wp-content\/uploads\/WhatsApp-Image-2023-07-15-at-20.16.12.jpeg?fit=1200%2C900&ssl=1&resize=700%2C400 2x, https:\/\/i0.wp.com\/larevistadigital.com.ar\/blog\/wp-content\/uploads\/WhatsApp-Image-2023-07-15-at-20.16.12.jpeg?fit=1200%2C900&ssl=1&resize=1050%2C600 3x"},"classes":[]},{"id":11429,"url":"https:\/\/larevistadigital.com.ar\/blog\/chascomus-battisacchi-se-mostro-comprometido-con-los-vecinos-y-seguro-de-ganar-ambas-elecciones\/","url_meta":{"origin":30673,"position":5},"title":"CHASCOM\u00daS: BATTISACCHI SE MOSTR\u00d3 COMPROMETIDO CON LOS VECINOS Y SEGURO DE GANAR AMBAS ELECCIONES","author":"Alejandro Sosa Ruda","date":"21 julio, 2019","format":false,"excerpt":"El precandidato a intendente por uno de los sectores de \"Juntos por el Cambio\", Osvaldo Battisacchi,\u00a0fue entrevistado en el programa \"AM Show\", donde se refiri\u00f3 a lo que es la campa\u00f1a electoral de cara a las PASO. All\u00ed indic\u00f3 el reconocido m\u00e9dico y figura del radicalismo que hoy lo encuentra\u2026","rel":"","context":"En \u00abINTERES GENERAL\u00bb","block_context":{"text":"INTERES GENERAL","link":"https:\/\/larevistadigital.com.ar\/blog\/category\/interes-general\/"},"img":{"alt_text":"","src":"https:\/\/i0.wp.com\/larevistadigital.com.ar\/blog\/wp-content\/uploads\/batisachi_01dejuliode2019_elfuerte.jpg?fit=737%2C415&ssl=1&resize=350%2C200","width":350,"height":200,"srcset":"https:\/\/i0.wp.com\/larevistadigital.com.ar\/blog\/wp-content\/uploads\/batisachi_01dejuliode2019_elfuerte.jpg?fit=737%2C415&ssl=1&resize=350%2C200 1x, https:\/\/i0.wp.com\/larevistadigital.com.ar\/blog\/wp-content\/uploads\/batisachi_01dejuliode2019_elfuerte.jpg?fit=737%2C415&ssl=1&resize=525%2C300 1.5x, https:\/\/i0.wp.com\/larevistadigital.com.ar\/blog\/wp-content\/uploads\/batisachi_01dejuliode2019_elfuerte.jpg?fit=737%2C415&ssl=1&resize=700%2C400 2x"},"classes":[]}],"_links":{"self":[{"href":"https:\/\/larevistadigital.com.ar\/blog\/wp-json\/wp\/v2\/posts\/30673","targetHints":{"allow":["GET"]}}],"collection":[{"href":"https:\/\/larevistadigital.com.ar\/blog\/wp-json\/wp\/v2\/posts"}],"about":[{"href":"https:\/\/larevistadigital.com.ar\/blog\/wp-json\/wp\/v2\/types\/post"}],"author":[{"embeddable":true,"href":"https:\/\/larevistadigital.com.ar\/blog\/wp-json\/wp\/v2\/users\/3"}],"replies":[{"embeddable":true,"href":"https:\/\/larevistadigital.com.ar\/blog\/wp-json\/wp\/v2\/comments?post=30673"}],"version-history":[{"count":1,"href":"https:\/\/larevistadigital.com.ar\/blog\/wp-json\/wp\/v2\/posts\/30673\/revisions"}],"predecessor-version":[{"id":30675,"href":"https:\/\/larevistadigital.com.ar\/blog\/wp-json\/wp\/v2\/posts\/30673\/revisions\/30675"}],"wp:featuredmedia":[{"embeddable":true,"href":"https:\/\/larevistadigital.com.ar\/blog\/wp-json\/wp\/v2\/media\/30674"}],"wp:attachment":[{"href":"https:\/\/larevistadigital.com.ar\/blog\/wp-json\/wp\/v2\/media?parent=30673"}],"wp:term":[{"taxonomy":"category","embeddable":true,"href":"https:\/\/larevistadigital.com.ar\/blog\/wp-json\/wp\/v2\/categories?post=30673"},{"taxonomy":"post_tag","embeddable":true,"href":"https:\/\/larevistadigital.com.ar\/blog\/wp-json\/wp\/v2\/tags?post=30673"}],"curies":[{"name":"wp","href":"https:\/\/api.w.org\/{rel}","templated":true}]}}