{"id":30676,"date":"2023-03-22T22:27:38","date_gmt":"2023-03-22T22:27:38","guid":{"rendered":"https:\/\/larevistadigital.com.ar\/blog\/?p=30676"},"modified":"2023-03-22T22:27:38","modified_gmt":"2023-03-22T22:27:38","slug":"detienen-al-jefe-de-policia-de-copetonas-por-vender-herramientas-robadas","status":"publish","type":"post","link":"https:\/\/larevistadigital.com.ar\/blog\/detienen-al-jefe-de-policia-de-copetonas-por-vender-herramientas-robadas\/","title":{"rendered":"DETIENEN AL JEFE DE POLIC\u00cdA DE COPETONAS POR VENDER HERRAMIENTAS ROBADAS"},"content":{"rendered":"<h2 class=\"fparrafo ctext fz18 lh25\">Fue acusado de vender maquinaria robada en un campo de la zona. La decisi\u00f3n fue tomada por la Justicia de Garant\u00eda de Tres Arroyos, tras detectar en Facebook que Sergio Mosqueira estaba comercializando el artefacto a trav\u00e9s de un tercero.<\/h2>\n<p>22 de marzo de 2023<\/p>\n<p class=\"selectionShareable\"><strong>TRES ARROYOS &#8211;\u00a0<\/strong> Un jefe policial de Copetonas, partido de Tres Arroyos, fue detenido acusado de vender maquinaria robada en un campo de la zona. La decisi\u00f3n fue tomada por la Justicia de Garant\u00eda de Tres Arroyos, tras detectar en Facebook que <strong>Sergio Mosqueira<\/strong> estaba comercializando el artefacto a trav\u00e9s de un tercero.<\/p>\n<blockquote>\n<h3 class=\"selectionShareable\">La investigaci\u00f3n fue conducida por el fiscal Gabriel Lopazzo, de la UFIJ N\u00ba 17, y determin\u00f3 que dicha herramienta hab\u00eda sido publicada en Marketplace a trav\u00e9s del perfil de Daiana Catriquir, la pareja del polic\u00eda.<\/h3>\n<\/blockquote>\n<p class=\"selectionShareable\">Seg\u00fan inform\u00f3 el portal Infosexta fue aprehendido a ra\u00edz de un allanamiento en el que incautaron, adem\u00e1s de la sopladora, un tel\u00e9fono celular Motorola E6 plus, la pistola Bersa Thunder 9 reglamentaria, un cargador y 7 municiones intactas. (<b>InfoGEI<\/b>) Mg<\/p>\n","protected":false},"excerpt":{"rendered":"<div class=\"mh-excerpt\"><p>Fue acusado de vender maquinaria robada en un campo de la zona. La decisi\u00f3n fue tomada por la Justicia de Garant\u00eda de Tres Arroyos, tras detectar en Facebook que Sergio Mosqueira estaba comercializando el artefacto <a class=\"mh-excerpt-more\" href=\"https:\/\/larevistadigital.com.ar\/blog\/detienen-al-jefe-de-policia-de-copetonas-por-vender-herramientas-robadas\/\" title=\"DETIENEN AL JEFE DE POLIC\u00cdA DE COPETONAS POR VENDER HERRAMIENTAS ROBADAS\">[Leer M\u00e1s]<\/a><\/p>\n<\/div>","protected":false},"author":3,"featured_media":30677,"comment_status":"open","ping_status":"open","sticky":false,"template":"","format":"standard","meta":{"_jetpack_memberships_contains_paid_content":false,"footnotes":"","jetpack_publicize_message":"","jetpack_publicize_feature_enabled":true,"jetpack_social_post_already_shared":true,"jetpack_social_options":{"image_generator_settings":{"template":"highway","default_image_id":0,"font":"","enabled":false},"version":2}},"categories":[44,51],"tags":[],"class_list":{"0":"post-30676","1":"post","2":"type-post","3":"status-publish","4":"format-standard","5":"has-post-thumbnail","7":"category-policiales","8":"category-regionales"},"jetpack_publicize_connections":[],"jetpack_featured_media_url":"https:\/\/i0.wp.com\/larevistadigital.com.ar\/blog\/wp-content\/uploads\/20230322175854_copetonas.jpg?fit=880%2C512&ssl=1","jetpack_sharing_enabled":true,"jetpack_shortlink":"https:\/\/wp.me\/p8qtrQ-7YM","jetpack-related-posts":[{"id":35085,"url":"https:\/\/larevistadigital.com.ar\/blog\/otro-caso-se-busca-a-un-joven-que-salio-en-kayak-el-domingo-y-no-ha-regresado\/","url_meta":{"origin":30676,"position":0},"title":"OTRO CASO&#8230; SE BUSCA A UN JOVEN QUE SALI\u00d3 EN KAYAK EL DOMINGO Y NO HA REGRESADO","author":"Alejandro Sosa Ruda","date":"23 enero, 2024","format":false,"excerpt":"Se trata de Federico Saihueque Cuevas, quien fue visto por \u00faltima vez por la polic\u00eda local este domingo cerca de las 19. Su madre radic\u00f3 la denuncia de desaparici\u00f3n de persona en la Comisar\u00eda de Tres Arroyos. Dice, que su hijo se fue a Claromec\u00f3 este domingo por la tarde\u2026","rel":"","context":"En \u00abPOLICIALES\u00bb","block_context":{"text":"POLICIALES","link":"https:\/\/larevistadigital.com.ar\/blog\/category\/policiales\/"},"img":{"alt_text":"","src":"https:\/\/i0.wp.com\/larevistadigital.com.ar\/blog\/wp-content\/uploads\/Captura-de-pantalla-2024-01-23-115503.png?fit=771%2C402&ssl=1&resize=350%2C200","width":350,"height":200,"srcset":"https:\/\/i0.wp.com\/larevistadigital.com.ar\/blog\/wp-content\/uploads\/Captura-de-pantalla-2024-01-23-115503.png?fit=771%2C402&ssl=1&resize=350%2C200 1x, https:\/\/i0.wp.com\/larevistadigital.com.ar\/blog\/wp-content\/uploads\/Captura-de-pantalla-2024-01-23-115503.png?fit=771%2C402&ssl=1&resize=525%2C300 1.5x, https:\/\/i0.wp.com\/larevistadigital.com.ar\/blog\/wp-content\/uploads\/Captura-de-pantalla-2024-01-23-115503.png?fit=771%2C402&ssl=1&resize=700%2C400 2x"},"classes":[]},{"id":35711,"url":"https:\/\/larevistadigital.com.ar\/blog\/ruta-3-triple-choque-con-dos-jovenes-muertos-a-la-altura-de-tres-arroyos\/","url_meta":{"origin":30676,"position":1},"title":"RUTA 3: TRIPLE CHOQUE CON DOS JOVENES MUERTOS A LA ALTURA DE TRES ARROYOS","author":"Alejandro Sosa Ruda","date":"24 marzo, 2024","format":false,"excerpt":"Hubo cuatro heridos. Dos que iban en el mismo que los que fallecieron y un matrimonio de Neuqu\u00e9n que iba en una camioneta. 24 de marzo de 2024 BUENOS AIRES -\u00a0 \u00a0En un tr\u00e1gico suceso ocurrido en la ruta 3, cerca de Cascallares, en el partido de Tres Arroyos, lamentablemente\u2026","rel":"","context":"En \u00abPOLICIALES\u00bb","block_context":{"text":"POLICIALES","link":"https:\/\/larevistadigital.com.ar\/blog\/category\/policiales\/"},"img":{"alt_text":"","src":"https:\/\/i0.wp.com\/larevistadigital.com.ar\/blog\/wp-content\/uploads\/Captura-de-pantalla-2024-03-24-232309.png?fit=1092%2C521&ssl=1&resize=350%2C200","width":350,"height":200,"srcset":"https:\/\/i0.wp.com\/larevistadigital.com.ar\/blog\/wp-content\/uploads\/Captura-de-pantalla-2024-03-24-232309.png?fit=1092%2C521&ssl=1&resize=350%2C200 1x, https:\/\/i0.wp.com\/larevistadigital.com.ar\/blog\/wp-content\/uploads\/Captura-de-pantalla-2024-03-24-232309.png?fit=1092%2C521&ssl=1&resize=525%2C300 1.5x, https:\/\/i0.wp.com\/larevistadigital.com.ar\/blog\/wp-content\/uploads\/Captura-de-pantalla-2024-03-24-232309.png?fit=1092%2C521&ssl=1&resize=700%2C400 2x, https:\/\/i0.wp.com\/larevistadigital.com.ar\/blog\/wp-content\/uploads\/Captura-de-pantalla-2024-03-24-232309.png?fit=1092%2C521&ssl=1&resize=1050%2C600 3x"},"classes":[]},{"id":33550,"url":"https:\/\/larevistadigital.com.ar\/blog\/desgracia-un-joven-quedo-atrapado-en-una-cosechadora-y-perdio-una-pierna\/","url_meta":{"origin":30676,"position":2},"title":"DESGRACIA: UN JOVEN QUED\u00d3 ATRAPADO EN UNA COSECHADORA Y PERDI\u00d3 UNA PIERNA","author":"Alejandro Sosa Ruda","date":"23 septiembre, 2023","format":false,"excerpt":"El joven fue atrapado por la unidad. Como consecuencia, le amputaron la pierna derecha y tuvo que ser intervenido quir\u00fargicamente para que le reconstruyan la pierna izquierda. 23 de Septiembre de 2023 TRES ARROYOS -\u00a0 Un trabajador rural de 25 a\u00f1os sufri\u00f3 un grave accidente en un campo ubicado a\u2026","rel":"","context":"En \u00abINTERES GENERAL\u00bb","block_context":{"text":"INTERES GENERAL","link":"https:\/\/larevistadigital.com.ar\/blog\/category\/interes-general\/"},"img":{"alt_text":"","src":"https:\/\/i0.wp.com\/larevistadigital.com.ar\/blog\/wp-content\/uploads\/20230922143628_cose.jpg?fit=880%2C512&ssl=1&resize=350%2C200","width":350,"height":200,"srcset":"https:\/\/i0.wp.com\/larevistadigital.com.ar\/blog\/wp-content\/uploads\/20230922143628_cose.jpg?fit=880%2C512&ssl=1&resize=350%2C200 1x, https:\/\/i0.wp.com\/larevistadigital.com.ar\/blog\/wp-content\/uploads\/20230922143628_cose.jpg?fit=880%2C512&ssl=1&resize=525%2C300 1.5x, https:\/\/i0.wp.com\/larevistadigital.com.ar\/blog\/wp-content\/uploads\/20230922143628_cose.jpg?fit=880%2C512&ssl=1&resize=700%2C400 2x"},"classes":[]},{"id":24653,"url":"https:\/\/larevistadigital.com.ar\/blog\/accidente-domestico-fallece-joven-en-tres-arroyos-que-se-habia-quemado-al-avivar-un-fuego-con-nafta\/","url_meta":{"origin":30676,"position":3},"title":"ACCIDENTE DOM\u00c9STICO: FALLECE JOVEN EN TRES ARROYOS, QUE SE HAB\u00cdA QUEMADO AL AVIVAR UN FUEGO CON NAFTA","author":"Alejandro Sosa Ruda","date":"18 marzo, 2022","format":false,"excerpt":"Jonathan se encontraba en su vivienda cuando sufri\u00f3 un el accidente que le provoc\u00f3 quemaduras en el 60% del cuerpo. El joven quiso avivar un fuego con nafta, pero las llamas agarraron el bid\u00f3n que termin\u00f3 explotando. TRES ARROYOS -\u00a0 Jonathan Ruiz de 25 a\u00f1os falleci\u00f3 en el Hospital de\u2026","rel":"","context":"En \u00abREGIONALES\u00bb","block_context":{"text":"REGIONALES","link":"https:\/\/larevistadigital.com.ar\/blog\/category\/regionales\/"},"img":{"alt_text":"","src":"https:\/\/i0.wp.com\/larevistadigital.com.ar\/blog\/wp-content\/uploads\/20220317165925_avion-sanitario.jpg?fit=880%2C512&ssl=1&resize=350%2C200","width":350,"height":200,"srcset":"https:\/\/i0.wp.com\/larevistadigital.com.ar\/blog\/wp-content\/uploads\/20220317165925_avion-sanitario.jpg?fit=880%2C512&ssl=1&resize=350%2C200 1x, https:\/\/i0.wp.com\/larevistadigital.com.ar\/blog\/wp-content\/uploads\/20220317165925_avion-sanitario.jpg?fit=880%2C512&ssl=1&resize=525%2C300 1.5x, https:\/\/i0.wp.com\/larevistadigital.com.ar\/blog\/wp-content\/uploads\/20220317165925_avion-sanitario.jpg?fit=880%2C512&ssl=1&resize=700%2C400 2x"},"classes":[]},{"id":22104,"url":"https:\/\/larevistadigital.com.ar\/blog\/tragedia-en-tres-arroyos-adolescente-muere-al-caer-de-un-noveno-piso\/","url_meta":{"origin":30676,"position":4},"title":"TRAGEDIA EN TRES ARROYOS: ADOLESCENTE MUERE AL CAER DE UN NOVENO PISO","author":"Alejandro Sosa Ruda","date":"23 septiembre, 2021","format":false,"excerpt":"Un adolescente muri\u00f3 en la ciudad de Tres Arroyos tras caer de un noveno piso. El hecho tuvo lugar en un edificio ubicado en pleno centro. Hay testigos que indican que el adolescente intent\u00f3 llegar a la terraza desde la ventana de su departamento trepando tomado a un manojo de\u2026","rel":"","context":"En \u00abPOLICIALES\u00bb","block_context":{"text":"POLICIALES","link":"https:\/\/larevistadigital.com.ar\/blog\/category\/policiales\/"},"img":{"alt_text":"","src":"https:\/\/i0.wp.com\/larevistadigital.com.ar\/blog\/wp-content\/uploads\/20210922130335_caida.jpg?fit=880%2C512&ssl=1&resize=350%2C200","width":350,"height":200,"srcset":"https:\/\/i0.wp.com\/larevistadigital.com.ar\/blog\/wp-content\/uploads\/20210922130335_caida.jpg?fit=880%2C512&ssl=1&resize=350%2C200 1x, https:\/\/i0.wp.com\/larevistadigital.com.ar\/blog\/wp-content\/uploads\/20210922130335_caida.jpg?fit=880%2C512&ssl=1&resize=525%2C300 1.5x, https:\/\/i0.wp.com\/larevistadigital.com.ar\/blog\/wp-content\/uploads\/20210922130335_caida.jpg?fit=880%2C512&ssl=1&resize=700%2C400 2x"},"classes":[]},{"id":29610,"url":"https:\/\/larevistadigital.com.ar\/blog\/huanguelen-asesinan-a-una-mujer-de-81-anos\/","url_meta":{"origin":30676,"position":5},"title":"HUANGUEL\u00c9N: ASESINAN A UNA MUJER DE 81 A\u00d1OS","author":"Alejandro Sosa Ruda","date":"24 diciembre, 2022","format":false,"excerpt":"La v\u00edctima de 81 a\u00f1os fue encontrada por familiares esta ma\u00f1ana. Estaba atada a una silla y tendr\u00eda al menos un disparo. Interviene la Patrulla Rural. 23 de diciembre de 2022 HUANGUEL\u00c9N -\u00a0 La Polic\u00eda de Coronel Su\u00e1rez investiga un terrible crimen que se descubri\u00f3 en un campo de la\u2026","rel":"","context":"En \u00abPOLICIALES\u00bb","block_context":{"text":"POLICIALES","link":"https:\/\/larevistadigital.com.ar\/blog\/category\/policiales\/"},"img":{"alt_text":"","src":"https:\/\/i0.wp.com\/larevistadigital.com.ar\/blog\/wp-content\/uploads\/20221223174559_huangue.jpg?fit=880%2C512&ssl=1&resize=350%2C200","width":350,"height":200,"srcset":"https:\/\/i0.wp.com\/larevistadigital.com.ar\/blog\/wp-content\/uploads\/20221223174559_huangue.jpg?fit=880%2C512&ssl=1&resize=350%2C200 1x, https:\/\/i0.wp.com\/larevistadigital.com.ar\/blog\/wp-content\/uploads\/20221223174559_huangue.jpg?fit=880%2C512&ssl=1&resize=525%2C300 1.5x, https:\/\/i0.wp.com\/larevistadigital.com.ar\/blog\/wp-content\/uploads\/20221223174559_huangue.jpg?fit=880%2C512&ssl=1&resize=700%2C400 2x"},"classes":[]}],"_links":{"self":[{"href":"https:\/\/larevistadigital.com.ar\/blog\/wp-json\/wp\/v2\/posts\/30676","targetHints":{"allow":["GET"]}}],"collection":[{"href":"https:\/\/larevistadigital.com.ar\/blog\/wp-json\/wp\/v2\/posts"}],"about":[{"href":"https:\/\/larevistadigital.com.ar\/blog\/wp-json\/wp\/v2\/types\/post"}],"author":[{"embeddable":true,"href":"https:\/\/larevistadigital.com.ar\/blog\/wp-json\/wp\/v2\/users\/3"}],"replies":[{"embeddable":true,"href":"https:\/\/larevistadigital.com.ar\/blog\/wp-json\/wp\/v2\/comments?post=30676"}],"version-history":[{"count":1,"href":"https:\/\/larevistadigital.com.ar\/blog\/wp-json\/wp\/v2\/posts\/30676\/revisions"}],"predecessor-version":[{"id":30678,"href":"https:\/\/larevistadigital.com.ar\/blog\/wp-json\/wp\/v2\/posts\/30676\/revisions\/30678"}],"wp:featuredmedia":[{"embeddable":true,"href":"https:\/\/larevistadigital.com.ar\/blog\/wp-json\/wp\/v2\/media\/30677"}],"wp:attachment":[{"href":"https:\/\/larevistadigital.com.ar\/blog\/wp-json\/wp\/v2\/media?parent=30676"}],"wp:term":[{"taxonomy":"category","embeddable":true,"href":"https:\/\/larevistadigital.com.ar\/blog\/wp-json\/wp\/v2\/categories?post=30676"},{"taxonomy":"post_tag","embeddable":true,"href":"https:\/\/larevistadigital.com.ar\/blog\/wp-json\/wp\/v2\/tags?post=30676"}],"curies":[{"name":"wp","href":"https:\/\/api.w.org\/{rel}","templated":true}]}}