{"id":3068,"date":"2017-08-11T21:34:32","date_gmt":"2017-08-11T21:34:32","guid":{"rendered":"https:\/\/larevistadigital.com.ar\/blog\/?p=3068"},"modified":"2017-08-11T21:34:32","modified_gmt":"2017-08-11T21:34:32","slug":"juan-curuchet-hara-gestiones-para-recuperar-el-anteojo-haedo","status":"publish","type":"post","link":"https:\/\/larevistadigital.com.ar\/blog\/juan-curuchet-hara-gestiones-para-recuperar-el-anteojo-haedo\/","title":{"rendered":"Juan Curuchet har\u00e1 gestiones para recuperar el anteojo Haedo"},"content":{"rendered":"<p><strong>Necesita su reasfaltado<\/strong><\/p>\n<p>El campe\u00f3n ol\u00edmpico y senador provincial Juan Curuchet se reuni\u00f3 el pasado lunes con el intendente de Chascom\u00fas, Javier Gast\u00f3n, y una de las glorias deportivas locales, el tambi\u00e9n ciclista Juan Carlos Haedo, comprometi\u00e9ndose en hacer las gestiones necesarias para recuperar el circuito anteojo del complejo polideportivo municipal.<br \/>\nEn el marco de encontrarse en la ciudad lagunera promocionando actividades deportivas y apoyando a la gesti\u00f3n de Gast\u00f3n y su primer candidato a concejal en las pr\u00f3ximas elecciones, Pablo Francese, el ganador del oro en los JJOO Beijing 2008 asegur\u00f3 que llevar\u00e1 adelante los esfuerzos pertinentes para conseguir los fondos que puedan posibilitar poner en valor el predio comunal que desde hace d\u00edas no est\u00e1 m\u00e1s en comodato por la Agrupaci\u00f3n Cicl\u00edstica Chascomunense, que decidi\u00f3 rescindirlo \u2013 seg\u00fan sus responsables \u2013 por falta de apoyo del Ejecutivo de turno.<br \/>\nEn la reuni\u00f3n en el despacho del jefe comunal estuvo presente quien le da nombre al anteojo y alguna vez tuvo el comodato de tal circuito de ciclismo con su pe\u00f1a y el Club Boch\u00edstico Independiente, Carlitos Haedo, el cual adem\u00e1s fue compa\u00f1ero de Curuchet en los Juegos Ol\u00edmpicos Los \u00c1ngeles 1984, donde terminaron quintos en Vueltas Puntuables.<br \/>\nEs para destacar que el trazado que forma parte del complejo polideportivo municipal, el cual integra tambi\u00e9n el estadio Juan Silverio Oroz, que desde 1987 lo tiene en comodato la Liga Chascomunense de F\u00fatbol, necesita de manera urgente su reasfaltado, el cual tendr\u00eda un costo mayor al mill\u00f3n de pesos.<br \/>\nAdem\u00e1s de lo inherente al circuito anteojo Juan Carlos Haedo, en meeting donde tambi\u00e9n participaron los secretarios de Gobierno y Planificaci\u00f3n y Turismo, Cipriano P\u00e9rez del Cerro y Leandro Otondo, respectivamente, como el concejal Francese, el marplatense detall\u00f3 su proyecto de ley para crear el Ente Provincial de Formaci\u00f3n y Alto Rendimiento Deportivo (EPFARD), que apunta a jerarquizar y potenciar la estructura deportiva de la provincia, tanto a nivel de infraestructura como de acompa\u00f1amiento a los deportistas en su etapa formativa.<\/p>\n","protected":false},"excerpt":{"rendered":"<div class=\"mh-excerpt\"><p>Necesita su reasfaltado El campe\u00f3n ol\u00edmpico y senador provincial Juan Curuchet se reuni\u00f3 el pasado lunes con el intendente de Chascom\u00fas, Javier Gast\u00f3n, y una de las glorias deportivas locales, el tambi\u00e9n ciclista Juan Carlos <a class=\"mh-excerpt-more\" href=\"https:\/\/larevistadigital.com.ar\/blog\/juan-curuchet-hara-gestiones-para-recuperar-el-anteojo-haedo\/\" title=\"Juan Curuchet har\u00e1 gestiones para recuperar el anteojo Haedo\">[Leer M\u00e1s]<\/a><\/p>\n<\/div>","protected":false},"author":1,"featured_media":3069,"comment_status":"open","ping_status":"open","sticky":false,"template":"","format":"standard","meta":{"_jetpack_memberships_contains_paid_content":false,"footnotes":"","jetpack_publicize_message":"Juan Curuchet har\u00e1 gestiones para recuperar el anteojo Haedo","jetpack_publicize_feature_enabled":true,"jetpack_social_post_already_shared":true,"jetpack_social_options":{"image_generator_settings":{"template":"highway","default_image_id":0,"font":"","enabled":false},"version":2}},"categories":[6],"tags":[],"class_list":{"0":"post-3068","1":"post","2":"type-post","3":"status-publish","4":"format-standard","5":"has-post-thumbnail","7":"category-chascomus"},"jetpack_publicize_connections":[],"jetpack_featured_media_url":"https:\/\/i0.wp.com\/larevistadigital.com.ar\/blog\/wp-content\/uploads\/2017\/08\/anteojo_10deagostode2017_elfuerte.jpg?fit=737%2C415&ssl=1","jetpack_sharing_enabled":true,"jetpack_shortlink":"https:\/\/wp.me\/p8qtrQ-Nu","jetpack-related-posts":[{"id":37482,"url":"https:\/\/larevistadigital.com.ar\/blog\/bronce-para-juan-carlos-haedo-en-francia\/","url_meta":{"origin":3068,"position":0},"title":"Bronce para Juan Carlos Haedo en Francia","author":"Alejandro Sosa Ruda","date":"9 octubre, 2024","format":false,"excerpt":"El ciclista chascomunense brilla en el Mundial de Ciclismo Master de Roubaix 9 de octubre de 2024 CHASCOM\u00daS\u00a0 -\u00a0 \u00a0Juan Carlos Haedo hizo podio en Francia tras ganar la medalla de bronce en la carrera de Scratch, categor\u00eda M\u00e1ster E. Juan Carlos es el deportista chascomunense con mayor reconocimiento gracias\u2026","rel":"","context":"En \u00abCHASCOM\u00daS\u00bb","block_context":{"text":"CHASCOM\u00daS","link":"https:\/\/larevistadigital.com.ar\/blog\/category\/chascomus\/"},"img":{"alt_text":"","src":"https:\/\/i0.wp.com\/larevistadigital.com.ar\/blog\/wp-content\/uploads\/6706becab0e07.png?fit=668%2C445&ssl=1&resize=350%2C200","width":350,"height":200,"srcset":"https:\/\/i0.wp.com\/larevistadigital.com.ar\/blog\/wp-content\/uploads\/6706becab0e07.png?fit=668%2C445&ssl=1&resize=350%2C200 1x, https:\/\/i0.wp.com\/larevistadigital.com.ar\/blog\/wp-content\/uploads\/6706becab0e07.png?fit=668%2C445&ssl=1&resize=525%2C300 1.5x"},"classes":[]},{"id":7913,"url":"https:\/\/larevistadigital.com.ar\/blog\/chascomus-el-intendente-gaston-mantuvo-un-encuentro-con-la-nueva-comision-directiva-de-pesca-y-nautica\/","url_meta":{"origin":3068,"position":1},"title":"CHASCOM\u00daS: EL INTENDENTE GAST\u00d3N MANTUVO UN ENCUENTRO CON LA NUEVA COMISI\u00d3N DIRECTIVA DE PESCA Y N\u00c1UTICA","author":"Alejandro Sosa Ruda","date":"23 enero, 2019","format":false,"excerpt":"El \u00faltimo fin de semana, Javier Gast\u00f3n se acerc\u00f3 a las instalaciones de la Asociaci\u00f3n Pesca y N\u00e1utica para mantener una reuni\u00f3n con los miembros de la nueva comisi\u00f3n directiva, donde abordaron, entre otras cosas, sobre la participaci\u00f3n de la instituci\u00f3n en el Carnaval Infantil. All\u00ed, acompa\u00f1ado por la directora\u2026","rel":"","context":"En \u00abCHASCOM\u00daS\u00bb","block_context":{"text":"CHASCOM\u00daS","link":"https:\/\/larevistadigital.com.ar\/blog\/category\/chascomus\/"},"img":{"alt_text":"","src":"https:\/\/i0.wp.com\/larevistadigital.com.ar\/blog\/wp-content\/uploads\/2019\/01\/50648344_2252827864738086_2068394269080551424_n.jpg?fit=887%2C579&ssl=1&resize=350%2C200","width":350,"height":200,"srcset":"https:\/\/i0.wp.com\/larevistadigital.com.ar\/blog\/wp-content\/uploads\/2019\/01\/50648344_2252827864738086_2068394269080551424_n.jpg?fit=887%2C579&ssl=1&resize=350%2C200 1x, https:\/\/i0.wp.com\/larevistadigital.com.ar\/blog\/wp-content\/uploads\/2019\/01\/50648344_2252827864738086_2068394269080551424_n.jpg?fit=887%2C579&ssl=1&resize=525%2C300 1.5x, https:\/\/i0.wp.com\/larevistadigital.com.ar\/blog\/wp-content\/uploads\/2019\/01\/50648344_2252827864738086_2068394269080551424_n.jpg?fit=887%2C579&ssl=1&resize=700%2C400 2x"},"classes":[]},{"id":11597,"url":"https:\/\/larevistadigital.com.ar\/blog\/chascomus-gaston-entrego-concesion-del-balneario-san-jose-a-empresario-chino-que-ya-posee-un-supermercado-en-la-ciudad\/","url_meta":{"origin":3068,"position":2},"title":"CHASCOM\u00daS: GAST\u00d3N ENTREG\u00d3 CONCESI\u00d3N DEL BALNEARIO SAN JOS\u00c9 A EMPRESARIO CHINO, QUE YA POSEE UN SUPERMERCADO EN LA CIUDAD","author":"Alejandro Sosa Ruda","date":"28 julio, 2019","format":false,"excerpt":"El intendente Javier Gast\u00f3n firm\u00f3 el Contrato de Concesi\u00f3n del Balneario San Jos\u00e9 para la explotaci\u00f3n de servicios destinados a la gastronom\u00eda, balneario, usos recreativos, deportivos y culturales. En este sentido y luego de haber rescindido el contrato del anterior concesionario, se realizaron dos llamados a licitaci\u00f3n sin presentarse oferentes\u2026","rel":"","context":"En \u00abCHASCOM\u00daS\u00bb","block_context":{"text":"CHASCOM\u00daS","link":"https:\/\/larevistadigital.com.ar\/blog\/category\/chascomus\/"},"img":{"alt_text":"","src":"https:\/\/i0.wp.com\/larevistadigital.com.ar\/blog\/wp-content\/uploads\/2019_07_26_17_15_26_6250915.jpg?fit=600%2C374&ssl=1&resize=350%2C200","width":350,"height":200,"srcset":"https:\/\/i0.wp.com\/larevistadigital.com.ar\/blog\/wp-content\/uploads\/2019_07_26_17_15_26_6250915.jpg?fit=600%2C374&ssl=1&resize=350%2C200 1x, https:\/\/i0.wp.com\/larevistadigital.com.ar\/blog\/wp-content\/uploads\/2019_07_26_17_15_26_6250915.jpg?fit=600%2C374&ssl=1&resize=525%2C300 1.5x"},"classes":[]},{"id":27457,"url":"https:\/\/larevistadigital.com.ar\/blog\/chascomus-por-gestiones-del-diputado-jose-ignacio-cote-rossi-javier-gaston-firmo-un-convenio-con-medio-ambiente-pba\/","url_meta":{"origin":3068,"position":3},"title":"CHASCOM\u00daS: POR GESTIONES DEL DIPUTADO JOS\u00c9 IGNACIO \u00abCOTE\u00bb ROSSI, JAVIER GAST\u00d3N FIRM\u00d3 UN CONVENIO CON MEDIO AMBIENTE PBA","author":"Alejandro Sosa Ruda","date":"1 septiembre, 2022","format":false,"excerpt":"Se firm\u00f3 con la Ministra de Ambiente de la Provincia de Buenos Aires, Daniela Vilar. Los alcances. CHASCOM\u00daS -\u00a0 Por gestiones del diputado Jos\u00e9 Ignacio \"Cote\" Rossi, se firm\u00f3 un importante convenio entre la Ministro de Ambiente de la Provincia de Buenos Aires, Daniela Vilar y el intendente chascomunense Javier\u2026","rel":"","context":"En \u00abINTERES GENERAL\u00bb","block_context":{"text":"INTERES GENERAL","link":"https:\/\/larevistadigital.com.ar\/blog\/category\/interes-general\/"},"img":{"alt_text":"","src":"https:\/\/i0.wp.com\/larevistadigital.com.ar\/blog\/wp-content\/uploads\/304693538_503419148261624_5646517410135872841_n.jpg?fit=710%2C462&ssl=1&resize=350%2C200","width":350,"height":200,"srcset":"https:\/\/i0.wp.com\/larevistadigital.com.ar\/blog\/wp-content\/uploads\/304693538_503419148261624_5646517410135872841_n.jpg?fit=710%2C462&ssl=1&resize=350%2C200 1x, https:\/\/i0.wp.com\/larevistadigital.com.ar\/blog\/wp-content\/uploads\/304693538_503419148261624_5646517410135872841_n.jpg?fit=710%2C462&ssl=1&resize=525%2C300 1.5x, https:\/\/i0.wp.com\/larevistadigital.com.ar\/blog\/wp-content\/uploads\/304693538_503419148261624_5646517410135872841_n.jpg?fit=710%2C462&ssl=1&resize=700%2C400 2x"},"classes":[]},{"id":37651,"url":"https:\/\/larevistadigital.com.ar\/blog\/nuevas-carreras-universitarias-en-el-centro-universitario-de-chascomus\/","url_meta":{"origin":3068,"position":4},"title":"Nuevas carreras universitarias en el Centro Universitario de Chascom\u00fas","author":"Alejandro Sosa Ruda","date":"30 octubre, 2024","format":false,"excerpt":"Las mismas tienen como destinatarios a docentes de escuelas t\u00e9cnicas de la Provincia de Buenos Aires. 30 de octubre de 2024 CHASCOM\u00daS -\u00a0 En el d\u00eda de ayer se present\u00f3 y dio inicio a la Diplomatura en Agrobiotecnolog\u00eda que se ofrece con instancias de presencialidad en el Instituto Tecnol\u00f3gico Chascom\u00fas\u2026","rel":"","context":"En \u00abINTERES GENERAL\u00bb","block_context":{"text":"INTERES GENERAL","link":"https:\/\/larevistadigital.com.ar\/blog\/category\/interes-general\/"},"img":{"alt_text":"","src":"https:\/\/i0.wp.com\/larevistadigital.com.ar\/blog\/wp-content\/uploads\/6722736e2b6c3.png?fit=668%2C445&ssl=1&resize=350%2C200","width":350,"height":200,"srcset":"https:\/\/i0.wp.com\/larevistadigital.com.ar\/blog\/wp-content\/uploads\/6722736e2b6c3.png?fit=668%2C445&ssl=1&resize=350%2C200 1x, https:\/\/i0.wp.com\/larevistadigital.com.ar\/blog\/wp-content\/uploads\/6722736e2b6c3.png?fit=668%2C445&ssl=1&resize=525%2C300 1.5x"},"classes":[]},{"id":37866,"url":"https:\/\/larevistadigital.com.ar\/blog\/javier-gaston-recibio-a-medallistas-de-los-juegos-bonaerenses\/","url_meta":{"origin":3068,"position":5},"title":"Javier Gast\u00f3n recibi\u00f3 a medallistas de los Juegos Bonaerenses","author":"Alejandro Sosa Ruda","date":"13 noviembre, 2024","format":false,"excerpt":"Los integrantes de la delegaci\u00f3n chascomunense fueron convocados hoy al Palacio Municipal. 13 DE nOVIEMBRE DE 2024 CHASCOM\u00daS - Los ganadores en distintas disciplinas culturales y deportivas de la \u00faltima edici\u00f3n de los Juegos Bonaerenses, fueron convocados a un encuentro con el intendente Javier Gast\u00f3n, quien los recibi\u00f3 en reconocimiento\u2026","rel":"","context":"En \u00abCHASCOM\u00daS\u00bb","block_context":{"text":"CHASCOM\u00daS","link":"https:\/\/larevistadigital.com.ar\/blog\/category\/chascomus\/"},"img":{"alt_text":"","src":"https:\/\/i0.wp.com\/larevistadigital.com.ar\/blog\/wp-content\/uploads\/6734ee18d43f2.png?fit=668%2C445&ssl=1&resize=350%2C200","width":350,"height":200,"srcset":"https:\/\/i0.wp.com\/larevistadigital.com.ar\/blog\/wp-content\/uploads\/6734ee18d43f2.png?fit=668%2C445&ssl=1&resize=350%2C200 1x, https:\/\/i0.wp.com\/larevistadigital.com.ar\/blog\/wp-content\/uploads\/6734ee18d43f2.png?fit=668%2C445&ssl=1&resize=525%2C300 1.5x"},"classes":[]}],"_links":{"self":[{"href":"https:\/\/larevistadigital.com.ar\/blog\/wp-json\/wp\/v2\/posts\/3068","targetHints":{"allow":["GET"]}}],"collection":[{"href":"https:\/\/larevistadigital.com.ar\/blog\/wp-json\/wp\/v2\/posts"}],"about":[{"href":"https:\/\/larevistadigital.com.ar\/blog\/wp-json\/wp\/v2\/types\/post"}],"author":[{"embeddable":true,"href":"https:\/\/larevistadigital.com.ar\/blog\/wp-json\/wp\/v2\/users\/1"}],"replies":[{"embeddable":true,"href":"https:\/\/larevistadigital.com.ar\/blog\/wp-json\/wp\/v2\/comments?post=3068"}],"version-history":[{"count":1,"href":"https:\/\/larevistadigital.com.ar\/blog\/wp-json\/wp\/v2\/posts\/3068\/revisions"}],"predecessor-version":[{"id":3070,"href":"https:\/\/larevistadigital.com.ar\/blog\/wp-json\/wp\/v2\/posts\/3068\/revisions\/3070"}],"wp:featuredmedia":[{"embeddable":true,"href":"https:\/\/larevistadigital.com.ar\/blog\/wp-json\/wp\/v2\/media\/3069"}],"wp:attachment":[{"href":"https:\/\/larevistadigital.com.ar\/blog\/wp-json\/wp\/v2\/media?parent=3068"}],"wp:term":[{"taxonomy":"category","embeddable":true,"href":"https:\/\/larevistadigital.com.ar\/blog\/wp-json\/wp\/v2\/categories?post=3068"},{"taxonomy":"post_tag","embeddable":true,"href":"https:\/\/larevistadigital.com.ar\/blog\/wp-json\/wp\/v2\/tags?post=3068"}],"curies":[{"name":"wp","href":"https:\/\/api.w.org\/{rel}","templated":true}]}}