{"id":30689,"date":"2023-03-23T17:17:10","date_gmt":"2023-03-23T17:17:10","guid":{"rendered":"https:\/\/larevistadigital.com.ar\/blog\/?p=30689"},"modified":"2023-03-23T17:17:10","modified_gmt":"2023-03-23T17:17:10","slug":"chascomus-aprehenden-a-un-sujeto-con-un-vehiculo-robado","status":"publish","type":"post","link":"https:\/\/larevistadigital.com.ar\/blog\/chascomus-aprehenden-a-un-sujeto-con-un-vehiculo-robado\/","title":{"rendered":"CHASCOM\u00daS: APREHENDEN A UN SUJETO CON UN VEH\u00cdCULO ROBADO"},"content":{"rendered":"<h2>Lo detect\u00f3 un movil en recorrida, y se confirm\u00f3 que era un auto con pedido de secuestro. Se aprehendi\u00f3 al conductor.<\/h2>\n<p>23 De Marzo de 2023<\/p>\n<p>Personal de la Polic\u00eda Comunal, detect\u00f3 un veh\u00edculo sospechoso, y luego de informar el dominio al 911, se estableci\u00f3 que sobre el mismo pesaba un Pedido de Secuestro Activo a solicitud de Comisar\u00eda de Esteban Echeverria Tercera Transradio, por el Delito de Robo con la intervenci\u00f3n de la UFI N\u00b0 2 Descentralizada de Esteban Echeverria.<\/p>\n<blockquote>\n<h3>A ra\u00edz de eso, se procedi\u00f3 a la interceptaci\u00f3n del rodado y posterior aprehensi\u00f3n del masculino que lo conduc\u00eda, por el delito de \u00abEncubrimiento\u00bb.<\/h3>\n<\/blockquote>\n<p><img data-recalc-dims=\"1\" loading=\"lazy\" decoding=\"async\" class=\" wp-image-30691 alignright\" src=\"https:\/\/i0.wp.com\/larevistadigital.com.ar\/blog\/wp-content\/uploads\/WhatsApp-Image-2023-03-23-at-01.26.34.jpeg?resize=373%2C497&#038;ssl=1\" alt=\"\" width=\"373\" height=\"497\" srcset=\"https:\/\/i0.wp.com\/larevistadigital.com.ar\/blog\/wp-content\/uploads\/WhatsApp-Image-2023-03-23-at-01.26.34.jpeg?w=960&amp;ssl=1 960w, https:\/\/i0.wp.com\/larevistadigital.com.ar\/blog\/wp-content\/uploads\/WhatsApp-Image-2023-03-23-at-01.26.34.jpeg?resize=225%2C300&amp;ssl=1 225w, https:\/\/i0.wp.com\/larevistadigital.com.ar\/blog\/wp-content\/uploads\/WhatsApp-Image-2023-03-23-at-01.26.34.jpeg?resize=768%2C1024&amp;ssl=1 768w\" sizes=\"auto, (max-width: 373px) 100vw, 373px\" \/>Luego de esto, la polic\u00eda se comunic\u00f3 con el Dr.<strong> Jonatan Robert<\/strong> que aval\u00f3 las actuaciones y dispuso actuaciones de rigor, respecto del aprehendido. Notificaci\u00f3n de los Art\u00edculos 1 y 60 CPP, certificaci\u00f3n de Domicilio, Plana Inform\u00e1tica y posterior libertad a tenor del Art. 161 del CPP. DE<\/p>\n","protected":false},"excerpt":{"rendered":"<div class=\"mh-excerpt\"><p>Lo detect\u00f3 un movil en recorrida, y se confirm\u00f3 que era un auto con pedido de secuestro. Se aprehendi\u00f3 al conductor. 23 De Marzo de 2023 Personal de la Polic\u00eda Comunal, detect\u00f3 un veh\u00edculo sospechoso, <a class=\"mh-excerpt-more\" href=\"https:\/\/larevistadigital.com.ar\/blog\/chascomus-aprehenden-a-un-sujeto-con-un-vehiculo-robado\/\" title=\"CHASCOM\u00daS: APREHENDEN A UN SUJETO CON UN VEH\u00cdCULO ROBADO\">[Leer M\u00e1s]<\/a><\/p>\n<\/div>","protected":false},"author":3,"featured_media":30690,"comment_status":"open","ping_status":"open","sticky":false,"template":"","format":"standard","meta":{"_jetpack_memberships_contains_paid_content":false,"footnotes":"","jetpack_publicize_message":"","jetpack_publicize_feature_enabled":true,"jetpack_social_post_already_shared":true,"jetpack_social_options":{"image_generator_settings":{"template":"highway","default_image_id":0,"font":"","enabled":false},"version":2}},"categories":[50,44],"tags":[],"class_list":{"0":"post-30689","1":"post","2":"type-post","3":"status-publish","4":"format-standard","5":"has-post-thumbnail","7":"category-interes-general","8":"category-policiales"},"jetpack_publicize_connections":[],"jetpack_featured_media_url":"https:\/\/i0.wp.com\/larevistadigital.com.ar\/blog\/wp-content\/uploads\/WhatsApp-Image-2023-03-23-at-01.26.34-1-e1679591608301.jpeg?fit=960%2C800&ssl=1","jetpack_sharing_enabled":true,"jetpack_shortlink":"https:\/\/wp.me\/p8qtrQ-7YZ","jetpack-related-posts":[{"id":31523,"url":"https:\/\/larevistadigital.com.ar\/blog\/gracias-a-una-alerta-de-monitoreo-la-policia-comunal-aprehendio-un-sujeto-que-circulaba-con-una-moto-robada\/","url_meta":{"origin":30689,"position":0},"title":"GRACIAS A UNA ALERTA DE MONITOREO, LA POLIC\u00cdA COMUNAL APREHENDI\u00d3 UN SUJETO QUE CIRCULABA CON UNA MOTO ROBADA","author":"Alejandro Sosa Ruda","date":"11 mayo, 2023","format":false,"excerpt":"El aprehendido es de Chascom\u00fas, y la motocicleta hab\u00eda sido robada en Lomas de Zamora. Se logr\u00f3 la aprehensi\u00f3n gracias al trabajo de Monitoreo. 11 de mayo de 2023 CHASCOM\u00daS\u00a0 -\u00a0 Durante la jornada de ayer, Monitoreo local se comunic\u00f3 con la Polic\u00eda Comunal, para que se identifique un individuo\u2026","rel":"","context":"En \u00abDESTACADAS\u00bb","block_context":{"text":"DESTACADAS","link":"https:\/\/larevistadigital.com.ar\/blog\/category\/destacadas\/"},"img":{"alt_text":"","src":"https:\/\/i0.wp.com\/larevistadigital.com.ar\/blog\/wp-content\/uploads\/WhatsApp-Image-2023-05-10-at-08.24.09-1-e1683847328115.jpeg?fit=899%2C655&ssl=1&resize=350%2C200","width":350,"height":200,"srcset":"https:\/\/i0.wp.com\/larevistadigital.com.ar\/blog\/wp-content\/uploads\/WhatsApp-Image-2023-05-10-at-08.24.09-1-e1683847328115.jpeg?fit=899%2C655&ssl=1&resize=350%2C200 1x, https:\/\/i0.wp.com\/larevistadigital.com.ar\/blog\/wp-content\/uploads\/WhatsApp-Image-2023-05-10-at-08.24.09-1-e1683847328115.jpeg?fit=899%2C655&ssl=1&resize=525%2C300 1.5x, https:\/\/i0.wp.com\/larevistadigital.com.ar\/blog\/wp-content\/uploads\/WhatsApp-Image-2023-05-10-at-08.24.09-1-e1683847328115.jpeg?fit=899%2C655&ssl=1&resize=700%2C400 2x"},"classes":[]},{"id":4137,"url":"https:\/\/larevistadigital.com.ar\/blog\/chascomus-gracias-la-denuncia-vecino-encuentran-vehiculo-incendiado-pedido-secuestro\/","url_meta":{"origin":30689,"position":1},"title":"CHASCOM\u00daS: GRACIAS A LA DENUNCIA DE UN VECINO, ENCUENTRAN VEH\u00cdCULO INCENDIADO CON PEDIDO DE SECUESTRO","author":"Alejandro Sosa Ruda","date":"3 diciembre, 2017","format":false,"excerpt":"En la tarde del domingo se comunic\u00f3 con nosotros el vecino de Chascom\u00fas, Alberto Trillo para comentarnos que hab\u00eda llamado a la policia porque en cercan\u00edas del Castillo de la Amistad, m\u00e1s precisamente a la altura de la curva que est\u00e1 cercana al puente \"blanco\", se divisaba un autom\u00f3vil con\u2026","rel":"","context":"En \u00abDESTACADAS\u00bb","block_context":{"text":"DESTACADAS","link":"https:\/\/larevistadigital.com.ar\/blog\/category\/destacadas\/"},"img":{"alt_text":"","src":"https:\/\/i0.wp.com\/larevistadigital.com.ar\/blog\/wp-content\/uploads\/2017\/12\/WhatsApp-Image-2017-12-03-at-18.26.01.jpeg?fit=1200%2C720&ssl=1&resize=350%2C200","width":350,"height":200,"srcset":"https:\/\/i0.wp.com\/larevistadigital.com.ar\/blog\/wp-content\/uploads\/2017\/12\/WhatsApp-Image-2017-12-03-at-18.26.01.jpeg?fit=1200%2C720&ssl=1&resize=350%2C200 1x, https:\/\/i0.wp.com\/larevistadigital.com.ar\/blog\/wp-content\/uploads\/2017\/12\/WhatsApp-Image-2017-12-03-at-18.26.01.jpeg?fit=1200%2C720&ssl=1&resize=525%2C300 1.5x, https:\/\/i0.wp.com\/larevistadigital.com.ar\/blog\/wp-content\/uploads\/2017\/12\/WhatsApp-Image-2017-12-03-at-18.26.01.jpeg?fit=1200%2C720&ssl=1&resize=700%2C400 2x, https:\/\/i0.wp.com\/larevistadigital.com.ar\/blog\/wp-content\/uploads\/2017\/12\/WhatsApp-Image-2017-12-03-at-18.26.01.jpeg?fit=1200%2C720&ssl=1&resize=1050%2C600 3x"},"classes":[]},{"id":29710,"url":"https:\/\/larevistadigital.com.ar\/blog\/chascomus-la-policia-persiguio-y-aprehedio-a-cuatro-jovenes-a-bordo-de-un-automovil-con-pedido-de-secuestro\/","url_meta":{"origin":30689,"position":2},"title":"CHASCOM\u00daS: LA POLIC\u00cdA PERSIGUI\u00d3 Y APREHEDI\u00d3 A CUATRO JOVENES A BORDO DE UN AUTOM\u00d3VIL CON PEDIDO DE SECUESTRO","author":"Alejandro Sosa Ruda","date":"30 diciembre, 2022","format":false,"excerpt":"Los descubrieron circulando por la avenida Juan Manuel de Rosas y ante el pedido de que se detengan, emprendieron la fuga que termin\u00f3 con la aprehensi\u00f3n de los ocupantes y el secuestro del veh\u00edculo. 30 de diciembre de 2022 Durante la noche de ayer, pasadas las 23:30hs. personal de la\u2026","rel":"","context":"En \u00abDESTACADAS\u00bb","block_context":{"text":"DESTACADAS","link":"https:\/\/larevistadigital.com.ar\/blog\/category\/destacadas\/"},"img":{"alt_text":"","src":"https:\/\/i0.wp.com\/larevistadigital.com.ar\/blog\/wp-content\/uploads\/WhatsApp-Image-2022-12-30-at-09.23.27-1.jpeg?fit=1200%2C798&ssl=1&resize=350%2C200","width":350,"height":200,"srcset":"https:\/\/i0.wp.com\/larevistadigital.com.ar\/blog\/wp-content\/uploads\/WhatsApp-Image-2022-12-30-at-09.23.27-1.jpeg?fit=1200%2C798&ssl=1&resize=350%2C200 1x, https:\/\/i0.wp.com\/larevistadigital.com.ar\/blog\/wp-content\/uploads\/WhatsApp-Image-2022-12-30-at-09.23.27-1.jpeg?fit=1200%2C798&ssl=1&resize=525%2C300 1.5x, https:\/\/i0.wp.com\/larevistadigital.com.ar\/blog\/wp-content\/uploads\/WhatsApp-Image-2022-12-30-at-09.23.27-1.jpeg?fit=1200%2C798&ssl=1&resize=700%2C400 2x, https:\/\/i0.wp.com\/larevistadigital.com.ar\/blog\/wp-content\/uploads\/WhatsApp-Image-2022-12-30-at-09.23.27-1.jpeg?fit=1200%2C798&ssl=1&resize=1050%2C600 3x"},"classes":[]},{"id":33608,"url":"https:\/\/larevistadigital.com.ar\/blog\/chascomus-la-policia-recupero-en-un-operativo-una-moto-con-denuncia-de-robo\/","url_meta":{"origin":30689,"position":3},"title":"CHASCOM\u00daS: LA POLIC\u00cdA RECUPER\u00d3 EN UN OPERATIVO UNA MOTO CON DENUNCIA DE ROBO","author":"Alejandro Sosa Ruda","date":"25 septiembre, 2023","format":false,"excerpt":"El pedido de secuestro era por robo de motoveh\u00edculo en septiembre de 2021. 25 de Septiembre de 2023 CHASCOM\u00daS -\u00a0 El pasado s\u00e1bado 23 en horas de la tarde noche, personal policial de EPC Chascomus Primera durante un operativo de interceptacion selectiva de veh\u00edculos, procedi\u00f3 a detener a una motocicleta\u2026","rel":"","context":"En \u00abPOLICIALES\u00bb","block_context":{"text":"POLICIALES","link":"https:\/\/larevistadigital.com.ar\/blog\/category\/policiales\/"},"img":{"alt_text":"","src":"https:\/\/i0.wp.com\/larevistadigital.com.ar\/blog\/wp-content\/uploads\/WhatsApp-Image-2023-09-25-at-20.06.49.jpeg?fit=675%2C1200&ssl=1&resize=350%2C200","width":350,"height":200,"srcset":"https:\/\/i0.wp.com\/larevistadigital.com.ar\/blog\/wp-content\/uploads\/WhatsApp-Image-2023-09-25-at-20.06.49.jpeg?fit=675%2C1200&ssl=1&resize=350%2C200 1x, https:\/\/i0.wp.com\/larevistadigital.com.ar\/blog\/wp-content\/uploads\/WhatsApp-Image-2023-09-25-at-20.06.49.jpeg?fit=675%2C1200&ssl=1&resize=525%2C300 1.5x"},"classes":[]},{"id":43469,"url":"https:\/\/larevistadigital.com.ar\/blog\/recuperan-una-moto-con-pedido-de-secuestro-activo-gracias-a-ojos-en-alerta\/","url_meta":{"origin":30689,"position":4},"title":"Recuperan una moto con pedido de secuestro activo gracias a Ojos en Alerta","author":"Alejandro Sosa Ruda","date":"19 enero, 2026","format":false,"excerpt":"El pasado mi\u00e9rcoles 15 de enero, cerca del mediod\u00eda, en la intersecci\u00f3n de Lastra y Casalins, un vecino alert\u00f3 a trav\u00e9s del n\u00famero de whatsapp en Ojos en Alerta que hab\u00eda reconocido su moto, la cual hab\u00eda sido sustra\u00edda. 19 De enero de 2026 CHASCOM\u00daS -\u00a0 \u00a0Desde el Centro de\u2026","rel":"","context":"En \u00abDESTACADAS\u00bb","block_context":{"text":"DESTACADAS","link":"https:\/\/larevistadigital.com.ar\/blog\/category\/destacadas\/"},"img":{"alt_text":"","src":"https:\/\/i0.wp.com\/larevistadigital.com.ar\/blog\/wp-content\/uploads\/696e717adc21f.png?fit=668%2C445&ssl=1&resize=350%2C200","width":350,"height":200,"srcset":"https:\/\/i0.wp.com\/larevistadigital.com.ar\/blog\/wp-content\/uploads\/696e717adc21f.png?fit=668%2C445&ssl=1&resize=350%2C200 1x, https:\/\/i0.wp.com\/larevistadigital.com.ar\/blog\/wp-content\/uploads\/696e717adc21f.png?fit=668%2C445&ssl=1&resize=525%2C300 1.5x"},"classes":[]},{"id":27896,"url":"https:\/\/larevistadigital.com.ar\/blog\/video-chascomus-la-policia-recupera-un-auto-con-pedido-de-secuestro-y-aprehende-a-su-conductor\/","url_meta":{"origin":30689,"position":5},"title":"[VIDEO] CHASCOM\u00daS: LA POLIC\u00cdA RECUPERA UN AUTO CON PEDIDO DE SECUESTRO Y APREHENDE A SU CONDUCTOR","author":"Alejandro Sosa Ruda","date":"20 septiembre, 2022","format":false,"excerpt":"Ocurri\u00f3 en pleno centro de la ciudad. Aprehendieron a un sujeto por \"encubrimiento\". 19 de septiembre de 2022 CHASCOM\u00daS -\u00a0\u00a0Durante el d\u00eda de hoy, personal del GTO de la Estaci\u00f3n de Polic\u00eda Comunal aprehendi\u00f3 a un sujeto al detectar que se trasladaba en un autom\u00f3vil Renault Clio, ptte. AA330XQ, con\u2026","rel":"","context":"En \u00abDESTACADAS\u00bb","block_context":{"text":"DESTACADAS","link":"https:\/\/larevistadigital.com.ar\/blog\/category\/destacadas\/"},"img":{"alt_text":"","src":"https:\/\/i0.wp.com\/larevistadigital.com.ar\/blog\/wp-content\/uploads\/2eg.jpg?fit=1200%2C572&ssl=1&resize=350%2C200","width":350,"height":200,"srcset":"https:\/\/i0.wp.com\/larevistadigital.com.ar\/blog\/wp-content\/uploads\/2eg.jpg?fit=1200%2C572&ssl=1&resize=350%2C200 1x, https:\/\/i0.wp.com\/larevistadigital.com.ar\/blog\/wp-content\/uploads\/2eg.jpg?fit=1200%2C572&ssl=1&resize=525%2C300 1.5x, https:\/\/i0.wp.com\/larevistadigital.com.ar\/blog\/wp-content\/uploads\/2eg.jpg?fit=1200%2C572&ssl=1&resize=700%2C400 2x, https:\/\/i0.wp.com\/larevistadigital.com.ar\/blog\/wp-content\/uploads\/2eg.jpg?fit=1200%2C572&ssl=1&resize=1050%2C600 3x"},"classes":[]}],"_links":{"self":[{"href":"https:\/\/larevistadigital.com.ar\/blog\/wp-json\/wp\/v2\/posts\/30689","targetHints":{"allow":["GET"]}}],"collection":[{"href":"https:\/\/larevistadigital.com.ar\/blog\/wp-json\/wp\/v2\/posts"}],"about":[{"href":"https:\/\/larevistadigital.com.ar\/blog\/wp-json\/wp\/v2\/types\/post"}],"author":[{"embeddable":true,"href":"https:\/\/larevistadigital.com.ar\/blog\/wp-json\/wp\/v2\/users\/3"}],"replies":[{"embeddable":true,"href":"https:\/\/larevistadigital.com.ar\/blog\/wp-json\/wp\/v2\/comments?post=30689"}],"version-history":[{"count":1,"href":"https:\/\/larevistadigital.com.ar\/blog\/wp-json\/wp\/v2\/posts\/30689\/revisions"}],"predecessor-version":[{"id":30692,"href":"https:\/\/larevistadigital.com.ar\/blog\/wp-json\/wp\/v2\/posts\/30689\/revisions\/30692"}],"wp:featuredmedia":[{"embeddable":true,"href":"https:\/\/larevistadigital.com.ar\/blog\/wp-json\/wp\/v2\/media\/30690"}],"wp:attachment":[{"href":"https:\/\/larevistadigital.com.ar\/blog\/wp-json\/wp\/v2\/media?parent=30689"}],"wp:term":[{"taxonomy":"category","embeddable":true,"href":"https:\/\/larevistadigital.com.ar\/blog\/wp-json\/wp\/v2\/categories?post=30689"},{"taxonomy":"post_tag","embeddable":true,"href":"https:\/\/larevistadigital.com.ar\/blog\/wp-json\/wp\/v2\/tags?post=30689"}],"curies":[{"name":"wp","href":"https:\/\/api.w.org\/{rel}","templated":true}]}}