{"id":30699,"date":"2023-03-23T22:56:23","date_gmt":"2023-03-23T22:56:23","guid":{"rendered":"https:\/\/larevistadigital.com.ar\/blog\/?p=30699"},"modified":"2023-03-23T22:56:23","modified_gmt":"2023-03-23T22:56:23","slug":"intendente-bonaerense-entrego-a-la-policia-600-denuncias-por-venta-minorista-de-drogas","status":"publish","type":"post","link":"https:\/\/larevistadigital.com.ar\/blog\/intendente-bonaerense-entrego-a-la-policia-600-denuncias-por-venta-minorista-de-drogas\/","title":{"rendered":"INTENDENTE BONAERENSE ENTREG\u00d3 A LA POLIC\u00cdA 600 DENUNCIAS POR VENTA MINORISTA DE DROGAS"},"content":{"rendered":"<h2 class=\"fparrafo ctext fz18 lh25\">Se trata de denuncias que realizaron vecinos de forma an\u00f3nima a trav\u00e9s del programa Buz\u00f3n Vida. El jefe comunal de Juntos le pidi\u00f3 a la Justicia que investigue con celeridad. Desde el municipio buscan colaborar en la lucha contra el narcomenudeo.<\/h2>\n<p>23 de marzo de 2023<\/p>\n<p class=\"selectionShareable\"><strong>CAMPANA &#8211;\u00a0<\/strong> Para colaborar en la lucha contra el narcomenudeo, el Intendente de Campana, <strong>Sebasti\u00e1n Abella<\/strong>, firm\u00f3 esta semana otras 39 nuevas denuncias que realizaron vecinos de forma an\u00f3nima a trav\u00e9s del programa Buz\u00f3n Vida y le pidi\u00f3 a la Justicia que investigue con celeridad.<\/p>\n<blockquote>\n<h3 class=\"selectionShareable\">De esta manera, el jefe comunal revel\u00f3 que ya se alcanzaron un total de 600 denuncias an\u00f3nimas desde que se implement\u00f3 esta herramienta, Abella destac\u00f3 que los datos aportados permiten tanto iniciar una nueva investigaci\u00f3n o avanzar en una que ya est\u00e1 en curso.<\/h3>\n<\/blockquote>\n<p class=\"selectionShareable\"><em><strong>\u00abEs fundamental que se trabaje r\u00e1pidamente, que se investigue cada denuncia, para poder avanzar en la lucha contra el narcomenudeo. El Buz\u00f3n Vida demostr\u00f3 ser una herramienta eficaz, los vecinos conf\u00edan y cada vez aportan datos m\u00e1s precisos\u00bb<\/strong><\/em>, indic\u00f3 el Intendnete.<\/p>\n<p class=\"selectionShareable\"><em><strong>\u00abAhora queda que la Fiscal\u00eda tome cartas en el asunto\u00bb<\/strong><\/em>, asegur\u00f3 el alcalde seg\u00fan public\u00f3 el portal LaAut\u00e9nticaDefensa. Finalmente, inst\u00f3 a los vecinos a seguir realizando sus denuncias an\u00f3nimas, a la vez que le pidi\u00f3 a la Justicia que act\u00fae con \u00abfirmeza\u201d. (<b>InfoGEI<\/b>) Mg<\/p>\n","protected":false},"excerpt":{"rendered":"<div class=\"mh-excerpt\"><p>Se trata de denuncias que realizaron vecinos de forma an\u00f3nima a trav\u00e9s del programa Buz\u00f3n Vida. El jefe comunal de Juntos le pidi\u00f3 a la Justicia que investigue con celeridad. Desde el municipio buscan colaborar <a class=\"mh-excerpt-more\" href=\"https:\/\/larevistadigital.com.ar\/blog\/intendente-bonaerense-entrego-a-la-policia-600-denuncias-por-venta-minorista-de-drogas\/\" title=\"INTENDENTE BONAERENSE ENTREG\u00d3 A LA POLIC\u00cdA 600 DENUNCIAS POR VENTA MINORISTA DE DROGAS\">[Leer M\u00e1s]<\/a><\/p>\n<\/div>","protected":false},"author":3,"featured_media":30700,"comment_status":"open","ping_status":"open","sticky":false,"template":"","format":"standard","meta":{"_jetpack_memberships_contains_paid_content":false,"footnotes":"","jetpack_publicize_message":"","jetpack_publicize_feature_enabled":true,"jetpack_social_post_already_shared":true,"jetpack_social_options":{"image_generator_settings":{"template":"highway","default_image_id":0,"font":"","enabled":false},"version":2}},"categories":[24,51],"tags":[],"class_list":{"0":"post-30699","1":"post","2":"type-post","3":"status-publish","4":"format-standard","5":"has-post-thumbnail","7":"category-politica-provincial","8":"category-regionales"},"jetpack_publicize_connections":[],"jetpack_featured_media_url":"https:\/\/i0.wp.com\/larevistadigital.com.ar\/blog\/wp-content\/uploads\/20230323160912_droga-narcomenudeo34-696x479-1.jpg?fit=880%2C512&ssl=1","jetpack_sharing_enabled":true,"jetpack_shortlink":"https:\/\/wp.me\/p8qtrQ-7Z9","jetpack-related-posts":[{"id":7301,"url":"https:\/\/larevistadigital.com.ar\/blog\/el-intendente-de-villa-gesell-denuncio-nuevas-irregularidades-del-consejo-de-administracion-de-cevige\/","url_meta":{"origin":30699,"position":0},"title":"EL INTENDENTE DE VILLA GESELL DENUNCI\u00d3 NUEVAS IRREGULARIDADES DEL CONSEJO DE ADMINISTRACI\u00d3N DE CEVIGE","author":"Alejandro Sosa Ruda","date":"17 diciembre, 2018","format":false,"excerpt":"Hoy el intendente Gustavo Barrera realiz\u00f3 una nueva denuncia penal contra el Consejo de Administraci\u00f3n de Cevige ante la Justicia de Dolores. Mediante un video dirigido a la ciudadan\u00eda de Villa Gesell el jefe comunal explica que en la denuncia realizada el 17 de diciembre inform\u00f3 m\u00e1s irregularidades de los\u2026","rel":"","context":"En \u00abPOLITICA\u00bb","block_context":{"text":"POLITICA","link":"https:\/\/larevistadigital.com.ar\/blog\/category\/politica\/"},"img":{"alt_text":"","src":"https:\/\/i0.wp.com\/larevistadigital.com.ar\/blog\/wp-content\/uploads\/2018\/12\/68dd50519de22617ad48456d623d0861feab1144.jpg?fit=1140%2C758&ssl=1&resize=350%2C200","width":350,"height":200,"srcset":"https:\/\/i0.wp.com\/larevistadigital.com.ar\/blog\/wp-content\/uploads\/2018\/12\/68dd50519de22617ad48456d623d0861feab1144.jpg?fit=1140%2C758&ssl=1&resize=350%2C200 1x, https:\/\/i0.wp.com\/larevistadigital.com.ar\/blog\/wp-content\/uploads\/2018\/12\/68dd50519de22617ad48456d623d0861feab1144.jpg?fit=1140%2C758&ssl=1&resize=525%2C300 1.5x, https:\/\/i0.wp.com\/larevistadigital.com.ar\/blog\/wp-content\/uploads\/2018\/12\/68dd50519de22617ad48456d623d0861feab1144.jpg?fit=1140%2C758&ssl=1&resize=700%2C400 2x, https:\/\/i0.wp.com\/larevistadigital.com.ar\/blog\/wp-content\/uploads\/2018\/12\/68dd50519de22617ad48456d623d0861feab1144.jpg?fit=1140%2C758&ssl=1&resize=1050%2C600 3x"},"classes":[]},{"id":41753,"url":"https:\/\/larevistadigital.com.ar\/blog\/pehuajo-el-intendente-pablo-zurro-denuncio-el-deterioro-de-los-caminos-rurales-y-el-ingreso-ilegal-de-agua\/","url_meta":{"origin":30699,"position":1},"title":"Pehuaj\u00f3: el intendente Pablo Zurro denunci\u00f3 el deterioro de los caminos rurales y el ingreso ilegal de agua","author":"Alejandro Sosa Ruda","date":"3 octubre, 2025","format":false,"excerpt":"El jefe comunal responsabiliz\u00f3 a empresas por el mal estado de las v\u00edas y pidi\u00f3 la intervenci\u00f3n de las autoridades provinciales y nacionales. 03 de Octubre de 2025 BUENOS AIRES -\u00a0 \u00a0El intendente de Pehuaj\u00f3, Pablo Zurro, expres\u00f3 su preocupaci\u00f3n por el cr\u00edtico estado de los caminos rurales del distrito,\u2026","rel":"","context":"En \u00abPOLITICA PROVINCIAL\u00bb","block_context":{"text":"POLITICA PROVINCIAL","link":"https:\/\/larevistadigital.com.ar\/blog\/category\/politica\/politica-provincial\/"},"img":{"alt_text":"","src":"https:\/\/i0.wp.com\/larevistadigital.com.ar\/blog\/wp-content\/uploads\/20251003130418_whatsapp-image-2025-10-03-at-13-03-31.webp?fit=1200%2C685&ssl=1&resize=350%2C200","width":350,"height":200,"srcset":"https:\/\/i0.wp.com\/larevistadigital.com.ar\/blog\/wp-content\/uploads\/20251003130418_whatsapp-image-2025-10-03-at-13-03-31.webp?fit=1200%2C685&ssl=1&resize=350%2C200 1x, https:\/\/i0.wp.com\/larevistadigital.com.ar\/blog\/wp-content\/uploads\/20251003130418_whatsapp-image-2025-10-03-at-13-03-31.webp?fit=1200%2C685&ssl=1&resize=525%2C300 1.5x, https:\/\/i0.wp.com\/larevistadigital.com.ar\/blog\/wp-content\/uploads\/20251003130418_whatsapp-image-2025-10-03-at-13-03-31.webp?fit=1200%2C685&ssl=1&resize=700%2C400 2x, https:\/\/i0.wp.com\/larevistadigital.com.ar\/blog\/wp-content\/uploads\/20251003130418_whatsapp-image-2025-10-03-at-13-03-31.webp?fit=1200%2C685&ssl=1&resize=1050%2C600 3x"},"classes":[]},{"id":39968,"url":"https:\/\/larevistadigital.com.ar\/blog\/presentan-otra-denuncia-contra-el-pami-por-la-reduccion-de-capitas-en-villa-gesell\/","url_meta":{"origin":30699,"position":2},"title":"Presentan otra denuncia contra el PAMI por la reducci\u00f3n de c\u00e1pitas en Villa Gesell","author":"Alejandro Sosa Ruda","date":"5 junio, 2025","format":false,"excerpt":"El intendente acudi\u00f3 a la Fiscal\u00eda Federal de Dolores para formalizar su reclamo, sum\u00e1ndose a otros municipios que ya hab\u00edan manifestado su oposici\u00f3n a la medida. El jefe comunal asegur\u00f3 a El Mensajero, que esta decisi\u00f3n afecta de manera severa al hospital municipal. 5 De Junio de 2025 VILLA GESELL\u2026","rel":"","context":"En \u00abREGIONALES\u00bb","block_context":{"text":"REGIONALES","link":"https:\/\/larevistadigital.com.ar\/blog\/category\/regionales\/"},"img":{"alt_text":"","src":"https:\/\/i0.wp.com\/larevistadigital.com.ar\/blog\/wp-content\/uploads\/20250605144606_barrera-denuncia-pami-capitas-villa-gesell.jpg?fit=880%2C512&ssl=1&resize=350%2C200","width":350,"height":200,"srcset":"https:\/\/i0.wp.com\/larevistadigital.com.ar\/blog\/wp-content\/uploads\/20250605144606_barrera-denuncia-pami-capitas-villa-gesell.jpg?fit=880%2C512&ssl=1&resize=350%2C200 1x, https:\/\/i0.wp.com\/larevistadigital.com.ar\/blog\/wp-content\/uploads\/20250605144606_barrera-denuncia-pami-capitas-villa-gesell.jpg?fit=880%2C512&ssl=1&resize=525%2C300 1.5x, https:\/\/i0.wp.com\/larevistadigital.com.ar\/blog\/wp-content\/uploads\/20250605144606_barrera-denuncia-pami-capitas-villa-gesell.jpg?fit=880%2C512&ssl=1&resize=700%2C400 2x"},"classes":[]},{"id":42132,"url":"https:\/\/larevistadigital.com.ar\/blog\/multiples-denuncias-de-municipales-acorralan-al-intendente-montenegro-en-mar-del-plata\/","url_meta":{"origin":30699,"position":3},"title":"M\u00faltiples denuncias de municipales acorralan al intendente Montenegro en Mar del Plata","author":"Alejandro Sosa Ruda","date":"20 octubre, 2025","format":false,"excerpt":"Trabajadores del gobierno marplatense acusan al jefe comunal de nombrar arbitrariamente a m\u00e1s de veinte funcionarios jer\u00e1rquicos, una maniobra que, de acuerdo con la organizaci\u00f3n, \u201clesiona\u201d la carrera de cientos de agentes municipales. La gesti\u00f3n del\u00a0intendente\u00a0Guillermo Montenegro\u00a0en el municipio bonaerense de\u00a0General Pueyrred\u00f3n\u00a0(Mar del Plata) atraviesa una nueva pol\u00e9mica y es\u2026","rel":"","context":"En \u00abPOLITICA\u00bb","block_context":{"text":"POLITICA","link":"https:\/\/larevistadigital.com.ar\/blog\/category\/politica\/"},"img":{"alt_text":"","src":"https:\/\/i0.wp.com\/larevistadigital.com.ar\/blog\/wp-content\/uploads\/Captura-de-pantalla-2025-10-20-220507.jpg?fit=730%2C455&ssl=1&resize=350%2C200","width":350,"height":200,"srcset":"https:\/\/i0.wp.com\/larevistadigital.com.ar\/blog\/wp-content\/uploads\/Captura-de-pantalla-2025-10-20-220507.jpg?fit=730%2C455&ssl=1&resize=350%2C200 1x, https:\/\/i0.wp.com\/larevistadigital.com.ar\/blog\/wp-content\/uploads\/Captura-de-pantalla-2025-10-20-220507.jpg?fit=730%2C455&ssl=1&resize=525%2C300 1.5x, https:\/\/i0.wp.com\/larevistadigital.com.ar\/blog\/wp-content\/uploads\/Captura-de-pantalla-2025-10-20-220507.jpg?fit=730%2C455&ssl=1&resize=700%2C400 2x"},"classes":[]},{"id":1766,"url":"https:\/\/larevistadigital.com.ar\/blog\/el-pj-denuncio-al-intendente-de-dolores-por-saber-mucho-de-drogas\/","url_meta":{"origin":30699,"position":4},"title":"EL PJ DENUNCI\u00d3 AL INTENDENTE DE DOLORES POR \u201cSABER MUCHO DE DROGAS\u201d","author":"Alejandro Sosa Ruda","date":"1 abril, 2017","format":false,"excerpt":"El jefe comunal Camilo Etchevarren afirm\u00f3 que en su municipio es m\u00e1s f\u00e1cil comprar droga que una Coca Cola, y la oposici\u00f3n sali\u00f3 autom\u00e1ticamente a pedirle explicaciones por su \u201cconocimiento acabado\u201d Luego que Camilo Etchevarren, intendente de la ciudad de Dolores hiciera unas declaraciones en una radio local, y al\u2026","rel":"","context":"En \u00abDESTACADAS\u00bb","block_context":{"text":"DESTACADAS","link":"https:\/\/larevistadigital.com.ar\/blog\/category\/destacadas\/"},"img":{"alt_text":"","src":"https:\/\/i0.wp.com\/larevistadigital.com.ar\/blog\/wp-content\/uploads\/2017\/04\/Camilo-Foto-COL.jpg?fit=1024%2C768&ssl=1&resize=350%2C200","width":350,"height":200,"srcset":"https:\/\/i0.wp.com\/larevistadigital.com.ar\/blog\/wp-content\/uploads\/2017\/04\/Camilo-Foto-COL.jpg?fit=1024%2C768&ssl=1&resize=350%2C200 1x, https:\/\/i0.wp.com\/larevistadigital.com.ar\/blog\/wp-content\/uploads\/2017\/04\/Camilo-Foto-COL.jpg?fit=1024%2C768&ssl=1&resize=525%2C300 1.5x, https:\/\/i0.wp.com\/larevistadigital.com.ar\/blog\/wp-content\/uploads\/2017\/04\/Camilo-Foto-COL.jpg?fit=1024%2C768&ssl=1&resize=700%2C400 2x"},"classes":[]},{"id":3512,"url":"https:\/\/larevistadigital.com.ar\/blog\/chascomus-casalins-hablo-la-interpelacion-al-intendente-las-denuncias-salud\/","url_meta":{"origin":30699,"position":5},"title":"CHASCOM\u00daS: CASALINS HABL\u00d3 DE LA INTERPELACI\u00d3N AL INTENDENTE POR LAS DENUNCIAS EN SALUD","author":"Alejandro Sosa Ruda","date":"17 octubre, 2017","format":false,"excerpt":"\u00a0 En una nota radial con el concejal del bloque UCR-Cambiemos, Osvaldo Casalins dialog\u00f3 con el programa \u201cAtaque de Radio\u201d que se emite los s\u00e1bados de 10 a 13 por la FM 101.5, refiri\u00e9ndose al pedido de interpelaci\u00f3n al intendente comunal Javier Gast\u00f3n Casalins, dijo que se han cumplido con\u2026","rel":"","context":"En \u00abCHASCOM\u00daS\u00bb","block_context":{"text":"CHASCOM\u00daS","link":"https:\/\/larevistadigital.com.ar\/blog\/category\/chascomus\/"},"img":{"alt_text":"","src":"https:\/\/i0.wp.com\/larevistadigital.com.ar\/blog\/wp-content\/uploads\/2017\/10\/entrega-de-cheque.jpg?fit=650%2C371&ssl=1&resize=350%2C200","width":350,"height":200,"srcset":"https:\/\/i0.wp.com\/larevistadigital.com.ar\/blog\/wp-content\/uploads\/2017\/10\/entrega-de-cheque.jpg?fit=650%2C371&ssl=1&resize=350%2C200 1x, https:\/\/i0.wp.com\/larevistadigital.com.ar\/blog\/wp-content\/uploads\/2017\/10\/entrega-de-cheque.jpg?fit=650%2C371&ssl=1&resize=525%2C300 1.5x"},"classes":[]}],"_links":{"self":[{"href":"https:\/\/larevistadigital.com.ar\/blog\/wp-json\/wp\/v2\/posts\/30699","targetHints":{"allow":["GET"]}}],"collection":[{"href":"https:\/\/larevistadigital.com.ar\/blog\/wp-json\/wp\/v2\/posts"}],"about":[{"href":"https:\/\/larevistadigital.com.ar\/blog\/wp-json\/wp\/v2\/types\/post"}],"author":[{"embeddable":true,"href":"https:\/\/larevistadigital.com.ar\/blog\/wp-json\/wp\/v2\/users\/3"}],"replies":[{"embeddable":true,"href":"https:\/\/larevistadigital.com.ar\/blog\/wp-json\/wp\/v2\/comments?post=30699"}],"version-history":[{"count":1,"href":"https:\/\/larevistadigital.com.ar\/blog\/wp-json\/wp\/v2\/posts\/30699\/revisions"}],"predecessor-version":[{"id":30701,"href":"https:\/\/larevistadigital.com.ar\/blog\/wp-json\/wp\/v2\/posts\/30699\/revisions\/30701"}],"wp:featuredmedia":[{"embeddable":true,"href":"https:\/\/larevistadigital.com.ar\/blog\/wp-json\/wp\/v2\/media\/30700"}],"wp:attachment":[{"href":"https:\/\/larevistadigital.com.ar\/blog\/wp-json\/wp\/v2\/media?parent=30699"}],"wp:term":[{"taxonomy":"category","embeddable":true,"href":"https:\/\/larevistadigital.com.ar\/blog\/wp-json\/wp\/v2\/categories?post=30699"},{"taxonomy":"post_tag","embeddable":true,"href":"https:\/\/larevistadigital.com.ar\/blog\/wp-json\/wp\/v2\/tags?post=30699"}],"curies":[{"name":"wp","href":"https:\/\/api.w.org\/{rel}","templated":true}]}}