{"id":3071,"date":"2017-08-11T21:36:33","date_gmt":"2017-08-11T21:36:33","guid":{"rendered":"https:\/\/larevistadigital.com.ar\/blog\/?p=3071"},"modified":"2017-08-11T21:36:33","modified_gmt":"2017-08-11T21:36:33","slug":"osvaldo-casalins-es-inedito-que-la-presidencia-no-haya-elevado-al-intendente-los-proyectos-aprobados-en-una-sesion","status":"publish","type":"post","link":"https:\/\/larevistadigital.com.ar\/blog\/osvaldo-casalins-es-inedito-que-la-presidencia-no-haya-elevado-al-intendente-los-proyectos-aprobados-en-una-sesion\/","title":{"rendered":"Osvaldo Casalins: \u201cEs in\u00e9dito que la presidencia no haya elevado al Intendente los proyectos aprobados en una sesi\u00f3n\u201d"},"content":{"rendered":"<p><em><strong>Uno es el nuevo Presupuesto Municipal<\/strong><\/em><\/p>\n<h4><em><strong>La Presidencia del Concejo Deliberante podr\u00eda ser denunciada por falta al cumplimiento de sus responsabilidades \u2013 Afirm\u00f3 el concejal de Cambiemos \u2013 UCR que \u201cesto tiene que ver con una presi\u00f3n pol\u00edtica del bloque de Unidad por Chascom\u00fas. Si no est\u00e1n de acuerdo que el intendente Gast\u00f3n vete lo que se aprob\u00f3\u201d<\/strong><\/em><\/h4>\n<p>En declaraciones FM Volver 95.3, durante el programa \u201cLa Primera Ma\u00f1ana\u201d que conduce Julio Giribaldi, el concejal Osvaldo Casalins del bloque Cambiemos manifest\u00f3, en relaci\u00f3n a un conflicto que se ha generado en el seno del Cuerpo Deliberativo, que \u201ccreo que nunca pas\u00f3 que la presidencia del Concejo Deliberante directamente no eleve al Departamento Ejecutivo proyectos que fueron tratados y aprobados en una sesi\u00f3n del cuerpo\u201d. Cabe destacar que uno de ellos es el nuevo Presupuesto Municipal.<br \/>\nCasalins se manifest\u00f3 extra\u00f1ado por la actitud de la presidencia a cargo de Mar\u00eda Travascio, y de la secretaria que ejerce el contador Marcelo Auzoverr\u00eda y resalto al respecto que \u201c\u2026 sin perjuicio de lo que opinen de los proyectos aprobados, es inentendible que adopten semejante actitud. Argumentan que han hecho consultas, pero es un disparate lo que han hecho. Esto tiene que ver con una presi\u00f3n pol\u00edtica del bloque de Unidad por Chascom\u00fas. Si no est\u00e1n de acuerdo que el intendente Gast\u00f3n vete lo que se aprob\u00f3, eso s\u00ed est\u00e1 dentro de sus facultades\u201d.<br \/>\nFinalmente el edil radical expres\u00f3 que est\u00e1n estudiando qu\u00e9 pasos a seguir, ante lo que consider\u00f3 una arbitrariedad in\u00e9dita y una falta al cumplimiento de las responsabilidades de la presidencia en el Concejo Deliberante de Chascom\u00fas.<\/p>\n","protected":false},"excerpt":{"rendered":"<div class=\"mh-excerpt\"><p>Uno es el nuevo Presupuesto Municipal La Presidencia del Concejo Deliberante podr\u00eda ser denunciada por falta al cumplimiento de sus responsabilidades \u2013 Afirm\u00f3 el concejal de Cambiemos \u2013 UCR que \u201cesto tiene que ver con <a class=\"mh-excerpt-more\" href=\"https:\/\/larevistadigital.com.ar\/blog\/osvaldo-casalins-es-inedito-que-la-presidencia-no-haya-elevado-al-intendente-los-proyectos-aprobados-en-una-sesion\/\" title=\"Osvaldo Casalins: \u201cEs in\u00e9dito que la presidencia no haya elevado al Intendente los proyectos aprobados en una sesi\u00f3n\u201d\">[Leer M\u00e1s]<\/a><\/p>\n<\/div>","protected":false},"author":1,"featured_media":3072,"comment_status":"open","ping_status":"open","sticky":false,"template":"","format":"standard","meta":{"_jetpack_memberships_contains_paid_content":false,"footnotes":"","jetpack_publicize_message":"Osvaldo Casalins: \u201cEs in\u00e9dito que la presidencia no haya elevado al Intendente los proyectos aprobados en una sesi\u00f3n\u201d","jetpack_publicize_feature_enabled":true,"jetpack_social_post_already_shared":true,"jetpack_social_options":{"image_generator_settings":{"template":"highway","default_image_id":0,"font":"","enabled":false},"version":2}},"categories":[6],"tags":[],"class_list":{"0":"post-3071","1":"post","2":"type-post","3":"status-publish","4":"format-standard","5":"has-post-thumbnail","7":"category-chascomus"},"jetpack_publicize_connections":[],"jetpack_featured_media_url":"https:\/\/i0.wp.com\/larevistadigital.com.ar\/blog\/wp-content\/uploads\/2017\/08\/consejo_05dejulio_elfuerte.jpg?fit=737%2C415&ssl=1","jetpack_sharing_enabled":true,"jetpack_shortlink":"https:\/\/wp.me\/p8qtrQ-Nx","jetpack-related-posts":[{"id":9102,"url":"https:\/\/larevistadigital.com.ar\/blog\/chascomus-se-llevo-a-cabo-la-primera-sesion-ordinaria-del-concejo-deliberante\/","url_meta":{"origin":3071,"position":0},"title":"CHASCOM\u00daS: SE LLEV\u00d3 A CABO LA PRIMERA SESI\u00d3N ORDINARIA DEL CONCEJO DELIBERANTE","author":"Alejandro Sosa Ruda","date":"14 marzo, 2019","format":false,"excerpt":"En el d\u00eda de la fecha se llev\u00f3 a cabo la 1\u00ba Sesi\u00f3n Ordinaria del HCD del 2019. A la hora de los Homenajes se mencion\u00f3 el d\u00eda internacional de la Mujer y el natalicio de Ra\u00fal\u00a0Alfons\u00edn. De los 34 proyectos entrados 11 pasaron a las Comisiones respectivas y el\u2026","rel":"","context":"En \u00abCHASCOM\u00daS\u00bb","block_context":{"text":"CHASCOM\u00daS","link":"https:\/\/larevistadigital.com.ar\/blog\/category\/chascomus\/"},"img":{"alt_text":"","src":"https:\/\/i0.wp.com\/larevistadigital.com.ar\/blog\/wp-content\/uploads\/2019\/03\/1ra-2019-6-678x381.jpeg?fit=678%2C381&ssl=1&resize=350%2C200","width":350,"height":200,"srcset":"https:\/\/i0.wp.com\/larevistadigital.com.ar\/blog\/wp-content\/uploads\/2019\/03\/1ra-2019-6-678x381.jpeg?fit=678%2C381&ssl=1&resize=350%2C200 1x, https:\/\/i0.wp.com\/larevistadigital.com.ar\/blog\/wp-content\/uploads\/2019\/03\/1ra-2019-6-678x381.jpeg?fit=678%2C381&ssl=1&resize=525%2C300 1.5x"},"classes":[]},{"id":3512,"url":"https:\/\/larevistadigital.com.ar\/blog\/chascomus-casalins-hablo-la-interpelacion-al-intendente-las-denuncias-salud\/","url_meta":{"origin":3071,"position":1},"title":"CHASCOM\u00daS: CASALINS HABL\u00d3 DE LA INTERPELACI\u00d3N AL INTENDENTE POR LAS DENUNCIAS EN SALUD","author":"Alejandro Sosa Ruda","date":"17 octubre, 2017","format":false,"excerpt":"\u00a0 En una nota radial con el concejal del bloque UCR-Cambiemos, Osvaldo Casalins dialog\u00f3 con el programa \u201cAtaque de Radio\u201d que se emite los s\u00e1bados de 10 a 13 por la FM 101.5, refiri\u00e9ndose al pedido de interpelaci\u00f3n al intendente comunal Javier Gast\u00f3n Casalins, dijo que se han cumplido con\u2026","rel":"","context":"En \u00abCHASCOM\u00daS\u00bb","block_context":{"text":"CHASCOM\u00daS","link":"https:\/\/larevistadigital.com.ar\/blog\/category\/chascomus\/"},"img":{"alt_text":"","src":"https:\/\/i0.wp.com\/larevistadigital.com.ar\/blog\/wp-content\/uploads\/2017\/10\/entrega-de-cheque.jpg?fit=650%2C371&ssl=1&resize=350%2C200","width":350,"height":200,"srcset":"https:\/\/i0.wp.com\/larevistadigital.com.ar\/blog\/wp-content\/uploads\/2017\/10\/entrega-de-cheque.jpg?fit=650%2C371&ssl=1&resize=350%2C200 1x, https:\/\/i0.wp.com\/larevistadigital.com.ar\/blog\/wp-content\/uploads\/2017\/10\/entrega-de-cheque.jpg?fit=650%2C371&ssl=1&resize=525%2C300 1.5x"},"classes":[]},{"id":4466,"url":"https:\/\/larevistadigital.com.ar\/blog\/chascomus-la-secretaria-general-del-sindicato-trabajadores-municipales-se-reunio-presidente-del-concejo-deliberante\/","url_meta":{"origin":3071,"position":2},"title":"CHASCOM\u00daS: LA SECRETARIA GENERAL DEL SINDICATO DE TRABAJADORES MUNICIPALES SE REUNI\u00d3 CON EL PRESIDENTE DEL CONCEJO DELIBERANTE","author":"Alejandro Sosa Ruda","date":"10 enero, 2018","format":false,"excerpt":"En la ma\u00f1ana de hoy, el Presidente del Honorable Concejo Deliberante Lic. Osvaldo Casalins recibi\u00f3 a la Secretaria General del Sindicato de Trabajadores Municipales, Sra. Mercedes Rold\u00e1n, para dialogar sobre el contenido del Proyecto de \u00a0Ordenanza presentado por el Bloque de concejales Cambiemos Chascom\u00fas y Cambiemos UCR, en el cu\u00e1l\u2026","rel":"","context":"En \u00abGREMIALES\u00bb","block_context":{"text":"GREMIALES","link":"https:\/\/larevistadigital.com.ar\/blog\/category\/gremiales\/"},"img":{"alt_text":"","src":"https:\/\/i0.wp.com\/larevistadigital.com.ar\/blog\/wp-content\/uploads\/2018\/01\/CASALINS-ROLDAN.jpg?fit=650%2C366&ssl=1&resize=350%2C200","width":350,"height":200,"srcset":"https:\/\/i0.wp.com\/larevistadigital.com.ar\/blog\/wp-content\/uploads\/2018\/01\/CASALINS-ROLDAN.jpg?fit=650%2C366&ssl=1&resize=350%2C200 1x, https:\/\/i0.wp.com\/larevistadigital.com.ar\/blog\/wp-content\/uploads\/2018\/01\/CASALINS-ROLDAN.jpg?fit=650%2C366&ssl=1&resize=525%2C300 1.5x"},"classes":[]},{"id":9449,"url":"https:\/\/larevistadigital.com.ar\/blog\/el-concejo-deliberante-aprobo-el-pedido-de-informes-sobre-los-fondos-destinados-a-la-remodelacion-del-centro-comercial\/","url_meta":{"origin":3071,"position":3},"title":"EL CONCEJO DELIBERANTE APROB\u00d3 EL PEDIDO DE INFORMES SOBRE LOS FONDOS DESTINADOS A LA REMODELACI\u00d3N DEL CENTRO COMERCIAL","author":"Alejandro Sosa Ruda","date":"29 marzo, 2019","format":false,"excerpt":"Ayer tal como estaba anunciado, se llev\u00f3 a cabo la segunda sesi\u00f3n del per\u00edodo ordinario de sesiones del Concejo Deliberante, en la cual estuvieron presentes los diecis\u00e9is concejales, presidiendo la sesi\u00f3n, Osvaldo Casalins. Tal como se preve\u00eda, el proyecto de comunicaci\u00f3n que solicitaba al Departamento Ejecutivo que remita informaci\u00f3n sobre\u2026","rel":"","context":"En \u00abCHASCOM\u00daS\u00bb","block_context":{"text":"CHASCOM\u00daS","link":"https:\/\/larevistadigital.com.ar\/blog\/category\/chascomus\/"},"img":{"alt_text":"","src":"https:\/\/i0.wp.com\/larevistadigital.com.ar\/blog\/wp-content\/uploads\/2018\/09\/concejo-chascomus.jpg?fit=954%2C768&ssl=1&resize=350%2C200","width":350,"height":200,"srcset":"https:\/\/i0.wp.com\/larevistadigital.com.ar\/blog\/wp-content\/uploads\/2018\/09\/concejo-chascomus.jpg?fit=954%2C768&ssl=1&resize=350%2C200 1x, https:\/\/i0.wp.com\/larevistadigital.com.ar\/blog\/wp-content\/uploads\/2018\/09\/concejo-chascomus.jpg?fit=954%2C768&ssl=1&resize=525%2C300 1.5x, https:\/\/i0.wp.com\/larevistadigital.com.ar\/blog\/wp-content\/uploads\/2018\/09\/concejo-chascomus.jpg?fit=954%2C768&ssl=1&resize=700%2C400 2x"},"classes":[]},{"id":2816,"url":"https:\/\/larevistadigital.com.ar\/blog\/chascomus-el-precandidato-a-concejal-de-cambiemos-santiago-dos-santos-se-reunio-con-el-intendente-de-general-belgrano\/","url_meta":{"origin":3071,"position":4},"title":"CHASCOM\u00daS: EL PRECANDIDATO A CONCEJAL DE CAMBIEMOS SANTIAGO DOS SANTOS, SE REUNI\u00d3 CON EL INTENDENTE DE GENERAL BELGRANO","author":"Alejandro Sosa Ruda","date":"3 agosto, 2017","format":false,"excerpt":"Encuentro de trabajo de los candidatos a concejales de Cambiemos-UCR con el Intendente de Gral Belgrano Los\u00a0 candidatos a concejales de Cambiemos-UCR, Santiago Dos Santos y Lorenza Marquez mantuvieron un encuentro de trabajo con el Intendente de Gral. Belgrano Osvaldo Din\u00e1poli y miembros de su gabinete. El objetivo de la\u2026","rel":"","context":"En \u00abCHASCOM\u00daS\u00bb","block_context":{"text":"CHASCOM\u00daS","link":"https:\/\/larevistadigital.com.ar\/blog\/category\/chascomus\/"},"img":{"alt_text":"","src":"https:\/\/i0.wp.com\/larevistadigital.com.ar\/blog\/wp-content\/uploads\/2017\/08\/DINAPOLI.jpg?fit=900%2C507&ssl=1&resize=350%2C200","width":350,"height":200,"srcset":"https:\/\/i0.wp.com\/larevistadigital.com.ar\/blog\/wp-content\/uploads\/2017\/08\/DINAPOLI.jpg?fit=900%2C507&ssl=1&resize=350%2C200 1x, https:\/\/i0.wp.com\/larevistadigital.com.ar\/blog\/wp-content\/uploads\/2017\/08\/DINAPOLI.jpg?fit=900%2C507&ssl=1&resize=525%2C300 1.5x, https:\/\/i0.wp.com\/larevistadigital.com.ar\/blog\/wp-content\/uploads\/2017\/08\/DINAPOLI.jpg?fit=900%2C507&ssl=1&resize=700%2C400 2x"},"classes":[]},{"id":2754,"url":"https:\/\/larevistadigital.com.ar\/blog\/con-varios-pedidos-al-ejecutivo-sesiono-anoche-el-concejo-deliberante\/","url_meta":{"origin":3071,"position":5},"title":"Con varios pedidos al Ejecutivo, sesion\u00f3 anoche el Concejo Deliberante","author":"admin","date":"14 julio, 2017","format":false,"excerpt":"Anoche se llev\u00f3 adelante la s\u00e9ptima sesi\u00f3n ordinaria del Concejo Deliberante contando con la totalidad de los concejales presentes.\u00a0Anoche se llev\u00f3 adelante la s\u00e9ptima sesi\u00f3n ordinaria del Concejo Deliberante contando con la totalidad de los concejales presentes.\u00a0 All\u00ed entre varios temas tratados, se fueron aprobados varios proyectos de comunicaci\u00f3n que\u2026","rel":"","context":"En \u00abPOLITICA\u00bb","block_context":{"text":"POLITICA","link":"https:\/\/larevistadigital.com.ar\/blog\/category\/politica\/"},"img":{"alt_text":"","src":"https:\/\/i0.wp.com\/larevistadigital.com.ar\/blog\/wp-content\/uploads\/2017\/07\/consejo_14dejulio_elfuerte.jpg?fit=737%2C415&ssl=1&resize=350%2C200","width":350,"height":200,"srcset":"https:\/\/i0.wp.com\/larevistadigital.com.ar\/blog\/wp-content\/uploads\/2017\/07\/consejo_14dejulio_elfuerte.jpg?fit=737%2C415&ssl=1&resize=350%2C200 1x, https:\/\/i0.wp.com\/larevistadigital.com.ar\/blog\/wp-content\/uploads\/2017\/07\/consejo_14dejulio_elfuerte.jpg?fit=737%2C415&ssl=1&resize=525%2C300 1.5x, https:\/\/i0.wp.com\/larevistadigital.com.ar\/blog\/wp-content\/uploads\/2017\/07\/consejo_14dejulio_elfuerte.jpg?fit=737%2C415&ssl=1&resize=700%2C400 2x"},"classes":[]}],"_links":{"self":[{"href":"https:\/\/larevistadigital.com.ar\/blog\/wp-json\/wp\/v2\/posts\/3071","targetHints":{"allow":["GET"]}}],"collection":[{"href":"https:\/\/larevistadigital.com.ar\/blog\/wp-json\/wp\/v2\/posts"}],"about":[{"href":"https:\/\/larevistadigital.com.ar\/blog\/wp-json\/wp\/v2\/types\/post"}],"author":[{"embeddable":true,"href":"https:\/\/larevistadigital.com.ar\/blog\/wp-json\/wp\/v2\/users\/1"}],"replies":[{"embeddable":true,"href":"https:\/\/larevistadigital.com.ar\/blog\/wp-json\/wp\/v2\/comments?post=3071"}],"version-history":[{"count":1,"href":"https:\/\/larevistadigital.com.ar\/blog\/wp-json\/wp\/v2\/posts\/3071\/revisions"}],"predecessor-version":[{"id":3073,"href":"https:\/\/larevistadigital.com.ar\/blog\/wp-json\/wp\/v2\/posts\/3071\/revisions\/3073"}],"wp:featuredmedia":[{"embeddable":true,"href":"https:\/\/larevistadigital.com.ar\/blog\/wp-json\/wp\/v2\/media\/3072"}],"wp:attachment":[{"href":"https:\/\/larevistadigital.com.ar\/blog\/wp-json\/wp\/v2\/media?parent=3071"}],"wp:term":[{"taxonomy":"category","embeddable":true,"href":"https:\/\/larevistadigital.com.ar\/blog\/wp-json\/wp\/v2\/categories?post=3071"},{"taxonomy":"post_tag","embeddable":true,"href":"https:\/\/larevistadigital.com.ar\/blog\/wp-json\/wp\/v2\/tags?post=3071"}],"curies":[{"name":"wp","href":"https:\/\/api.w.org\/{rel}","templated":true}]}}