{"id":30711,"date":"2023-03-24T23:57:27","date_gmt":"2023-03-24T23:57:27","guid":{"rendered":"https:\/\/larevistadigital.com.ar\/blog\/?p=30711"},"modified":"2023-03-24T23:57:27","modified_gmt":"2023-03-24T23:57:27","slug":"tragedia-triple-choque-mortal-en-la-ruta-7","status":"publish","type":"post","link":"https:\/\/larevistadigital.com.ar\/blog\/tragedia-triple-choque-mortal-en-la-ruta-7\/","title":{"rendered":"TRAGEDIA: TRIPLE CHOQUE MORTAL EN LA RUTA 7"},"content":{"rendered":"<h2 class=\"fparrafo ctext fz18 lh25\">De acuerdo a lo revelado por fuentes oficiales, del terrible siniestro colisionaron un Peugeot 3008, un transporte de carga procedente del Brasil y una pick up marca Toyota cabina simple.<\/h2>\n<p>24 de marzo de 2023<\/p>\n<p><strong>JUNIN &#8211;\u00a0<\/strong>\u00a0Durante el fin de semana largo se produjo un tr\u00e1gico accidente vial en el kil\u00f3metro 298 de la Ruta Nacional N\u00b07, entre las localidades bonaerenses de Jun\u00edn y Leandro N. Alem. Como consecuencia del triple choque mortal, una persona perdi\u00f3 la vida y otras dos resultaron heridas.<\/p>\n<blockquote>\n<h3 class=\"selectionShareable\">De acuerdo a lo revelado por fuentes oficiales, del terrible siniestro colisionaron un Peugeot 3008, un transporte de carga procedente del Brasil y una pick up marca Toyota cabina simple.<\/h3>\n<\/blockquote>\n<p class=\"selectionShareable\">Seg\u00fan las primeras informaciones recabadas, el impacto fue de manera frontal. Habr\u00eda sido entre un Peugeot 3008 conducido por un hombre y el transporte de carga, donde a consecuencia fallece el conductor del autom\u00f3vil. En tanto que la pick up que ven\u00eda en el sentido Alem \u2013 Junin, detr\u00e1s del Peugeot, fue alcanzada por el furg\u00f3n de carga del cami\u00f3n que la impacto, no sufriendo da\u00f1os personales la mujer que conduc\u00eda la camioneta.<\/p>\n<blockquote>\n<h3 class=\"selectionShareable\">Por el lamentable accidente de tr\u00e1nsito intervinieron los Bomberos Voluntarios de Leandro N. Alem, personal policial de Alem, en tanto que luego se hizo presente Polic\u00eda Cient\u00edfica del Departamento Judicial Jun\u00edn.<\/h3>\n<\/blockquote>\n<p class=\"selectionShareable\">Por estas los peritos trabajan en identificar la identidad del fallecido conductor, que por el momento, no trascendi\u00f3 su nombre. Cabe marcar que la conductora de la pick up hab\u00eda partido desde la provincia de Mendoza con destino la Ciudad Aut\u00f3noma de Buenos Aires, seg\u00fan una fuente policial.<\/p>\n<p class=\"selectionShareable\"><em><strong>\u201cQue desgracia por dios mis m\u00e1s sentido p\u00e9same para la familia\u201d,<\/strong><\/em> expres\u00f3 uno de los testigos del incidente vial. (<b>InfoGEI<\/b>) Mg<\/p>\n","protected":false},"excerpt":{"rendered":"<div class=\"mh-excerpt\"><p>De acuerdo a lo revelado por fuentes oficiales, del terrible siniestro colisionaron un Peugeot 3008, un transporte de carga procedente del Brasil y una pick up marca Toyota cabina simple. 24 de marzo de 2023 <a class=\"mh-excerpt-more\" href=\"https:\/\/larevistadigital.com.ar\/blog\/tragedia-triple-choque-mortal-en-la-ruta-7\/\" title=\"TRAGEDIA: TRIPLE CHOQUE MORTAL EN LA RUTA 7\">[Leer M\u00e1s]<\/a><\/p>\n<\/div>","protected":false},"author":3,"featured_media":30712,"comment_status":"open","ping_status":"open","sticky":false,"template":"","format":"standard","meta":{"_jetpack_memberships_contains_paid_content":false,"footnotes":"","jetpack_publicize_message":"","jetpack_publicize_feature_enabled":true,"jetpack_social_post_already_shared":true,"jetpack_social_options":{"image_generator_settings":{"template":"highway","default_image_id":0,"font":"","enabled":false},"version":2}},"categories":[50,44],"tags":[],"class_list":{"0":"post-30711","1":"post","2":"type-post","3":"status-publish","4":"format-standard","5":"has-post-thumbnail","7":"category-interes-general","8":"category-policiales"},"jetpack_publicize_connections":[],"jetpack_featured_media_url":"https:\/\/i0.wp.com\/larevistadigital.com.ar\/blog\/wp-content\/uploads\/20230324174028_choque.jpg?fit=880%2C512&ssl=1","jetpack_sharing_enabled":true,"jetpack_shortlink":"https:\/\/wp.me\/p8qtrQ-7Zl","jetpack-related-posts":[{"id":12444,"url":"https:\/\/larevistadigital.com.ar\/blog\/choque-fatal-en-ruta-11-tres-muertos-y-un-herido\/","url_meta":{"origin":30711,"position":0},"title":"CHOQUE FATAL EN RUTA 11: TRES MUERTOS Y UN HERIDO","author":"Alejandro Sosa Ruda","date":"4 octubre, 2019","format":false,"excerpt":"Sucedi\u00f3 este jueves en la noche sobre el kil\u00f3metro 425, a la altura de la localidad de Mar Azul, tras un choque frontal entre dos veh\u00edculos. Dos veh\u00edculos colisionaron de manera frontal este jueves en la noche en la ruta 11 y el saldo del siniestro fue el de tres\u2026","rel":"","context":"En \u00abDESTACADAS\u00bb","block_context":{"text":"DESTACADAS","link":"https:\/\/larevistadigital.com.ar\/blog\/category\/destacadas\/"},"img":{"alt_text":"","src":"https:\/\/i0.wp.com\/larevistadigital.com.ar\/blog\/wp-content\/uploads\/1570190998838.jpg?fit=790%2C444&ssl=1&resize=350%2C200","width":350,"height":200,"srcset":"https:\/\/i0.wp.com\/larevistadigital.com.ar\/blog\/wp-content\/uploads\/1570190998838.jpg?fit=790%2C444&ssl=1&resize=350%2C200 1x, https:\/\/i0.wp.com\/larevistadigital.com.ar\/blog\/wp-content\/uploads\/1570190998838.jpg?fit=790%2C444&ssl=1&resize=525%2C300 1.5x, https:\/\/i0.wp.com\/larevistadigital.com.ar\/blog\/wp-content\/uploads\/1570190998838.jpg?fit=790%2C444&ssl=1&resize=700%2C400 2x"},"classes":[]},{"id":18385,"url":"https:\/\/larevistadigital.com.ar\/blog\/mar-del-plata-triple-choque-y-vuelco-en-avenida-colon-hay-heridos\/","url_meta":{"origin":30711,"position":1},"title":"MAR DEL PLATA: TRIPLE CHOQUE Y VUELCO EN AVENIDA COLON. HAY HERIDOS","author":"Alejandro Sosa Ruda","date":"29 diciembre, 2020","format":false,"excerpt":"El accidente se produjo este lunes por la noche, cuando una camioneta tipo utilitario colision\u00f3 con otros dos rodados y se despist\u00f3. Se realiz\u00f3 un importante operativo y se detuvo el tr\u00e1nsito en el lugar. MAR DEL PLATA - Un accidente de gravedad se registr\u00f3 este lunes por la noche\u2026","rel":"","context":"En \u00abPOLICIALES\u00bb","block_context":{"text":"POLICIALES","link":"https:\/\/larevistadigital.com.ar\/blog\/category\/policiales\/"},"img":{"alt_text":"","src":"https:\/\/i0.wp.com\/larevistadigital.com.ar\/blog\/wp-content\/uploads\/Screenshot_2-124.jpg?fit=1012%2C567&ssl=1&resize=350%2C200","width":350,"height":200,"srcset":"https:\/\/i0.wp.com\/larevistadigital.com.ar\/blog\/wp-content\/uploads\/Screenshot_2-124.jpg?fit=1012%2C567&ssl=1&resize=350%2C200 1x, https:\/\/i0.wp.com\/larevistadigital.com.ar\/blog\/wp-content\/uploads\/Screenshot_2-124.jpg?fit=1012%2C567&ssl=1&resize=525%2C300 1.5x, https:\/\/i0.wp.com\/larevistadigital.com.ar\/blog\/wp-content\/uploads\/Screenshot_2-124.jpg?fit=1012%2C567&ssl=1&resize=700%2C400 2x"},"classes":[]},{"id":39786,"url":"https:\/\/larevistadigital.com.ar\/blog\/ruta-3-otro-choque-fatal-deja-cuatro-muertos-entre-ellos-dos-funcionarios-y-una-docente\/","url_meta":{"origin":30711,"position":2},"title":"Ruta 3: otro choque fatal deja cuatro muertos, entre ellos dos funcionarios y una docente","author":"Alejandro Sosa Ruda","date":"19 mayo, 2025","format":false,"excerpt":"El accidente ocurri\u00f3 cerca de Bah\u00eda Blanca, donde un Toyota Corolla y un Peugeot 307 colisionaron de frente. Las v\u00edctimas eran oriundas de Tierra del Fuego, Santa Cruz y Monte Hermoso. La traza nacional suma otro tr\u00e1gico episodio en pocos d\u00edas. 19 de Mayo de 2025 BUENOS AIRES -\u00a0 \u00a0La\u2026","rel":"","context":"En \u00abPOLICIALES\u00bb","block_context":{"text":"POLICIALES","link":"https:\/\/larevistadigital.com.ar\/blog\/category\/policiales\/"},"img":{"alt_text":"","src":"https:\/\/i0.wp.com\/larevistadigital.com.ar\/blog\/wp-content\/uploads\/d5e6634de8472e233d1331288862035a4e35989e.jpg?fit=1140%2C722&ssl=1&resize=350%2C200","width":350,"height":200,"srcset":"https:\/\/i0.wp.com\/larevistadigital.com.ar\/blog\/wp-content\/uploads\/d5e6634de8472e233d1331288862035a4e35989e.jpg?fit=1140%2C722&ssl=1&resize=350%2C200 1x, https:\/\/i0.wp.com\/larevistadigital.com.ar\/blog\/wp-content\/uploads\/d5e6634de8472e233d1331288862035a4e35989e.jpg?fit=1140%2C722&ssl=1&resize=525%2C300 1.5x, https:\/\/i0.wp.com\/larevistadigital.com.ar\/blog\/wp-content\/uploads\/d5e6634de8472e233d1331288862035a4e35989e.jpg?fit=1140%2C722&ssl=1&resize=700%2C400 2x, https:\/\/i0.wp.com\/larevistadigital.com.ar\/blog\/wp-content\/uploads\/d5e6634de8472e233d1331288862035a4e35989e.jpg?fit=1140%2C722&ssl=1&resize=1050%2C600 3x"},"classes":[]},{"id":30116,"url":"https:\/\/larevistadigital.com.ar\/blog\/rauch-terrible-choque-en-la-ruta-30\/","url_meta":{"origin":30711,"position":3},"title":"RAUCH: TERRIBLE CHOQUE EN LA RUTA 30","author":"Alejandro Sosa Ruda","date":"10 febrero, 2023","format":false,"excerpt":"Sucedi\u00f3 en la madrugada de hoy, y cuatro personas resultaron heridas. 10 de febrero de 2023 RAUCH -\u00a0\u00a0Durante la madrugada de este viernes, se produjo un importante choque en la Ruta Provincial n\u00b030, a 55 kil\u00f3metros de distancia de Rauch, m\u00e1s precisamente en el paraje \"El Gualicho\", donde dos autom\u00f3viles\u2026","rel":"","context":"En \u00abINTERES GENERAL\u00bb","block_context":{"text":"INTERES GENERAL","link":"https:\/\/larevistadigital.com.ar\/blog\/category\/interes-general\/"},"img":{"alt_text":"","src":"https:\/\/i0.wp.com\/larevistadigital.com.ar\/blog\/wp-content\/uploads\/BD1C1552-9D26-428A-96C9-24F0BD7CE7E7.jpeg?fit=1200%2C809&ssl=1&resize=350%2C200","width":350,"height":200,"srcset":"https:\/\/i0.wp.com\/larevistadigital.com.ar\/blog\/wp-content\/uploads\/BD1C1552-9D26-428A-96C9-24F0BD7CE7E7.jpeg?fit=1200%2C809&ssl=1&resize=350%2C200 1x, https:\/\/i0.wp.com\/larevistadigital.com.ar\/blog\/wp-content\/uploads\/BD1C1552-9D26-428A-96C9-24F0BD7CE7E7.jpeg?fit=1200%2C809&ssl=1&resize=525%2C300 1.5x, https:\/\/i0.wp.com\/larevistadigital.com.ar\/blog\/wp-content\/uploads\/BD1C1552-9D26-428A-96C9-24F0BD7CE7E7.jpeg?fit=1200%2C809&ssl=1&resize=700%2C400 2x, https:\/\/i0.wp.com\/larevistadigital.com.ar\/blog\/wp-content\/uploads\/BD1C1552-9D26-428A-96C9-24F0BD7CE7E7.jpeg?fit=1200%2C809&ssl=1&resize=1050%2C600 3x"},"classes":[]},{"id":25154,"url":"https:\/\/larevistadigital.com.ar\/blog\/choque-frontal-en-la-ruta-11-dos-muertos\/","url_meta":{"origin":30711,"position":4},"title":"CHOQUE FRONTAL EN LA RUTA 11: DOS MUERTOS","author":"Alejandro Sosa Ruda","date":"18 abril, 2022","format":false,"excerpt":"Ocurri\u00f3 este lunes alrededor de las 17. Las v\u00edctimas fatales son un hombre y una mujer que viajaban en un Volkswagen Gol que colision\u00f3 con una camioneta Jeep. Adem\u00e1s, hay otra persona gravemente herida. Dos personas muertas y otras dos heridas\u00a0fue el saldo que dej\u00f3 un\u00a0choque frontal\u00a0este lunes a la\u2026","rel":"","context":"En \u00abINTERES GENERAL\u00bb","block_context":{"text":"INTERES GENERAL","link":"https:\/\/larevistadigital.com.ar\/blog\/category\/interes-general\/"},"img":{"alt_text":"","src":"https:\/\/i0.wp.com\/larevistadigital.com.ar\/blog\/wp-content\/uploads\/Captura-41.png?fit=908%2C491&ssl=1&resize=350%2C200","width":350,"height":200,"srcset":"https:\/\/i0.wp.com\/larevistadigital.com.ar\/blog\/wp-content\/uploads\/Captura-41.png?fit=908%2C491&ssl=1&resize=350%2C200 1x, https:\/\/i0.wp.com\/larevistadigital.com.ar\/blog\/wp-content\/uploads\/Captura-41.png?fit=908%2C491&ssl=1&resize=525%2C300 1.5x, https:\/\/i0.wp.com\/larevistadigital.com.ar\/blog\/wp-content\/uploads\/Captura-41.png?fit=908%2C491&ssl=1&resize=700%2C400 2x"},"classes":[]},{"id":33722,"url":"https:\/\/larevistadigital.com.ar\/blog\/ruta-11-terrible-choque-y-vuelco-a-la-altura-de-las-toninas\/","url_meta":{"origin":30711,"position":5},"title":"RUTA 11: TERRIBLE CHOQUE Y VUELCO A LA ALTURA DE LAS TONINAS","author":"Alejandro Sosa Ruda","date":"3 octubre, 2023","format":false,"excerpt":"Sucedi\u00f3 ayer por la tarde, estuvieron implicados en dos autom\u00f3viles. 03 de Octubre de 2023 LAS TONINAS -\u00a0 Ayer por la tarde ocurri\u00f3 un\u00a0grave accidente en la ruta 11, a la altura de la localidad bonaerense de Las Toninas\u00a0en el Partido de La Costa. El violento choque fue protagonizado por\u2026","rel":"","context":"En \u00abPOLICIALES\u00bb","block_context":{"text":"POLICIALES","link":"https:\/\/larevistadigital.com.ar\/blog\/category\/policiales\/"},"img":{"alt_text":"","src":"https:\/\/i0.wp.com\/larevistadigital.com.ar\/blog\/wp-content\/uploads\/982be5a8262baa171d10642c6219dc6bb2eb779d.jpg?fit=1140%2C420&ssl=1&resize=350%2C200","width":350,"height":200,"srcset":"https:\/\/i0.wp.com\/larevistadigital.com.ar\/blog\/wp-content\/uploads\/982be5a8262baa171d10642c6219dc6bb2eb779d.jpg?fit=1140%2C420&ssl=1&resize=350%2C200 1x, https:\/\/i0.wp.com\/larevistadigital.com.ar\/blog\/wp-content\/uploads\/982be5a8262baa171d10642c6219dc6bb2eb779d.jpg?fit=1140%2C420&ssl=1&resize=525%2C300 1.5x, https:\/\/i0.wp.com\/larevistadigital.com.ar\/blog\/wp-content\/uploads\/982be5a8262baa171d10642c6219dc6bb2eb779d.jpg?fit=1140%2C420&ssl=1&resize=700%2C400 2x, https:\/\/i0.wp.com\/larevistadigital.com.ar\/blog\/wp-content\/uploads\/982be5a8262baa171d10642c6219dc6bb2eb779d.jpg?fit=1140%2C420&ssl=1&resize=1050%2C600 3x"},"classes":[]}],"_links":{"self":[{"href":"https:\/\/larevistadigital.com.ar\/blog\/wp-json\/wp\/v2\/posts\/30711","targetHints":{"allow":["GET"]}}],"collection":[{"href":"https:\/\/larevistadigital.com.ar\/blog\/wp-json\/wp\/v2\/posts"}],"about":[{"href":"https:\/\/larevistadigital.com.ar\/blog\/wp-json\/wp\/v2\/types\/post"}],"author":[{"embeddable":true,"href":"https:\/\/larevistadigital.com.ar\/blog\/wp-json\/wp\/v2\/users\/3"}],"replies":[{"embeddable":true,"href":"https:\/\/larevistadigital.com.ar\/blog\/wp-json\/wp\/v2\/comments?post=30711"}],"version-history":[{"count":1,"href":"https:\/\/larevistadigital.com.ar\/blog\/wp-json\/wp\/v2\/posts\/30711\/revisions"}],"predecessor-version":[{"id":30713,"href":"https:\/\/larevistadigital.com.ar\/blog\/wp-json\/wp\/v2\/posts\/30711\/revisions\/30713"}],"wp:featuredmedia":[{"embeddable":true,"href":"https:\/\/larevistadigital.com.ar\/blog\/wp-json\/wp\/v2\/media\/30712"}],"wp:attachment":[{"href":"https:\/\/larevistadigital.com.ar\/blog\/wp-json\/wp\/v2\/media?parent=30711"}],"wp:term":[{"taxonomy":"category","embeddable":true,"href":"https:\/\/larevistadigital.com.ar\/blog\/wp-json\/wp\/v2\/categories?post=30711"},{"taxonomy":"post_tag","embeddable":true,"href":"https:\/\/larevistadigital.com.ar\/blog\/wp-json\/wp\/v2\/tags?post=30711"}],"curies":[{"name":"wp","href":"https:\/\/api.w.org\/{rel}","templated":true}]}}