{"id":30726,"date":"2023-03-25T17:29:59","date_gmt":"2023-03-25T17:29:59","guid":{"rendered":"https:\/\/larevistadigital.com.ar\/blog\/?p=30726"},"modified":"2023-03-25T17:29:59","modified_gmt":"2023-03-25T17:29:59","slug":"por-la-gran-cantidad-de-criticas-massa-dijo-que-pedira-la-opinion-de-la-uba-y-que-si-esta-no-lo-avala-mediante-un-dictamen-dara-marcha-atras-con-la-venta-de-bonos-de-los-jubilados","status":"publish","type":"post","link":"https:\/\/larevistadigital.com.ar\/blog\/por-la-gran-cantidad-de-criticas-massa-dijo-que-pedira-la-opinion-de-la-uba-y-que-si-esta-no-lo-avala-mediante-un-dictamen-dara-marcha-atras-con-la-venta-de-bonos-de-los-jubilados\/","title":{"rendered":"POR LA GRAN CANTIDAD DE CR\u00cdTICAS, MASSA DIJO QUE PEDIR\u00c1 LA OPINI\u00d3N DE LA UBA, Y QUE SI \u00c9STA NO LO AVALA MEDIANTE UN DICTAMEN, DAR\u00c1 MARCHA ATRAS CON LA VENTA DE BONOS DE LOS JUBILADOS"},"content":{"rendered":"<h2>El ministro de Econom\u00eda asegur\u00f3 que la Facultad de Ciencias Econ\u00f3micas deber\u00e1 emitir un dictamen y si es negativo los bonos de los jubilados no ser\u00e1n vendidos.<\/h2>\n<p>25 de marzo de 2023<\/p>\n<p><strong>Sergio Massa<\/strong> defendi\u00f3 p\u00fablicamente el canje de bonos en d\u00f3lares de los organismos p\u00fablicos anunciado d\u00edas atras y revel\u00f3 que le pidi\u00f3 a la Universidad de Buenos Aires un dictamen para definir si los papeles en manos de la ANSeS formar\u00e1n parte de la operatoria.<\/p>\n<p><em><strong>\u00ab Si el dictamen dice que no es beneficioso,\u00a0ANSeS no intervendr\u00e1 en el canje\u00bb<\/strong><\/em>,\u00a0asegur\u00f3 <strong>Massa<\/strong> en di\u00e1logo con radio Mitre.\u00a0En octubre de 2022,\u00a0el radical fue quien negoci\u00f3 con <strong>Massa<\/strong> el qu\u00f3rum que habilit\u00f3 el debate del proyecto de Ley del presupuesto.<\/p>\n<p>Tras varios d\u00edas de cr\u00edticas de la oposici\u00f3n,\u00a0que incluyeron una lapidaria r\u00e9plica del extitular de ANSeS <strong>Diego Bossio<\/strong>,\u00a0y tambi\u00e9n luego de ser denunciado junto al presidente <strong>Alberto Fern\u00e1ndez<\/strong> por el canje,\u00a0<strong>Massa<\/strong> sostuvo que la medida apunta a un \u00abordenamiento\u00bb en el manejo de la Deuda P\u00fablica dentro del Estado.<\/p>\n<p><strong>Massa<\/strong> dijo que el canje de bonos bajar\u00e1 la deuda en ley extranjera en 4 mil millones de d\u00f3lares.\u00a0El l\u00edder del Frente Renovador manifest\u00f3 que la ANSeS ganar\u00e1 2 mil millones de d\u00f3lares y que se le dar\u00e1 al organismo la posibilidad de elegir si liquida los bonos duales que recibir\u00e1 por el coeficiente de inflaci\u00f3n o en torno al precio del d\u00f3lar.\u00a0<em><strong>\u00abLa mayor traici\u00f3n de Massa es entregar fondos en d\u00f3lares del fondo de los jubilados.\u00a0Y es el mejor negocio para los bancos,\u00a0y todo por dos o tres d\u00edas de calma\u00bb<\/strong><\/em>,\u00a0dijo <strong>Elisa Carri\u00f3<\/strong>,\u00a0que llam\u00f3 <em><strong>\u00abestafador serial\u00bb<\/strong><\/em> a <strong>Massa<\/strong> y anticip\u00f3 que estudiaba presentar un amparo para frenar la operatoria.<\/p>\n<p><em><strong>\u00abEST\u00c1N ESPECULANDO CON EL PATRIMONIO DE LOS JUBILADOS Entre gallos y medianoche,\u00a0literalmente,\u00a0nos enteramos que el gobierno pesificar\u00eda los bonos en d\u00f3lares del Fondo de Garant\u00eda de Sustentabilidad\u00bb<\/strong><\/em>,\u00a0escribi\u00f3 en may\u00fasculas.\u00a0<strong><em>\u00abDicen que es para estabilizar la econom\u00eda,\u00a0pero est\u00e1n jugando a la ruleta con los ahorros de los trabajadores y futuros jubilados argentinos\u00bb<\/em><\/strong>,\u00a0sostuvo el exfuncionario K,\u00a0que supo ser jefe de campa\u00f1a de <strong>Massa<\/strong> en a\u00f1os anteriores,\u00a0pero ahora no dud\u00f3 en criticarlo sin filtro.<\/p>\n<p>El mi\u00e9rcoles,\u00a0en medio de una sangr\u00eda de reservas del Banco Central y ante la suba de los d\u00f3lares financieros,\u00a0Econom\u00eda anunci\u00f3 un canje compulsivo de bonos en d\u00f3lares de los organismos p\u00fablicos.\u00a0As\u00ed,\u00a0oblig\u00f3 a 113 organismos p\u00fablicos -b\u00e1sicamente la ANSeS- que canjee sus bonos globales en d\u00f3lares por t\u00edtulos en pesos y que venda el mercado sus bonos de legislaci\u00f3n local en d\u00f3lares.<\/p>\n<p><em><strong>\u00ab No conocer los detalles lleva opiniones anticipadas,\u00a0el desaf\u00edo y la oportunidad nos tiene que permitir fortalecer el FGS,\u00a0que en los \u00faltimos tres a\u00f1os ha tenido un crecimiento de 40% en su valor en d\u00f3lares\u00bb<\/strong><\/em>,\u00a0se defendi\u00f3<strong> Massa<\/strong>.<\/p>\n<p>Por el canje forzoso,\u00a0<strong>Massa<\/strong> y el presidente<strong> Alberto Fern\u00e1ndez<\/strong> fueron denunciados ayer por la Fundaci\u00f3n Apolo por <em><strong>\u00abincumplimiento de deberes de funcionario p\u00fablico\u00bb<\/strong><\/em>,\u00a0ya que consideraron que el Ministerio de Econom\u00eda <em><strong>\u00abpretende utilizar activos de los aportantes para fines extra\u00f1os a la Seguridad Social\u00bb<\/strong><\/em>.\u00a0<strong><em>\u00abSi bien el DNU 164\/2023 no deroga expresa y gen\u00e9ricamente la autonom\u00eda financiera y econ\u00f3mica de ANSES,\u00a0s\u00ed lo hace de modo impl\u00edcito y para el caso concreto que nos ocupa,\u00a0al imponerle al mencionado organismo de la seguridad social,\u00a0el deber de canjear los bonos en d\u00f3lares del FONDO DE GARANT\u00cdA DE SUSTENTABILIDAD por bonos en pesos\u00bb<\/em><\/strong>,\u00a0sostiene la denuncia.<\/p>\n<p><span style=\"color: #ff0000\"><strong>Devaluaci\u00f3n y candidatura presidencial<\/strong><\/span><\/p>\n<p><strong>Massa<\/strong> evit\u00f3 una y otra vez ser tajante sobre si el Gobierno devaluar\u00e1 en medio de la crisis econ\u00f3mica y ante un escenario complejo que se agrava por una sequ\u00eda hist\u00f3rica que le har\u00e1 perder al Estado miles de millones de d\u00f3lares de recaudaci\u00f3n.\u00a0<strong><em>\u00ab En una econom\u00eda culturalmente bimonetaria si uno no da certeza y estabilidad a la gente le agarra incertidumbre\u00bb<\/em><\/strong>,\u00a0dijo <strong>Massa<\/strong>.\u00a0Al titular de la cartera econ\u00f3mica le preguntaron tambi\u00e9n si ser\u00eda candidato a presidente,\u00a0pero <strong>Massa<\/strong> tir\u00f3 la pelota afuera al sostener que <em><strong>\u00abes incompatible\u00bb<\/strong><\/em> su trabajo <strong><em>\u00abcon cualquier candidatura\u00bb<\/em><\/strong>.<\/p>\n<p><span style=\"color: #ff0000\"><strong>Las diferencias con Alberto Fern\u00e1ndez y la acusaci\u00f3n de Malena Galmarini<\/strong><\/span><\/p>\n<p>El ministro de Econom\u00eda intent\u00f3 evitar la pol\u00e9mica cuando le preguntaron por las diferencias con el presidente <strong>Alberto Fern\u00e1ndez<\/strong> y la dura acusaci\u00f3n que hizo su esposa,\u00a0<strong>Malena Galmarini<\/strong>,\u00a0se\u00f1alando que a <strong>Massa<\/strong> le hac\u00edan operaciones desde la Casa Rosada.\u00a0<em><strong>\u00ab Eso,\u00a0a veces,\u00a0hace que cada discusi\u00f3n,\u00a0con cualquiera de mi equipo o del gobierno,\u00a0se pueda dar con vehemencia\u00bb<\/strong><\/em>,\u00a0respondi\u00f3<strong> Massa<\/strong> cuando le preguntaron por las diferencias con el Presidente.\u00a0A <strong>Massa<\/strong> le molestaron los \u00faltimos d\u00edas las cr\u00edticas que recibi\u00f3 desde el Gobierno por su gesti\u00f3n en Econom\u00eda, pero este s\u00e1bado evit\u00f3 polemizar y dijo que sent\u00eda el apoyo a su trabajo por parte de todo el Frente de Todos.<\/p>\n<p>fuente: clarin<\/p>\n","protected":false},"excerpt":{"rendered":"<div class=\"mh-excerpt\"><p>El ministro de Econom\u00eda asegur\u00f3 que la Facultad de Ciencias Econ\u00f3micas deber\u00e1 emitir un dictamen y si es negativo los bonos de los jubilados no ser\u00e1n vendidos. 25 de marzo de 2023 Sergio Massa defendi\u00f3 <a class=\"mh-excerpt-more\" href=\"https:\/\/larevistadigital.com.ar\/blog\/por-la-gran-cantidad-de-criticas-massa-dijo-que-pedira-la-opinion-de-la-uba-y-que-si-esta-no-lo-avala-mediante-un-dictamen-dara-marcha-atras-con-la-venta-de-bonos-de-los-jubilados\/\" title=\"POR LA GRAN CANTIDAD DE CR\u00cdTICAS, MASSA DIJO QUE PEDIR\u00c1 LA OPINI\u00d3N DE LA UBA, Y QUE SI \u00c9STA NO LO AVALA MEDIANTE UN DICTAMEN, DAR\u00c1 MARCHA ATRAS CON LA VENTA DE BONOS DE LOS JUBILADOS\">[Leer M\u00e1s]<\/a><\/p>\n<\/div>","protected":false},"author":3,"featured_media":30727,"comment_status":"open","ping_status":"open","sticky":false,"template":"","format":"standard","meta":{"_jetpack_memberships_contains_paid_content":false,"footnotes":"","jetpack_publicize_message":"","jetpack_publicize_feature_enabled":true,"jetpack_social_post_already_shared":true,"jetpack_social_options":{"image_generator_settings":{"template":"highway","default_image_id":0,"font":"","enabled":false},"version":2}},"categories":[9,50,12],"tags":[],"class_list":{"0":"post-30726","1":"post","2":"type-post","3":"status-publish","4":"format-standard","5":"has-post-thumbnail","7":"category-economia","8":"category-interes-general","9":"category-politica"},"jetpack_publicize_connections":[],"jetpack_featured_media_url":"https:\/\/i0.wp.com\/larevistadigital.com.ar\/blog\/wp-content\/uploads\/ENSMFW6QDAI4DNYH6MMTXHCYAE.jpg?fit=800%2C533&ssl=1","jetpack_sharing_enabled":true,"jetpack_shortlink":"https:\/\/wp.me\/p8qtrQ-7ZA","jetpack-related-posts":[{"id":27666,"url":"https:\/\/larevistadigital.com.ar\/blog\/bonos-de-anses-que-extras-se-pagan-en-octubre-noviembre-y-diciembre\/","url_meta":{"origin":30726,"position":0},"title":"BONOS DE ANS\u00c9S: \u00bfQU\u00c9 EXTRAS SE PAGAN EN OCTUBRE, NOVIEMBRE Y DICIEMBRE?","author":"Alejandro Sosa Ruda","date":"11 septiembre, 2022","format":false,"excerpt":"El organismo pagar\u00e1 bonos a varios grupos de beneficiarios, junto a los aumentos correspondientes para jubilados, pensionados y asignaciones familiares. 11 de septiembre de 2022 La Administraci\u00f3n Nacional de la Seguridad Social (ANSES) otorgar\u00e1 varios bonos extraordinarios durante los pr\u00f3ximos meses, en los que tambi\u00e9n abonar\u00e1 los aumentos previstos tanto\u2026","rel":"","context":"En \u00abSin categor\u00eda\u00bb","block_context":{"text":"Sin categor\u00eda","link":"https:\/\/larevistadigital.com.ar\/blog\/category\/sin-categoria\/"},"img":{"alt_text":"","src":"","width":0,"height":0},"classes":[]},{"id":27062,"url":"https:\/\/larevistadigital.com.ar\/blog\/enterate-los-detalles-del-nuevo-bono-de-los-jubilados\/","url_meta":{"origin":30726,"position":1},"title":"ENTERATE LOS DETALLES DEL NUEVO BONO DE LOS JUBILADOS","author":"Alejandro Sosa Ruda","date":"8 agosto, 2022","format":false,"excerpt":"Se cobrar\u00e1 en septiembre y ser\u00e1 financiado por un adelante del Impuesto a las Ganancias de casi 2000 grandes empresas. 07 de agosto de 2022 En las \u00faltimas horas, el ministro de Econom\u00eda,\u00a0Sergio Massa, adelant\u00f3 que\u00a0el pr\u00f3ximo mi\u00e9rcoles se anunciar\u00e1 el monto extra que recibir\u00e1n los jubilados y pensionados en\u2026","rel":"","context":"En \u00abINTERES GENERAL\u00bb","block_context":{"text":"INTERES GENERAL","link":"https:\/\/larevistadigital.com.ar\/blog\/category\/interes-general\/"},"img":{"alt_text":"","src":"https:\/\/i0.wp.com\/larevistadigital.com.ar\/blog\/wp-content\/uploads\/jubilados-sergio-massa-dio-mas-precisiones-sobre-bono-recibiran-septiembre-955789-120421.jpg?fit=1185%2C653&ssl=1&resize=350%2C200","width":350,"height":200,"srcset":"https:\/\/i0.wp.com\/larevistadigital.com.ar\/blog\/wp-content\/uploads\/jubilados-sergio-massa-dio-mas-precisiones-sobre-bono-recibiran-septiembre-955789-120421.jpg?fit=1185%2C653&ssl=1&resize=350%2C200 1x, https:\/\/i0.wp.com\/larevistadigital.com.ar\/blog\/wp-content\/uploads\/jubilados-sergio-massa-dio-mas-precisiones-sobre-bono-recibiran-septiembre-955789-120421.jpg?fit=1185%2C653&ssl=1&resize=525%2C300 1.5x, https:\/\/i0.wp.com\/larevistadigital.com.ar\/blog\/wp-content\/uploads\/jubilados-sergio-massa-dio-mas-precisiones-sobre-bono-recibiran-septiembre-955789-120421.jpg?fit=1185%2C653&ssl=1&resize=700%2C400 2x, https:\/\/i0.wp.com\/larevistadigital.com.ar\/blog\/wp-content\/uploads\/jubilados-sergio-massa-dio-mas-precisiones-sobre-bono-recibiran-septiembre-955789-120421.jpg?fit=1185%2C653&ssl=1&resize=1050%2C600 3x"},"classes":[]},{"id":30122,"url":"https:\/\/larevistadigital.com.ar\/blog\/el-gobierno-anuncio-un-bono-de-15-mil-pesos-durante-tres-meses-para-los-jubilados-que-cobran-la-minima\/","url_meta":{"origin":30726,"position":2},"title":"EL GOBIERNO ANUNCI\u00d3 UN BONO DE 15 MIL PESOS DURANTE TRES MESES PARA LOS JUBILADOS QUE COBRAN LA M\u00cdNIMA.","author":"Alejandro Sosa Ruda","date":"11 febrero, 2023","format":false,"excerpt":"Las jubilaciones y pensiones aumentar\u00e1n un 17% en marzo y el haber m\u00ednimo ser\u00e1 de 73.665 pesos. El mismo porcentaje se aplicar\u00e1 para actualizar la Asignaci\u00f3n Universal por Hijo (AUH) y las asignaciones familiares 10 de febrero de 2023 Las jubilaciones y pensiones aumentar\u00e1n un 17,04% a partir de marzo\u2026","rel":"","context":"En \u00abECONOMIA\u00bb","block_context":{"text":"ECONOMIA","link":"https:\/\/larevistadigital.com.ar\/blog\/category\/economia\/"},"img":{"alt_text":"","src":"https:\/\/i0.wp.com\/larevistadigital.com.ar\/blog\/wp-content\/uploads\/descarga-17.jpg?fit=800%2C448&ssl=1&resize=350%2C200","width":350,"height":200,"srcset":"https:\/\/i0.wp.com\/larevistadigital.com.ar\/blog\/wp-content\/uploads\/descarga-17.jpg?fit=800%2C448&ssl=1&resize=350%2C200 1x, https:\/\/i0.wp.com\/larevistadigital.com.ar\/blog\/wp-content\/uploads\/descarga-17.jpg?fit=800%2C448&ssl=1&resize=525%2C300 1.5x, https:\/\/i0.wp.com\/larevistadigital.com.ar\/blog\/wp-content\/uploads\/descarga-17.jpg?fit=800%2C448&ssl=1&resize=700%2C400 2x"},"classes":[]},{"id":32983,"url":"https:\/\/larevistadigital.com.ar\/blog\/massa-aseguro-que-en-eeuu-preocupa-que-alguien-prometa-usar-su-moneda\/","url_meta":{"origin":30726,"position":3},"title":"MASSA ASEGUR\u00d3 QUE \u00abEN EEUU PREOCUPA QUE ALGUIEN PROMETA USAR SU MONEDA\u00bb","author":"Alejandro Sosa Ruda","date":"22 agosto, 2023","format":false,"excerpt":"El ministro de Econom\u00eda y candidato a presidente de UxP mantuvo una serie de encuentros con referentes de organismos financieros y de Estados Unidos.\u00a0\"Les suena raro que alguien se comprometa a darle a los argentinos la moneda que no es de ellos\", remarc\u00f3. 22 de agosto de 2023 El ministro\u2026","rel":"","context":"En \u00abINTERES GENERAL\u00bb","block_context":{"text":"INTERES GENERAL","link":"https:\/\/larevistadigital.com.ar\/blog\/category\/interes-general\/"},"img":{"alt_text":"","src":"https:\/\/i0.wp.com\/larevistadigital.com.ar\/blog\/wp-content\/uploads\/64e509a747b3f.08.2023-foto-prensa-mecon_1200.jpg?fit=1200%2C675&ssl=1&resize=350%2C200","width":350,"height":200,"srcset":"https:\/\/i0.wp.com\/larevistadigital.com.ar\/blog\/wp-content\/uploads\/64e509a747b3f.08.2023-foto-prensa-mecon_1200.jpg?fit=1200%2C675&ssl=1&resize=350%2C200 1x, https:\/\/i0.wp.com\/larevistadigital.com.ar\/blog\/wp-content\/uploads\/64e509a747b3f.08.2023-foto-prensa-mecon_1200.jpg?fit=1200%2C675&ssl=1&resize=525%2C300 1.5x, https:\/\/i0.wp.com\/larevistadigital.com.ar\/blog\/wp-content\/uploads\/64e509a747b3f.08.2023-foto-prensa-mecon_1200.jpg?fit=1200%2C675&ssl=1&resize=700%2C400 2x, https:\/\/i0.wp.com\/larevistadigital.com.ar\/blog\/wp-content\/uploads\/64e509a747b3f.08.2023-foto-prensa-mecon_1200.jpg?fit=1200%2C675&ssl=1&resize=1050%2C600 3x"},"classes":[]},{"id":25365,"url":"https:\/\/larevistadigital.com.ar\/blog\/anses-cuando-cobran-el-proximo-sueldo-y-aguinaldo-con-aumento-los-jubilados-y-pensionados\/","url_meta":{"origin":30726,"position":4},"title":"ANSES: CUANDO COBRAN EL PR\u00d3XIMO SUELDO Y AGUINALDO CON AUMENTO LOS JUBILADOS Y PENSIONADOS","author":"Alejandro Sosa Ruda","date":"23 mayo, 2022","format":false,"excerpt":"La ANSES deber\u00e1 abonar el aguinaldo teniendo en cuenta el aumento del 15% que confirm\u00f3 el Gobierno. La\u00a0Administraci\u00f3n Nacional de la Seguridad Social (ANSES)\u00a0confirm\u00f3 que\u00a0a partir de junio\u00a0comenzar\u00e1 a regir el\u00a0segundo aumento trimestral de 2022\u00a0para las\u00a0jubilaciones, pensiones y asignaciones. En detalle, este grupo social recibir\u00e1 un aumento del 15% y,\u2026","rel":"","context":"En \u00abDESTACADAS\u00bb","block_context":{"text":"DESTACADAS","link":"https:\/\/larevistadigital.com.ar\/blog\/category\/destacadas\/"},"img":{"alt_text":"","src":"https:\/\/i0.wp.com\/larevistadigital.com.ar\/blog\/wp-content\/uploads\/2018\/07\/ANSES-1.jpg?fit=1200%2C562&ssl=1&resize=350%2C200","width":350,"height":200,"srcset":"https:\/\/i0.wp.com\/larevistadigital.com.ar\/blog\/wp-content\/uploads\/2018\/07\/ANSES-1.jpg?fit=1200%2C562&ssl=1&resize=350%2C200 1x, https:\/\/i0.wp.com\/larevistadigital.com.ar\/blog\/wp-content\/uploads\/2018\/07\/ANSES-1.jpg?fit=1200%2C562&ssl=1&resize=525%2C300 1.5x, https:\/\/i0.wp.com\/larevistadigital.com.ar\/blog\/wp-content\/uploads\/2018\/07\/ANSES-1.jpg?fit=1200%2C562&ssl=1&resize=700%2C400 2x, https:\/\/i0.wp.com\/larevistadigital.com.ar\/blog\/wp-content\/uploads\/2018\/07\/ANSES-1.jpg?fit=1200%2C562&ssl=1&resize=1050%2C600 3x"},"classes":[]},{"id":6369,"url":"https:\/\/larevistadigital.com.ar\/blog\/como-voto-cada-senador-el-dictamen-del-pj-sobre-la-extincion-de-dominio\/","url_meta":{"origin":30726,"position":5},"title":"C\u00d3MO VOT\u00d3 CADA SENADOR EL DICT\u00c1MEN DEL PJ SOBRE LA \u00abEXTINCI\u00d3N DE DOMINIO\u00bb","author":"Alejandro Sosa Ruda","date":"23 agosto, 2018","format":false,"excerpt":"El Senado aprob\u00f3 esta madrugada el dictamen del PJ sobre extinci\u00f3n de dominio. La iniciativa, que cont\u00f3 con el respaldo del kirchnerismo y el rechazo del oficialismo, obtuvo 40 votos a favor y 26 en contra. De esta manera, el proyecto volver\u00e1 a Diputados. El texto avalado establece que\u00a0la recuperaci\u00f3n\u2026","rel":"","context":"En \u00abDESTACADAS\u00bb","block_context":{"text":"DESTACADAS","link":"https:\/\/larevistadigital.com.ar\/blog\/category\/destacadas\/"},"img":{"alt_text":"","src":"https:\/\/i0.wp.com\/larevistadigital.com.ar\/blog\/wp-content\/uploads\/2018\/08\/Screenshot_1-4.jpg?fit=895%2C530&ssl=1&resize=350%2C200","width":350,"height":200,"srcset":"https:\/\/i0.wp.com\/larevistadigital.com.ar\/blog\/wp-content\/uploads\/2018\/08\/Screenshot_1-4.jpg?fit=895%2C530&ssl=1&resize=350%2C200 1x, https:\/\/i0.wp.com\/larevistadigital.com.ar\/blog\/wp-content\/uploads\/2018\/08\/Screenshot_1-4.jpg?fit=895%2C530&ssl=1&resize=525%2C300 1.5x, https:\/\/i0.wp.com\/larevistadigital.com.ar\/blog\/wp-content\/uploads\/2018\/08\/Screenshot_1-4.jpg?fit=895%2C530&ssl=1&resize=700%2C400 2x"},"classes":[]}],"_links":{"self":[{"href":"https:\/\/larevistadigital.com.ar\/blog\/wp-json\/wp\/v2\/posts\/30726","targetHints":{"allow":["GET"]}}],"collection":[{"href":"https:\/\/larevistadigital.com.ar\/blog\/wp-json\/wp\/v2\/posts"}],"about":[{"href":"https:\/\/larevistadigital.com.ar\/blog\/wp-json\/wp\/v2\/types\/post"}],"author":[{"embeddable":true,"href":"https:\/\/larevistadigital.com.ar\/blog\/wp-json\/wp\/v2\/users\/3"}],"replies":[{"embeddable":true,"href":"https:\/\/larevistadigital.com.ar\/blog\/wp-json\/wp\/v2\/comments?post=30726"}],"version-history":[{"count":1,"href":"https:\/\/larevistadigital.com.ar\/blog\/wp-json\/wp\/v2\/posts\/30726\/revisions"}],"predecessor-version":[{"id":30728,"href":"https:\/\/larevistadigital.com.ar\/blog\/wp-json\/wp\/v2\/posts\/30726\/revisions\/30728"}],"wp:featuredmedia":[{"embeddable":true,"href":"https:\/\/larevistadigital.com.ar\/blog\/wp-json\/wp\/v2\/media\/30727"}],"wp:attachment":[{"href":"https:\/\/larevistadigital.com.ar\/blog\/wp-json\/wp\/v2\/media?parent=30726"}],"wp:term":[{"taxonomy":"category","embeddable":true,"href":"https:\/\/larevistadigital.com.ar\/blog\/wp-json\/wp\/v2\/categories?post=30726"},{"taxonomy":"post_tag","embeddable":true,"href":"https:\/\/larevistadigital.com.ar\/blog\/wp-json\/wp\/v2\/tags?post=30726"}],"curies":[{"name":"wp","href":"https:\/\/api.w.org\/{rel}","templated":true}]}}