{"id":30738,"date":"2023-03-28T15:44:32","date_gmt":"2023-03-28T15:44:32","guid":{"rendered":"https:\/\/larevistadigital.com.ar\/blog\/?p=30738"},"modified":"2023-03-28T15:44:32","modified_gmt":"2023-03-28T15:44:32","slug":"importante-capacitacion-virtual-con-salida-laboral","status":"publish","type":"post","link":"https:\/\/larevistadigital.com.ar\/blog\/importante-capacitacion-virtual-con-salida-laboral\/","title":{"rendered":"IMPORTANTE CAPACITACI\u00d3N VIRTUAL CON SALIDA LABORAL"},"content":{"rendered":"<h2>Se trata de una carrera con grandes posibilidades de salida laboral, que se lleva a cabo de manera virtual.<\/h2>\n<p>28 de marzo de 2023<\/p>\n<p>Desde el d\u00eda 03\/04\/23 se comenzar\u00e1 a dictar la tercera edici\u00f3n de la carrera de \u00abDiplomatura Universitaria en Seguridad Privada\u00bb, a cargo de la Facultad de Derecho y Ciencias Pol\u00edticas de la UCALP (Universidad Cat\u00f3lica de La Plata).<\/p>\n<p><strong><span style=\"color: #ff0000\">Los contenidos de la misma ser\u00e1n:<\/span><\/strong><\/p>\n<ul>\n<li>Administraci\u00f3n de Seguridad Integral<\/li>\n<li>Seguridad Bancaria y Financiera<\/li>\n<li>Legislaci\u00f3n que afecta la Seguridad Privada<\/li>\n<li>Tablero de Comando<\/li>\n<li>Uso y operaci\u00f3n de los Sistemas de Tecnolog\u00eda en Seguridad<\/li>\n<li>La planificaci\u00f3n en Seguridad<\/li>\n<\/ul>\n<p><span style=\"color: #ff0000\"><strong>CURSADAS:<\/strong><\/span><\/p>\n<p>Virtual: ZOOM UCALP (duraci\u00f3n 5 meses)<\/p>\n<p>Comienzo Lunes 3 de abril de 2023\/ Finalizaci\u00f3n 21 de Agosto de 2023<\/p>\n<p>D\u00edas y horarios de cursada: Lunes de 17 a 21 horas<\/p>\n<p><strong><span style=\"color: #ff0000\">DESTINATARIAS\/0S:<\/span><\/strong><\/p>\n<p>Est\u00e1 dirigida especialmente a Licenciados en Seguridad, Licenciados en Seguridad Ciudadana, Licenciados en Seguridad P\u00fablica, etc. Empleados de Empresas de Seguridad Privada, Mandos medios, Gerentes y Supervisores, Vigiladores como as\u00ed tambi\u00e9n profesionales y personal perteneciente a distintas fuerzas de Seguridad y Fuerzas Armadas. Tambi\u00e9n a toda persona interesada a las tem\u00e1ticas a desarrollar en el presente curso, que posean t\u00edtulo secundario.<\/p>\n<p><strong><span style=\"color: #ff0000\">ACTIVIDAD ARANCELADA:<\/span><\/strong> 5 cuotas de $14.000.- (De abril a agosto)<\/p>\n<p>ATENCI\u00d3N:<\/p>\n<ul>\n<li>Egresados de la UCALP, (2da. carrera) 50% de descuento<\/li>\n<li>Personal de Fuerzas de Seguridad y Penitenciario 25% de descuento<\/li>\n<li>Personal de Seguridad Privada 25% de descuento<\/li>\n<\/ul>\n<p><strong><span style=\"color: #ff0000\">EL PRESENTE CURSO HA SIDO DECLARADO DE \u00abINTER\u00c9S LEGISLATIVO\u00bb POR LA HONORABLE C\u00c1MARA DE SENADORES DE LA PROVINCIA DE BUENOS AIRES.<\/span><\/strong><\/p>\n","protected":false},"excerpt":{"rendered":"<div class=\"mh-excerpt\"><p>Se trata de una carrera con grandes posibilidades de salida laboral, que se lleva a cabo de manera virtual. 28 de marzo de 2023 Desde el d\u00eda 03\/04\/23 se comenzar\u00e1 a dictar la tercera edici\u00f3n <a class=\"mh-excerpt-more\" href=\"https:\/\/larevistadigital.com.ar\/blog\/importante-capacitacion-virtual-con-salida-laboral\/\" title=\"IMPORTANTE CAPACITACI\u00d3N VIRTUAL CON SALIDA LABORAL\">[Leer M\u00e1s]<\/a><\/p>\n<\/div>","protected":false},"author":3,"featured_media":24882,"comment_status":"open","ping_status":"open","sticky":false,"template":"","format":"standard","meta":{"_jetpack_memberships_contains_paid_content":false,"footnotes":"","jetpack_publicize_message":"","jetpack_publicize_feature_enabled":true,"jetpack_social_post_already_shared":true,"jetpack_social_options":{"image_generator_settings":{"template":"highway","default_image_id":0,"font":"","enabled":false},"version":2}},"categories":[50],"tags":[],"class_list":{"0":"post-30738","1":"post","2":"type-post","3":"status-publish","4":"format-standard","5":"has-post-thumbnail","7":"category-interes-general"},"jetpack_publicize_connections":[],"jetpack_featured_media_url":"https:\/\/i0.wp.com\/larevistadigital.com.ar\/blog\/wp-content\/uploads\/Diplomatura-Universitaria-en-Seguridad-Privada-segunda-edicion.png?fit=751%2C501&ssl=1","jetpack_sharing_enabled":true,"jetpack_shortlink":"https:\/\/wp.me\/p8qtrQ-7ZM","jetpack-related-posts":[{"id":24881,"url":"https:\/\/larevistadigital.com.ar\/blog\/lanzan-la-2da-edicion-de-una-diplomatura-con-interesante-salida-laboral-dictados-por-el-lic-alejandro-javier-pereyra\/","url_meta":{"origin":30738,"position":0},"title":"LANZAN LA 2DA. EDICI\u00d3N DE UNA DIPLOMATURA  CON INTERESANTE SALIDA LABORAL DICTADOS POR EL LIC. ALEJANDRO JAVIER PEREYRA","author":"Alejandro Sosa Ruda","date":"29 marzo, 2022","format":false,"excerpt":"Es una interesante diplomatura universitaria en seguridad que adem\u00e1s de formar, perfeccionar y mejorar notablemente a quienes forman parte de la seguridad estatal o privada, que otorga grandes posibilidades de salida laboral En un momento de la realidad del pa\u00eds en el que es dif\u00edcil conseguir empleo, se ha lanzado\u2026","rel":"","context":"En \u00abINTERES GENERAL\u00bb","block_context":{"text":"INTERES GENERAL","link":"https:\/\/larevistadigital.com.ar\/blog\/category\/interes-general\/"},"img":{"alt_text":"","src":"https:\/\/i0.wp.com\/larevistadigital.com.ar\/blog\/wp-content\/uploads\/Diplomatura-Universitaria-en-Seguridad-Privada-segunda-edicion.png?fit=751%2C501&ssl=1&resize=350%2C200","width":350,"height":200,"srcset":"https:\/\/i0.wp.com\/larevistadigital.com.ar\/blog\/wp-content\/uploads\/Diplomatura-Universitaria-en-Seguridad-Privada-segunda-edicion.png?fit=751%2C501&ssl=1&resize=350%2C200 1x, https:\/\/i0.wp.com\/larevistadigital.com.ar\/blog\/wp-content\/uploads\/Diplomatura-Universitaria-en-Seguridad-Privada-segunda-edicion.png?fit=751%2C501&ssl=1&resize=525%2C300 1.5x, https:\/\/i0.wp.com\/larevistadigital.com.ar\/blog\/wp-content\/uploads\/Diplomatura-Universitaria-en-Seguridad-Privada-segunda-edicion.png?fit=751%2C501&ssl=1&resize=700%2C400 2x"},"classes":[]},{"id":24521,"url":"https:\/\/larevistadigital.com.ar\/blog\/la-universidad-catolica-de-la-plata-dicta-nuevamente-una-novedosa-diplomatura-en-seguridad-privada\/","url_meta":{"origin":30738,"position":1},"title":"LA UNIVERSIDAD CAT\u00d3LICA DE LA PLATA DICTA NUEVAMENTE UNA NOVEDOSA DIPLOMATURA EN SEGURIDAD PRIVADA","author":"Alejandro Sosa Ruda","date":"11 marzo, 2022","format":false,"excerpt":"La Universidad Cat\u00f3lica de La Plata (UCALP) dictara nuevamente a partir del 4 de abril la \u201cDiplomatura en Seguridad Privada\u201d, que entre otros objetivos tendr\u00e1 el de brindar los lineamientos fundamentales para una formaci\u00f3n interdisciplinaria en materias de prevenci\u00f3n del delito. Otros de los aspectos que se estudiar\u00e1n en la\u2026","rel":"","context":"En \u00abREGIONALES\u00bb","block_context":{"text":"REGIONALES","link":"https:\/\/larevistadigital.com.ar\/blog\/category\/regionales\/"},"img":{"alt_text":"","src":"https:\/\/i0.wp.com\/larevistadigital.com.ar\/blog\/wp-content\/uploads\/WhatsApp-Image-2022-03-11-at-19.26.50-1.jpeg?fit=805%2C805&ssl=1&resize=350%2C200","width":350,"height":200,"srcset":"https:\/\/i0.wp.com\/larevistadigital.com.ar\/blog\/wp-content\/uploads\/WhatsApp-Image-2022-03-11-at-19.26.50-1.jpeg?fit=805%2C805&ssl=1&resize=350%2C200 1x, https:\/\/i0.wp.com\/larevistadigital.com.ar\/blog\/wp-content\/uploads\/WhatsApp-Image-2022-03-11-at-19.26.50-1.jpeg?fit=805%2C805&ssl=1&resize=525%2C300 1.5x, https:\/\/i0.wp.com\/larevistadigital.com.ar\/blog\/wp-content\/uploads\/WhatsApp-Image-2022-03-11-at-19.26.50-1.jpeg?fit=805%2C805&ssl=1&resize=700%2C400 2x"},"classes":[]},{"id":25421,"url":"https:\/\/larevistadigital.com.ar\/blog\/imperdible-seminario-sobre-el-rol-del-estado-en-la-seguridad-privada\/","url_meta":{"origin":30738,"position":2},"title":"IMPERDIBLE SEMINARIO SOBRE EL ROL DEL ESTADO EN LA SEGURIDAD PRIVADA","author":"Alejandro Sosa Ruda","date":"26 mayo, 2022","format":false,"excerpt":"En el marco de la segunda edici\u00f3n de la Diplomatura en Seguridad Privada que se realizar\u00e1 el d\u00eda lunes 30\/5 desde las 17 hs.\u00a0 se llevar\u00e1 a cabo el primer seminario bajo la modalidad \"a distancia\".(http:\/\/www.ucalp.edu.ar\/seguridadprivada\/ ) El encuentro, se har\u00e1 efectivo por la plataforma ZOOM, y ser\u00e1 \u00a1GRATUITO! Expondr\u00e1\u2026","rel":"","context":"En \u00abINTERES GENERAL\u00bb","block_context":{"text":"INTERES GENERAL","link":"https:\/\/larevistadigital.com.ar\/blog\/category\/interes-general\/"},"img":{"alt_text":"","src":"https:\/\/i0.wp.com\/larevistadigital.com.ar\/blog\/wp-content\/uploads\/Diplomatura-Universitaria-en-Seguridad-Privada-segunda-edicion.png?fit=751%2C501&ssl=1&resize=350%2C200","width":350,"height":200,"srcset":"https:\/\/i0.wp.com\/larevistadigital.com.ar\/blog\/wp-content\/uploads\/Diplomatura-Universitaria-en-Seguridad-Privada-segunda-edicion.png?fit=751%2C501&ssl=1&resize=350%2C200 1x, https:\/\/i0.wp.com\/larevistadigital.com.ar\/blog\/wp-content\/uploads\/Diplomatura-Universitaria-en-Seguridad-Privada-segunda-edicion.png?fit=751%2C501&ssl=1&resize=525%2C300 1.5x, https:\/\/i0.wp.com\/larevistadigital.com.ar\/blog\/wp-content\/uploads\/Diplomatura-Universitaria-en-Seguridad-Privada-segunda-edicion.png?fit=751%2C501&ssl=1&resize=700%2C400 2x"},"classes":[]},{"id":17548,"url":"https:\/\/larevistadigital.com.ar\/blog\/la-plata-upsra-consigue-que-se-pidan-informes-sobre-la-seguridad-privada\/","url_meta":{"origin":30738,"position":3},"title":"LA PLATA: UPSRA CONSIGUE QUE SE PIDAN INFORMES SOBRE LA SEGURIDAD PRIVADA","author":"Alejandro Sosa Ruda","date":"9 noviembre, 2020","format":false,"excerpt":"LA PLATA - Gracias a la tenacidad de la dirigencia de la Uni\u00f3n del Personal de Seguridad Privada (U.P.S.R.A), sobre todo del Delegado Regional y miembro de Comisi\u00f3n Directiva Nacional Pablo Otero, y el expreso mandato del Secretario General del Gremio, Leonidas Requelme, el Concejo Deliberante comenz\u00f3 a intervenir\u00a0en el\u2026","rel":"","context":"En \u00abGREMIALES\u00bb","block_context":{"text":"GREMIALES","link":"https:\/\/larevistadigital.com.ar\/blog\/category\/gremiales\/"},"img":{"alt_text":"","src":"https:\/\/i0.wp.com\/larevistadigital.com.ar\/blog\/wp-content\/uploads\/Palacio_Municipal_Ciudad_de_La_Plata.jpg?fit=1200%2C875&ssl=1&resize=350%2C200","width":350,"height":200,"srcset":"https:\/\/i0.wp.com\/larevistadigital.com.ar\/blog\/wp-content\/uploads\/Palacio_Municipal_Ciudad_de_La_Plata.jpg?fit=1200%2C875&ssl=1&resize=350%2C200 1x, https:\/\/i0.wp.com\/larevistadigital.com.ar\/blog\/wp-content\/uploads\/Palacio_Municipal_Ciudad_de_La_Plata.jpg?fit=1200%2C875&ssl=1&resize=525%2C300 1.5x, https:\/\/i0.wp.com\/larevistadigital.com.ar\/blog\/wp-content\/uploads\/Palacio_Municipal_Ciudad_de_La_Plata.jpg?fit=1200%2C875&ssl=1&resize=700%2C400 2x, https:\/\/i0.wp.com\/larevistadigital.com.ar\/blog\/wp-content\/uploads\/Palacio_Municipal_Ciudad_de_La_Plata.jpg?fit=1200%2C875&ssl=1&resize=1050%2C600 3x"},"classes":[]},{"id":41571,"url":"https:\/\/larevistadigital.com.ar\/blog\/upsra-inauguro-su-sede-gremial-en-bahia-blanca-con-obra-social-y-centro-de-formacion-para-trabajadores-de-seguridad\/","url_meta":{"origin":30738,"position":4},"title":"UPSRA inaugur\u00f3 su sede gremial en Bah\u00eda Blanca con obra social y centro de formaci\u00f3n para trabajadores de seguridad","author":"Alejandro Sosa Ruda","date":"20 septiembre, 2025","format":false,"excerpt":"El sindicato que nuclea a los trabajadores de seguridad privada abri\u00f3 oficialmente su delegaci\u00f3n en la ciudad, con cobertura m\u00e9dica, capacitaci\u00f3n y representaci\u00f3n sindical. 20 de septiembre de 2025 BAH\u00cdA BLANCA -\u00a0 \u00a0La Uni\u00f3n del Personal de Seguridad de la Rep\u00fablica Argentina (UPSRA) inaugur\u00f3 oficialmente su sede gremial en Bah\u00eda\u2026","rel":"","context":"En \u00abGREMIALES\u00bb","block_context":{"text":"GREMIALES","link":"https:\/\/larevistadigital.com.ar\/blog\/category\/gremiales\/"},"img":{"alt_text":"","src":"https:\/\/i0.wp.com\/larevistadigital.com.ar\/blog\/wp-content\/uploads\/Captura-de-pantalla-2025-09-20-195645.jpg?fit=837%2C601&ssl=1&resize=350%2C200","width":350,"height":200,"srcset":"https:\/\/i0.wp.com\/larevistadigital.com.ar\/blog\/wp-content\/uploads\/Captura-de-pantalla-2025-09-20-195645.jpg?fit=837%2C601&ssl=1&resize=350%2C200 1x, https:\/\/i0.wp.com\/larevistadigital.com.ar\/blog\/wp-content\/uploads\/Captura-de-pantalla-2025-09-20-195645.jpg?fit=837%2C601&ssl=1&resize=525%2C300 1.5x, https:\/\/i0.wp.com\/larevistadigital.com.ar\/blog\/wp-content\/uploads\/Captura-de-pantalla-2025-09-20-195645.jpg?fit=837%2C601&ssl=1&resize=700%2C400 2x"},"classes":[]},{"id":428,"url":"https:\/\/larevistadigital.com.ar\/blog\/se-incorporaran-35-nuevas-camaras-seguridad\/","url_meta":{"origin":30738,"position":5},"title":"Se incorporar\u00e1n 35 nuevas c\u00e1maras de seguridad","author":"editor","date":"28 febrero, 2017","format":false,"excerpt":"Se inform\u00f3 desde la Comuna que en el despacho del Intendente Municipal, se realiz\u00f3 la apertura de sobres de la licitaci\u00f3n privada que permitir\u00e1 realizar la tercera etapa de la ampliaci\u00f3n del sistema de monitoreo. La misma contempla una adquisici\u00f3n de 35 nuevas c\u00e1maras de seguridad, diferenciadas en 15 fijas\u2026","rel":"","context":"En \u00abCHASCOM\u00daS\u00bb","block_context":{"text":"CHASCOM\u00daS","link":"https:\/\/larevistadigital.com.ar\/blog\/category\/chascomus\/"},"img":{"alt_text":"","src":"https:\/\/i0.wp.com\/larevistadigital.com.ar\/blog\/wp-content\/uploads\/2017\/02\/camaras_20defebrerode2017_elfuerte.jpg?fit=868%2C574&ssl=1&resize=350%2C200","width":350,"height":200,"srcset":"https:\/\/i0.wp.com\/larevistadigital.com.ar\/blog\/wp-content\/uploads\/2017\/02\/camaras_20defebrerode2017_elfuerte.jpg?fit=868%2C574&ssl=1&resize=350%2C200 1x, https:\/\/i0.wp.com\/larevistadigital.com.ar\/blog\/wp-content\/uploads\/2017\/02\/camaras_20defebrerode2017_elfuerte.jpg?fit=868%2C574&ssl=1&resize=525%2C300 1.5x, https:\/\/i0.wp.com\/larevistadigital.com.ar\/blog\/wp-content\/uploads\/2017\/02\/camaras_20defebrerode2017_elfuerte.jpg?fit=868%2C574&ssl=1&resize=700%2C400 2x"},"classes":[]}],"_links":{"self":[{"href":"https:\/\/larevistadigital.com.ar\/blog\/wp-json\/wp\/v2\/posts\/30738","targetHints":{"allow":["GET"]}}],"collection":[{"href":"https:\/\/larevistadigital.com.ar\/blog\/wp-json\/wp\/v2\/posts"}],"about":[{"href":"https:\/\/larevistadigital.com.ar\/blog\/wp-json\/wp\/v2\/types\/post"}],"author":[{"embeddable":true,"href":"https:\/\/larevistadigital.com.ar\/blog\/wp-json\/wp\/v2\/users\/3"}],"replies":[{"embeddable":true,"href":"https:\/\/larevistadigital.com.ar\/blog\/wp-json\/wp\/v2\/comments?post=30738"}],"version-history":[{"count":1,"href":"https:\/\/larevistadigital.com.ar\/blog\/wp-json\/wp\/v2\/posts\/30738\/revisions"}],"predecessor-version":[{"id":30739,"href":"https:\/\/larevistadigital.com.ar\/blog\/wp-json\/wp\/v2\/posts\/30738\/revisions\/30739"}],"wp:featuredmedia":[{"embeddable":true,"href":"https:\/\/larevistadigital.com.ar\/blog\/wp-json\/wp\/v2\/media\/24882"}],"wp:attachment":[{"href":"https:\/\/larevistadigital.com.ar\/blog\/wp-json\/wp\/v2\/media?parent=30738"}],"wp:term":[{"taxonomy":"category","embeddable":true,"href":"https:\/\/larevistadigital.com.ar\/blog\/wp-json\/wp\/v2\/categories?post=30738"},{"taxonomy":"post_tag","embeddable":true,"href":"https:\/\/larevistadigital.com.ar\/blog\/wp-json\/wp\/v2\/tags?post=30738"}],"curies":[{"name":"wp","href":"https:\/\/api.w.org\/{rel}","templated":true}]}}