{"id":30740,"date":"2023-03-28T16:40:23","date_gmt":"2023-03-28T16:40:23","guid":{"rendered":"https:\/\/larevistadigital.com.ar\/blog\/?p=30740"},"modified":"2023-03-28T16:40:23","modified_gmt":"2023-03-28T16:40:23","slug":"merlo-discutio-con-su-pareja-mato-al-hijo-de-ambos-y-se-ahorco","status":"publish","type":"post","link":"https:\/\/larevistadigital.com.ar\/blog\/merlo-discutio-con-su-pareja-mato-al-hijo-de-ambos-y-se-ahorco\/","title":{"rendered":"MERLO: DISCUTI\u00d3 CON SU PAREJA, MAT\u00d3 AL HIJO DE AMBOS Y SE AHORC\u00d3"},"content":{"rendered":"<div class=\"w-[30px] flex flex-col relative items-end\">\n<div class=\"relative flex\">&lt;img src=&quot;data:;base64,\u00bb alt=\u00bb\u00bb aria-hidden=\u00bbtrue\u00bb \/&gt;<\/div>\n<h2 class=\"relative flex\">El hombre asesin\u00f3 a su hijo de dos balazos y se quit\u00f3 la vida. Su esposa denunci\u00f3 que sufr\u00eda violencia de g\u00e9nero. Los cad\u00e1veres fueron encontrados por la mujer en un departamento que ten\u00edan vac\u00edo para alquilar.<\/h2>\n<\/div>\n<div class=\"relative flex w-[calc(100%-50px)] flex-col gap-1 md:gap-3 lg:w-[calc(100%-115px)]\">\n<div class=\"flex flex-grow flex-col gap-3\">\n<div>28 de marzo de 2023<\/div>\n<div><\/div>\n<div><strong>MERLO &#8211;\u00a0<\/strong> Un hombre mat\u00f3 de dos balazos a su hijo y luego se suicid\u00f3 al ahorcarse de una ventana, tras una discusi\u00f3n con su pareja en el partido de Merlo.<\/div>\n<div class=\"min-h-[20px] flex flex-col items-start gap-4 whitespace-pre-wrap\">\n<blockquote>\n<h3 class=\"selectionShareable\">Los cad\u00e1veres fueron encontrados por la mujer en un departamento que ten\u00edan vac\u00edo para alquilar y que estaba situado en la planta alta de la vivienda que la pareja compart\u00eda con su hijo, que ten\u00eda un retraso madurativo.<\/h3>\n<\/blockquote>\n<p class=\"selectionShareable\">La mujer, identificada como Patricia Alejandra Belmonte, de 50 a\u00f1os, ante la desesperaci\u00f3n de ver a su hijo, Leonardo Ramos, de 22, muerto en un pasillo, ingres\u00f3 a la casa con ayuda de vecinos.<\/p>\n<blockquote>\n<h3 class=\"selectionShareable\">Al entrar, la madre del joven encontr\u00f3 sentado en el piso contra una ventana a su pareja, identificada como Joaqu\u00edn Ramos, de 60 a\u00f1os, quien se hab\u00eda ahorcado con un cable.<\/h3>\n<\/blockquote>\n<p class=\"selectionShareable\">Tras llamar a la Polic\u00eda, Belmonte le relat\u00f3 a los investigadores que todo comenz\u00f3 el jueves por la noche, cuando comenz\u00f3 a discutir con su esposo. Ella le recriminaba que estaba cansada de sufrir violencia de g\u00e9nero de su parte, debido que d\u00edas atr\u00e1s la hab\u00eda golpeado.<\/p>\n<blockquote>\n<h3 class=\"selectionShareable\">Seguidamente, el hijo se interpuso en la discusi\u00f3n y mantuvo un altercado con su padre en defensa de su madre, tras lo cual el hombre se retir\u00f3 y se fue a dormir al departamento que ten\u00edan en alquiler. El joven sigui\u00f3 a su padre mientras le recriminaba a los gritos por los maltratos hacia su madre.<\/h3>\n<\/blockquote>\n<p class=\"selectionShareable\">En ese marco, la mujer, al no saber nada de su hijo, se dirigi\u00f3 por la tarde a la planta alta y, al asomarse por una ventana, lo vio tirado en el piso del pasillo entre la cocina y el ba\u00f1o, con dos impactos de bala en la cabeza.<\/p>\n<blockquote>\n<h3 class=\"selectionShareable\">Un poco m\u00e1s al fondo, estaba su pareja ahorcada en una ventana y, a su lado, hab\u00eda un arma de fuego calibre 9 mil\u00edmetros.<\/h3>\n<\/blockquote>\n<p class=\"selectionShareable\">Los gritos de la mujer alertaron a los vecinos que llamaron a los Bomberos Voluntarios que en pocos minutos llegaron y constataron los fallecimientos. (<b>InfoGEI<\/b>) Mg<\/p>\n<\/div>\n<\/div>\n<\/div>\n","protected":false},"excerpt":{"rendered":"<div class=\"mh-excerpt\"><p>&lt;img src=&quot;data:;base64,\u00bb alt=\u00bb\u00bb aria-hidden=\u00bbtrue\u00bb \/&gt; El hombre asesin\u00f3 a su hijo de dos balazos y se quit\u00f3 la vida. Su esposa denunci\u00f3 que sufr\u00eda violencia de g\u00e9nero. Los cad\u00e1veres fueron encontrados por la mujer en <a class=\"mh-excerpt-more\" href=\"https:\/\/larevistadigital.com.ar\/blog\/merlo-discutio-con-su-pareja-mato-al-hijo-de-ambos-y-se-ahorco\/\" title=\"MERLO: DISCUTI\u00d3 CON SU PAREJA, MAT\u00d3 AL HIJO DE AMBOS Y SE AHORC\u00d3\">[Leer M\u00e1s]<\/a><\/p>\n<\/div>","protected":false},"author":3,"featured_media":30741,"comment_status":"open","ping_status":"open","sticky":false,"template":"","format":"standard","meta":{"_jetpack_memberships_contains_paid_content":false,"footnotes":"","jetpack_publicize_message":"","jetpack_publicize_feature_enabled":true,"jetpack_social_post_already_shared":true,"jetpack_social_options":{"image_generator_settings":{"template":"highway","default_image_id":0,"font":"","enabled":false},"version":2}},"categories":[50,44],"tags":[],"class_list":{"0":"post-30740","1":"post","2":"type-post","3":"status-publish","4":"format-standard","5":"has-post-thumbnail","7":"category-interes-general","8":"category-policiales"},"jetpack_publicize_connections":[],"jetpack_featured_media_url":"https:\/\/i0.wp.com\/larevistadigital.com.ar\/blog\/wp-content\/uploads\/20230327182458_patrullero2-1.jpg?fit=880%2C512&ssl=1","jetpack_sharing_enabled":true,"jetpack_shortlink":"https:\/\/wp.me\/p8qtrQ-7ZO","jetpack-related-posts":[{"id":10609,"url":"https:\/\/larevistadigital.com.ar\/blog\/femicidio-asesino-de-tres-balazos-a-su-ex-pareja-y-luego-se-mato-dentro-del-auto\/","url_meta":{"origin":30740,"position":0},"title":"FEMICIDIO: ASESIN\u00d3 DE TRES BALAZOS A SU EX PAREJA Y LUEGO SE MAT\u00d3 DENTRO DEL AUTO","author":"Alejandro Sosa Ruda","date":"13 junio, 2019","format":false,"excerpt":"Gabriela Scalise ten\u00eda 43 a\u00f1os y fue atacada por su ex cuando intentaba entrar en su casa. Un hombre asesin\u00f3 de tres balazos a su ex pareja\u00a0en la esquina de su casa\u00a0ubicada en\u00a0la ciudad de Chacabuco, provincia de Buenos Aires, y luego de haber cometido el crimen,\u00a0fue hallado sin vida\u2026","rel":"","context":"En \u00abPOLICIALES\u00bb","block_context":{"text":"POLICIALES","link":"https:\/\/larevistadigital.com.ar\/blog\/category\/policiales\/"},"img":{"alt_text":"","src":"https:\/\/i0.wp.com\/larevistadigital.com.ar\/blog\/wp-content\/uploads\/gabi.jpg?fit=461%2C618&ssl=1&resize=350%2C200","width":350,"height":200},"classes":[]},{"id":23862,"url":"https:\/\/larevistadigital.com.ar\/blog\/ajuste-de-cuentas-matan-a-una-mujer-a-balazos-frente-a-su-familia\/","url_meta":{"origin":30740,"position":1},"title":"\u00bfAJUSTE DE CUENTAS? MATAN A UNA MUJER A BALAZOS FRENTE A SU FAMILIA","author":"Alejandro Sosa Ruda","date":"7 febrero, 2022","format":false,"excerpt":"Una mujer de 35 a\u00f1os fue asesinada en San Nicol\u00e1s, de un balazo en la cabeza delante de su familia por delincuentes que se hicieron pasar por polic\u00edas. Los investigadores descartan que se haya tratado de un intento de robo. Especulan que los delincuentes confundieron a la mujer asesinada con\u2026","rel":"","context":"En \u00abINTERES GENERAL\u00bb","block_context":{"text":"INTERES GENERAL","link":"https:\/\/larevistadigital.com.ar\/blog\/category\/interes-general\/"},"img":{"alt_text":"","src":"https:\/\/i0.wp.com\/larevistadigital.com.ar\/blog\/wp-content\/uploads\/20220206122957_asesinato-mujer-san-nicolas.jpg?fit=880%2C512&ssl=1&resize=350%2C200","width":350,"height":200,"srcset":"https:\/\/i0.wp.com\/larevistadigital.com.ar\/blog\/wp-content\/uploads\/20220206122957_asesinato-mujer-san-nicolas.jpg?fit=880%2C512&ssl=1&resize=350%2C200 1x, https:\/\/i0.wp.com\/larevistadigital.com.ar\/blog\/wp-content\/uploads\/20220206122957_asesinato-mujer-san-nicolas.jpg?fit=880%2C512&ssl=1&resize=525%2C300 1.5x, https:\/\/i0.wp.com\/larevistadigital.com.ar\/blog\/wp-content\/uploads\/20220206122957_asesinato-mujer-san-nicolas.jpg?fit=880%2C512&ssl=1&resize=700%2C400 2x"},"classes":[]},{"id":32184,"url":"https:\/\/larevistadigital.com.ar\/blog\/policia-bonaerense-mato-a-su-ex-pareja-y-su-ex-cunada-a-balazos\/","url_meta":{"origin":30740,"position":2},"title":"POLIC\u00cdA BONAERENSE MAT\u00d3 A SU EX PAREJA Y SU EX CU\u00d1ADA A BALAZOS.","author":"Alejandro Sosa Ruda","date":"30 junio, 2023","format":false,"excerpt":"Una mujer y su hermana fueron asesinadas a balazos por un polic\u00eda bonaerense, expareja de una de ellas y sobre quien pesaban denuncias por violencia de g\u00e9nero. 30 de junio de 2023 LA PLATA -\u00a0 En la localidad bonaerense de Arturo Segu\u00ed, partido de La Plata, se produjo un tr\u00e1gico\u2026","rel":"","context":"En \u00abINTERES GENERAL\u00bb","block_context":{"text":"INTERES GENERAL","link":"https:\/\/larevistadigital.com.ar\/blog\/category\/interes-general\/"},"img":{"alt_text":"","src":"https:\/\/i0.wp.com\/larevistadigital.com.ar\/blog\/wp-content\/uploads\/20230313183828_patrullero2-1.jpg?fit=880%2C512&ssl=1&resize=350%2C200","width":350,"height":200,"srcset":"https:\/\/i0.wp.com\/larevistadigital.com.ar\/blog\/wp-content\/uploads\/20230313183828_patrullero2-1.jpg?fit=880%2C512&ssl=1&resize=350%2C200 1x, https:\/\/i0.wp.com\/larevistadigital.com.ar\/blog\/wp-content\/uploads\/20230313183828_patrullero2-1.jpg?fit=880%2C512&ssl=1&resize=525%2C300 1.5x, https:\/\/i0.wp.com\/larevistadigital.com.ar\/blog\/wp-content\/uploads\/20230313183828_patrullero2-1.jpg?fit=880%2C512&ssl=1&resize=700%2C400 2x"},"classes":[]},{"id":23740,"url":"https:\/\/larevistadigital.com.ar\/blog\/carlos-tejedor-investigan-un-femicidio-seguido-de-suicidio\/","url_meta":{"origin":30740,"position":3},"title":"CARLOS TEJEDOR: INVESTIGAN UN FEMICIDIO SEGUIDO DE SUICIDIO","author":"Alejandro Sosa Ruda","date":"1 febrero, 2022","format":false,"excerpt":"Si bien las identidades no trascendieron, se tratar\u00eda de una pareja de 74 a\u00f1os el hombre y 65 la mujer, ambos de la localidad de Timote. El hombre habr\u00eda ultimado a la mujer con un arma blanca y con la misma se habr\u00eda quitado tambi\u00e9n la vida \u00e9l. CARLOS TEJEDOR\u2026","rel":"","context":"En \u00abINTERES GENERAL\u00bb","block_context":{"text":"INTERES GENERAL","link":"https:\/\/larevistadigital.com.ar\/blog\/category\/interes-general\/"},"img":{"alt_text":"","src":"https:\/\/i0.wp.com\/larevistadigital.com.ar\/blog\/wp-content\/uploads\/20220131122940_carlos-tejedorpng.jpg?fit=880%2C512&ssl=1&resize=350%2C200","width":350,"height":200,"srcset":"https:\/\/i0.wp.com\/larevistadigital.com.ar\/blog\/wp-content\/uploads\/20220131122940_carlos-tejedorpng.jpg?fit=880%2C512&ssl=1&resize=350%2C200 1x, https:\/\/i0.wp.com\/larevistadigital.com.ar\/blog\/wp-content\/uploads\/20220131122940_carlos-tejedorpng.jpg?fit=880%2C512&ssl=1&resize=525%2C300 1.5x, https:\/\/i0.wp.com\/larevistadigital.com.ar\/blog\/wp-content\/uploads\/20220131122940_carlos-tejedorpng.jpg?fit=880%2C512&ssl=1&resize=700%2C400 2x"},"classes":[]},{"id":27614,"url":"https:\/\/larevistadigital.com.ar\/blog\/doble-crimen-de-vicente-lopez-liberaron-a-la-domestica-y-detuvieron-al-hijo-menor-acusado-del-homicidio-de-sus-padres\/","url_meta":{"origin":30740,"position":4},"title":"DOBLE CRIMEN DE VICENTE LOPEZ: LIBERARON A LA DOM\u00c9STICA Y DETUVIERON AL HIJO MENOR, ACUSADO DEL HOMICIDIO DE SUS PADRES","author":"Alejandro Sosa Ruda","date":"8 septiembre, 2022","format":false,"excerpt":"Los fiscales que investigan el asesinato a tiros de Jos\u00e9 Enrique del Rio (74) y de su esposa Mercedes Alonso (72), creen haber encontrado al homicida. Se trata Mart\u00edn Santiago del Rio, hijo menor de la pareja. La acusaci\u00f3n es de doble parricidio. 7 de septiembre de 2022 Mart\u00edn Santiago\u2026","rel":"","context":"En \u00abINTERES GENERAL\u00bb","block_context":{"text":"INTERES GENERAL","link":"https:\/\/larevistadigital.com.ar\/blog\/category\/interes-general\/"},"img":{"alt_text":"","src":"https:\/\/i0.wp.com\/larevistadigital.com.ar\/blog\/wp-content\/uploads\/Captura-de-pantalla-2022-09-08-094055.png?fit=825%2C473&ssl=1&resize=350%2C200","width":350,"height":200,"srcset":"https:\/\/i0.wp.com\/larevistadigital.com.ar\/blog\/wp-content\/uploads\/Captura-de-pantalla-2022-09-08-094055.png?fit=825%2C473&ssl=1&resize=350%2C200 1x, https:\/\/i0.wp.com\/larevistadigital.com.ar\/blog\/wp-content\/uploads\/Captura-de-pantalla-2022-09-08-094055.png?fit=825%2C473&ssl=1&resize=525%2C300 1.5x, https:\/\/i0.wp.com\/larevistadigital.com.ar\/blog\/wp-content\/uploads\/Captura-de-pantalla-2022-09-08-094055.png?fit=825%2C473&ssl=1&resize=700%2C400 2x"},"classes":[]},{"id":12902,"url":"https:\/\/larevistadigital.com.ar\/blog\/encuentran-a-un-hombre-muerto-en-su-patio-y-detienen-a-su-pareja\/","url_meta":{"origin":30740,"position":5},"title":"ENCUENTRAN A UN HOMBRE MUERTO EN SU PATIO Y DETIENEN A SU PAREJA","author":"Alejandro Sosa Ruda","date":"28 octubre, 2019","format":false,"excerpt":"Ocurri\u00f3 en el barrio 9 de Julio. La v\u00edctima de 42 a\u00f1os presentaba una herida en el t\u00f3rax. La mujer qued\u00f3 alojada en el Destacamento Femenino. MAR DEL PLATA - \"Se mat\u00f3, se mat\u00f3\", fue el grito de una mujer que los polic\u00edas que llegaron a una vivienda en el\u2026","rel":"","context":"En \u00abPOLICIALES\u00bb","block_context":{"text":"POLICIALES","link":"https:\/\/larevistadigital.com.ar\/blog\/category\/policiales\/"},"img":{"alt_text":"","src":"https:\/\/i0.wp.com\/larevistadigital.com.ar\/blog\/wp-content\/uploads\/patrullero-1.jpg?fit=1024%2C728&ssl=1&resize=350%2C200","width":350,"height":200,"srcset":"https:\/\/i0.wp.com\/larevistadigital.com.ar\/blog\/wp-content\/uploads\/patrullero-1.jpg?fit=1024%2C728&ssl=1&resize=350%2C200 1x, https:\/\/i0.wp.com\/larevistadigital.com.ar\/blog\/wp-content\/uploads\/patrullero-1.jpg?fit=1024%2C728&ssl=1&resize=525%2C300 1.5x, https:\/\/i0.wp.com\/larevistadigital.com.ar\/blog\/wp-content\/uploads\/patrullero-1.jpg?fit=1024%2C728&ssl=1&resize=700%2C400 2x"},"classes":[]}],"_links":{"self":[{"href":"https:\/\/larevistadigital.com.ar\/blog\/wp-json\/wp\/v2\/posts\/30740","targetHints":{"allow":["GET"]}}],"collection":[{"href":"https:\/\/larevistadigital.com.ar\/blog\/wp-json\/wp\/v2\/posts"}],"about":[{"href":"https:\/\/larevistadigital.com.ar\/blog\/wp-json\/wp\/v2\/types\/post"}],"author":[{"embeddable":true,"href":"https:\/\/larevistadigital.com.ar\/blog\/wp-json\/wp\/v2\/users\/3"}],"replies":[{"embeddable":true,"href":"https:\/\/larevistadigital.com.ar\/blog\/wp-json\/wp\/v2\/comments?post=30740"}],"version-history":[{"count":1,"href":"https:\/\/larevistadigital.com.ar\/blog\/wp-json\/wp\/v2\/posts\/30740\/revisions"}],"predecessor-version":[{"id":30742,"href":"https:\/\/larevistadigital.com.ar\/blog\/wp-json\/wp\/v2\/posts\/30740\/revisions\/30742"}],"wp:featuredmedia":[{"embeddable":true,"href":"https:\/\/larevistadigital.com.ar\/blog\/wp-json\/wp\/v2\/media\/30741"}],"wp:attachment":[{"href":"https:\/\/larevistadigital.com.ar\/blog\/wp-json\/wp\/v2\/media?parent=30740"}],"wp:term":[{"taxonomy":"category","embeddable":true,"href":"https:\/\/larevistadigital.com.ar\/blog\/wp-json\/wp\/v2\/categories?post=30740"},{"taxonomy":"post_tag","embeddable":true,"href":"https:\/\/larevistadigital.com.ar\/blog\/wp-json\/wp\/v2\/tags?post=30740"}],"curies":[{"name":"wp","href":"https:\/\/api.w.org\/{rel}","templated":true}]}}