{"id":30784,"date":"2023-03-29T21:44:50","date_gmt":"2023-03-29T21:44:50","guid":{"rendered":"https:\/\/larevistadigital.com.ar\/blog\/?p=30784"},"modified":"2023-03-29T21:57:42","modified_gmt":"2023-03-29T21:57:42","slug":"chascomus-la-policia-comunal-logro-atrapar-a-un-sujeto-que-era-intensamente-buscado","status":"publish","type":"post","link":"https:\/\/larevistadigital.com.ar\/blog\/chascomus-la-policia-comunal-logro-atrapar-a-un-sujeto-que-era-intensamente-buscado\/","title":{"rendered":"CHASCOM\u00daS: LA POLIC\u00cdA COMUNAL LOGR\u00d3 ATRAPAR A UN SUJETO QUE ERA INTENSAMENTE BUSCADO"},"content":{"rendered":"<h2>EL detenido fue encontrado luego de ocho meses de b\u00fasqueda, investigaciones y tareas de inteligencia, y es considerado muy peligroso. Hab\u00eda participado en el enfrentamiento armado con el Jefe Comunal hace meses en La Matanza.<\/h2>\n<p>29 de marzo de 2023<\/p>\n<p><strong>CHASCOM\u00daS &#8211;<\/strong>\u00a0 Luego de arduas tareas de inteligencia la Polic\u00eda Comunal logr\u00f3 dar con un individuo que era intensamente buscado y se considera de extrema peligrosidad.<\/p>\n<blockquote>\n<h3>El sujeto en cuesti\u00f3n, hab\u00eda participado de un incidente ocurrido hace meses, del cual fuera v\u00edctima un peluquero de la ciudad y tambi\u00e9n fue part\u00edcipe de un tiroteo con el Jefe Comunal de Chascom\u00fas y personal a cargo en La Tablada, partido de la Matanza. Por aquel hecho, el principal actor se encuentra actualmente detenido en Sierra Chica.<\/h3>\n<\/blockquote>\n<p>Hoy, luego de realizar trabajos de manera \u00abencubierta\u00bb, personal del GTO de la polic\u00eda Comunal,\u00a0 mancomunados con el Dr. <strong>Jonatan Robert<\/strong> llegaron al lugar donde se di\u00f3 con el sujeto, en un veh\u00edculo utilitario para no alertar a vecinos.<\/p>\n<blockquote>\n<h3>As\u00ed se procedi\u00f3 hace instantes a realizar un allanamiento en calle Ecuador del barrio Las Violetas, con fines de efectivizar la detenci\u00f3n del sujeto buscado, una persona mayor de edad, por hechos de.robo calificado en Chascomus y pr\u00f3fugo desde hace aproximadamente ocho meses a la fecha.<\/h3>\n<\/blockquote>\n<p>Tras lograr detenerlo en el lugar, fue conducido al asiento de la Estaci\u00f3n de Polic\u00eda Comunal de Chascomus donde quedar\u00e1 alojado a disposici\u00f3n de la UFID 10 de Chascomus a cargo del Dr.<strong> Robert.<\/strong><\/p>\n","protected":false},"excerpt":{"rendered":"<div class=\"mh-excerpt\"><p>EL detenido fue encontrado luego de ocho meses de b\u00fasqueda, investigaciones y tareas de inteligencia, y es considerado muy peligroso. Hab\u00eda participado en el enfrentamiento armado con el Jefe Comunal hace meses en La Matanza. <a class=\"mh-excerpt-more\" href=\"https:\/\/larevistadigital.com.ar\/blog\/chascomus-la-policia-comunal-logro-atrapar-a-un-sujeto-que-era-intensamente-buscado\/\" title=\"CHASCOM\u00daS: LA POLIC\u00cdA COMUNAL LOGR\u00d3 ATRAPAR A UN SUJETO QUE ERA INTENSAMENTE BUSCADO\">[Leer M\u00e1s]<\/a><\/p>\n<\/div>","protected":false},"author":3,"featured_media":30786,"comment_status":"open","ping_status":"open","sticky":false,"template":"","format":"standard","meta":{"_jetpack_memberships_contains_paid_content":false,"footnotes":"","jetpack_publicize_message":"","jetpack_publicize_feature_enabled":true,"jetpack_social_post_already_shared":true,"jetpack_social_options":{"image_generator_settings":{"template":"highway","default_image_id":0,"font":"","enabled":false},"version":2}},"categories":[50],"tags":[],"class_list":{"0":"post-30784","1":"post","2":"type-post","3":"status-publish","4":"format-standard","5":"has-post-thumbnail","7":"category-interes-general"},"jetpack_publicize_connections":[],"jetpack_featured_media_url":"https:\/\/i0.wp.com\/larevistadigital.com.ar\/blog\/wp-content\/uploads\/detenido.jpg?fit=700%2C490&ssl=1","jetpack_sharing_enabled":true,"jetpack_shortlink":"https:\/\/wp.me\/p8qtrQ-80w","jetpack-related-posts":[{"id":32778,"url":"https:\/\/larevistadigital.com.ar\/blog\/la-policia-logro-atrapar-a-un-sujeto-con-frondosos-antecedentes-y-que-era-intensamente-buscado\/","url_meta":{"origin":30784,"position":0},"title":"LA POLIC\u00cdA LOGR\u00d3 ATRAPAR A UN SUJETO CON FRONDOSOS ANTECEDENTES Y QUE ERA INTENSAMENTE BUSCADO","author":"Alejandro Sosa Ruda","date":"5 agosto, 2023","format":false,"excerpt":"Con un excelente trabajo conjunto entre investigaciones, inteligencia y de campo, la polic\u00eda identific\u00f3 y captur\u00f3 a un individuo intensamente buscado. 4 de agosto de 2023 CHASCOM\u00daS -\u00a0 El mi\u00e9rcoles pasado, la polic\u00eda comunal\u00a0 realiz\u00f3 un allanamiento en una vivienda de calle M\u00e9xico, donde habita una persona de sexo masculino\u2026","rel":"","context":"En \u00abDESTACADAS\u00bb","block_context":{"text":"DESTACADAS","link":"https:\/\/larevistadigital.com.ar\/blog\/category\/destacadas\/"},"img":{"alt_text":"","src":"https:\/\/i0.wp.com\/larevistadigital.com.ar\/blog\/wp-content\/uploads\/Polic%C3%ADa-Bonaerense-Patrulleros-3.jpg?fit=772%2C434&ssl=1&resize=350%2C200","width":350,"height":200,"srcset":"https:\/\/i0.wp.com\/larevistadigital.com.ar\/blog\/wp-content\/uploads\/Polic%C3%ADa-Bonaerense-Patrulleros-3.jpg?fit=772%2C434&ssl=1&resize=350%2C200 1x, https:\/\/i0.wp.com\/larevistadigital.com.ar\/blog\/wp-content\/uploads\/Polic%C3%ADa-Bonaerense-Patrulleros-3.jpg?fit=772%2C434&ssl=1&resize=525%2C300 1.5x, https:\/\/i0.wp.com\/larevistadigital.com.ar\/blog\/wp-content\/uploads\/Polic%C3%ADa-Bonaerense-Patrulleros-3.jpg?fit=772%2C434&ssl=1&resize=700%2C400 2x"},"classes":[]},{"id":31428,"url":"https:\/\/larevistadigital.com.ar\/blog\/chascomus-la-policia-comunal-encontro-un-hombre-que-era-intensamente-buscado-por-su-familia-y-tenia-pendiente-una-averiguacion-de-paradero\/","url_meta":{"origin":30784,"position":1},"title":"CHASCOM\u00daS: LA POLIC\u00cdA COMUNAL ENCONTR\u00d3 UN HOMBRE QUE ERA INTENSAMENTE BUSCADO POR SU FAMILIA Y TEN\u00cdA PENDIENTE UNA \u00abAVERIGUACI\u00d3N DE PARADERO\u00bb","author":"Alejandro Sosa Ruda","date":"7 mayo, 2023","format":false,"excerpt":"CHASCOM\u00daS -\u00a0 \u00a0Durante la jornada de ayer, mientras la Polic\u00eda Comunal realizaba tareas de prevenci\u00f3n, descubre una persona de sexo masculino la que al ser identificada como Javier Omar Nu\u00f1ez, de 35 a\u00f1os de edad, y una vez cursada la consulta por sistema inform\u00e1tico, se logr\u00f3 constatar que pesaba sobre\u2026","rel":"","context":"En \u00abPOLICIALES\u00bb","block_context":{"text":"POLICIALES","link":"https:\/\/larevistadigital.com.ar\/blog\/category\/policiales\/"},"img":{"alt_text":"","src":"https:\/\/i0.wp.com\/larevistadigital.com.ar\/blog\/wp-content\/uploads\/2019\/01\/bbx_755050019_comisaria_chasco_01.jpg?fit=800%2C579&ssl=1&resize=350%2C200","width":350,"height":200,"srcset":"https:\/\/i0.wp.com\/larevistadigital.com.ar\/blog\/wp-content\/uploads\/2019\/01\/bbx_755050019_comisaria_chasco_01.jpg?fit=800%2C579&ssl=1&resize=350%2C200 1x, https:\/\/i0.wp.com\/larevistadigital.com.ar\/blog\/wp-content\/uploads\/2019\/01\/bbx_755050019_comisaria_chasco_01.jpg?fit=800%2C579&ssl=1&resize=525%2C300 1.5x, https:\/\/i0.wp.com\/larevistadigital.com.ar\/blog\/wp-content\/uploads\/2019\/01\/bbx_755050019_comisaria_chasco_01.jpg?fit=800%2C579&ssl=1&resize=700%2C400 2x"},"classes":[]},{"id":30931,"url":"https:\/\/larevistadigital.com.ar\/blog\/chascomus-la-policia-comunal-logro-detener-a-un-individuo-buscado-desde-febrero\/","url_meta":{"origin":30784,"position":2},"title":"CHASCOM\u00daS: LA POLIC\u00cdA COMUNAL LOGR\u00d3 DETENER A UN INDIVIDUO BUSCADO DESDE FEBRERO","author":"Alejandro Sosa Ruda","date":"6 abril, 2023","format":false,"excerpt":"Hab\u00eda cometido un delito en febrero y pesaba sobre el un pedido de detenci\u00f3n. 6 de abril de 2023 CHASCOM\u00daS -\u00a0\u00a0Aproximadamente a las 18 horas, la polic\u00eda logr\u00f3 detener a un individuo que se encontraba en calidad de pr\u00f3fugo y con pedido de detenci\u00f3n por un hecho caratulado como ROBO\u2026","rel":"","context":"En \u00abINTERES GENERAL\u00bb","block_context":{"text":"INTERES GENERAL","link":"https:\/\/larevistadigital.com.ar\/blog\/category\/interes-general\/"},"img":{"alt_text":"","src":"https:\/\/i0.wp.com\/larevistadigital.com.ar\/blog\/wp-content\/uploads\/WhatsApp-Image-2023-04-06-at-18.23.32-e1680818315129.jpeg?fit=818%2C656&ssl=1&resize=350%2C200","width":350,"height":200,"srcset":"https:\/\/i0.wp.com\/larevistadigital.com.ar\/blog\/wp-content\/uploads\/WhatsApp-Image-2023-04-06-at-18.23.32-e1680818315129.jpeg?fit=818%2C656&ssl=1&resize=350%2C200 1x, https:\/\/i0.wp.com\/larevistadigital.com.ar\/blog\/wp-content\/uploads\/WhatsApp-Image-2023-04-06-at-18.23.32-e1680818315129.jpeg?fit=818%2C656&ssl=1&resize=525%2C300 1.5x, https:\/\/i0.wp.com\/larevistadigital.com.ar\/blog\/wp-content\/uploads\/WhatsApp-Image-2023-04-06-at-18.23.32-e1680818315129.jpeg?fit=818%2C656&ssl=1&resize=700%2C400 2x"},"classes":[]},{"id":34475,"url":"https:\/\/larevistadigital.com.ar\/blog\/chascomus-dos-detenidos-por-robo-agravado-de-vehiculo\/","url_meta":{"origin":30784,"position":3},"title":"CHASCOM\u00daS: DOS DETENIDOS POR ROBO AGRAVADO DE VEH\u00cdCULO","author":"Alejandro Sosa Ruda","date":"9 noviembre, 2023","format":false,"excerpt":"Se trata de dos sujetos con frondosos antecedentes y ambos fueron excarcelados hace poco tiempo. 9 de Noviembre de 2023 CHASCOM\u00daS -\u00a0 Durante la tarde de ayer personal de la Polic\u00eda Comunal Chascomus 1ra., finaliz\u00f3 una investigaci\u00f3n que ven\u00eda desarrollando. En la misma se logro demostrar que dos personas se\u2026","rel":"","context":"En \u00abDESTACADAS\u00bb","block_context":{"text":"DESTACADAS","link":"https:\/\/larevistadigital.com.ar\/blog\/category\/destacadas\/"},"img":{"alt_text":"","src":"https:\/\/i0.wp.com\/larevistadigital.com.ar\/blog\/wp-content\/uploads\/WhatsApp-Image-2023-11-09-at-11.15.56-1.jpeg?fit=901%2C1200&ssl=1&resize=350%2C200","width":350,"height":200,"srcset":"https:\/\/i0.wp.com\/larevistadigital.com.ar\/blog\/wp-content\/uploads\/WhatsApp-Image-2023-11-09-at-11.15.56-1.jpeg?fit=901%2C1200&ssl=1&resize=350%2C200 1x, https:\/\/i0.wp.com\/larevistadigital.com.ar\/blog\/wp-content\/uploads\/WhatsApp-Image-2023-11-09-at-11.15.56-1.jpeg?fit=901%2C1200&ssl=1&resize=525%2C300 1.5x, https:\/\/i0.wp.com\/larevistadigital.com.ar\/blog\/wp-content\/uploads\/WhatsApp-Image-2023-11-09-at-11.15.56-1.jpeg?fit=901%2C1200&ssl=1&resize=700%2C400 2x"},"classes":[]},{"id":30709,"url":"https:\/\/larevistadigital.com.ar\/blog\/chascomus-encontraron-a-un-menor-que-se-habia-ausentado-de-su-hogar-y-continua-la-busqueda-del-joven-de-25-anos\/","url_meta":{"origin":30784,"position":4},"title":"CHASCOM\u00daS: ENCONTRARON A UN MENOR QUE SE HAB\u00cdA AUSENTADO DE SU HOGAR Y CONTIN\u00daA LA B\u00daSQUEDA DEL JOVEN DE 25 A\u00d1OS","author":"Alejandro Sosa Ruda","date":"24 marzo, 2023","format":false,"excerpt":"La polic\u00eda estaba abocada a la b\u00fasqueda de dos personas, un menor y un mayor de edad. Afortunadamente el menor fue encontrado. Contin\u00faa la b\u00fasqueda de Jorge Rosales, de 25 a\u00f1os de edad. 24 de marzo de 2023 CHASCOM\u00daS -\u00a0 La\u00a0tarde de ayer, fue encontrado un menor de 16 a\u00f1os,\u2026","rel":"","context":"En \u00abDESTACADAS\u00bb","block_context":{"text":"DESTACADAS","link":"https:\/\/larevistadigital.com.ar\/blog\/category\/destacadas\/"},"img":{"alt_text":"","src":"https:\/\/i0.wp.com\/larevistadigital.com.ar\/blog\/wp-content\/uploads\/2019\/01\/bbx_755050019_comisaria_chasco_01.jpg?fit=800%2C579&ssl=1&resize=350%2C200","width":350,"height":200,"srcset":"https:\/\/i0.wp.com\/larevistadigital.com.ar\/blog\/wp-content\/uploads\/2019\/01\/bbx_755050019_comisaria_chasco_01.jpg?fit=800%2C579&ssl=1&resize=350%2C200 1x, https:\/\/i0.wp.com\/larevistadigital.com.ar\/blog\/wp-content\/uploads\/2019\/01\/bbx_755050019_comisaria_chasco_01.jpg?fit=800%2C579&ssl=1&resize=525%2C300 1.5x, https:\/\/i0.wp.com\/larevistadigital.com.ar\/blog\/wp-content\/uploads\/2019\/01\/bbx_755050019_comisaria_chasco_01.jpg?fit=800%2C579&ssl=1&resize=700%2C400 2x"},"classes":[]},{"id":32233,"url":"https:\/\/larevistadigital.com.ar\/blog\/chascomus-aprehendieron-a-una-persona-por-incumplimiento-de-cautelar\/","url_meta":{"origin":30784,"position":5},"title":"CHASCOM\u00daS: APREHENDIERON A UNA PERSONA POR \u00abINCUMPLIMIENTO DE CAUTELAR\u00bb","author":"Alejandro Sosa Ruda","date":"3 julio, 2023","format":false,"excerpt":"Sucedi\u00f3 por la madrugada, y el aprehendido hab\u00eda sido liberado hace poco. 3 de julio de 2023 CHASCOM\u00daS -\u00a0 En la noche del s\u00e1bado, un sujeto mayor de edad, fue aprehendido por la polic\u00eda comunal con motivo de estar incumpliendo una medida cautelar vigente. Esto sucedi\u00f3 en el Barrio El\u2026","rel":"","context":"En \u00abCHASCOM\u00daS\u00bb","block_context":{"text":"CHASCOM\u00daS","link":"https:\/\/larevistadigital.com.ar\/blog\/category\/chascomus\/"},"img":{"alt_text":"","src":"https:\/\/i0.wp.com\/larevistadigital.com.ar\/blog\/wp-content\/uploads\/POLICIA-4.jpg?fit=880%2C512&ssl=1&resize=350%2C200","width":350,"height":200,"srcset":"https:\/\/i0.wp.com\/larevistadigital.com.ar\/blog\/wp-content\/uploads\/POLICIA-4.jpg?fit=880%2C512&ssl=1&resize=350%2C200 1x, https:\/\/i0.wp.com\/larevistadigital.com.ar\/blog\/wp-content\/uploads\/POLICIA-4.jpg?fit=880%2C512&ssl=1&resize=525%2C300 1.5x, https:\/\/i0.wp.com\/larevistadigital.com.ar\/blog\/wp-content\/uploads\/POLICIA-4.jpg?fit=880%2C512&ssl=1&resize=700%2C400 2x"},"classes":[]}],"_links":{"self":[{"href":"https:\/\/larevistadigital.com.ar\/blog\/wp-json\/wp\/v2\/posts\/30784","targetHints":{"allow":["GET"]}}],"collection":[{"href":"https:\/\/larevistadigital.com.ar\/blog\/wp-json\/wp\/v2\/posts"}],"about":[{"href":"https:\/\/larevistadigital.com.ar\/blog\/wp-json\/wp\/v2\/types\/post"}],"author":[{"embeddable":true,"href":"https:\/\/larevistadigital.com.ar\/blog\/wp-json\/wp\/v2\/users\/3"}],"replies":[{"embeddable":true,"href":"https:\/\/larevistadigital.com.ar\/blog\/wp-json\/wp\/v2\/comments?post=30784"}],"version-history":[{"count":3,"href":"https:\/\/larevistadigital.com.ar\/blog\/wp-json\/wp\/v2\/posts\/30784\/revisions"}],"predecessor-version":[{"id":30789,"href":"https:\/\/larevistadigital.com.ar\/blog\/wp-json\/wp\/v2\/posts\/30784\/revisions\/30789"}],"wp:featuredmedia":[{"embeddable":true,"href":"https:\/\/larevistadigital.com.ar\/blog\/wp-json\/wp\/v2\/media\/30786"}],"wp:attachment":[{"href":"https:\/\/larevistadigital.com.ar\/blog\/wp-json\/wp\/v2\/media?parent=30784"}],"wp:term":[{"taxonomy":"category","embeddable":true,"href":"https:\/\/larevistadigital.com.ar\/blog\/wp-json\/wp\/v2\/categories?post=30784"},{"taxonomy":"post_tag","embeddable":true,"href":"https:\/\/larevistadigital.com.ar\/blog\/wp-json\/wp\/v2\/tags?post=30784"}],"curies":[{"name":"wp","href":"https:\/\/api.w.org\/{rel}","templated":true}]}}