{"id":30882,"date":"2023-04-04T12:35:57","date_gmt":"2023-04-04T12:35:57","guid":{"rendered":"https:\/\/larevistadigital.com.ar\/blog\/?p=30882"},"modified":"2023-04-04T12:35:57","modified_gmt":"2023-04-04T12:35:57","slug":"esto-paso-un-dia-como-hoy-4-de-abril","status":"publish","type":"post","link":"https:\/\/larevistadigital.com.ar\/blog\/esto-paso-un-dia-como-hoy-4-de-abril\/","title":{"rendered":"ESTO PAS\u00d3 UN D\u00cdA COMO HOY, 4 DE ABRIL &#8230;"},"content":{"rendered":"<p class=\"paragraph\" data-mrf-recirculation=\"Links inline\">Para que no olvides los acontecimientos m\u00e1s importantes que est\u00e1n por conmemorarse, ac\u00e1 te presentamos\u00a0<b>las efem\u00e9rides m\u00e1s relevantes de este 4 de abril<\/b>.<\/p>\n<p class=\"paragraph\" data-mrf-recirculation=\"Links inline\"><b>1460<\/b>: En Basilea (norte de Suiza) el papa P\u00edo II funda la Universidad de Basilea.<\/p>\n<p class=\"paragraph\" data-mrf-recirculation=\"Links inline\"><b>1507<\/b>: En Alemania, Mart\u00edn Lutero es ordenado sacerdote.<\/p>\n<p class=\"paragraph\" data-mrf-recirculation=\"Links inline\"><b>1541<\/b>: En Espa\u00f1a, san Ignacio de Loyola es elegido primer general de los jesuitas.<\/p>\n<p class=\"paragraph\" data-mrf-recirculation=\"Links inline\"><b>1566<\/b>: En Espa\u00f1a, el rey Felipe\u00a0II concede a la aldea de Garciaz el t\u00edtulo de \u00abMuy Ilustre Villa\u00bb.<\/p>\n<p class=\"paragraph\" data-mrf-recirculation=\"Links inline\"><b>1581<\/b>: Sir Francis Drake completa su circunvalaci\u00f3n de la Tierra. Es el primer brit\u00e1nico en conseguirlo, 60 a\u00f1os despu\u00e9s de Juan Sebasti\u00e1n Elcano.<\/p>\n<p class=\"paragraph\" data-mrf-recirculation=\"Links inline\"><b>1609<\/b>: En Espa\u00f1a, el rey Felipe\u00a0III firma el decreto de expulsi\u00f3n de los moriscos.<\/p>\n<p class=\"paragraph\" data-mrf-recirculation=\"Links inline\"><b>1660<\/b>: El rey Carlos II de Inglaterra firma la Declaraci\u00f3n de Breda.<\/p>\n<p class=\"paragraph\" data-mrf-recirculation=\"Links inline\"><b>1814<\/b>: Napole\u00f3n I abdica por primera vez.<\/p>\n<p class=\"paragraph\" data-mrf-recirculation=\"Links inline\"><b>1823<\/b>: En la provincia de Buenos Aires (Argentina), el brigadier Mart\u00edn Rodr\u00edguez, funda la ciudad de Tandil.<\/p>\n<p class=\"paragraph\" data-mrf-recirculation=\"Links inline\"><b>1847<\/b>: En Barcelona (Espa\u00f1a) se inaugura el Gran Teatro del Liceo.<\/p>\n<p class=\"paragraph\" data-mrf-recirculation=\"Links inline\"><b>1849<\/b>: Austria incorpora Hungr\u00eda a su imperio, lo que dar\u00eda lugar en 1867 al Imperio austroh\u00fangaro.<\/p>\n<p class=\"paragraph\" data-mrf-recirculation=\"Links inline\"><b>1854<\/b>: En Viena (Austria), el emperador Francisco Jos\u00e9 I de Austria se casa con Sissi.<\/p>\n<p class=\"paragraph\" data-mrf-recirculation=\"Links inline\"><b>1866<\/b>: Alejandro II de Rusia escapa de un intento de asesinato en Kiev a manos de Dmitry Karakozov.<\/p>\n<p class=\"paragraph\" data-mrf-recirculation=\"Links inline\"><b>1883<\/b>: En Madrid (Espa\u00f1a), comienza la construcci\u00f3n de la Catedral de la Almudena.<\/p>\n<p class=\"paragraph\" data-mrf-recirculation=\"Links inline\"><b>1893<\/b>: En Francia nace la Grande Loge Symbolique Ecossaise \u00abLe Droit Humain\u00bb.<\/p>\n<p class=\"paragraph\" data-mrf-recirculation=\"Links inline\"><b>1905<\/b>: En la India, un terremoto mata a 20\u00a0000 personas en las ciudades de Kangra, Mcleodganj y Dharamsala.<\/p>\n<p class=\"paragraph\" data-mrf-recirculation=\"Links inline\"><b>1909<\/b>: En Brasil se funda el equipo de f\u00fatbol profesional Sport Club Internacional<\/p>\n<p class=\"paragraph\" data-mrf-recirculation=\"Links inline\"><b>1910<\/b>: En Madrid comienza las obras de la Gran V\u00eda.<\/p>\n<p class=\"paragraph\" data-mrf-recirculation=\"Links inline\"><b>1917<\/b>: En Rusia (Petrogrado) Lenin expone sus Tesis de Abril.<\/p>\n<p class=\"paragraph\" data-mrf-recirculation=\"Links inline\"><b>1920<\/b>: En Jerusal\u00e9n, grupos armados de palestinos, incitados a la violencia por los l\u00edderes nacionalistas \u00e1rabes, atacan durante tres\u00a0d\u00edas a la poblaci\u00f3n inmigrante jud\u00eda (pogromo de Jerusal\u00e9n). Mueren 12\u00a0civiles y son heridos\u00a0250. Debido a la tard\u00eda respuesta de contenci\u00f3n de la autoridad militar brit\u00e1nica, los jud\u00edos deciden crear su propia fuerza de defensa: la Hagan\u00e1.<\/p>\n<p class=\"paragraph\" data-mrf-recirculation=\"Links inline\"><b>1925<\/b>: Se funda las Schutzstaffel, organizaci\u00f3n militar, policial, pol\u00edtica, penitenciaria y de seguridad al servicio de Adolf Hitler y del Partido Nacionalsocialista Obrero Alem\u00e1n en la Alemania nazi y despu\u00e9s por toda la Europa ocupada por los alemanes durante la Segunda Guerra Mundial.<\/p>\n<p class=\"paragraph\" data-mrf-recirculation=\"Links inline\"><b>1926<\/b>: Tras atravesar el Atl\u00e1ntico sur, regresan triunfantes los tripulantes espa\u00f1oles del hidroavi\u00f3n Plus Ultra.<\/p>\n<p class=\"paragraph\" data-mrf-recirculation=\"Links inline\"><b>1930<\/b>: Se funda el Partido Comunista de Panam\u00e1.<\/p>\n<p class=\"paragraph\" data-mrf-recirculation=\"Links inline\"><b>1939<\/b>: En Irak, Faisal II es coronado rey.<\/p>\n<p class=\"paragraph\" data-mrf-recirculation=\"Links inline\"><b>1944<\/b>: En la Segunda Guerra Mundial el primer bombardeo de Bucarest por las fuerzas angloestadounidenses mata a 3000\u00a0civiles.<\/p>\n<p class=\"paragraph\" data-mrf-recirculation=\"Links inline\"><b>1945<\/b>: En Alemania \u2015en el marco de la Segunda Guerra Mundial\u2015, fuerzas estadounidenses liberan el campo de concentraci\u00f3n de Ohrdruf.<\/p>\n<p class=\"paragraph\" data-mrf-recirculation=\"Links inline\"><b>1945<\/b>: En la Segunda Guerra Mundial, las tropas estadounidenses capturan Kassel.<\/p>\n<p class=\"paragraph\" data-mrf-recirculation=\"Links inline\"><b>1949<\/b>: En Washington, doce pa\u00edses firman el Tratado del Atl\u00e1ntico Norte, creando as\u00ed la OTAN.<\/p>\n<p class=\"paragraph\" data-mrf-recirculation=\"Links inline\"><b>1954<\/b>: En Nicaragua, fracasa una rebeli\u00f3n de exmiembros de la Guardia Nacional y civiles contra la dictadura del general Anastasio Somoza Garc\u00eda, al quererlo emboscar en la Carretera Sur. El plan fracas\u00f3 por la traici\u00f3n de uno de los miembros del grupo dando paso a capturas, torturas y asesinatos de los complotados.<\/p>\n<p class=\"paragraph\" data-mrf-recirculation=\"Links inline\"><b>1958<\/b>: En Londres, una manifestaci\u00f3n de 10\u00a0000 personas contra la bomba at\u00f3mica crea el movimiento pacifista y se exhibe por primera vez el s\u00edmbolo de la paz.<\/p>\n<p class=\"paragraph\" data-mrf-recirculation=\"Links inline\"><b>1961<\/b>: En Cuba se funda la OPJM (Organizaci\u00f3n de Pioneros Jos\u00e9 Mart\u00ed).<\/p>\n<p class=\"paragraph\" data-mrf-recirculation=\"Links inline\"><b>1962<\/b>: En Cuba se funda la UJC (Uni\u00f3n de J\u00f3venes Comunistas).<\/p>\n<p class=\"paragraph\" data-mrf-recirculation=\"Links inline\"><b>1963<\/b>: En Buenos Aires (Argentina), el Comando en Jefe del Ej\u00e9rcito emite el comunicado\u00a0n.\u00ba\u00a0179: \u00abEl retorno de Per\u00f3n es imposible\u00bb.<\/p>\n<p class=\"paragraph\" data-mrf-recirculation=\"Links inline\"><b>1968<\/b>: En Memphis (EE.\u00a0UU.) es asesinado Martin Luther King, pastor bautista que luch\u00f3 contra la segregaci\u00f3n racial.<\/p>\n<p class=\"paragraph\" data-mrf-recirculation=\"Links inline\"><b>1968<\/b>: La NASA lanza el Apolo 6, sexto vuelo de prueba del programa Apolo.<\/p>\n<p class=\"paragraph\" data-mrf-recirculation=\"Links inline\"><b>1969<\/b>: En la cl\u00ednica San Lucas, de Houston (Texas), se realiza el primer implante de un coraz\u00f3n artificial.<\/p>\n<p class=\"paragraph\" data-mrf-recirculation=\"Links inline\"><b>1970<\/b>: The Beatles se separan.<\/p>\n<p class=\"paragraph\" data-mrf-recirculation=\"Links inline\"><b>1973<\/b>: Se inaugura el complejo World Trade Center.<\/p>\n<p class=\"paragraph\" data-mrf-recirculation=\"Links inline\"><b>1973<\/b>: Elvis Presley protagoniz\u00f3 el primer concierto teletransmitido de \u00e1mbito mundial v\u00eda sat\u00e9lite Aloha from Hawaii, visto aproximadamente por 1500 millones de personas, dentro del repertorio musical enton\u00f3 la canci\u00f3n My Way de Frank Sinatra.<\/p>\n<p class=\"paragraph\" data-mrf-recirculation=\"Links inline\"><b>1975<\/b>: En California (Estados Unidos) Bill Gates y Paul Allen fundan la empresa de software Microsoft.<\/p>\n<p class=\"paragraph\" data-mrf-recirculation=\"Links inline\"><b>1976<\/b>: El pr\u00edncipe Norodom Sihanouk renuncia al reinado de Camboya y es arrestado en su domicilio.<\/p>\n<p class=\"paragraph\" data-mrf-recirculation=\"Links inline\"><b>1979<\/b>: El expresidente y ex primer ministro de Pakist\u00e1n Zulfikar Ali Bhutto es ejecutado.<\/p>\n<p class=\"paragraph\" data-mrf-recirculation=\"Links inline\"><b>1981<\/b>: En Dubl\u00edn el grupo Bucks Fizz gana por el Reino Unido la XXVI Edici\u00f3n de Eurovisi\u00f3n con la canci\u00f3n Making your mind up.<\/p>\n<p class=\"paragraph\" data-mrf-recirculation=\"Links inline\"><b>1983<\/b>: En Cabo Ca\u00f1averal, Texas, despega el vuelo inaugural del transbordador Challenger<\/p>\n<p class=\"paragraph\" data-mrf-recirculation=\"Links inline\"><b>1997<\/b>: 21 pa\u00edses del Consejo de Europa suscriben el convenio sobre Derechos Humanos y Biomedicina, que incluye la prohibici\u00f3n de clonar seres humanos.<\/p>\n<p class=\"paragraph\" data-mrf-recirculation=\"Links inline\"><b>1998<\/b>: Es inaugurado en Portugal el puente Vasco de Gama el puente m\u00e1s largo de Europa.<\/p>\n<p class=\"paragraph\" data-mrf-recirculation=\"Links inline\"><b>2002<\/b>: El gobierno de Angola y la Uni\u00f3n Nacional para la Independencia Total de Angola (UNITA) firman la paz en Angola.<\/p>\n<p class=\"paragraph\" data-mrf-recirculation=\"Links inline\"><b>2007<\/b>: En Argentina, un polic\u00eda de la provincia del Neuqu\u00e9n dispara por la espalda a quemarropa al maestro, activista sindical y militante socialista Carlos Fuentealba, que fallecer\u00e1 al d\u00eda siguiente.<\/p>\n<p class=\"paragraph\" data-mrf-recirculation=\"Links inline\"><b>2009<\/b>: Corea del Norte lanza un cohete de largo alcance, lo que genera una serie de reacciones a lo largo del globo terr\u00e1queo.<\/p>\n<p class=\"paragraph\" data-mrf-recirculation=\"Links inline\"><b>2012<\/b>: Una tormenta severa arrasa con Buenos Aires y sus alrededores, causando grandes p\u00e9rdidas millonarias y humanas.<\/p>\n<p class=\"paragraph\" data-mrf-recirculation=\"Links inline\"><b>2014<\/b>: En M\u00e9xico, la empresa Mexicana de Aviaci\u00f3n es declarada en quiebra.<\/p>\n<p class=\"paragraph\" data-mrf-recirculation=\"Links inline\"><b>2021<\/b>: En El Cairo abre oficialmente al p\u00fablico el Museo Nacional de la Civilizaci\u00f3n Egipcia tras la llegada de las momias de los faraones al recinto.<\/p>\n<h2 class=\"header\"><span style=\"color: #ff0000\">Cumplea\u00f1os<\/span><\/h2>\n<p class=\"paragraph\" data-mrf-recirculation=\"Links inline\"><b>188<\/b>: Caracalla, emperador romano (f. 217).<\/p>\n<p class=\"paragraph\" data-mrf-recirculation=\"Links inline\"><b>1395<\/b>: Jorge de Trebisonda, fil\u00f3sofo y humanista bizantino (f. 1486).<\/p>\n<p class=\"paragraph\" data-mrf-recirculation=\"Links inline\"><b>1436<\/b>: Amalia de Sajonia, arist\u00f3crata alemana (f. 1501).<\/p>\n<p class=\"paragraph\" data-mrf-recirculation=\"Links inline\"><b>1479<\/b>: V\u00e1laba Acharia, religioso hinduista indio (f. 1531).<\/p>\n<p class=\"paragraph\" data-mrf-recirculation=\"Links inline\"><b>1508<\/b>: H\u00e9rcules II de Este, arist\u00f3crata italiano (f. 1559).<\/p>\n<p class=\"paragraph\" data-mrf-recirculation=\"Links inline\"><b>1588<\/b>: Padovanino, pintor italiano (f. 1649).<\/p>\n<p class=\"paragraph\" data-mrf-recirculation=\"Links inline\"><b>1614<\/b>: Enrique II de Guisa, arist\u00f3crata franc\u00e9s (f. 1664).<\/p>\n<p class=\"paragraph\" data-mrf-recirculation=\"Links inline\"><b>1640<\/b>: Gaspar Sanz, compositor y guitarrista espa\u00f1ol (f. 1710).<\/p>\n<p class=\"paragraph\" data-mrf-recirculation=\"Links inline\"><b>1646<\/b>: Antoine Galland, arque\u00f3logo franc\u00e9s (f. 1715).<\/p>\n<p class=\"paragraph\" data-mrf-recirculation=\"Links inline\"><b>1648<\/b>: Grinling Gibbons, ebanista neerland\u00e9s (f. 1721).<\/p>\n<p class=\"paragraph\" data-mrf-recirculation=\"Links inline\"><b>1661<\/b>: Luis Armando I de Borb\u00f3n-Conti, arist\u00f3crata italiano (f. 1685).<\/p>\n<p class=\"paragraph\" data-mrf-recirculation=\"Links inline\"><b>1688<\/b>: Joseph-Nicolas Delisle, astr\u00f3nomo y ge\u00f3grafo franc\u00e9s (f. 1768).<\/p>\n<p class=\"paragraph\" data-mrf-recirculation=\"Links inline\"><b>1734<\/b>: Barth\u00e9lemy Mercier de Saint-L\u00e9ger, bibli\u00f3grafo franc\u00e9s (f. 1799).<\/p>\n<p class=\"paragraph\" data-mrf-recirculation=\"Links inline\"><b>1752<\/b>: Nicola Antonio Zingarelli, compositor italiano (f. 1837).<\/p>\n<p class=\"paragraph\" data-mrf-recirculation=\"Links inline\"><b>1758<\/b>: Pierre Paul Prud&#8217;hon, pintor franc\u00e9s (f. 1823).<\/p>\n<p class=\"paragraph\" data-mrf-recirculation=\"Links inline\"><b>1763<\/b>: Jos\u00e9 Mar\u00eda Magall\u00f3n y Armend\u00e1riz, arist\u00f3crata, cortesano y diplom\u00e1tico espa\u00f1ol (f. 1845).<\/p>\n<p class=\"paragraph\" data-mrf-recirculation=\"Links inline\"><b>1772<\/b>: Najman de Breslav, te\u00f3logo ucraniano (f. 1810).<\/p>\n<p class=\"paragraph\" data-mrf-recirculation=\"Links inline\"><b>1785<\/b>: Bettina von Arnim, escritora alemana (f. 1859).<\/p>\n<p class=\"paragraph\" data-mrf-recirculation=\"Links inline\"><b>1794<\/b>: Sabino Berthelot, naturalista franc\u00e9s (f. 1880).<\/p>\n<p class=\"paragraph\" data-mrf-recirculation=\"Links inline\"><b>1805<\/b>: Prosper Gu\u00e9ranger, sacerdote franc\u00e9s (f. 1875).<\/p>\n<p class=\"paragraph\" data-mrf-recirculation=\"Links inline\"><b>1818<\/b>: Thomas Mayne Reid, novelista irland\u00e9s (f. 1883).<\/p>\n<p class=\"paragraph\" data-mrf-recirculation=\"Links inline\"><b>1819<\/b>: Mar\u00eda\u00a0II, reina portuguesa (f. 1853).<\/p>\n<p class=\"paragraph\" data-mrf-recirculation=\"Links inline\"><b>1823<\/b>: Carl Wilhelm Siemens, ingeniero alem\u00e1n (f. 1883).<\/p>\n<p class=\"paragraph\" data-mrf-recirculation=\"Links inline\"><b>1826<\/b>: Z\u00e9nobe Gramme, ingeniero belga (f. 1901).<\/p>\n<p class=\"paragraph\" data-mrf-recirculation=\"Links inline\"><b>1829<\/b>: Inoue Genzabur\u014d, capit\u00e1n japon\u00e9s (f. 1868).<\/p>\n<p class=\"paragraph\" data-mrf-recirculation=\"Links inline\"><b>1834<\/b>: Elena de Baviera, arist\u00f3crata alemana (f. 1890).<\/p>\n<p class=\"paragraph\" data-mrf-recirculation=\"Links inline\"><b>1835<\/b>: John Hughlings Jackson, neur\u00f3logo brit\u00e1nico (f. 1911).<\/p>\n<p class=\"paragraph\" data-mrf-recirculation=\"Links inline\"><b>1842<\/b>: Fran\u00e7ois \u00c9duard Anatole Lucas, matem\u00e1tico franc\u00e9s (f. 1891).<\/p>\n<p class=\"paragraph\" data-mrf-recirculation=\"Links inline\"><b>1843<\/b>: William Henry Jackson, fot\u00f3grafo estadounidense (f. 1942).<\/p>\n<p class=\"paragraph\" data-mrf-recirculation=\"Links inline\"><b>1846<\/b>: Lautreamont (Isidore Ducasse), poeta francouruguayo (f. 1870).<\/p>\n<p class=\"paragraph\" data-mrf-recirculation=\"Links inline\"><b>1852<\/b>: Elkan Bauer, compositor austr\u00edaco (f. 1942).<\/p>\n<p class=\"paragraph\" data-mrf-recirculation=\"Links inline\"><b>1858<\/b>: Remy de Gourmont, novelista, periodista y cr\u00edtico de arte franc\u00e9s (f. 1915).<\/p>\n<p class=\"paragraph\" data-mrf-recirculation=\"Links inline\"><b>1862<\/b>: L\u00e9on Marie Dufour, bot\u00e1nico franc\u00e9s (f. 1942).<\/p>\n<p class=\"paragraph\" data-mrf-recirculation=\"Links inline\"><b>1868<\/b>: Felipe Calder\u00f3n y Roca, abogado, pol\u00edtico e intelectual filipino de lengua espa\u00f1ola (f. 1908).<\/p>\n<p class=\"paragraph\" data-mrf-recirculation=\"Links inline\"><b>1873<\/b>: Frida Uhl, escritora austr\u00edaca (f. 1943).<\/p>\n<p class=\"paragraph\" data-mrf-recirculation=\"Links inline\"><b>1875<\/b>: Pierre Monteux, director de orquesta y m\u00fasico franc\u00e9s (f. 1964).<\/p>\n<p class=\"paragraph\" data-mrf-recirculation=\"Links inline\"><b>1876<\/b>: Maurice de Vlaminck, pintor franc\u00e9s (f. 1958).<\/p>\n<p class=\"paragraph\" data-mrf-recirculation=\"Links inline\"><b>1881<\/b>: Amalia Guglielminetti, poeta italiana (f. 1941).<\/p>\n<p class=\"paragraph\" data-mrf-recirculation=\"Links inline\"><b>1882<\/b>: Kurt von Schleicher, canciller alem\u00e1n (f. 1934).<\/p>\n<p class=\"paragraph\" data-mrf-recirculation=\"Links inline\"><b>1884<\/b>: Santiago Alberione, sacerdote italiano (f. 1971).<\/p>\n<p class=\"paragraph\" data-mrf-recirculation=\"Links inline\"><b>1884<\/b>: Isoroku Yamamoto, almirante japon\u00e9s (f. 1943).<\/p>\n<p class=\"paragraph\" data-mrf-recirculation=\"Links inline\"><b>1888<\/b>: Tris Speaker, beisbolista estadounidense (f. 1958).<\/p>\n<p class=\"paragraph\" data-mrf-recirculation=\"Links inline\"><b>1892<\/b>: Italo Mus, pintor italiano (f. 1967).<\/p>\n<p class=\"paragraph\" data-mrf-recirculation=\"Links inline\"><b>1892<\/b>: Ernesto Pastor, torero puertorrique\u00f1o (f. 1921).<\/p>\n<p class=\"paragraph\" data-mrf-recirculation=\"Links inline\"><b>1892<\/b>: Karl Wilhelm Reinmuth, astr\u00f3nomo alem\u00e1n (f. 1979).<\/p>\n<p class=\"paragraph\" data-mrf-recirculation=\"Links inline\"><b>1892<\/b>: Edith S\u00f6dergran, poeta fino-sueca (f. 1923).<\/p>\n<p class=\"paragraph\" data-mrf-recirculation=\"Links inline\"><b>1896<\/b>: Robert Emmet Sherwood, dramaturgo estadounidense (f. 1955).<\/p>\n<p class=\"paragraph\" data-mrf-recirculation=\"Links inline\"><b>1897<\/b>: Pierre Fresnay, actor franc\u00e9s (f. 1975).<\/p>\n<p class=\"paragraph\" data-mrf-recirculation=\"Links inline\"><b>1902<\/b>: Stanley G. Weinbaum, escritor estadounidense (f. 1935).<\/p>\n<p class=\"paragraph\" data-mrf-recirculation=\"Links inline\"><b>1902<\/b>: Manuel Granero, torero espa\u00f1ol (f. 1922).<\/p>\n<p class=\"paragraph\" data-mrf-recirculation=\"Links inline\"><b>1905<\/b>: Eugene Bozza, compositor franc\u00e9s (f. 1991).<\/p>\n<p class=\"paragraph\" data-mrf-recirculation=\"Links inline\"><b>1906<\/b>: Bea Benaderet, actriz estadounidense (f. 1968).<\/p>\n<p class=\"paragraph\" data-mrf-recirculation=\"Links inline\"><b>1908<\/b>: Ernestine Gilbreth Carey, escritora estadounidense (f. 2006).<\/p>\n<p class=\"paragraph\" data-mrf-recirculation=\"Links inline\"><b>1908<\/b>: Antony Tudor, bailar\u00edn estadounidense de origen brit\u00e1nico (f. 1987).<\/p>\n<p class=\"paragraph\" data-mrf-recirculation=\"Links inline\"><b>1909<\/b>: Leone Ginzburg, escritor italiano (f. 1944).<\/p>\n<p class=\"paragraph\" data-mrf-recirculation=\"Links inline\"><b>1911<\/b>: Max Dupain, fot\u00f3grafo australiano (f. 1992).<\/p>\n<p class=\"paragraph\" data-mrf-recirculation=\"Links inline\"><b>1913<\/b>: Santiago Ant\u00fanez de Mayolo Rynning, pol\u00edtico, abogado, historiador profesor e investigador cient\u00edfico peruano (f. 2012).<\/p>\n<p class=\"paragraph\" data-mrf-recirculation=\"Links inline\"><b>1913<\/b>: Muddy Waters, m\u00fasico estadounidense (f. 1983).<\/p>\n<p class=\"paragraph\" data-mrf-recirculation=\"Links inline\"><b>1914<\/b>: Marguerite Duras, novelista, cineasta, guionista de cine y escritora francesa (f. 1996).<\/p>\n<p class=\"paragraph\" data-mrf-recirculation=\"Links inline\"><b>1915<\/b>: Louis Archambault, escultor canadiense (f. 2003).<\/p>\n<p class=\"paragraph\" data-mrf-recirculation=\"Links inline\"><b>1916<\/b>: Ernesto Ayala, empresario y dirigente gremial chileno (f. 2007).<\/p>\n<p class=\"paragraph\" data-mrf-recirculation=\"Links inline\"><b>1916<\/b>: Nikola Ljubi\u010di\u0107, general yugoslavo (f. 2005).<\/p>\n<p class=\"paragraph\" data-mrf-recirculation=\"Links inline\"><b>1916<\/b>: David White, actor estadounidense (f. 1990).<\/p>\n<p class=\"paragraph\" data-mrf-recirculation=\"Links inline\"><b>1917<\/b>: Ricardo Obreg\u00f3n Cano, pol\u00edtico peronista argentino (f. 2016).<\/p>\n<p class=\"paragraph\" data-mrf-recirculation=\"Links inline\"><b>1920<\/b>: Zenobio Dagha Sapaico, compositor y violinista peruano (f. 2008).<\/p>\n<p class=\"paragraph\" data-mrf-recirculation=\"Links inline\"><b>1920<\/b>: \u00c9ric Rohmer, cineasta franc\u00e9s (f. 2010).<\/p>\n<p class=\"paragraph\" data-mrf-recirculation=\"Links inline\"><b>1922<\/b>: Elmer Bernstein, compositor estadounidense (f. 2004).<\/p>\n<p class=\"paragraph\" data-mrf-recirculation=\"Links inline\"><b>1922<\/b>: Ismael S\u00e1nchez Bella, catedr\u00e1tico em\u00e9rito espa\u00f1ol de Historia del Derecho (f. 2018).<\/p>\n<p class=\"paragraph\" data-mrf-recirculation=\"Links inline\"><b>1925<\/b>: Manuel Barbachano Ponce, cineasta mexicano (f. 1994).<\/p>\n<p class=\"paragraph\" data-mrf-recirculation=\"Links inline\"><b>1928<\/b>: Maya Angelou, poetisa y actriz estadounidense (f. 2014).<\/p>\n<p class=\"paragraph\" data-mrf-recirculation=\"Links inline\"><b>1928<\/b>: Estelle Harris, actriz estadounidense (f. 2022).<\/p>\n<p class=\"paragraph\" data-mrf-recirculation=\"Links inline\"><b>1931<\/b>: Catherine Tizard, pol\u00edtica neozelandesa, gobernadora de Nueva Zelanda entre 1990 y 1996 (f. 2021).<\/p>\n<p class=\"paragraph\" data-mrf-recirculation=\"Links inline\"><b>1932<\/b>: Clive Davis, productor musical estadounidense.<\/p>\n<p class=\"paragraph\" data-mrf-recirculation=\"Links inline\"><b>1932<\/b>: Richard Lugar, pol\u00edtico estadounidense (f. 2019).<\/p>\n<p class=\"paragraph\" data-mrf-recirculation=\"Links inline\"><b>1932<\/b>: Anthony Perkins, actor estadounidense (f. 1992).<\/p>\n<p class=\"paragraph\" data-mrf-recirculation=\"Links inline\"><b>1932<\/b>: Andrei Tarkovsky, cineasta sovi\u00e9tico (f. 1986).<\/p>\n<p class=\"paragraph\" data-mrf-recirculation=\"Links inline\"><b>1933<\/b>: Waldo Belloso, m\u00e9dico, compositor, director de orquesta, pianista y arreglista argentino (f. 1985).<\/p>\n<p class=\"paragraph\" data-mrf-recirculation=\"Links inline\"><b>1935<\/b>: Gonzalo Torrente Malvido, escritor y guionista espa\u00f1ol (f. 2011).<\/p>\n<p class=\"paragraph\" data-mrf-recirculation=\"Links inline\"><b>1935<\/b>: Kenneth Mars, actor de cine, televisi\u00f3n y doblaje estadounidense. (f. 2011).<\/p>\n<p class=\"paragraph\" data-mrf-recirculation=\"Links inline\"><b>1939<\/b>: Hugh Masekela, m\u00fasico surafricano (f. 2018).<\/p>\n<p class=\"paragraph\" data-mrf-recirculation=\"Links inline\"><b>1942<\/b>: Jorge Al\u00ed Triana, actor, cineasta y guionista colombiano.<\/p>\n<p class=\"paragraph\" data-mrf-recirculation=\"Links inline\"><b>1943<\/b>: Judy Buenoano, asesina convicta estadounidense (f. 1998).<\/p>\n<p class=\"paragraph\" data-mrf-recirculation=\"Links inline\"><b>1944<\/b>: Craig T. Nelson, actor estadounidense.<\/p>\n<p class=\"paragraph\" data-mrf-recirculation=\"Links inline\"><b>1945<\/b>: Daniel Cohn-Bendit, pol\u00edtico alem\u00e1n de origen franc\u00e9s.<\/p>\n<p class=\"paragraph\" data-mrf-recirculation=\"Links inline\"><b>1945<\/b>: Katherine Neville, escritora estadounidense.<\/p>\n<p class=\"paragraph\" data-mrf-recirculation=\"Links inline\"><b>1945<\/b>: Jes\u00fas Posada, pol\u00edtico espa\u00f1ol.<\/p>\n<p class=\"paragraph\" data-mrf-recirculation=\"Links inline\"><b>1946<\/b>: Gy\u00f6rgy Spir\u00f3, escritor h\u00fangaro.<\/p>\n<p class=\"paragraph\" data-mrf-recirculation=\"Links inline\"><b>1947<\/b>: Yahara Mikio, karateca japon\u00e9s.<\/p>\n<p class=\"paragraph\" data-mrf-recirculation=\"Links inline\"><b>1947<\/b>: Salvatore Sciarrino, compositor italiano.<\/p>\n<p class=\"paragraph\" data-mrf-recirculation=\"Links inline\"><b>1948<\/b>: Berry Oakley, bajista estadounidense, de la banda The Allman Brothers Band (f. 1972).<\/p>\n<p class=\"paragraph\" data-mrf-recirculation=\"Links inline\"><b>1948<\/b>: Abdullah \u00d6calan, pol\u00edtico kurdo.<\/p>\n<p class=\"paragraph\" data-mrf-recirculation=\"Links inline\"><b>1948<\/b>: Dan Simmons, escritor estadounidense.<\/p>\n<p class=\"paragraph\" data-mrf-recirculation=\"Links inline\"><b>1948<\/b>: Pick Withers, bater\u00eda brit\u00e1nico, de la banda Dire Straits.<\/p>\n<p class=\"paragraph\" data-mrf-recirculation=\"Links inline\"><b>1949<\/b>: Junior Braithwaite, cantante jamaicano, de la banda The Wailers (f. 1999).<\/p>\n<p class=\"paragraph\" data-mrf-recirculation=\"Links inline\"><b>1949<\/b>: Shing-Tung Yau, matem\u00e1tico chino-estadounidense.<\/p>\n<p class=\"paragraph\" data-mrf-recirculation=\"Links inline\"><b>1950<\/b>: Christine Lahti, actriz estadounidense.<\/p>\n<p class=\"paragraph\" data-mrf-recirculation=\"Links inline\"><b>1951<\/b>: John Hannah, jugador estadounidense de f\u00fatbol americano.<\/p>\n<p class=\"paragraph\" data-mrf-recirculation=\"Links inline\"><b>1951<\/b>: Jorge Montoya Manrique, militar y pol\u00edtico peruano.<\/p>\n<p class=\"paragraph\" data-mrf-recirculation=\"Links inline\"><b>1951<\/b>: Hun Sen, pol\u00edtico y primer ministro camboyano.<\/p>\n<p class=\"paragraph\" data-mrf-recirculation=\"Links inline\"><b>1952<\/b>: Rosemarie Ackermann, atleta alemana.<\/p>\n<p class=\"paragraph\" data-mrf-recirculation=\"Links inline\"><b>1952<\/b>: Mar\u00eda Mendiola, cantante espa\u00f1ola, de la banda Baccara (f. 2021).<\/p>\n<p class=\"paragraph\" data-mrf-recirculation=\"Links inline\"><b>1952<\/b>: Gary Moore, m\u00fasico, compositor y guitarrista brit\u00e1nico, de la banda Thin Lizzy (f. 2011).<\/p>\n<p class=\"paragraph\" data-mrf-recirculation=\"Links inline\"><b>1954<\/b>: Michel Camilo, pianista dominicano.<\/p>\n<p class=\"paragraph\" data-mrf-recirculation=\"Links inline\"><b>1955<\/b>: Od\u00f3n Elorza, pol\u00edtico espa\u00f1ol.<\/p>\n<p class=\"paragraph\" data-mrf-recirculation=\"Links inline\"><b>1956<\/b>: David E. Kelley, productor de cine y televisi\u00f3n estadounidense.<\/p>\n<p class=\"paragraph\" data-mrf-recirculation=\"Links inline\"><b>1957<\/b>: Aki Kaurism\u00e4ki, cineasta finland\u00e9s.<\/p>\n<p class=\"paragraph\" data-mrf-recirculation=\"Links inline\"><b>1957<\/b>: Joaqu\u00edn Guzm\u00e1n Loera, narcotraficante mexicano.<\/p>\n<p class=\"paragraph\" data-mrf-recirculation=\"Links inline\"><b>1958<\/b>: Cazuza, compositor y cantante brasile\u00f1o (f. 1990).<\/p>\n<p class=\"paragraph\" data-mrf-recirculation=\"Links inline\"><b>1960<\/b>: Yolanda Barcina Angulo, pol\u00edtica espa\u00f1ola.<\/p>\n<p class=\"paragraph\" data-mrf-recirculation=\"Links inline\"><b>1960<\/b>: Jane Eaglen, soprano brit\u00e1nica.<\/p>\n<p class=\"paragraph\" data-mrf-recirculation=\"Links inline\"><b>1960<\/b>: Hugo Weaving, actor australiano de origen nigeriano.<\/p>\n<p class=\"paragraph\" data-mrf-recirculation=\"Links inline\"><b>1962<\/b>: Marco Giovannetti, ciclista italiano.<\/p>\n<p class=\"paragraph\" data-mrf-recirculation=\"Links inline\"><b>1963<\/b>: Cayetano Mart\u00ednez de Irujo, arist\u00f3crata y jinete espa\u00f1ol.<\/p>\n<p class=\"paragraph\" data-mrf-recirculation=\"Links inline\"><b>1963<\/b>: Graham Norton, actor irland\u00e9s.<\/p>\n<p class=\"paragraph\" data-mrf-recirculation=\"Links inline\"><b>1964<\/b>: Branco, futbolista brasile\u00f1o.<\/p>\n<p class=\"paragraph\" data-mrf-recirculation=\"Links inline\"><b>1964<\/b>: David Cross, actor estadounidense.<\/p>\n<p class=\"paragraph\" data-mrf-recirculation=\"Links inline\"><b>1964<\/b>: Dr. Chud, bater\u00eda estadounidense, de la banda Misfits.<\/p>\n<p class=\"paragraph\" data-mrf-recirculation=\"Links inline\"><b>1965<\/b>: Robert Downey Jr., actor estadounidense.<\/p>\n<p class=\"paragraph\" data-mrf-recirculation=\"Links inline\"><b>1965<\/b>: Sergio Pazos, actor y humorista espa\u00f1ol.<\/p>\n<p class=\"paragraph\" data-mrf-recirculation=\"Links inline\"><b>1966<\/b>: Mike Starr, bajista hawaiano, de la banda Alice in Chains (f. 2011).<\/p>\n<p class=\"paragraph\" data-mrf-recirculation=\"Links inline\"><b>1968<\/b>: Jes\u00fas Roll\u00e1n, waterpolista espa\u00f1ol (f. 2006).<\/p>\n<p class=\"paragraph\" data-mrf-recirculation=\"Links inline\"><b>1969<\/b>: Jorge Julio Rocha, boxeador colombiano.<\/p>\n<p class=\"paragraph\" data-mrf-recirculation=\"Links inline\"><b>1970<\/b>: Greg Garcia, cineasta y escritor estadounidense.<\/p>\n<p class=\"paragraph\" data-mrf-recirculation=\"Links inline\"><b>1970<\/b>: Barry Pepper, actor canadiense.<\/p>\n<p class=\"paragraph\" data-mrf-recirculation=\"Links inline\"><b>1971<\/b>: Najib Amhali, actor y artista de cabaret neerland\u00e9s.<\/p>\n<p class=\"paragraph\" data-mrf-recirculation=\"Links inline\"><b>1971<\/b>: Josh Todd, cantante estadounidense, de la banda Buckcherry.<\/p>\n<p class=\"paragraph\" data-mrf-recirculation=\"Links inline\"><b>1972<\/b>: Lisa Ray, actriz canadiense.<\/p>\n<p class=\"paragraph\" data-mrf-recirculation=\"Links inline\"><b>1972<\/b>: Jill Scott, cantante estadounidense.<\/p>\n<p class=\"paragraph\" data-mrf-recirculation=\"Links inline\"><b>1973<\/b>: David Blaine, ilusionista estadounidense.<\/p>\n<p class=\"paragraph\" data-mrf-recirculation=\"Links inline\"><b>1973<\/b>: Loris Capirossi, piloto de motociclismo italiano.<\/p>\n<p class=\"paragraph\" data-mrf-recirculation=\"Links inline\"><b>1973<\/b>: Peter Hoekstra, futbolista neerland\u00e9s.<\/p>\n<p class=\"paragraph\" data-mrf-recirculation=\"Links inline\"><b>1975<\/b>: Scott Rolen, beisbolista estadounidense.<\/p>\n<p class=\"paragraph\" data-mrf-recirculation=\"Links inline\"><b>1975<\/b>: Zaturno cantante y MC chileno.<\/p>\n<p class=\"paragraph\" data-mrf-recirculation=\"Links inline\"><b>1976<\/b>: Emerson Ferreira da Rosa, futbolista brasile\u00f1o.<\/p>\n<p class=\"paragraph\" data-mrf-recirculation=\"Links inline\"><b>1976<\/b>: James Roday, actor estadounidense.<\/p>\n<p class=\"paragraph\" data-mrf-recirculation=\"Links inline\"><b>1977<\/b>: Stephan Bonnar, luchador estadounidense.<\/p>\n<p class=\"paragraph\" data-mrf-recirculation=\"Links inline\"><b>1977<\/b>: Adam Dutkiewicz, guitarrista estadounidense, de la banda Killswitch Engage.<\/p>\n<p class=\"paragraph\" data-mrf-recirculation=\"Links inline\"><b>1978<\/b>: Alan Mahon, futbolista irland\u00e9s.<\/p>\n<p class=\"paragraph\" data-mrf-recirculation=\"Links inline\"><b>1978<\/b>: Aska Yang, cantante taiwan\u00e9s.<\/p>\n<p class=\"paragraph\" data-mrf-recirculation=\"Links inline\"><b>1979<\/b>: Heath Ledger, actor australiano (f. 2008).<\/p>\n<p class=\"paragraph\" data-mrf-recirculation=\"Links inline\"><b>1979<\/b>: Natasha Lyonne, actriz estadounidense.<\/p>\n<p class=\"paragraph\" data-mrf-recirculation=\"Links inline\"><b>1979<\/b>: Jessica Napier, actriz neozelandesa.<\/p>\n<p class=\"paragraph\" data-mrf-recirculation=\"Links inline\"><b>1980<\/b>: Diego Chitzoff, futbolista argentino.<\/p>\n<p class=\"paragraph\" data-mrf-recirculation=\"Links inline\"><b>1981<\/b>: Tigre Uno, luchador mexicano.<\/p>\n<p class=\"paragraph\" data-mrf-recirculation=\"Links inline\"><b>1982<\/b>: Jorge Sal\u00e1n, guitarrista espa\u00f1ol, de la banda M\u00e4go de Oz.<\/p>\n<p class=\"paragraph\" data-mrf-recirculation=\"Links inline\"><b>1982<\/b>: J\u00e9ssica Cediel, modelo y presentadora de televisi\u00f3n colombiana.<\/p>\n<p class=\"paragraph\" data-mrf-recirculation=\"Links inline\"><b>1983<\/b>: Ben Gordon, baloncestista estadounidense.<\/p>\n<p class=\"paragraph\" data-mrf-recirculation=\"Links inline\"><b>1983<\/b>: Amanda Righetti, actriz estadounidense.<\/p>\n<p class=\"paragraph\" data-mrf-recirculation=\"Links inline\"><b>1983<\/b>: Tang Fei, escritora de ciencia ficci\u00f3n y fantas\u00eda, fot\u00f3grafa documental y bailarina china.<\/p>\n<p class=\"paragraph\" data-mrf-recirculation=\"Links inline\"><b>1985<\/b>: Rudy Fern\u00e1ndez, baloncestista espa\u00f1ol.<\/p>\n<p class=\"paragraph\" data-mrf-recirculation=\"Links inline\"><b>1986<\/b>: Eunhyuk (Lee Hyuk-jae), bailar\u00edn, actor y cantante surcoreano, de la banda Super Junior.<\/p>\n<p class=\"paragraph\" data-mrf-recirculation=\"Links inline\"><b>1986<\/b>: Aiden McGeady, futbolista escoc\u00e9s.<\/p>\n<p class=\"paragraph\" data-mrf-recirculation=\"Links inline\"><b>1986<\/b>: Alexander Tettey, futbolista noruego.<\/p>\n<p class=\"paragraph\" data-mrf-recirculation=\"Links inline\"><b>1987<\/b>: Sarah Gadon, actriz canadiense.<\/p>\n<p class=\"paragraph\" data-mrf-recirculation=\"Links inline\"><b>1987<\/b>: Sami Khedira, futbolista alem\u00e1n.<\/p>\n<p class=\"paragraph\" data-mrf-recirculation=\"Links inline\"><b>1987<\/b>: McDonald Mariga, futbolista keniano.<\/p>\n<p class=\"paragraph\" data-mrf-recirculation=\"Links inline\"><b>1987<\/b>: Cameron Maybin, beisbolista estadounidense.<\/p>\n<p class=\"paragraph\" data-mrf-recirculation=\"Links inline\"><b>1987<\/b>: Markos Vellidis, futbolista griego.<\/p>\n<p class=\"paragraph\" data-mrf-recirculation=\"Links inline\"><b>1987<\/b>: Lance Dos Ramos, actor venezolano.<\/p>\n<p class=\"paragraph\" data-mrf-recirculation=\"Links inline\"><b>1988<\/b>: Mauro Formica, futbolista argentino.<\/p>\n<p class=\"paragraph\" data-mrf-recirculation=\"Links inline\"><b>1988<\/b>: Michael Almeback, futbolista sueco.<\/p>\n<p class=\"paragraph\" data-mrf-recirculation=\"Links inline\"><b>1989<\/b>: Vurnon Anita, futbolista neerland\u00e9s.<\/p>\n<p class=\"paragraph\" data-mrf-recirculation=\"Links inline\"><b>1989<\/b>: Chris Herd, futbolista australiano.<\/p>\n<p class=\"paragraph\" data-mrf-recirculation=\"Links inline\"><b>1990<\/b>: Leonel Moreira, futbolista costarricense.<\/p>\n<p class=\"paragraph\" data-mrf-recirculation=\"Links inline\"><b>1991<\/b>: Jamie Lynn Spears, actriz y cantante estadounidense.<\/p>\n<p class=\"paragraph\" data-mrf-recirculation=\"Links inline\"><b>1991<\/b>: Mart\u00edn P\u00e9rez, beisbolista venezolano.<\/p>\n<p class=\"paragraph\" data-mrf-recirculation=\"Links inline\"><b>1992<\/b>: Christina Metaxa, cantante chipriota.<\/p>\n<p class=\"paragraph\" data-mrf-recirculation=\"Links inline\"><b>1992<\/b>: Alexa Nikolas, actriz estadounidense.<\/p>\n<p class=\"paragraph\" data-mrf-recirculation=\"Links inline\"><b>1994<\/b>: Geraldine Ponce M\u00e9ndez, pol\u00edtica mexicana.<\/p>\n<p class=\"paragraph\" data-mrf-recirculation=\"Links inline\"><b>1996<\/b>: Austin Mahone, cantante estadounidense.<\/p>\n<p class=\"paragraph\" data-mrf-recirculation=\"Links inline\"><b>1997<\/b>: Enrique Barja, futbolista espa\u00f1ol.<\/p>\n<h2 class=\"header\"><span style=\"color: #ff0000\">Decesos<\/span><\/h2>\n<p class=\"paragraph\" data-mrf-recirculation=\"Links inline\"><b>397<\/b>: San Ambrosio, obispo cristiano, padre de la Iglesia (n. c. 338).<\/p>\n<p class=\"paragraph\" data-mrf-recirculation=\"Links inline\"><b>636<\/b>: San Isidoro de Sevilla, eclesi\u00e1stico cat\u00f3lico erudito pol\u00edmata hispano de la \u00e9poca visigoda (n. c. 560).<\/p>\n<p class=\"paragraph\" data-mrf-recirculation=\"Links inline\"><b>814<\/b>: Plat\u00f3n de Constantinopla, monje y santo bizantino (n. 735).<\/p>\n<p class=\"paragraph\" data-mrf-recirculation=\"Links inline\"><b>896<\/b>: Formoso, papa italiano (n. 816).<\/p>\n<p class=\"paragraph\" data-mrf-recirculation=\"Links inline\"><b>968<\/b>: Abu Firas al-Hamdani, pr\u00edncipe y poeta \u00e1rabe (n. 932).<\/p>\n<p class=\"paragraph\" data-mrf-recirculation=\"Links inline\"><b>1284<\/b>: Alfonso X el Sabio, rey castellano (n. 1221).<\/p>\n<p class=\"paragraph\" data-mrf-recirculation=\"Links inline\"><b>1292<\/b>: Nicol\u00e1s IV, papa italiano (n. 1227).<\/p>\n<p class=\"paragraph\" data-mrf-recirculation=\"Links inline\"><b>1305<\/b>: Juana\u00a0I, reina navarra (n. 1273).<\/p>\n<p class=\"paragraph\" data-mrf-recirculation=\"Links inline\"><b>1588<\/b>: Federico\u00a0II, rey dan\u00e9s (n. 1534).<\/p>\n<p class=\"paragraph\" data-mrf-recirculation=\"Links inline\"><b>1609<\/b>: Carolus Clusius, m\u00e9dico y bot\u00e1nico flamenco (n. 1526).<\/p>\n<p class=\"paragraph\" data-mrf-recirculation=\"Links inline\"><b>1617<\/b>: John Napier, matem\u00e1tico brit\u00e1nico (n. 1550).<\/p>\n<p class=\"paragraph\" data-mrf-recirculation=\"Links inline\"><b>1643<\/b>: Sim\u00f3n Episcopius, te\u00f3logo neerland\u00e9s (n. 1583).<\/p>\n<p class=\"paragraph\" data-mrf-recirculation=\"Links inline\"><b>1743<\/b>: Daniel Neal, historiador ingl\u00e9s (n. 1678).<\/p>\n<p class=\"paragraph\" data-mrf-recirculation=\"Links inline\"><b>1774<\/b>: Oliver Goldsmith, escritor brit\u00e1nico (n. 1728).<\/p>\n<p class=\"paragraph\" data-mrf-recirculation=\"Links inline\"><b>1807<\/b>: Joseph Lalande, astr\u00f3nomo franc\u00e9s (n. 1732).<\/p>\n<p class=\"paragraph\" data-mrf-recirculation=\"Links inline\"><b>1817<\/b>: Andr\u00e9 Mass\u00e9na, arist\u00f3crata franc\u00e9s (n. 1758).<\/p>\n<p class=\"paragraph\" data-mrf-recirculation=\"Links inline\"><b>1841<\/b>: William Henry Harrison, pol\u00edtico estadounidense, 9.\u00ba presidente de los Estados Unidos (n. 1773).<\/p>\n<p class=\"paragraph\" data-mrf-recirculation=\"Links inline\"><b>1851<\/b>: Paquiro, torero espa\u00f1ol (n. 1805).<\/p>\n<p class=\"paragraph\" data-mrf-recirculation=\"Links inline\"><b>1861<\/b>: John McLean, juez estadounidense (n. 1785).<\/p>\n<p class=\"paragraph\" data-mrf-recirculation=\"Links inline\"><b>1870<\/b>: Heinrich Magnus, f\u00edsico y qu\u00edmico alem\u00e1n (n. 1802).<\/p>\n<p class=\"paragraph\" data-mrf-recirculation=\"Links inline\"><b>1874<\/b>: Charles Ernest Beul\u00e9, pol\u00edtico y arque\u00f3logo franc\u00e9s (n. 1826).<\/p>\n<p class=\"paragraph\" data-mrf-recirculation=\"Links inline\"><b>1878<\/b>: Joaqu\u00edn Mosquera, fue un jurista, diplom\u00e1tico, empresario y pol\u00edtico colombiano. (n. 1787).<\/p>\n<p class=\"paragraph\" data-mrf-recirculation=\"Links inline\"><b>1879<\/b>: Heinrich Wilhelm Dove, f\u00edsico alem\u00e1n (n. 1803).<\/p>\n<p class=\"paragraph\" data-mrf-recirculation=\"Links inline\"><b>1888<\/b>: Jos\u00e9 Eleuterio Gonz\u00e1lez \u00abGonzalitos\u00bb, m\u00e9dico, pol\u00edtico, escritor, educador, historiador y fil\u00e1ntropo mexicano (n. 1813).<\/p>\n<p class=\"paragraph\" data-mrf-recirculation=\"Links inline\"><b>1890<\/b>: Pierre-Joseph-Olivier Chauveau, pol\u00edtico canadiense (n. 1820).<\/p>\n<p class=\"paragraph\" data-mrf-recirculation=\"Links inline\"><b>1890<\/b>: Edmond H\u00e9bert, ge\u00f3logo franc\u00e9s (n. 1812).<\/p>\n<p class=\"paragraph\" data-mrf-recirculation=\"Links inline\"><b>1903<\/b>: Margaret Ann Neve, primera mujer supercentenaria verificada (n. 1792).<\/p>\n<p class=\"paragraph\" data-mrf-recirculation=\"Links inline\"><b>1912<\/b>: Charles Brantley Aycock, abogado y pol\u00edtico estadounidense (n. 1859).<\/p>\n<p class=\"paragraph\" data-mrf-recirculation=\"Links inline\"><b>1914<\/b>: Friedrich Weyerh\u00e4user, magnate estadounidense (n. 1834).<\/p>\n<p class=\"paragraph\" data-mrf-recirculation=\"Links inline\"><b>1919<\/b>: William Crookes, qu\u00edmico y f\u00edsico brit\u00e1nico (n. 1832).<\/p>\n<p class=\"paragraph\" data-mrf-recirculation=\"Links inline\"><b>1919<\/b>: Francisco Marto, pastor portugu\u00e9s, vidente de F\u00e1tima (n. 1908).<\/p>\n<p class=\"paragraph\" data-mrf-recirculation=\"Links inline\"><b>1923<\/b>: John Venn, matem\u00e1tico brit\u00e1nico (n. 1834).<\/p>\n<p class=\"paragraph\" data-mrf-recirculation=\"Links inline\"><b>1929<\/b>: Karl Benz, ingeniero alem\u00e1n (n. 1844).<\/p>\n<p class=\"paragraph\" data-mrf-recirculation=\"Links inline\"><b>1931<\/b>: Andr\u00e9 Michelin, industrial franc\u00e9s, coinventor del neum\u00e1tico (n. 1853).<\/p>\n<p class=\"paragraph\" data-mrf-recirculation=\"Links inline\"><b>1932<\/b>: Wilhelm Ostwald, qu\u00edmico alem\u00e1n (n. 1853).<\/p>\n<p class=\"paragraph\" data-mrf-recirculation=\"Links inline\"><b>1934<\/b>: Hansi Niese, actriz austr\u00edaca (n. 1875).<\/p>\n<p class=\"paragraph\" data-mrf-recirculation=\"Links inline\"><b>1951<\/b>: George Albert Smith, l\u00edder religioso estadounidense (n. 1870).<\/p>\n<p class=\"paragraph\" data-mrf-recirculation=\"Links inline\"><b>1953<\/b>: Carlos II de Ruman\u00eda (n. 1893).<\/p>\n<p class=\"paragraph\" data-mrf-recirculation=\"Links inline\"><b>1957<\/b>: Arthur Spiethoff, economista alem\u00e1n (n. 1873).<\/p>\n<p class=\"paragraph\" data-mrf-recirculation=\"Links inline\"><b>1958<\/b>: Johnny Stompanato, g\u00e1nster estadounidense (n. 1925).<\/p>\n<p class=\"paragraph\" data-mrf-recirculation=\"Links inline\"><b>1963<\/b>: Raumsol (Carlos Bernardo Gonz\u00e1lez), escritor argentino (n. 1901).<\/p>\n<p class=\"paragraph\" data-mrf-recirculation=\"Links inline\"><b>1967<\/b>: H\u00e9ctor Scarone, futbolista uruguayo (n. 1898).<\/p>\n<p class=\"paragraph\" data-mrf-recirculation=\"Links inline\"><b>1968<\/b>: Martin Luther King, pastor estadounidense, premio nobel de la paz en 1964 (n. 1929).<\/p>\n<p class=\"paragraph\" data-mrf-recirculation=\"Links inline\"><b>1968<\/b>: Fanny Anit\u00faa, contralto mexicana (n. 1887).<\/p>\n<p class=\"paragraph\" data-mrf-recirculation=\"Links inline\"><b>1972<\/b>: Stefan Wolpe, compositor estadounidense de origen alem\u00e1n (n. 1902).<\/p>\n<p class=\"paragraph\" data-mrf-recirculation=\"Links inline\"><b>1975<\/b>: Albert Rudomine, fot\u00f3grafo franc\u00e9s (n. 1892).<\/p>\n<p class=\"paragraph\" data-mrf-recirculation=\"Links inline\"><b>1976<\/b>: Harry Nyquist, comunic\u00f3logo suizo (n. 1889).<\/p>\n<p class=\"paragraph\" data-mrf-recirculation=\"Links inline\"><b>1979<\/b>: Zulfikar Ali Bhutto, presidente pakistan\u00ed (n. 1928).<\/p>\n<p class=\"paragraph\" data-mrf-recirculation=\"Links inline\"><b>1979<\/b>: Valentina Ram\u00edrez, \u00abLa Leona del Norotal\u00bb, revolucionaria mexicana (n. 1893).<\/p>\n<p class=\"paragraph\" data-mrf-recirculation=\"Links inline\"><b>1980<\/b>: Pedro Laza, compositor y m\u00fasico colombiano (n. 1904).<\/p>\n<p class=\"paragraph\" data-mrf-recirculation=\"Links inline\"><b>1983<\/b>: Gloria Swanson, actriz estadounidense (n. 1899).<\/p>\n<p class=\"paragraph\" data-mrf-recirculation=\"Links inline\"><b>1984<\/b>: Oleg Antonov, ingeniero aeron\u00e1utico sovi\u00e9tico (n. 1906).<\/p>\n<p class=\"paragraph\" data-mrf-recirculation=\"Links inline\"><b>1984<\/b>: Jos\u00e9 Borobio Ojeda, arquitecto espa\u00f1ol (n. 1907).<\/p>\n<p class=\"paragraph\" data-mrf-recirculation=\"Links inline\"><b>1984<\/b>: Joan Pon\u00e7, pintor espa\u00f1ol (n. 1927).<\/p>\n<p class=\"paragraph\" data-mrf-recirculation=\"Links inline\"><b>1987<\/b>: Catherine L. Moore, escritor estadounidense (n. 1911).<\/p>\n<p class=\"paragraph\" data-mrf-recirculation=\"Links inline\"><b>1991<\/b>: Max Frisch, escritor suizo (n. 1911).<\/p>\n<p class=\"paragraph\" data-mrf-recirculation=\"Links inline\"><b>1992<\/b>: Arthur Russell, violonchelista estadounidense (n. 1951).<\/p>\n<p class=\"paragraph\" data-mrf-recirculation=\"Links inline\"><b>1995<\/b>: Priscilla Lane, cantante y actriz estadounidense (n. 1915).<\/p>\n<p class=\"paragraph\" data-mrf-recirculation=\"Links inline\"><b>1995<\/b>: Te\u00f3filo Mart\u00ednez, actor de voz espa\u00f1ol (n. 1915).<\/p>\n<p class=\"paragraph\" data-mrf-recirculation=\"Links inline\"><b>1999<\/b>: Faith Domergue, actriz estadounidense (n. 1924).<\/p>\n<p class=\"paragraph\" data-mrf-recirculation=\"Links inline\"><b>1999<\/b>: Early Wynn, beisbolista estadounidense (n. 1920).<\/p>\n<p class=\"paragraph\" data-mrf-recirculation=\"Links inline\"><b>1999<\/b>: Bob Peck, actor brit\u00e1nico (n. 1945).<\/p>\n<p class=\"paragraph\" data-mrf-recirculation=\"Links inline\"><b>2000<\/b>: Mirko Saric, futbolista argentino (n. 1978).<\/p>\n<p class=\"paragraph\" data-mrf-recirculation=\"Links inline\"><b>2001<\/b>: Ram\u00f3n Mendoza, empresario espa\u00f1ol y presidente del Real Madrid (n. 1927).<\/p>\n<p class=\"paragraph\" data-mrf-recirculation=\"Links inline\"><b>2003<\/b>: Anthony Caruso, actor estadounidense (n. 1916).<\/p>\n<p class=\"paragraph\" data-mrf-recirculation=\"Links inline\"><b>2003<\/b>: Adalberto Mart\u00ednez Resortes, actor mexicano (n. 1916).<\/p>\n<p class=\"paragraph\" data-mrf-recirculation=\"Links inline\"><b>2004<\/b>: Alb\u00e9ric Schotte, ciclista belga (n. 1919).<\/p>\n<p class=\"paragraph\" data-mrf-recirculation=\"Links inline\"><b>2005<\/b>: Edward Bronfman, empresario y fil\u00e1ntropo canadiense (n. 1924).<\/p>\n<p class=\"paragraph\" data-mrf-recirculation=\"Links inline\"><b>2007<\/b>: Bob Clark, cineasta estadounidense (n. 1941).<\/p>\n<p class=\"paragraph\" data-mrf-recirculation=\"Links inline\"><b>2007<\/b>: Terry Hall, ventr\u00edlocuo brit\u00e1nico (n. 1927).<\/p>\n<p class=\"paragraph\" data-mrf-recirculation=\"Links inline\"><b>2009<\/b>: Lalo Parra, folclorista chileno (n. 1918).<\/p>\n<p class=\"paragraph\" data-mrf-recirculation=\"Links inline\"><b>2009<\/b>: Gonzalo Olave, actor chileno (n. 1983).<\/p>\n<p class=\"paragraph\" data-mrf-recirculation=\"Links inline\"><b>2010<\/b>: Lori Martin, actriz estadounidense (n. 1947).<\/p>\n<p class=\"paragraph\" data-mrf-recirculation=\"Links inline\"><b>2011<\/b>: Jackson Lago, pol\u00edtico brasile\u00f1o (n. 1934).<\/p>\n<p class=\"paragraph\" data-mrf-recirculation=\"Links inline\"><b>2011<\/b>: Juliano Mer-Khamis, cineasta y activista israel\u00ed (n. 1958).<\/p>\n<p class=\"paragraph\" data-mrf-recirculation=\"Links inline\"><b>2012<\/b>: Claude Miller, cineasta franc\u00e9s (n. 1942).<\/p>\n<p class=\"paragraph\" data-mrf-recirculation=\"Links inline\"><b>2012<\/b>: Dubravko Pavli\u010di\u0107, futbolista croata (n. 1967).<\/p>\n<p class=\"paragraph\" data-mrf-recirculation=\"Links inline\"><b>2013<\/b>: Carmine Infantino, editor de historietas estadounidense (n. 1925).<\/p>\n<p class=\"paragraph\" data-mrf-recirculation=\"Links inline\"><b>2013<\/b>: Roger Ebert, cr\u00edtico cinematogr\u00e1fico estadounidense (n. 1942).<\/p>\n<p class=\"paragraph\" data-mrf-recirculation=\"Links inline\"><b>2014<\/b>: Kumba Ial\u00e1, profesor de filosof\u00eda y pol\u00edtico bisauguineano, presidente entre 2000 y 2003 (n. 1953).<\/p>\n<p class=\"paragraph\" data-mrf-recirculation=\"Links inline\"><b>2016<\/b>: Manolo Tena, cantante espa\u00f1ol (n. 1951).<\/p>\n<p class=\"paragraph\" data-mrf-recirculation=\"Links inline\"><b>2017<\/b>: Giovanni Sartori, investigador en el campo de la ciencia pol\u00edtica italiano (n. 1924).<\/p>\n<p class=\"paragraph\" data-mrf-recirculation=\"Links inline\"><b>2017<\/b>: Elena de la Cruz, pol\u00edtica espa\u00f1ola (n. 1972).<\/p>\n<p class=\"paragraph\" data-mrf-recirculation=\"Links inline\"><b>2018<\/b>: Ray Wilkins, futbolista y entrenador brit\u00e1nico (n. 1956).<\/p>\n<p class=\"paragraph\" data-mrf-recirculation=\"Links inline\"><b>2019<\/b>: Alberto Cortez, cantautor y poeta argentino (n. 1940).<\/p>\n<p class=\"paragraph\" data-mrf-recirculation=\"Links inline\"><b>2020<\/b>: Luis Eduardo Aute, cantautor hispano-filipino (n. 1943).<\/p>\n<p class=\"paragraph\" data-mrf-recirculation=\"Links inline\"><b>2020<\/b>: Rafael Leonardo Callejas, economista y pol\u00edtico hondure\u00f1o, presidente de Honduras entre 1990 y 1994 (n. 1943).<\/p>\n<p class=\"paragraph\" data-mrf-recirculation=\"Links inline\"><b>2021<\/b>: Robert Mundell, economista canadiense (n. 1932).<\/p>\n<p class=\"paragraph\" data-mrf-recirculation=\"Links inline\"><b>2021<\/b>: Ernesto Bertani, pintor argentino (n. 1949).<\/p>\n","protected":false},"excerpt":{"rendered":"<div class=\"mh-excerpt\"><p>Para que no olvides los acontecimientos m\u00e1s importantes que est\u00e1n por conmemorarse, ac\u00e1 te presentamos\u00a0las efem\u00e9rides m\u00e1s relevantes de este 4 de abril. 1460: En Basilea (norte de Suiza) el papa P\u00edo II funda la <a class=\"mh-excerpt-more\" href=\"https:\/\/larevistadigital.com.ar\/blog\/esto-paso-un-dia-como-hoy-4-de-abril\/\" title=\"ESTO PAS\u00d3 UN D\u00cdA COMO HOY, 4 DE ABRIL &#8230;\">[Leer M\u00e1s]<\/a><\/p>\n<\/div>","protected":false},"author":3,"featured_media":16747,"comment_status":"open","ping_status":"open","sticky":false,"template":"","format":"standard","meta":{"_jetpack_memberships_contains_paid_content":false,"footnotes":"","jetpack_publicize_message":"","jetpack_publicize_feature_enabled":true,"jetpack_social_post_already_shared":true,"jetpack_social_options":{"image_generator_settings":{"template":"highway","default_image_id":0,"font":"","enabled":false},"version":2}},"categories":[15],"tags":[],"class_list":{"0":"post-30882","1":"post","2":"type-post","3":"status-publish","4":"format-standard","5":"has-post-thumbnail","7":"category-cultura"},"jetpack_publicize_connections":[],"jetpack_featured_media_url":"https:\/\/i0.wp.com\/larevistadigital.com.ar\/blog\/wp-content\/uploads\/LOGO-EFEMERIDES.jpg?fit=1268%2C664&ssl=1","jetpack_sharing_enabled":true,"jetpack_shortlink":"https:\/\/wp.me\/p8qtrQ-826","jetpack-related-posts":[{"id":31101,"url":"https:\/\/larevistadigital.com.ar\/blog\/esto-paso-un-dia-como-hoy-19-de-abril\/","url_meta":{"origin":30882,"position":0},"title":"ESTO PAS\u00d3 UN D\u00cdA COMO HOY, 19 DE ABRIL&#8230;","author":"Alejandro Sosa Ruda","date":"19 abril, 2023","format":false,"excerpt":"El 19 de abril de 1998, hace 25 a\u00f1os, fallece Octavio Paz, poeta y ensayista mexicano, premio Nobel de Literatura en 1990. Dej\u00f3 poemas como \"Piedra de sol\" o \"Nocturno de San Ildefonso\", e hizo una radiograf\u00eda del mexicano en su ensayo \"El laberinto de la soledad\". OTRAS EFEM\u00c9RIDES 1713.-\u2026","rel":"","context":"En \u00abCULTURA\u00bb","block_context":{"text":"CULTURA","link":"https:\/\/larevistadigital.com.ar\/blog\/category\/cultura\/"},"img":{"alt_text":"","src":"https:\/\/i0.wp.com\/larevistadigital.com.ar\/blog\/wp-content\/uploads\/LOGO-EFEMERIDES.jpg?fit=1200%2C628&ssl=1&resize=350%2C200","width":350,"height":200,"srcset":"https:\/\/i0.wp.com\/larevistadigital.com.ar\/blog\/wp-content\/uploads\/LOGO-EFEMERIDES.jpg?fit=1200%2C628&ssl=1&resize=350%2C200 1x, https:\/\/i0.wp.com\/larevistadigital.com.ar\/blog\/wp-content\/uploads\/LOGO-EFEMERIDES.jpg?fit=1200%2C628&ssl=1&resize=525%2C300 1.5x, https:\/\/i0.wp.com\/larevistadigital.com.ar\/blog\/wp-content\/uploads\/LOGO-EFEMERIDES.jpg?fit=1200%2C628&ssl=1&resize=700%2C400 2x, https:\/\/i0.wp.com\/larevistadigital.com.ar\/blog\/wp-content\/uploads\/LOGO-EFEMERIDES.jpg?fit=1200%2C628&ssl=1&resize=1050%2C600 3x"},"classes":[]},{"id":30659,"url":"https:\/\/larevistadigital.com.ar\/blog\/desde-abril-el-salario-minimo-vital-y-movil-sera-de-80-342\/","url_meta":{"origin":30882,"position":1},"title":"DESDE ABRIL, EL SALARIO M\u00cdNIMO VITAL Y M\u00d3VIL SER\u00c1 DE $80.342.-","author":"Alejandro Sosa Ruda","date":"22 marzo, 2023","format":false,"excerpt":"El aumento, del 26,6%, se ir\u00e1 cobrando en tres tramos y alcanzar\u00e1 los\u00a0$87.987 en junio. En julio se volver\u00e1n a reunir para adecuar el valor a la inflaci\u00f3n. 21 de marzo de 2023 Los integrantes de la Comisi\u00f3n del Salario M\u00ednimo, Vital y M\u00f3vil, acordaron este martes por la tarde\u00a0elevar\u2026","rel":"","context":"En \u00abINTERES GENERAL\u00bb","block_context":{"text":"INTERES GENERAL","link":"https:\/\/larevistadigital.com.ar\/blog\/category\/interes-general\/"},"img":{"alt_text":"","src":"https:\/\/i0.wp.com\/larevistadigital.com.ar\/blog\/wp-content\/uploads\/Salario-sueldo.jpg?fit=1000%2C638&ssl=1&resize=350%2C200","width":350,"height":200,"srcset":"https:\/\/i0.wp.com\/larevistadigital.com.ar\/blog\/wp-content\/uploads\/Salario-sueldo.jpg?fit=1000%2C638&ssl=1&resize=350%2C200 1x, https:\/\/i0.wp.com\/larevistadigital.com.ar\/blog\/wp-content\/uploads\/Salario-sueldo.jpg?fit=1000%2C638&ssl=1&resize=525%2C300 1.5x, https:\/\/i0.wp.com\/larevistadigital.com.ar\/blog\/wp-content\/uploads\/Salario-sueldo.jpg?fit=1000%2C638&ssl=1&resize=700%2C400 2x"},"classes":[]},{"id":901,"url":"https:\/\/larevistadigital.com.ar\/blog\/la-pobreza-subio-al-33-primer-ano-del-gobierno-macri-segun-la-uca\/","url_meta":{"origin":30882,"position":2},"title":"La pobreza subi\u00f3 al 33% durante el primer a\u00f1o del gobierno de Macri, seg\u00fan la UCA","author":"Alejandro Sosa Ruda","date":"10 marzo, 2017","format":false,"excerpt":"Fue anunciado en un informe elaborado por el Observatorio de la Deuda Social Argentina de la Universidad Cat\u00f3lica Argentina. \"La tasa de pobreza ascendi\u00f3 de 29 por ciento a fines de 2015 a 32,9 en el tercer trimestre de 2016, lo cual significar\u00eda un aumento de 1,5 millones de nuevos\u2026","rel":"","context":"En \u00abPOLITICA\u00bb","block_context":{"text":"POLITICA","link":"https:\/\/larevistadigital.com.ar\/blog\/category\/politica\/"},"img":{"alt_text":"","src":"https:\/\/i0.wp.com\/larevistadigital.com.ar\/blog\/wp-content\/uploads\/2017\/03\/66e8cb5aa1efc14aa22f1b98edea787e.jpg?fit=700%2C512&ssl=1&resize=350%2C200","width":350,"height":200,"srcset":"https:\/\/i0.wp.com\/larevistadigital.com.ar\/blog\/wp-content\/uploads\/2017\/03\/66e8cb5aa1efc14aa22f1b98edea787e.jpg?fit=700%2C512&ssl=1&resize=350%2C200 1x, https:\/\/i0.wp.com\/larevistadigital.com.ar\/blog\/wp-content\/uploads\/2017\/03\/66e8cb5aa1efc14aa22f1b98edea787e.jpg?fit=700%2C512&ssl=1&resize=525%2C300 1.5x, https:\/\/i0.wp.com\/larevistadigital.com.ar\/blog\/wp-content\/uploads\/2017\/03\/66e8cb5aa1efc14aa22f1b98edea787e.jpg?fit=700%2C512&ssl=1&resize=700%2C400 2x"},"classes":[]},{"id":30901,"url":"https:\/\/larevistadigital.com.ar\/blog\/esto-paso-un-dia-como-hoy-6-de-abril\/","url_meta":{"origin":30882,"position":3},"title":"ESTO PAS\u00d3 UN D\u00cdA COMO HOY, 6 DE ABRIL","author":"Alejandro Sosa Ruda","date":"6 abril, 2023","format":false,"excerpt":"En un 6 de abril, pero de 1994, es derribado el avi\u00f3n en el que viajaban los presidentes de Burundi, Ciprien Ntaryamira, y de Ruanda, Juvenal Habyarimana, en un atentado que desencaden\u00f3 el genocidio de Ruanda, en el que 800.000 tutsis y hutus moderados murieron en solo cien d\u00edas. OTRAS\u2026","rel":"","context":"En \u00abCULTURA\u00bb","block_context":{"text":"CULTURA","link":"https:\/\/larevistadigital.com.ar\/blog\/category\/cultura\/"},"img":{"alt_text":"","src":"https:\/\/i0.wp.com\/larevistadigital.com.ar\/blog\/wp-content\/uploads\/LOGO-EFEMERIDES.jpg?fit=1200%2C628&ssl=1&resize=350%2C200","width":350,"height":200,"srcset":"https:\/\/i0.wp.com\/larevistadigital.com.ar\/blog\/wp-content\/uploads\/LOGO-EFEMERIDES.jpg?fit=1200%2C628&ssl=1&resize=350%2C200 1x, https:\/\/i0.wp.com\/larevistadigital.com.ar\/blog\/wp-content\/uploads\/LOGO-EFEMERIDES.jpg?fit=1200%2C628&ssl=1&resize=525%2C300 1.5x, https:\/\/i0.wp.com\/larevistadigital.com.ar\/blog\/wp-content\/uploads\/LOGO-EFEMERIDES.jpg?fit=1200%2C628&ssl=1&resize=700%2C400 2x, https:\/\/i0.wp.com\/larevistadigital.com.ar\/blog\/wp-content\/uploads\/LOGO-EFEMERIDES.jpg?fit=1200%2C628&ssl=1&resize=1050%2C600 3x"},"classes":[]},{"id":13232,"url":"https:\/\/larevistadigital.com.ar\/blog\/federer-viene-este-lunes-a-argentina-el-miercoles-jugara-una-exhibicion\/","url_meta":{"origin":30882,"position":4},"title":"FEDERER VIENE ESTE LUNES A ARGENTINA. EL MI\u00c9RCOLES JUGAR\u00c1 UNA EXHIBICI\u00d3N","author":"Alejandro Sosa Ruda","date":"17 noviembre, 2019","format":false,"excerpt":"En principio se iba a enfrentar a Juan Mart\u00edn del Potro, pero como este no se recuper\u00f3 de una lesi\u00f3n, su lugar lo ocupar\u00e1 el tenista alem\u00e1n Zverev en Parque Roca. El suizo Roger Federer, considerado el mejor tenista de todos los tiempos y a\u00fan vigente en el podio del\u2026","rel":"","context":"En \u00abDEPORTES\u00bb","block_context":{"text":"DEPORTES","link":"https:\/\/larevistadigital.com.ar\/blog\/category\/deportes\/"},"img":{"alt_text":"","src":"https:\/\/i0.wp.com\/larevistadigital.com.ar\/blog\/wp-content\/uploads\/1563035755-0001ie5rm.jpg?fit=1200%2C675&ssl=1&resize=350%2C200","width":350,"height":200,"srcset":"https:\/\/i0.wp.com\/larevistadigital.com.ar\/blog\/wp-content\/uploads\/1563035755-0001ie5rm.jpg?fit=1200%2C675&ssl=1&resize=350%2C200 1x, https:\/\/i0.wp.com\/larevistadigital.com.ar\/blog\/wp-content\/uploads\/1563035755-0001ie5rm.jpg?fit=1200%2C675&ssl=1&resize=525%2C300 1.5x, https:\/\/i0.wp.com\/larevistadigital.com.ar\/blog\/wp-content\/uploads\/1563035755-0001ie5rm.jpg?fit=1200%2C675&ssl=1&resize=700%2C400 2x, https:\/\/i0.wp.com\/larevistadigital.com.ar\/blog\/wp-content\/uploads\/1563035755-0001ie5rm.jpg?fit=1200%2C675&ssl=1&resize=1050%2C600 3x"},"classes":[]},{"id":39531,"url":"https:\/\/larevistadigital.com.ar\/blog\/dolar-barato-durante-el-primer-trimestre-de-2025-el-turismo-emisivo-triplico-al-receptivo\/","url_meta":{"origin":30882,"position":5},"title":"D\u00f3lar barato: Durante el primer trimestre de 2025, el turismo emisivo triplic\u00f3 al receptivo","author":"Alejandro Sosa Ruda","date":"26 abril, 2025","format":false,"excerpt":"Entre enero y marzo, Argentina experiment\u00f3 un marcado desequilibrio en el turismo internacional: fueron muchos m\u00e1s los argentinos que viajaron al exterior que los extranjeros que llegaron al pa\u00eds. En total, m\u00e1s de 5 millones de argentinos salieron del pa\u00eds en ese per\u00edodo, generando un d\u00e9ficit de 1.236 millones de\u2026","rel":"","context":"En \u00abINTERES GENERAL\u00bb","block_context":{"text":"INTERES GENERAL","link":"https:\/\/larevistadigital.com.ar\/blog\/category\/interes-general\/"},"img":{"alt_text":"","src":"https:\/\/i0.wp.com\/larevistadigital.com.ar\/blog\/wp-content\/uploads\/20250426153225_turistas-extranjeros-argentinos-exterior.jpg?fit=880%2C512&ssl=1&resize=350%2C200","width":350,"height":200,"srcset":"https:\/\/i0.wp.com\/larevistadigital.com.ar\/blog\/wp-content\/uploads\/20250426153225_turistas-extranjeros-argentinos-exterior.jpg?fit=880%2C512&ssl=1&resize=350%2C200 1x, https:\/\/i0.wp.com\/larevistadigital.com.ar\/blog\/wp-content\/uploads\/20250426153225_turistas-extranjeros-argentinos-exterior.jpg?fit=880%2C512&ssl=1&resize=525%2C300 1.5x, https:\/\/i0.wp.com\/larevistadigital.com.ar\/blog\/wp-content\/uploads\/20250426153225_turistas-extranjeros-argentinos-exterior.jpg?fit=880%2C512&ssl=1&resize=700%2C400 2x"},"classes":[]}],"_links":{"self":[{"href":"https:\/\/larevistadigital.com.ar\/blog\/wp-json\/wp\/v2\/posts\/30882","targetHints":{"allow":["GET"]}}],"collection":[{"href":"https:\/\/larevistadigital.com.ar\/blog\/wp-json\/wp\/v2\/posts"}],"about":[{"href":"https:\/\/larevistadigital.com.ar\/blog\/wp-json\/wp\/v2\/types\/post"}],"author":[{"embeddable":true,"href":"https:\/\/larevistadigital.com.ar\/blog\/wp-json\/wp\/v2\/users\/3"}],"replies":[{"embeddable":true,"href":"https:\/\/larevistadigital.com.ar\/blog\/wp-json\/wp\/v2\/comments?post=30882"}],"version-history":[{"count":1,"href":"https:\/\/larevistadigital.com.ar\/blog\/wp-json\/wp\/v2\/posts\/30882\/revisions"}],"predecessor-version":[{"id":30883,"href":"https:\/\/larevistadigital.com.ar\/blog\/wp-json\/wp\/v2\/posts\/30882\/revisions\/30883"}],"wp:featuredmedia":[{"embeddable":true,"href":"https:\/\/larevistadigital.com.ar\/blog\/wp-json\/wp\/v2\/media\/16747"}],"wp:attachment":[{"href":"https:\/\/larevistadigital.com.ar\/blog\/wp-json\/wp\/v2\/media?parent=30882"}],"wp:term":[{"taxonomy":"category","embeddable":true,"href":"https:\/\/larevistadigital.com.ar\/blog\/wp-json\/wp\/v2\/categories?post=30882"},{"taxonomy":"post_tag","embeddable":true,"href":"https:\/\/larevistadigital.com.ar\/blog\/wp-json\/wp\/v2\/tags?post=30882"}],"curies":[{"name":"wp","href":"https:\/\/api.w.org\/{rel}","templated":true}]}}