{"id":30919,"date":"2023-04-06T16:28:37","date_gmt":"2023-04-06T16:28:37","guid":{"rendered":"https:\/\/larevistadigital.com.ar\/blog\/?p=30919"},"modified":"2023-04-06T16:31:00","modified_gmt":"2023-04-06T16:31:00","slug":"mar-del-plata-pelea-de-cuidacoches-termina-con-uno-de-ellos-con-un-corte-en-la-yugular","status":"publish","type":"post","link":"https:\/\/larevistadigital.com.ar\/blog\/mar-del-plata-pelea-de-cuidacoches-termina-con-uno-de-ellos-con-un-corte-en-la-yugular\/","title":{"rendered":"MAR DEL PLATA: PELEA DE CUIDACOCHES TERMINA CON UNO DE ELLOS CON UN CORTE EN LA YUGULAR"},"content":{"rendered":"<h2 class=\"intro\">Ocurri\u00f3 el mi\u00e9rcoles a la noche en Moreno y Entre R\u00edos. La v\u00edctima fue caminando hasta la casa de la ex pareja y lo trasladaron al hospital.<\/h2>\n<p>6 de abril de 2023<\/p>\n<p><strong>MAR DEL PLATA &#8211;\u00a0 <\/strong>Una pelea entre cuidacoches en el centro termin\u00f3 con uno de ellos gravemente herido tras sufrir un corte en la yugular cuando rompieron la vidriera de una verduler\u00eda. En virtud de su estado de salud, las autoridades judiciales ordenaron la formaci\u00f3n de una causa por\u00a0<strong>lesiones graves.<\/strong><\/p>\n<blockquote>\n<h3>Fuentes judiciales confirmaron al portal <strong>0223<\/strong>\u00a0que el hecho se registr\u00f3 poco despu\u00e9s de las once de la noche en inmediaciones de las calles<strong>\u00a0Moreno y Entre R\u00edos<\/strong>\u00a0cuando por circunstancias desconocidas los dos sujetos se pelearon en la calle y rompieron la ventana del local.<\/h3>\n<\/blockquote>\n<p>El herido tiene aproximadamente 35 a\u00f1os y se fue caminando hasta la casa de la ex pareja en\u00a0<strong>Garay y Tucum\u00e1n\u00a0<\/strong>quien lo traslad\u00f3 de urgencia al Hospital Interzonal General de Agudos (Higa) donde le realizaron las primeras curaciones.<\/p>\n<p>La causa qued\u00f3 a cargo de la fiscal\u00a0<strong>Andrea G\u00f3mez.<\/strong><\/p>\n<div class=\"publiamp\" data-pos=\"AMP_P2\">\n<div class=\"banner container AMP_P2 desktop\" data-tipo=\"tipo_desktop \" data-id=\"undefined\"><\/div>\n<\/div>\n","protected":false},"excerpt":{"rendered":"<div class=\"mh-excerpt\"><p>Ocurri\u00f3 el mi\u00e9rcoles a la noche en Moreno y Entre R\u00edos. La v\u00edctima fue caminando hasta la casa de la ex pareja y lo trasladaron al hospital. 6 de abril de 2023 MAR DEL PLATA <a class=\"mh-excerpt-more\" href=\"https:\/\/larevistadigital.com.ar\/blog\/mar-del-plata-pelea-de-cuidacoches-termina-con-uno-de-ellos-con-un-corte-en-la-yugular\/\" title=\"MAR DEL PLATA: PELEA DE CUIDACOCHES TERMINA CON UNO DE ELLOS CON UN CORTE EN LA YUGULAR\">[Leer M\u00e1s]<\/a><\/p>\n<\/div>","protected":false},"author":3,"featured_media":14089,"comment_status":"open","ping_status":"open","sticky":false,"template":"","format":"standard","meta":{"_jetpack_memberships_contains_paid_content":false,"footnotes":"","jetpack_publicize_message":"","jetpack_publicize_feature_enabled":true,"jetpack_social_post_already_shared":true,"jetpack_social_options":{"image_generator_settings":{"template":"highway","default_image_id":0,"font":"","enabled":false},"version":2}},"categories":[44,51],"tags":[],"class_list":{"0":"post-30919","1":"post","2":"type-post","3":"status-publish","4":"format-standard","5":"has-post-thumbnail","7":"category-policiales","8":"category-regionales"},"jetpack_publicize_connections":[],"jetpack_featured_media_url":"https:\/\/i0.wp.com\/larevistadigital.com.ar\/blog\/wp-content\/uploads\/Guardia-Higa-0311.jpg?fit=790%2C444&ssl=1","jetpack_sharing_enabled":true,"jetpack_shortlink":"https:\/\/wp.me\/p8qtrQ-82H","jetpack-related-posts":[{"id":14527,"url":"https:\/\/larevistadigital.com.ar\/blog\/mar-del-plata-apunalan-a-un-cuidacoches-en-la-puerta-del-hospital-materno\/","url_meta":{"origin":30919,"position":0},"title":"MAR DEL PLATA: APU\u00d1ALAN A UN CUIDACOCHES EN LA PUERTA DEL HOSPITAL MATERNO","author":"Alejandro Sosa Ruda","date":"2 febrero, 2020","format":false,"excerpt":"Fue durante una pelea con otros hombres. La v\u00edctima recibi\u00f3 dos puntazos y fue trasladada al Hospital Interzonal General de Agudos: se encuentra en grave estado. Un cuidacoches de 20 a\u00f1os fue apu\u00f1alado este domingo a la tarde en las inmediaciones del Hospital Materno Infantil durante una violenta confrontaci\u00f3n con\u2026","rel":"","context":"En \u00abPOLICIALES\u00bb","block_context":{"text":"POLICIALES","link":"https:\/\/larevistadigital.com.ar\/blog\/category\/policiales\/"},"img":{"alt_text":"","src":"https:\/\/i0.wp.com\/larevistadigital.com.ar\/blog\/wp-content\/uploads\/Screenshot_3-39.jpg?fit=600%2C684&ssl=1&resize=350%2C200","width":350,"height":200,"srcset":"https:\/\/i0.wp.com\/larevistadigital.com.ar\/blog\/wp-content\/uploads\/Screenshot_3-39.jpg?fit=600%2C684&ssl=1&resize=350%2C200 1x, https:\/\/i0.wp.com\/larevistadigital.com.ar\/blog\/wp-content\/uploads\/Screenshot_3-39.jpg?fit=600%2C684&ssl=1&resize=525%2C300 1.5x"},"classes":[]},{"id":30469,"url":"https:\/\/larevistadigital.com.ar\/blog\/mar-del-plata-un-jubilado-atropello-a-un-cuidacohes-en-el-centro\/","url_meta":{"origin":30919,"position":1},"title":"MAR DEL PLATA: UN JUBILADO ATROPELL\u00d3 A UN CUIDACOHES EN EL CENTRO","author":"Alejandro Sosa Ruda","date":"8 marzo, 2023","format":false,"excerpt":"Un autom\u00f3vil conducido por un jubilado de 84 a\u00f1os\u00a0pis\u00f3 a un cuidacoches\u00a0de 21 en el centro de la ciudad. 8 de marzo de 2023 MAR DEL PLATA -\u00a0 El hecho ocurri\u00f3 en Entre R\u00edos, entre Bol\u00edvar y Moreno, y la v\u00edctima sufri\u00f3 lesiones leves, producto de las cuales recibi\u00f3 atenci\u00f3n\u2026","rel":"","context":"En \u00abPOLICIALES\u00bb","block_context":{"text":"POLICIALES","link":"https:\/\/larevistadigital.com.ar\/blog\/category\/policiales\/"},"img":{"alt_text":"","src":"https:\/\/i0.wp.com\/larevistadigital.com.ar\/blog\/wp-content\/uploads\/Captura-de-pantalla-2023-03-08-130303.png?fit=798%2C446&ssl=1&resize=350%2C200","width":350,"height":200,"srcset":"https:\/\/i0.wp.com\/larevistadigital.com.ar\/blog\/wp-content\/uploads\/Captura-de-pantalla-2023-03-08-130303.png?fit=798%2C446&ssl=1&resize=350%2C200 1x, https:\/\/i0.wp.com\/larevistadigital.com.ar\/blog\/wp-content\/uploads\/Captura-de-pantalla-2023-03-08-130303.png?fit=798%2C446&ssl=1&resize=525%2C300 1.5x, https:\/\/i0.wp.com\/larevistadigital.com.ar\/blog\/wp-content\/uploads\/Captura-de-pantalla-2023-03-08-130303.png?fit=798%2C446&ssl=1&resize=700%2C400 2x"},"classes":[]},{"id":35193,"url":"https:\/\/larevistadigital.com.ar\/blog\/mar-del-plata-cuidacoches-rompio-el-capo-de-un-taxi-tras-una-discusion\/","url_meta":{"origin":30919,"position":2},"title":"MAR DEL PLATA: CUIDACOCHES ROMPI\u00d3 EL CAPO DE UN TAXI TRAS UNA DISCUSI\u00d3N","author":"Alejandro Sosa Ruda","date":"7 febrero, 2024","format":false,"excerpt":"Sucedi\u00f3 en la zona de la vieja terminal. Qued\u00f3 alojado en el Centro Especializado en Aprehensi\u00f3n (CEA). MAR DEL PLATA -\u00a0 Un adolescente de 17 a\u00f1os\u00a0que cuida autos en la zona de la vieja terminal fue aprehendido el martes a la tarde por personal policial luego de da\u00f1ar el capot\u2026","rel":"","context":"En \u00abPOLICIALES\u00bb","block_context":{"text":"POLICIALES","link":"https:\/\/larevistadigital.com.ar\/blog\/category\/policiales\/"},"img":{"alt_text":"","src":"https:\/\/i0.wp.com\/larevistadigital.com.ar\/blog\/wp-content\/uploads\/Captura-de-pantalla-2024-02-07-101425.png?fit=810%2C332&ssl=1&resize=350%2C200","width":350,"height":200,"srcset":"https:\/\/i0.wp.com\/larevistadigital.com.ar\/blog\/wp-content\/uploads\/Captura-de-pantalla-2024-02-07-101425.png?fit=810%2C332&ssl=1&resize=350%2C200 1x, https:\/\/i0.wp.com\/larevistadigital.com.ar\/blog\/wp-content\/uploads\/Captura-de-pantalla-2024-02-07-101425.png?fit=810%2C332&ssl=1&resize=525%2C300 1.5x, https:\/\/i0.wp.com\/larevistadigital.com.ar\/blog\/wp-content\/uploads\/Captura-de-pantalla-2024-02-07-101425.png?fit=810%2C332&ssl=1&resize=700%2C400 2x"},"classes":[]},{"id":13614,"url":"https:\/\/larevistadigital.com.ar\/blog\/un-pacificador-vecino-corto-la-pelea-entre-dos-hermanos-de-un-escopetazo\/","url_meta":{"origin":30919,"position":3},"title":"UN \u00abPACIFICADOR\u00bb: VECINO CORT\u00d3 LA PELEA ENTRE DOS HERMANOS DE UN ESCOPETAZO!","author":"Alejandro Sosa Ruda","date":"11 diciembre, 2019","format":false,"excerpt":"Sucedi\u00f3 en el barrio Las Heras. El herido de 20 a\u00f1os recibi\u00f3 varios perdigonazos en una de sus piernas. Est\u00e1 fuera de peligro. MAR DEL PLATA - Una nueva pelea a golpes de pu\u00f1o y piedrazos entre dos hermanos de 18 y 20 a\u00f1os termin\u00f3 con el mayor trasladado al\u2026","rel":"","context":"En \u00abPOLICIALES\u00bb","block_context":{"text":"POLICIALES","link":"https:\/\/larevistadigital.com.ar\/blog\/category\/policiales\/"},"img":{"alt_text":"","src":"https:\/\/i0.wp.com\/larevistadigital.com.ar\/blog\/wp-content\/uploads\/1552417256-escopeta.jpg?fit=1200%2C675&ssl=1&resize=350%2C200","width":350,"height":200,"srcset":"https:\/\/i0.wp.com\/larevistadigital.com.ar\/blog\/wp-content\/uploads\/1552417256-escopeta.jpg?fit=1200%2C675&ssl=1&resize=350%2C200 1x, https:\/\/i0.wp.com\/larevistadigital.com.ar\/blog\/wp-content\/uploads\/1552417256-escopeta.jpg?fit=1200%2C675&ssl=1&resize=525%2C300 1.5x, https:\/\/i0.wp.com\/larevistadigital.com.ar\/blog\/wp-content\/uploads\/1552417256-escopeta.jpg?fit=1200%2C675&ssl=1&resize=700%2C400 2x, https:\/\/i0.wp.com\/larevistadigital.com.ar\/blog\/wp-content\/uploads\/1552417256-escopeta.jpg?fit=1200%2C675&ssl=1&resize=1050%2C600 3x"},"classes":[]},{"id":24124,"url":"https:\/\/larevistadigital.com.ar\/blog\/una-pelea-entre-dos-jovenes-en-la-costanera-termino-con-uno-de-ellos-herido-de-bala\/","url_meta":{"origin":30919,"position":4},"title":"UNA PELEA ENTRE DOS JOVENES EN LA COSTANERA, TERMIN\u00d3 CON UNO DE ELLOS HERIDO DE BALA","author":"Alejandro Sosa Ruda","date":"20 febrero, 2022","format":false,"excerpt":"Todo sucedi\u00f3 por una mujer. El herido se encuentra en buen estado de salud, y estar\u00eda internado hasta ma\u00f1ana. La polic\u00eda mantiene una intensa b\u00fasqueda para dar con el agresor. CHASCOM\u00daS -\u00a0 Sucedi\u00f3 por la tarde del s\u00e1bado, en avda. Costanera y Mitre, cuando una discusi\u00f3n entre dos muchachos aparentemente\u2026","rel":"","context":"En \u00abDESTACADAS\u00bb","block_context":{"text":"DESTACADAS","link":"https:\/\/larevistadigital.com.ar\/blog\/category\/destacadas\/"},"img":{"alt_text":"","src":"https:\/\/i0.wp.com\/larevistadigital.com.ar\/blog\/wp-content\/uploads\/Screenshot_1-121.jpg?fit=1007%2C565&ssl=1&resize=350%2C200","width":350,"height":200,"srcset":"https:\/\/i0.wp.com\/larevistadigital.com.ar\/blog\/wp-content\/uploads\/Screenshot_1-121.jpg?fit=1007%2C565&ssl=1&resize=350%2C200 1x, https:\/\/i0.wp.com\/larevistadigital.com.ar\/blog\/wp-content\/uploads\/Screenshot_1-121.jpg?fit=1007%2C565&ssl=1&resize=525%2C300 1.5x, https:\/\/i0.wp.com\/larevistadigital.com.ar\/blog\/wp-content\/uploads\/Screenshot_1-121.jpg?fit=1007%2C565&ssl=1&resize=700%2C400 2x"},"classes":[]},{"id":36326,"url":"https:\/\/larevistadigital.com.ar\/blog\/chascomus-pelea-herido-de-bala-y-posterior-allanamiento\/","url_meta":{"origin":30919,"position":5},"title":"CHASCOM\u00daS: PELEA, HERIDO DE BALA Y POSTERIOR ALLANAMIENTO","author":"Alejandro Sosa Ruda","date":"15 junio, 2024","format":false,"excerpt":"El herido no realiz\u00f3 denuncia. 15 de Junio de 2024 CHASCOM\u00daS -\u00a0 El dia lunes pasado en horas de la noche y tras discusi\u00f3n entre dos vecinos del Barrio de La Noria Chica, una persona masculina mayor de edad recibio un disparo de arma de fuego en el gemelo de\u2026","rel":"","context":"En \u00abDESTACADAS\u00bb","block_context":{"text":"DESTACADAS","link":"https:\/\/larevistadigital.com.ar\/blog\/category\/destacadas\/"},"img":{"alt_text":"","src":"https:\/\/i0.wp.com\/larevistadigital.com.ar\/blog\/wp-content\/uploads\/POLICIA.png?fit=1002%2C658&ssl=1&resize=350%2C200","width":350,"height":200,"srcset":"https:\/\/i0.wp.com\/larevistadigital.com.ar\/blog\/wp-content\/uploads\/POLICIA.png?fit=1002%2C658&ssl=1&resize=350%2C200 1x, https:\/\/i0.wp.com\/larevistadigital.com.ar\/blog\/wp-content\/uploads\/POLICIA.png?fit=1002%2C658&ssl=1&resize=525%2C300 1.5x, https:\/\/i0.wp.com\/larevistadigital.com.ar\/blog\/wp-content\/uploads\/POLICIA.png?fit=1002%2C658&ssl=1&resize=700%2C400 2x"},"classes":[]}],"_links":{"self":[{"href":"https:\/\/larevistadigital.com.ar\/blog\/wp-json\/wp\/v2\/posts\/30919","targetHints":{"allow":["GET"]}}],"collection":[{"href":"https:\/\/larevistadigital.com.ar\/blog\/wp-json\/wp\/v2\/posts"}],"about":[{"href":"https:\/\/larevistadigital.com.ar\/blog\/wp-json\/wp\/v2\/types\/post"}],"author":[{"embeddable":true,"href":"https:\/\/larevistadigital.com.ar\/blog\/wp-json\/wp\/v2\/users\/3"}],"replies":[{"embeddable":true,"href":"https:\/\/larevistadigital.com.ar\/blog\/wp-json\/wp\/v2\/comments?post=30919"}],"version-history":[{"count":1,"href":"https:\/\/larevistadigital.com.ar\/blog\/wp-json\/wp\/v2\/posts\/30919\/revisions"}],"predecessor-version":[{"id":30920,"href":"https:\/\/larevistadigital.com.ar\/blog\/wp-json\/wp\/v2\/posts\/30919\/revisions\/30920"}],"wp:featuredmedia":[{"embeddable":true,"href":"https:\/\/larevistadigital.com.ar\/blog\/wp-json\/wp\/v2\/media\/14089"}],"wp:attachment":[{"href":"https:\/\/larevistadigital.com.ar\/blog\/wp-json\/wp\/v2\/media?parent=30919"}],"wp:term":[{"taxonomy":"category","embeddable":true,"href":"https:\/\/larevistadigital.com.ar\/blog\/wp-json\/wp\/v2\/categories?post=30919"},{"taxonomy":"post_tag","embeddable":true,"href":"https:\/\/larevistadigital.com.ar\/blog\/wp-json\/wp\/v2\/tags?post=30919"}],"curies":[{"name":"wp","href":"https:\/\/api.w.org\/{rel}","templated":true}]}}