{"id":30923,"date":"2023-04-06T17:35:38","date_gmt":"2023-04-06T17:35:38","guid":{"rendered":"https:\/\/larevistadigital.com.ar\/blog\/?p=30923"},"modified":"2023-04-06T17:35:38","modified_gmt":"2023-04-06T17:35:38","slug":"chascomus-suteba-adquirio-un-predio-de-22-hectareas","status":"publish","type":"post","link":"https:\/\/larevistadigital.com.ar\/blog\/chascomus-suteba-adquirio-un-predio-de-22-hectareas\/","title":{"rendered":"CHASCOM\u00daS: SUTEBA ADQUIRI\u00d3 UN PREDIO DE 22 HECT\u00c1REAS"},"content":{"rendered":"<h2>Se escritur\u00f3 la compra de un predio de 22 hect\u00e1reas en Chascom\u00fas.<\/h2>\n<div>6 de abril de 2023<\/div>\n<div><\/div>\n<div><strong>CHASCOM\u00daS &#8211;\u00a0<\/strong> El <strong>SUTEBA<\/strong> escritur\u00f3 la compra de un predio en Chascom\u00fas de 22 hect\u00e1reas, que se suma a las instalaciones del Sindicato y que ser\u00e1 un nuevo espacio que podr\u00e1n disfrutar los afiliados.<\/div>\n<blockquote>\n<h3>El predio se encuentra a 3 kil\u00f3metros de la laguna de Chascom\u00fas y est\u00e1 ubicado sobre la Ruta 2, siendo de f\u00e1cil acceso. Cuenta con una casona, una casa de hu\u00e9spedes y galpones que ser\u00e1n, en un futuro, salones de fiestas o quinchos; adem\u00e1s de un gran espacio verde, seg\u00fan inform\u00f3 la p\u00e1gina del sindicato.<\/h3>\n<\/blockquote>\n<div><em><strong>\u00abNuestra Organizaci\u00f3n Sindical ya se encuentra proyectando las obras a realizar en este nuevo espacio, en el que hay mucho por hacer, pero que ser\u00e1 acondicionado para la comodidad y el disfrute de nuestros afiliados y sus familias, con el objetivo de seguir promoviendo el Turismo y la recreaci\u00f3n.\u00bb<\/strong><\/em>, informaron.<\/div>\n<div><\/div>\n<div>En la firma de la escritura estuvieron presentes <strong>Roberto Baradel<\/strong>, Secretario General del SUTEBA, y <strong>Graciela Saad<\/strong>, Secretaria de Finanzas, quien subray\u00f3:\u00a0<strong><em>\u00abEstamos profundamente orgullosxs porque desde nuestra Organizaci\u00f3n pudimos sumar un espacio de ensue\u00f1o para nuestros afiliados\u00bb.<\/em><\/strong><\/div>\n<div><\/div>\n","protected":false},"excerpt":{"rendered":"<div class=\"mh-excerpt\"><p>Se escritur\u00f3 la compra de un predio de 22 hect\u00e1reas en Chascom\u00fas. 6 de abril de 2023 CHASCOM\u00daS &#8211;\u00a0 El SUTEBA escritur\u00f3 la compra de un predio en Chascom\u00fas de 22 hect\u00e1reas, que se suma <a class=\"mh-excerpt-more\" href=\"https:\/\/larevistadigital.com.ar\/blog\/chascomus-suteba-adquirio-un-predio-de-22-hectareas\/\" title=\"CHASCOM\u00daS: SUTEBA ADQUIRI\u00d3 UN PREDIO DE 22 HECT\u00c1REAS\">[Leer M\u00e1s]<\/a><\/p>\n<\/div>","protected":false},"author":3,"featured_media":30924,"comment_status":"open","ping_status":"open","sticky":false,"template":"","format":"standard","meta":{"_jetpack_memberships_contains_paid_content":false,"footnotes":"","jetpack_publicize_message":"","jetpack_publicize_feature_enabled":true,"jetpack_social_post_already_shared":true,"jetpack_social_options":{"image_generator_settings":{"template":"highway","default_image_id":0,"font":"","enabled":false},"version":2}},"categories":[10,50,23],"tags":[],"class_list":{"0":"post-30923","1":"post","2":"type-post","3":"status-publish","4":"format-standard","5":"has-post-thumbnail","7":"category-gremiales","8":"category-interes-general","9":"category-politica-local"},"jetpack_publicize_connections":[],"jetpack_featured_media_url":"https:\/\/i0.wp.com\/larevistadigital.com.ar\/blog\/wp-content\/uploads\/98229_8048.jpeg?fit=1600%2C900&ssl=1","jetpack_sharing_enabled":true,"jetpack_shortlink":"https:\/\/wp.me\/p8qtrQ-82L","jetpack-related-posts":[{"id":43927,"url":"https:\/\/larevistadigital.com.ar\/blog\/chascomus-avanza-a-buen-ritmo-la-obra-del-espacio-comunitario-en-el-barrio-la-esmeralda\/","url_meta":{"origin":30923,"position":0},"title":"Chascom\u00fas: Avanza a buen ritmo la obra del Espacio Comunitario en el barrio La Esmeralda","author":"Alejandro Sosa Ruda","date":"11 febrero, 2026","format":false,"excerpt":"Durante los \u00faltimos d\u00edas los trabajos se concentraron en el levantamiento de las paredes, luego de concluidos los cimientos Contin\u00faa avanzando a buen ritmo, la obra del Espacio Comunitario del barrio La Esmeralda, m\u00e1s precisamente en el predio municipal que se encuentra ubicado en las calles Petronila Casco de Bordeu\u2026","rel":"","context":"En \u00abCHASCOM\u00daS\u00bb","block_context":{"text":"CHASCOM\u00daS","link":"https:\/\/larevistadigital.com.ar\/blog\/category\/chascomus\/"},"img":{"alt_text":"","src":"https:\/\/i0.wp.com\/larevistadigital.com.ar\/blog\/wp-content\/uploads\/698cbc539656a.png?fit=668%2C445&ssl=1&resize=350%2C200","width":350,"height":200,"srcset":"https:\/\/i0.wp.com\/larevistadigital.com.ar\/blog\/wp-content\/uploads\/698cbc539656a.png?fit=668%2C445&ssl=1&resize=350%2C200 1x, https:\/\/i0.wp.com\/larevistadigital.com.ar\/blog\/wp-content\/uploads\/698cbc539656a.png?fit=668%2C445&ssl=1&resize=525%2C300 1.5x"},"classes":[]},{"id":11597,"url":"https:\/\/larevistadigital.com.ar\/blog\/chascomus-gaston-entrego-concesion-del-balneario-san-jose-a-empresario-chino-que-ya-posee-un-supermercado-en-la-ciudad\/","url_meta":{"origin":30923,"position":1},"title":"CHASCOM\u00daS: GAST\u00d3N ENTREG\u00d3 CONCESI\u00d3N DEL BALNEARIO SAN JOS\u00c9 A EMPRESARIO CHINO, QUE YA POSEE UN SUPERMERCADO EN LA CIUDAD","author":"Alejandro Sosa Ruda","date":"28 julio, 2019","format":false,"excerpt":"El intendente Javier Gast\u00f3n firm\u00f3 el Contrato de Concesi\u00f3n del Balneario San Jos\u00e9 para la explotaci\u00f3n de servicios destinados a la gastronom\u00eda, balneario, usos recreativos, deportivos y culturales. En este sentido y luego de haber rescindido el contrato del anterior concesionario, se realizaron dos llamados a licitaci\u00f3n sin presentarse oferentes\u2026","rel":"","context":"En \u00abCHASCOM\u00daS\u00bb","block_context":{"text":"CHASCOM\u00daS","link":"https:\/\/larevistadigital.com.ar\/blog\/category\/chascomus\/"},"img":{"alt_text":"","src":"https:\/\/i0.wp.com\/larevistadigital.com.ar\/blog\/wp-content\/uploads\/2019_07_26_17_15_26_6250915.jpg?fit=600%2C374&ssl=1&resize=350%2C200","width":350,"height":200,"srcset":"https:\/\/i0.wp.com\/larevistadigital.com.ar\/blog\/wp-content\/uploads\/2019_07_26_17_15_26_6250915.jpg?fit=600%2C374&ssl=1&resize=350%2C200 1x, https:\/\/i0.wp.com\/larevistadigital.com.ar\/blog\/wp-content\/uploads\/2019_07_26_17_15_26_6250915.jpg?fit=600%2C374&ssl=1&resize=525%2C300 1.5x"},"classes":[]},{"id":21489,"url":"https:\/\/larevistadigital.com.ar\/blog\/se-judicializa-el-proyecto-del-basural-en-la-ruta-20-vecinos-denuncian-al-municipio-con-un-amparo\/","url_meta":{"origin":30923,"position":2},"title":"SE JUDICIALIZA EL PROYECTO DEL BASURAL EN LA RUTA 20: VECINOS DENUNCIAN AL MUNICIPIO CON UN AMPARO","author":"Alejandro Sosa Ruda","date":"11 agosto, 2021","format":false,"excerpt":"Los Autoconvocados de Ruta 20 informamos que varios vecinos cercanos al predio donde la Municipalidad de Chascom\u00fas pretende instalar un basural ilegal presentaron un amparo ante la justicia provincial de Dolores denunciando las irregularidades del proyecto. Son patrocinados por el prestigioso abogado Jos\u00e9 Ochoa. Tanto la Municipalidad como el Ministerio\u2026","rel":"","context":"En \u00abINTERES GENERAL\u00bb","block_context":{"text":"INTERES GENERAL","link":"https:\/\/larevistadigital.com.ar\/blog\/category\/interes-general\/"},"img":{"alt_text":"","src":"https:\/\/i0.wp.com\/larevistadigital.com.ar\/blog\/wp-content\/uploads\/2019\/04\/Basural-660x330.jpg?fit=660%2C330&ssl=1&resize=350%2C200","width":350,"height":200,"srcset":"https:\/\/i0.wp.com\/larevistadigital.com.ar\/blog\/wp-content\/uploads\/2019\/04\/Basural-660x330.jpg?fit=660%2C330&ssl=1&resize=350%2C200 1x, https:\/\/i0.wp.com\/larevistadigital.com.ar\/blog\/wp-content\/uploads\/2019\/04\/Basural-660x330.jpg?fit=660%2C330&ssl=1&resize=525%2C300 1.5x"},"classes":[]},{"id":40228,"url":"https:\/\/larevistadigital.com.ar\/blog\/chascomus-se-realizo-hormigonado-del-playon-urbano-en-la-vieja-estacion\/","url_meta":{"origin":30923,"position":3},"title":"Chascom\u00fas: Se realiz\u00f3 hormigonado del Play\u00f3n Urbano en la Vieja Estaci\u00f3n","author":"Alejandro Sosa Ruda","date":"30 junio, 2025","format":false,"excerpt":"Sobre esta base se instalar\u00e1n rampas y equipamiento adecuado para la pr\u00e1ctica de deportes y la realizaci\u00f3n de actividades culturales. 30 de Junio de 2025 CHASCOM\u00daS -\u00a0 \u00a0En los \u00faltimos d\u00edas se realizaron trabajos de hormigonado en el Play\u00f3n Urbano que se construye en el predio de la Vieja Estaci\u00f3n.\u2026","rel":"","context":"En \u00abCHASCOM\u00daS\u00bb","block_context":{"text":"CHASCOM\u00daS","link":"https:\/\/larevistadigital.com.ar\/blog\/category\/chascomus\/"},"img":{"alt_text":"","src":"https:\/\/i0.wp.com\/larevistadigital.com.ar\/blog\/wp-content\/uploads\/6862bc61908ad.png?fit=668%2C445&ssl=1&resize=350%2C200","width":350,"height":200,"srcset":"https:\/\/i0.wp.com\/larevistadigital.com.ar\/blog\/wp-content\/uploads\/6862bc61908ad.png?fit=668%2C445&ssl=1&resize=350%2C200 1x, https:\/\/i0.wp.com\/larevistadigital.com.ar\/blog\/wp-content\/uploads\/6862bc61908ad.png?fit=668%2C445&ssl=1&resize=525%2C300 1.5x"},"classes":[]},{"id":41533,"url":"https:\/\/larevistadigital.com.ar\/blog\/chascomus-un-detenido-por-robar-en-una-casa-rodante-del-circo\/","url_meta":{"origin":30923,"position":4},"title":"Chascom\u00fas: un detenido por robar en una casa rodante del circo","author":"Alejandro Sosa Ruda","date":"19 septiembre, 2025","format":false,"excerpt":"El hecho ocurri\u00f3 en el predio de la Sociedad Rural. La polic\u00eda detuvo a uno de los sospechosos, mientras que el otro logr\u00f3 escapar. 19 de Septiembre de 2025 CHASCOM\u00daS -\u00a0 \u00a0Un hombre fue detenido en las \u00faltimas horas acusado de robar en una casa rodante perteneciente al personal de\u2026","rel":"","context":"En \u00abCHASCOM\u00daS\u00bb","block_context":{"text":"CHASCOM\u00daS","link":"https:\/\/larevistadigital.com.ar\/blog\/category\/chascomus\/"},"img":{"alt_text":"","src":"https:\/\/i0.wp.com\/larevistadigital.com.ar\/blog\/wp-content\/uploads\/1620734311775.jpg?fit=1200%2C777&ssl=1&resize=350%2C200","width":350,"height":200,"srcset":"https:\/\/i0.wp.com\/larevistadigital.com.ar\/blog\/wp-content\/uploads\/1620734311775.jpg?fit=1200%2C777&ssl=1&resize=350%2C200 1x, https:\/\/i0.wp.com\/larevistadigital.com.ar\/blog\/wp-content\/uploads\/1620734311775.jpg?fit=1200%2C777&ssl=1&resize=525%2C300 1.5x, https:\/\/i0.wp.com\/larevistadigital.com.ar\/blog\/wp-content\/uploads\/1620734311775.jpg?fit=1200%2C777&ssl=1&resize=700%2C400 2x, https:\/\/i0.wp.com\/larevistadigital.com.ar\/blog\/wp-content\/uploads\/1620734311775.jpg?fit=1200%2C777&ssl=1&resize=1050%2C600 3x"},"classes":[]},{"id":41737,"url":"https:\/\/larevistadigital.com.ar\/blog\/chascomus-javier-gaston-participo-de-la-inauguracion-del-festival-internacional-de-cine-de-la-provincia\/","url_meta":{"origin":30923,"position":5},"title":"Chascom\u00fas: Javier Gast\u00f3n particip\u00f3 de la inauguraci\u00f3n del Festival Internacional de Cine de la Provincia","author":"Alejandro Sosa Ruda","date":"3 octubre, 2025","format":false,"excerpt":"El encuentro se extender\u00e1 hasta el 9 de octubre con una programaci\u00f3n abierta y gratuita. Este s\u00e1bado, habr\u00e1 una funci\u00f3n en el predio del Club Tiro Federal. 03 de Octobre de 2025 CHASCOM\u00daS\u00a0 -\u00a0 \u00a0El intendente Javier Gast\u00f3n y el secretario de Cultura, Deporte y Relaciones Institucionales, Pablo N\u00e1poli, asistieron\u2026","rel":"","context":"En \u00abCHASCOM\u00daS\u00bb","block_context":{"text":"CHASCOM\u00daS","link":"https:\/\/larevistadigital.com.ar\/blog\/category\/chascomus\/"},"img":{"alt_text":"","src":"https:\/\/i0.wp.com\/larevistadigital.com.ar\/blog\/wp-content\/uploads\/68e007b0372de.png?fit=668%2C445&ssl=1&resize=350%2C200","width":350,"height":200,"srcset":"https:\/\/i0.wp.com\/larevistadigital.com.ar\/blog\/wp-content\/uploads\/68e007b0372de.png?fit=668%2C445&ssl=1&resize=350%2C200 1x, https:\/\/i0.wp.com\/larevistadigital.com.ar\/blog\/wp-content\/uploads\/68e007b0372de.png?fit=668%2C445&ssl=1&resize=525%2C300 1.5x"},"classes":[]}],"_links":{"self":[{"href":"https:\/\/larevistadigital.com.ar\/blog\/wp-json\/wp\/v2\/posts\/30923","targetHints":{"allow":["GET"]}}],"collection":[{"href":"https:\/\/larevistadigital.com.ar\/blog\/wp-json\/wp\/v2\/posts"}],"about":[{"href":"https:\/\/larevistadigital.com.ar\/blog\/wp-json\/wp\/v2\/types\/post"}],"author":[{"embeddable":true,"href":"https:\/\/larevistadigital.com.ar\/blog\/wp-json\/wp\/v2\/users\/3"}],"replies":[{"embeddable":true,"href":"https:\/\/larevistadigital.com.ar\/blog\/wp-json\/wp\/v2\/comments?post=30923"}],"version-history":[{"count":1,"href":"https:\/\/larevistadigital.com.ar\/blog\/wp-json\/wp\/v2\/posts\/30923\/revisions"}],"predecessor-version":[{"id":30925,"href":"https:\/\/larevistadigital.com.ar\/blog\/wp-json\/wp\/v2\/posts\/30923\/revisions\/30925"}],"wp:featuredmedia":[{"embeddable":true,"href":"https:\/\/larevistadigital.com.ar\/blog\/wp-json\/wp\/v2\/media\/30924"}],"wp:attachment":[{"href":"https:\/\/larevistadigital.com.ar\/blog\/wp-json\/wp\/v2\/media?parent=30923"}],"wp:term":[{"taxonomy":"category","embeddable":true,"href":"https:\/\/larevistadigital.com.ar\/blog\/wp-json\/wp\/v2\/categories?post=30923"},{"taxonomy":"post_tag","embeddable":true,"href":"https:\/\/larevistadigital.com.ar\/blog\/wp-json\/wp\/v2\/tags?post=30923"}],"curies":[{"name":"wp","href":"https:\/\/api.w.org\/{rel}","templated":true}]}}