{"id":30956,"date":"2023-04-08T13:39:02","date_gmt":"2023-04-08T13:39:02","guid":{"rendered":"https:\/\/larevistadigital.com.ar\/blog\/?p=30956"},"modified":"2023-04-08T13:39:02","modified_gmt":"2023-04-08T13:39:02","slug":"esto-paso-un-dia-como-hoy-8-de-abril","status":"publish","type":"post","link":"https:\/\/larevistadigital.com.ar\/blog\/esto-paso-un-dia-como-hoy-8-de-abril\/","title":{"rendered":"ESTO PAS\u00d3 UN D\u00cdA COMO HOY, 8 DE ABRIL"},"content":{"rendered":"<p class=\"paragraph\" data-mrf-recirculation=\"Links inline\">En un 8 de abril, pero de 2001, los presidentes de M\u00e9xico, Colombia y Venezuela acuerdan en la I Cumbre del Grupo de los Tres (G3) impulsar la concertaci\u00f3n pol\u00edtica, econ\u00f3mica y la cooperaci\u00f3n trilateral para relanzar ese <span style=\"color: #ff0000\"><strong>\u00f3rgano integrador.<\/strong><\/span><\/p>\n<p class=\"paragraph\" data-mrf-recirculation=\"Links inline\"><span style=\"color: #ff0000\"><strong>OTRAS EFEM\u00c9RIDES<\/strong><\/span><\/p>\n<p class=\"paragraph\" data-mrf-recirculation=\"Links inline\">1814.- Se libra en Chile el Combate de Quechereguas, en el que el ej\u00e9rcito nacional derrota al espa\u00f1ol.<\/p>\n<p class=\"paragraph\" data-mrf-recirculation=\"Links inline\">1899.- Martha M. Place se convierte en la primera mujer en ser ajusticiada en la silla el\u00e9ctrica en Estados Unidos.<\/p>\n<p class=\"paragraph\" data-mrf-recirculation=\"Links inline\">1902.- Tratado chino-ruso por el que Rusia se compromete a abandonar Manchuria.<\/p>\n<p class=\"paragraph\" data-mrf-recirculation=\"Links inline\">1904.- Convenio entre Inglaterra y Francia por el que el primer pa\u00eds reconoce al segundo libertad de acci\u00f3n en Marruecos, a condici\u00f3n de que respete las posesiones y derechos espa\u00f1oles en \u00c1frica.<\/p>\n<p class=\"paragraph\" data-mrf-recirculation=\"Links inline\">1950.- India y Pakist\u00e1n firman el Pacto de Delhi.<\/p>\n<p class=\"paragraph\" data-mrf-recirculation=\"Links inline\">1965.- Firma del Tratado de Bruselas por el que se constituye un consejo \u00fanico y una Comisi\u00f3n \u00fanica de las Comunidades Europeas (CECA, CEE y EURATOM).<\/p>\n<p class=\"paragraph\" data-mrf-recirculation=\"Links inline\">1971.- La C\u00e1mara de Diputados de Chile aprueba la expropiaci\u00f3n de empresas estadounidenses.<\/p>\n<p class=\"paragraph\" data-mrf-recirculation=\"Links inline\">.- Se celebra en Londres el primer Congreso Mundial del Pueblo Gitano.<\/p>\n<p class=\"paragraph\" data-mrf-recirculation=\"Links inline\">1989.- La SWAPO ordena a sus guerrillas que se retiren del territorio de Namibia para facilitar un compromiso de paz.<\/p>\n<p class=\"paragraph\" data-mrf-recirculation=\"Links inline\">1990.- Joszef Antall, l\u00edder del Foro Democr\u00e1tico, vence en las primeras elecciones democr\u00e1ticas celebradas en Hungr\u00eda en cuarenta a\u00f1os.<\/p>\n<p class=\"paragraph\" data-mrf-recirculation=\"Links inline\">1993.- La Asamblea General de la ONU aprueba la admisi\u00f3n de la ex rep\u00fablica yugoslava de Macedonia, que es el 181 miembro de la organizaci\u00f3n.<\/p>\n<p class=\"paragraph\" data-mrf-recirculation=\"Links inline\">1994.- Juan Pablo II inaugura la restaurada Capilla Sixtina.<\/p>\n<p class=\"paragraph\" data-mrf-recirculation=\"Links inline\">2000.- El Gobierno boliviano decreta el estado de sitio para acabar con las protestas que manten\u00edan paralizado el pa\u00eds y amenazaban con extender el \u00abcaos\u00bb a todo el territorio.<\/p>\n<p class=\"paragraph\" data-mrf-recirculation=\"Links inline\">2003.- Tres periodistas, entre ellos el c\u00e1mara espa\u00f1ol Jos\u00e9 Couso, mueren en Bagdad. Dos de ellos al alcanzar un proyectil norteamericano el hotel en el que se hospedaban y otro, en el ataque contra la sede del canal de televisi\u00f3n qatar\u00ed Al Yazira.<\/p>\n<p class=\"paragraph\" data-mrf-recirculation=\"Links inline\">2004.- El presidente argelino, Abdelaziz Buteflika, es reelegido para un nuevo mandato quinquenal.<\/p>\n<p class=\"paragraph\" data-mrf-recirculation=\"Links inline\">2005.- Entierro del papa Juan Pablo II en Roma; asisten mandatarios de todo el mundo.<\/p>\n<p class=\"paragraph\" data-mrf-recirculation=\"Links inline\">2005.- El Tribunal Supremo de Per\u00fa declara nula la condena dictada contra el ex asesor presidencial Vladimiro Montesinos y el exfutbolista H\u00e9ctor Chumpitaz por asociaci\u00f3n il\u00edcita para delinquir y peculado en un caso de malversaci\u00f3n de fondos p\u00fablicos.<\/p>\n<p class=\"paragraph\" data-mrf-recirculation=\"Links inline\">2013.- Concluye con \u00e9xito la exhumaci\u00f3n de los restos del poeta Pablo Neruda para determinar si fue asesinado.<\/p>\n<p class=\"paragraph\" data-mrf-recirculation=\"Links inline\">2015.- Un jurado declara a Dzhokhar Tsarnaev culpable del atentado de Boston de 2013, en el que murieron tres personas y 264 resultaron heridas.<\/p>\n<p class=\"paragraph\" data-mrf-recirculation=\"Links inline\">2017.- La banda terrorista ETA entrega 120 armas y 3 toneladas de explosivos a las autoridades francesas.<\/p>\n<p class=\"paragraph\" data-mrf-recirculation=\"Links inline\">2018.- El gobernante partido Fidesz, del primer ministro Viktor Orb\u00e1n, gana las legislativas h\u00fangaras con casi el 50 % de los votos.<\/p>\n<p class=\"paragraph\" data-mrf-recirculation=\"Links inline\">2019.- El papa Francisco aprueba el decreto que reconoce el milagro realizado por la intercesi\u00f3n del sacerdote brasile\u00f1o Donizetti Tavares de Lima, por el que podr\u00e1 ser beatificado.<\/p>\n<p class=\"paragraph\" data-mrf-recirculation=\"Links inline\">2020.- En Wuhan, Provincia de Hubei, se levantan las medidas de aislamiento en la ciudad g\u00e9nesis de la pandemia de covid-19.<\/p>\n<h3 class=\"paragraph\" data-mrf-recirculation=\"Links inline\"><span style=\"color: #ff0000\">NACIMIENTOS<\/span><\/h3>\n<p class=\"paragraph\" data-mrf-recirculation=\"Links inline\">1605.- Felipe IV, rey espa\u00f1ol.<\/p>\n<p class=\"paragraph\" data-mrf-recirculation=\"Links inline\">1892.- Mary Pickford, actriz estadounidense.<\/p>\n<p class=\"paragraph\" data-mrf-recirculation=\"Links inline\">1911.- Emil Cioran, fil\u00f3sofo rumano.<\/p>\n<p class=\"paragraph\" data-mrf-recirculation=\"Links inline\">1914.- Mar\u00eda F\u00e9lix, actriz mexicana.<\/p>\n<p class=\"paragraph\" data-mrf-recirculation=\"Links inline\">1921.- Franco Corelli, tenor italiano.<\/p>\n<p class=\"paragraph\" data-mrf-recirculation=\"Links inline\">1929.- Jacques Brel, cantautor belga.<\/p>\n<p class=\"paragraph\" data-mrf-recirculation=\"Links inline\">1931.- John Gavin, actor estadounidense de cine.<\/p>\n<p class=\"paragraph\" data-mrf-recirculation=\"Links inline\">1938.- Kofi Annan, ghan\u00e9s, ex secretario general de la ONU.<\/p>\n<p class=\"paragraph\" data-mrf-recirculation=\"Links inline\">1969.- Dulce Pontes, cantante portuguesa.<\/p>\n<h3 class=\"paragraph\" data-mrf-recirculation=\"Links inline\"><span style=\"color: #ff0000\">DEFUNCIONES<\/span><\/h3>\n<p class=\"paragraph\" data-mrf-recirculation=\"Links inline\">1848.- Gaetano Donizetti, compositor italiano.<\/p>\n<p class=\"paragraph\" data-mrf-recirculation=\"Links inline\">1950.- Vaslav Nijinsky, bailar\u00edn ruso.<\/p>\n<p class=\"paragraph\" data-mrf-recirculation=\"Links inline\">1973.- Pablo Ruiz Picasso, pintor espa\u00f1ol.<\/p>\n<p class=\"paragraph\" data-mrf-recirculation=\"Links inline\">1993.- Marian Anderson, cantante estadounidense de \u00f3pera.<\/p>\n<p class=\"paragraph\" data-mrf-recirculation=\"Links inline\">1996.- Leon Klimovski, cineasta argentino.<\/p>\n<p class=\"paragraph\" data-mrf-recirculation=\"Links inline\">2000.- Claire Trevor, actriz de cine.<\/p>\n<p class=\"paragraph\" data-mrf-recirculation=\"Links inline\">2002.- Mar\u00eda F\u00e9lix, actriz mexicana.<\/p>\n<p class=\"paragraph\" data-mrf-recirculation=\"Links inline\">.- Josef Svoboda, fundador y director art\u00edstico de la Linterna M\u00e1gica de Praga.<\/p>\n<p class=\"paragraph\" data-mrf-recirculation=\"Links inline\">2013.- Jos\u00e9 Luis Sampedro, escritor y humanista espa\u00f1ol.<\/p>\n<p class=\"paragraph\" data-mrf-recirculation=\"Links inline\">.- Margaret Thatcher, ex primera ministra brit\u00e1nica.<\/p>\n<p class=\"paragraph\" data-mrf-recirculation=\"Links inline\">2014.- Karlheinz Deschner, historiador alem\u00e1n.<\/p>\n<p class=\"paragraph\" data-mrf-recirculation=\"Links inline\">2019.- H\u00e9ctor del Mar, periodista deportivo hispano-argentino.<\/p>\n","protected":false},"excerpt":{"rendered":"<div class=\"mh-excerpt\"><p>En un 8 de abril, pero de 2001, los presidentes de M\u00e9xico, Colombia y Venezuela acuerdan en la I Cumbre del Grupo de los Tres (G3) impulsar la concertaci\u00f3n pol\u00edtica, econ\u00f3mica y la cooperaci\u00f3n trilateral <a class=\"mh-excerpt-more\" href=\"https:\/\/larevistadigital.com.ar\/blog\/esto-paso-un-dia-como-hoy-8-de-abril\/\" title=\"ESTO PAS\u00d3 UN D\u00cdA COMO HOY, 8 DE ABRIL\">[Leer M\u00e1s]<\/a><\/p>\n<\/div>","protected":false},"author":3,"featured_media":16747,"comment_status":"open","ping_status":"open","sticky":false,"template":"","format":"standard","meta":{"_jetpack_memberships_contains_paid_content":false,"footnotes":"","jetpack_publicize_message":"","jetpack_publicize_feature_enabled":true,"jetpack_social_post_already_shared":true,"jetpack_social_options":{"image_generator_settings":{"template":"highway","default_image_id":0,"font":"","enabled":false},"version":2}},"categories":[15],"tags":[],"class_list":{"0":"post-30956","1":"post","2":"type-post","3":"status-publish","4":"format-standard","5":"has-post-thumbnail","7":"category-cultura"},"jetpack_publicize_connections":[],"jetpack_featured_media_url":"https:\/\/i0.wp.com\/larevistadigital.com.ar\/blog\/wp-content\/uploads\/LOGO-EFEMERIDES.jpg?fit=1268%2C664&ssl=1","jetpack_sharing_enabled":true,"jetpack_shortlink":"https:\/\/wp.me\/p8qtrQ-83i","jetpack-related-posts":[{"id":35531,"url":"https:\/\/larevistadigital.com.ar\/blog\/se-inicia-el-cronograma-anual-de-vacunacion-antirrabica-gratuita\/","url_meta":{"origin":30956,"position":0},"title":"SE INICIA EL CRONOGRAMA ANUAL DE VACUNACI\u00d3N ANTIRR\u00c1BICA GRATUITA","author":"Alejandro Sosa Ruda","date":"13 marzo, 2024","format":false,"excerpt":"El pr\u00f3ximo lunes se inicia el calendario de inmunizaci\u00f3n contra la rabia para animales dom\u00e9sticos que lleva adelante cada a\u00f1o la Municipalidad de Chascom\u00fas. 13 de marzo de 2024 CHASCOM\u00daS -\u00a0 Como es habitual, el equipo de la Direcci\u00f3n de Bromatolog\u00eda y Zoonosis recorre los barrios para aplicar las vacunas\u2026","rel":"","context":"En \u00abSin categor\u00eda\u00bb","block_context":{"text":"Sin categor\u00eda","link":"https:\/\/larevistadigital.com.ar\/blog\/category\/sin-categoria\/"},"img":{"alt_text":"","src":"https:\/\/i0.wp.com\/larevistadigital.com.ar\/blog\/wp-content\/uploads\/VACUNACION.jpg?fit=700%2C466&ssl=1&resize=350%2C200","width":350,"height":200,"srcset":"https:\/\/i0.wp.com\/larevistadigital.com.ar\/blog\/wp-content\/uploads\/VACUNACION.jpg?fit=700%2C466&ssl=1&resize=350%2C200 1x, https:\/\/i0.wp.com\/larevistadigital.com.ar\/blog\/wp-content\/uploads\/VACUNACION.jpg?fit=700%2C466&ssl=1&resize=525%2C300 1.5x, https:\/\/i0.wp.com\/larevistadigital.com.ar\/blog\/wp-content\/uploads\/VACUNACION.jpg?fit=700%2C466&ssl=1&resize=700%2C400 2x"},"classes":[]},{"id":35732,"url":"https:\/\/larevistadigital.com.ar\/blog\/chascomus-durante-abril-continuara-la-campana-de-vacunacion-antirabica\/","url_meta":{"origin":30956,"position":1},"title":"CHASCOM\u00daS: DURANTE ABRIL CONTINUAR\u00c1 LA CAMPA\u00d1A DE VACUNACI\u00d3N ANTIR\u00c1BICA","author":"Alejandro Sosa Ruda","date":"3 abril, 2024","format":false,"excerpt":"La vacuna debe aplicarse de manera obligatoria a animales dom\u00e9sticos, a partir de los 3 meses de vida, y debe repetirse a\u00f1o tras a\u00f1o. 3 de abril de 2024 CHASCOM\u00daS -\u00a0 El equipo de la Direcci\u00f3n de Bromatolog\u00eda y Zoonosis contin\u00faa recorriendo barrios para aplicar las vacunas a perros y\u2026","rel":"","context":"En \u00abSin categor\u00eda\u00bb","block_context":{"text":"Sin categor\u00eda","link":"https:\/\/larevistadigital.com.ar\/blog\/category\/sin-categoria\/"},"img":{"alt_text":"","src":"https:\/\/i0.wp.com\/larevistadigital.com.ar\/blog\/wp-content\/uploads\/2024_04_04_00_56_33_9131175.jpg?fit=600%2C401&ssl=1&resize=350%2C200","width":350,"height":200,"srcset":"https:\/\/i0.wp.com\/larevistadigital.com.ar\/blog\/wp-content\/uploads\/2024_04_04_00_56_33_9131175.jpg?fit=600%2C401&ssl=1&resize=350%2C200 1x, https:\/\/i0.wp.com\/larevistadigital.com.ar\/blog\/wp-content\/uploads\/2024_04_04_00_56_33_9131175.jpg?fit=600%2C401&ssl=1&resize=525%2C300 1.5x"},"classes":[]},{"id":9873,"url":"https:\/\/larevistadigital.com.ar\/blog\/anses-adelanta-los-pagos-por-el-paro-bancario-del-martes\/","url_meta":{"origin":30956,"position":2},"title":"ANS\u00c9S ADELANTA LOS PAGOS POR EL PARO BANCARIO DEL MARTES","author":"Alejandro Sosa Ruda","date":"27 abril, 2019","format":false,"excerpt":"Debido al paro bancario que se realizar\u00e1 el pr\u00f3ximo martes 30 de abril, la ANSES decidi\u00f3 adelantar los pagos correspondientes a ese d\u00eda, para el l\u00fanes 29\/4. \"Los jubilados y pensionados que cobran por encima de los $11.832 y ten\u00edan fecha de pago para el martes 30 de abril, cobrar\u00e1n\u2026","rel":"","context":"En \u00abCHASCOM\u00daS\u00bb","block_context":{"text":"CHASCOM\u00daS","link":"https:\/\/larevistadigital.com.ar\/blog\/category\/chascomus\/"},"img":{"alt_text":"","src":"https:\/\/i0.wp.com\/larevistadigital.com.ar\/blog\/wp-content\/uploads\/2019\/04\/Screenshot_2-16.jpg?fit=871%2C552&ssl=1&resize=350%2C200","width":350,"height":200,"srcset":"https:\/\/i0.wp.com\/larevistadigital.com.ar\/blog\/wp-content\/uploads\/2019\/04\/Screenshot_2-16.jpg?fit=871%2C552&ssl=1&resize=350%2C200 1x, https:\/\/i0.wp.com\/larevistadigital.com.ar\/blog\/wp-content\/uploads\/2019\/04\/Screenshot_2-16.jpg?fit=871%2C552&ssl=1&resize=525%2C300 1.5x, https:\/\/i0.wp.com\/larevistadigital.com.ar\/blog\/wp-content\/uploads\/2019\/04\/Screenshot_2-16.jpg?fit=871%2C552&ssl=1&resize=700%2C400 2x"},"classes":[]},{"id":1117,"url":"https:\/\/larevistadigital.com.ar\/blog\/aranguren-dijo-que-el-gas-aumentara-entre-30-y-40-en-abril\/","url_meta":{"origin":30956,"position":3},"title":"Aranguren dijo que el gas aumentar\u00e1 entre 30 y 40% en abril","author":"editor","date":"13 marzo, 2017","format":false,"excerpt":"El ministro de Energ\u00eda dijo que a fin de mes se dar\u00e1 a conocer el nuevo cuadro tarifario de gas que comenzar\u00e1 a regir el 1\u00b0 de abril, con subas de entre 30% y 40%, y agreg\u00f3 que habr\u00e1 m\u00e1s aumentos en noviembre y en abril del a\u00f1o pr\u00f3ximo. \"A\u2026","rel":"","context":"En \u00abECONOMIA\u00bb","block_context":{"text":"ECONOMIA","link":"https:\/\/larevistadigital.com.ar\/blog\/category\/economia\/"},"img":{"alt_text":"","src":"https:\/\/i0.wp.com\/larevistadigital.com.ar\/blog\/wp-content\/uploads\/2017\/03\/0011098655.jpg?fit=770%2C433&ssl=1&resize=350%2C200","width":350,"height":200,"srcset":"https:\/\/i0.wp.com\/larevistadigital.com.ar\/blog\/wp-content\/uploads\/2017\/03\/0011098655.jpg?fit=770%2C433&ssl=1&resize=350%2C200 1x, https:\/\/i0.wp.com\/larevistadigital.com.ar\/blog\/wp-content\/uploads\/2017\/03\/0011098655.jpg?fit=770%2C433&ssl=1&resize=525%2C300 1.5x, https:\/\/i0.wp.com\/larevistadigital.com.ar\/blog\/wp-content\/uploads\/2017\/03\/0011098655.jpg?fit=770%2C433&ssl=1&resize=700%2C400 2x"},"classes":[]},{"id":5326,"url":"https:\/\/larevistadigital.com.ar\/blog\/recoleccion-de-residuos-domiciliarios-durante-los-feriados-de-semana-santa-y-malvinas\/","url_meta":{"origin":30956,"position":4},"title":"Recolecci\u00f3n de residuos domiciliarios durante los feriados de Semana Santa y Malvinas","author":"admin","date":"29 marzo, 2018","format":false,"excerpt":"La Municipalidad de General Paz comunica que durante los feriados del jueves y viernes Santo y 2 de abril por la Gesta de Malvinas, la recolecci\u00f3n de residuos domiciliarios se efectuar\u00e1 de la siguiente forma: Jueves 29 de marzo: NO se prestar\u00e1 servicio de recolecci\u00f3n. Viernes 30 de marzo: SI\u2026","rel":"","context":"En \u00abRANCHOS\u00bb","block_context":{"text":"RANCHOS","link":"https:\/\/larevistadigital.com.ar\/blog\/category\/ranchos\/"},"img":{"alt_text":"","src":"https:\/\/i0.wp.com\/larevistadigital.com.ar\/blog\/wp-content\/uploads\/2018\/03\/02977.jpg?fit=640%2C360&ssl=1&resize=350%2C200","width":350,"height":200,"srcset":"https:\/\/i0.wp.com\/larevistadigital.com.ar\/blog\/wp-content\/uploads\/2018\/03\/02977.jpg?fit=640%2C360&ssl=1&resize=350%2C200 1x, https:\/\/i0.wp.com\/larevistadigital.com.ar\/blog\/wp-content\/uploads\/2018\/03\/02977.jpg?fit=640%2C360&ssl=1&resize=525%2C300 1.5x"},"classes":[]},{"id":30836,"url":"https:\/\/larevistadigital.com.ar\/blog\/a-diez-anos-de-la-inundacion-en-la-plata-se-extrena-el-documental-desamparados-bajo-el-agua\/","url_meta":{"origin":30956,"position":5},"title":"A DIEZ A\u00d1OS DE LA INUNDACI\u00d3N EN LA PLATA: SE EXTRENA EL DOCUMENTAL \u00abDESAMPARADOS BAJO EL AGUA\u00bb","author":"Alejandro Sosa Ruda","date":"1 abril, 2023","format":false,"excerpt":"En la tr\u00e1gica inundaci\u00f3n hubo al menos 89 muertes seg\u00fan registros oficiales. El documental recoge los testimonios de inundados, familiares de fallecidos, sobrevivientes y especialistas, y a trav\u00e9s de ellos cuenta y revive historias, im\u00e1genes, sensaciones, saberes, opiniones y denuncias en una narraci\u00f3n que parte del presente y llega hasta\u2026","rel":"","context":"En \u00abCULTURA\u00bb","block_context":{"text":"CULTURA","link":"https:\/\/larevistadigital.com.ar\/blog\/category\/cultura\/"},"img":{"alt_text":"","src":"https:\/\/i0.wp.com\/larevistadigital.com.ar\/blog\/wp-content\/uploads\/20230401123302_inundacion-0-0.jpg?fit=880%2C512&ssl=1&resize=350%2C200","width":350,"height":200,"srcset":"https:\/\/i0.wp.com\/larevistadigital.com.ar\/blog\/wp-content\/uploads\/20230401123302_inundacion-0-0.jpg?fit=880%2C512&ssl=1&resize=350%2C200 1x, https:\/\/i0.wp.com\/larevistadigital.com.ar\/blog\/wp-content\/uploads\/20230401123302_inundacion-0-0.jpg?fit=880%2C512&ssl=1&resize=525%2C300 1.5x, https:\/\/i0.wp.com\/larevistadigital.com.ar\/blog\/wp-content\/uploads\/20230401123302_inundacion-0-0.jpg?fit=880%2C512&ssl=1&resize=700%2C400 2x"},"classes":[]}],"_links":{"self":[{"href":"https:\/\/larevistadigital.com.ar\/blog\/wp-json\/wp\/v2\/posts\/30956","targetHints":{"allow":["GET"]}}],"collection":[{"href":"https:\/\/larevistadigital.com.ar\/blog\/wp-json\/wp\/v2\/posts"}],"about":[{"href":"https:\/\/larevistadigital.com.ar\/blog\/wp-json\/wp\/v2\/types\/post"}],"author":[{"embeddable":true,"href":"https:\/\/larevistadigital.com.ar\/blog\/wp-json\/wp\/v2\/users\/3"}],"replies":[{"embeddable":true,"href":"https:\/\/larevistadigital.com.ar\/blog\/wp-json\/wp\/v2\/comments?post=30956"}],"version-history":[{"count":1,"href":"https:\/\/larevistadigital.com.ar\/blog\/wp-json\/wp\/v2\/posts\/30956\/revisions"}],"predecessor-version":[{"id":30957,"href":"https:\/\/larevistadigital.com.ar\/blog\/wp-json\/wp\/v2\/posts\/30956\/revisions\/30957"}],"wp:featuredmedia":[{"embeddable":true,"href":"https:\/\/larevistadigital.com.ar\/blog\/wp-json\/wp\/v2\/media\/16747"}],"wp:attachment":[{"href":"https:\/\/larevistadigital.com.ar\/blog\/wp-json\/wp\/v2\/media?parent=30956"}],"wp:term":[{"taxonomy":"category","embeddable":true,"href":"https:\/\/larevistadigital.com.ar\/blog\/wp-json\/wp\/v2\/categories?post=30956"},{"taxonomy":"post_tag","embeddable":true,"href":"https:\/\/larevistadigital.com.ar\/blog\/wp-json\/wp\/v2\/tags?post=30956"}],"curies":[{"name":"wp","href":"https:\/\/api.w.org\/{rel}","templated":true}]}}