{"id":30969,"date":"2023-04-10T12:16:10","date_gmt":"2023-04-10T12:16:10","guid":{"rendered":"https:\/\/larevistadigital.com.ar\/blog\/?p=30969"},"modified":"2023-04-10T12:16:10","modified_gmt":"2023-04-10T12:16:10","slug":"esto-paso-un-dia-como-hoy-10-de-abril","status":"publish","type":"post","link":"https:\/\/larevistadigital.com.ar\/blog\/esto-paso-un-dia-como-hoy-10-de-abril\/","title":{"rendered":"ESTO PAS\u00d3 UN D\u00cdA COMO HOY, 10 DE ABRIL&#8230;"},"content":{"rendered":"<h2 class=\"paragraph\" data-mrf-recirculation=\"Links inline\">Estos acontecimientos est\u00e1n marcados en los calendarios con el prop\u00f3sito de mantener vivos los recuerdos de c\u00f3mo evoluciona el mundo y qu\u00e9 ha pasado para que sea como hasta la fecha lo conocemos, al tiempo que el ser humano comprenda su propia historia.<\/h2>\n<p class=\"paragraph\" data-mrf-recirculation=\"Links inline\">Para que no olvides los hechos m\u00e1s importantes que est\u00e1n por conmemorarse, ac\u00e1 te presentamos\u00a0<b>las efem\u00e9rides m\u00e1s relevantes de este 10 de abril<\/b>.<\/p>\n<p class=\"paragraph\" data-mrf-recirculation=\"Links inline\"><b>1710<\/b>: En Gran Breta\u00f1a, entra en vigencia la primera ley sobre copyright, el Estatuto de Ana.<\/p>\n<p class=\"paragraph\" data-mrf-recirculation=\"Links inline\"><b>1815<\/b>: En las islas menores de la Sonda (Indonesia) entra en erupci\u00f3n el volc\u00e1n Tambora, dejando un saldo de 82\u00a0000\u00a0v\u00edctimas fatales.<\/p>\n<p class=\"paragraph\" data-mrf-recirculation=\"Links inline\"><b>1825<\/b>: En Haw\u00e1i se abre el primer hotel.<\/p>\n<p class=\"paragraph\" data-mrf-recirculation=\"Links inline\"><b>1864<\/b>: En M\u00e9xico, el archiduque Maximiliano de Habsburgo es nombrado emperador de M\u00e9xico.<\/p>\n<p class=\"paragraph\" data-mrf-recirculation=\"Links inline\"><b>1865<\/b>: En Madrid la polic\u00eda desata una represi\u00f3n sangrienta contra protestas estudiantiles de la Universidad Central de Madrid. (Noche de San Daniel).<\/p>\n<p class=\"paragraph\" data-mrf-recirculation=\"Links inline\"><b>1868<\/b>: Se estrena el Un r\u00e9quiem alem\u00e1n (Ein deutsches requiem) de Johannes Brahms.<\/p>\n<p class=\"paragraph\" data-mrf-recirculation=\"Links inline\"><b>1869<\/b>: En Gu\u00e1imaro, Camag\u00fcey, se redacta la primera Constituci\u00f3n de la Rep\u00fablica de Cuba.<\/p>\n<p class=\"paragraph\" data-mrf-recirculation=\"Links inline\"><b>1882<\/b>: En Buenos Aires se inaugura el primer Congreso Pedag\u00f3gico celebrado en Am\u00e9rica Latina.<\/p>\n<p class=\"paragraph\" data-mrf-recirculation=\"Links inline\"><b>1892<\/b>: En Cuba, Jos\u00e9 Mart\u00ed funda el Partido Revolucionario Cubano (PRC).<\/p>\n<p class=\"paragraph\" data-mrf-recirculation=\"Links inline\"><b>1899<\/b>: En Sevilla (Espa\u00f1a) tiene lugar el primer ensayo espa\u00f1ol del tel\u00e9grafo sin hilos.<\/p>\n<p class=\"paragraph\" data-mrf-recirculation=\"Links inline\"><b>1912<\/b>: El transatl\u00e1ntico Titanic sale del puerto de Southampton (Reino Unido) con destino a Nueva York (Estados Unidos).<\/p>\n<p class=\"paragraph\" data-mrf-recirculation=\"Links inline\"><b>1919<\/b>: En M\u00e9xico es asesinado Emiliano Zapata, uno de los l\u00edderes de la Revoluci\u00f3n Mexicana.<\/p>\n<p class=\"paragraph\" data-mrf-recirculation=\"Links inline\"><b>1925<\/b>: En Nueva York (Estados Unidos) se publica por primera vez la novela The Great Gatsby, de F. Scott Fitzgerald.<\/p>\n<p class=\"paragraph\" data-mrf-recirculation=\"Links inline\"><b>1928<\/b>: En Montevideo (Uruguay) se inaugura el Salus Football Club.<\/p>\n<p class=\"paragraph\" data-mrf-recirculation=\"Links inline\"><b>1932<\/b>: En Alemania, el presidente Paul von Hindenburg es reelecto, derrotando por amplia mayor\u00eda a Adolf Hitler en la tercera y la \u00faltima elecci\u00f3n presidencial de Alemania (de car\u00e1cter popular).<\/p>\n<p class=\"paragraph\" data-mrf-recirculation=\"Links inline\"><b>1953<\/b>: En Nueva York se estrena House of Wax, la segunda pel\u00edcula 3-D producida por las grandes compa\u00f1\u00edas cinematogr\u00e1ficas, tan solo dos d\u00edas despu\u00e9s de que se estren\u00f3 la primera, \u00abMan in the dark\u00bb (en ingl\u00e9s), el 8 de abril de 1953, de la Columbia Pictures. Incluso en 1922 se proyect\u00f3 un largometraje en cine 3D.<\/p>\n<p class=\"paragraph\" data-mrf-recirculation=\"Links inline\"><b>1970<\/b>: Paul McCartney anuncia la separaci\u00f3n de The Beatles.<\/p>\n<p class=\"paragraph\" data-mrf-recirculation=\"Links inline\"><b>1972<\/b>: Oberdan Sallustro, cargo del Grupo Fiat, luego de 20 d\u00edas de secuestro en Buenos Aires, es ejecutado por guerrilleros del ERP.<\/p>\n<p class=\"paragraph\" data-mrf-recirculation=\"Links inline\"><b>1974<\/b>: Golda Meir renuncia como primer ministro de Israel. La reemplaza Yitzhak Rabin.<\/p>\n<p class=\"paragraph\" data-mrf-recirculation=\"Links inline\"><b>1982<\/b>: Alrededor de 300.000 personas llenan la Plaza de Mayo en respaldo a la reocupaci\u00f3n argentina de Malvinas.<\/p>\n<p class=\"paragraph\" data-mrf-recirculation=\"Links inline\"><b>1992<\/b>: En la ciudad de Maraghar (Rep\u00fablica de Nagorno Karabaj), en el marco de la Guerra de Nagorno Karabaj y en venganza por la masacre de Khojaly, soldados del ej\u00e9rcito de Azerbaiy\u00e1n asesinan a 45\u00a0armenios y secuestran a 100\u00a0mujeres y ni\u00f1os. (Masacre de Maraghar).<\/p>\n<p class=\"paragraph\" data-mrf-recirculation=\"Links inline\"><b>1992<\/b>: Se inaugura el actual edificio de la Biblioteca Nacional de Argentina.<\/p>\n<p class=\"paragraph\" data-mrf-recirculation=\"Links inline\"><b>1994<\/b>: Se celebran en Argentina las elecciones a la Convenci\u00f3n Nacional Constituyente de 1994 encargada de la reforma parcial de la constituci\u00f3n.<\/p>\n<p class=\"paragraph\" data-mrf-recirculation=\"Links inline\"><b>1995<\/b>: En Colombia se estrenan dos nuevos canales de televisi\u00f3n: R.T.I. y Colombiana de Televisi\u00f3n.<\/p>\n<p class=\"paragraph\" data-mrf-recirculation=\"Links inline\"><b>1998<\/b>: En Belfast (Irlanda del Norte) se firma el Acuerdo de Viernes Santo.<\/p>\n<p class=\"paragraph\" data-mrf-recirculation=\"Links inline\"><b>2003<\/b>: Se produce el saqueo del Museo Nacional de Bagdad en el curso de la invasi\u00f3n de Irak de 2003.<\/p>\n<p class=\"paragraph\" data-mrf-recirculation=\"Links inline\"><b>2007<\/b>: En Argentina se estrena la telenovela Patito Feo.<\/p>\n<p class=\"paragraph\" data-mrf-recirculation=\"Links inline\"><b>2008<\/b>: Se lanza Mario Kart Wii, un videojuego de carreras para las plataformas de Wii. Esta entrega se convierte en la m\u00e1s vendida de la serie Mario Kart y aqu\u00ed apareci\u00f3 por primera vez el accesorio Wii Wheel.<\/p>\n<p class=\"paragraph\" data-mrf-recirculation=\"Links inline\"><b>2009<\/b>: Se crea la p\u00e1gina de programaci\u00f3n competitiva Codeforces.<\/p>\n<p class=\"paragraph\" data-mrf-recirculation=\"Links inline\"><b>2010<\/b>: Se estrella un avi\u00f3n T\u00fapolev Tu-154, durante la maniobra de aterrizaje en la base a\u00e9rea de Smolensk, falleciendo todos sus ocupantes, entre ellos el presidente polaco Lech Kaczy\u0144ski y la c\u00fapula militar del ej\u00e9rcito polaco.<\/p>\n<p class=\"paragraph\" data-mrf-recirculation=\"Links inline\"><b>2010<\/b>: Se inaugura el puente atirantado Pr\u00edncipe de Viana en L\u00e9rida.<\/p>\n<p class=\"paragraph\" data-mrf-recirculation=\"Links inline\"><b>2013<\/b>: En Uruguay se aprueba la Ley de matrimonio igualitario.<\/p>\n<p class=\"paragraph\" data-mrf-recirculation=\"Links inline\"><b>2014<\/b>: En Nicaragua, un terremoto de 6.2 grados en la escala Richter, con epicentro en el lago de Managua, causa 1 muerto, 38 heridos y varias casas da\u00f1adas en los departamentos de Le\u00f3n y Managua.<\/p>\n<p class=\"paragraph\" data-mrf-recirculation=\"Links inline\"><b>2016<\/b>: En Per\u00fa, se lleva a cabo la primera vuelta de las elecciones generales, en la cual pasaron a la segunda vuelta Keiko Fujimori y Pedro Pablo Kuczynski.<\/p>\n<p class=\"paragraph\" data-mrf-recirculation=\"Links inline\"><b>2019<\/b>: El consorcio internacional Event Horizon Telescope present\u00f3 la primera imagen jam\u00e1s capturada de un agujero negro ubicado en el centro de la galaxia M87.<\/p>\n<p class=\"paragraph\" data-mrf-recirculation=\"Links inline\"><b>2020<\/b>: La banda neoyorquina The Strokes lanza The New Abnormal, tras 7 a\u00f1os de ausencia.<\/p>\n<p class=\"paragraph\" data-mrf-recirculation=\"Links inline\"><b>2022<\/b>: Se llevaron a cabo las elecciones presidenciales en Francia, Emmanuel Macron y Marine Le Pen pasaron a segunda vuelta.<\/p>\n<h2 class=\"header\"><span style=\"color: #ff0000\">Nacimientos<\/span><\/h2>\n<p class=\"paragraph\" data-mrf-recirculation=\"Links inline\"><b>1267<\/b>: Jaime II de Arag\u00f3n, rey de Arag\u00f3n, Valencia, Sicilia, Cerde\u00f1a, C\u00f3rcega, Conde de Barcelona (f. 1327).<\/p>\n<p class=\"paragraph\" data-mrf-recirculation=\"Links inline\"><b>1583<\/b>: Hugo Grocio, jurista, escritor y poeta neerland\u00e9s (f. 1645).<\/p>\n<p class=\"paragraph\" data-mrf-recirculation=\"Links inline\"><b>1651<\/b>: Ehrenfried Walther von Tschirnhaus, matem\u00e1tico e inventor alem\u00e1n (f. 1708).<\/p>\n<p class=\"paragraph\" data-mrf-recirculation=\"Links inline\"><b>1663<\/b>: Fray Francisco de Berganza y Arce, religioso e historiador espa\u00f1ol (f. 1738).<\/p>\n<p class=\"paragraph\" data-mrf-recirculation=\"Links inline\"><b>1755<\/b>: Samuel Hahnemann, m\u00e9dico alem\u00e1n, creador de la homeopat\u00eda (f. 1843).<\/p>\n<p class=\"paragraph\" data-mrf-recirculation=\"Links inline\"><b>1778<\/b>: William Hazlitt, escritor brit\u00e1nico (f. 1830).<\/p>\n<p class=\"paragraph\" data-mrf-recirculation=\"Links inline\"><b>1782<\/b>: Antonia Santos, revolucionaria colombiana (f. 1819).<\/p>\n<p class=\"paragraph\" data-mrf-recirculation=\"Links inline\"><b>1783<\/b>: Hortensia de Beauharnais, reina neerlandesa (f. 1837).<\/p>\n<p class=\"paragraph\" data-mrf-recirculation=\"Links inline\"><b>1789<\/b>: Leona Vicario, figura de la independencia mexicana (f. 1842).<\/p>\n<p class=\"paragraph\" data-mrf-recirculation=\"Links inline\"><b>1794<\/b>: Matthew Calbraith Perry, oficial naval estadounidense (f. 1858).<\/p>\n<p class=\"paragraph\" data-mrf-recirculation=\"Links inline\"><b>1827<\/b>: Lewis Wallace, militar, pol\u00edtico y escritor estadounidense (f. 1905).<\/p>\n<p class=\"paragraph\" data-mrf-recirculation=\"Links inline\"><b>1829<\/b>: William Booth, religioso brit\u00e1nico, fundador del Ej\u00e9rcito de Salvaci\u00f3n (f. 1912).<\/p>\n<p class=\"paragraph\" data-mrf-recirculation=\"Links inline\"><b>1838<\/b>: Nicol\u00e1s Salmer\u00f3n, fil\u00f3sofo y pol\u00edtico espa\u00f1ol (f. 1908).<\/p>\n<p class=\"paragraph\" data-mrf-recirculation=\"Links inline\"><b>1839<\/b>: Epifanio Mej\u00eda, poeta colombiano (f. 1913).<\/p>\n<p class=\"paragraph\" data-mrf-recirculation=\"Links inline\"><b>1847<\/b>: Joseph Pulitzer, periodista estadounidense (f. 1911).<\/p>\n<p class=\"paragraph\" data-mrf-recirculation=\"Links inline\"><b>1857<\/b>: Henry Dudeney, matem\u00e1tico brit\u00e1nico (f. 1930).<\/p>\n<p class=\"paragraph\" data-mrf-recirculation=\"Links inline\"><b>1858<\/b>: Pedro Ibarra Ruiz, arque\u00f3logo, investigador, escritor y pintor espa\u00f1ol (f. 1934).<\/p>\n<p class=\"paragraph\" data-mrf-recirculation=\"Links inline\"><b>1864<\/b>: Eugen d&#8217;Albert, pianista y compositor alem\u00e1n de origen brit\u00e1nico (f. 1932).<\/p>\n<p class=\"paragraph\" data-mrf-recirculation=\"Links inline\"><b>1866<\/b>: Jos\u00e9 Antonio Lezcano y Ortega, arzobispo nicarag\u00fcense (f. 1952).<\/p>\n<p class=\"paragraph\" data-mrf-recirculation=\"Links inline\"><b>1867<\/b>: George William Russell, escritor, poeta y pintor irland\u00e9s (f. 1935).<\/p>\n<p class=\"paragraph\" data-mrf-recirculation=\"Links inline\"><b>1868<\/b>: George Arliss, actor brit\u00e1nico (f. 1946).<\/p>\n<p class=\"paragraph\" data-mrf-recirculation=\"Links inline\"><b>1877<\/b>: Guillermo Rubio Navarrete, militar mexicano (f. 1949).<\/p>\n<p class=\"paragraph\" data-mrf-recirculation=\"Links inline\"><b>1878<\/b>: Carlos Ruano Llopis, pintor espa\u00f1ol (f. 1950).<\/p>\n<p class=\"paragraph\" data-mrf-recirculation=\"Links inline\"><b>1880<\/b>: Hans Purrmann, escultor alem\u00e1n (f. 1966).<\/p>\n<p class=\"paragraph\" data-mrf-recirculation=\"Links inline\"><b>1880<\/b>: Montague Summers, sacerdote y erudito brit\u00e1nico (f. 1948).<\/p>\n<p class=\"paragraph\" data-mrf-recirculation=\"Links inline\"><b>1883<\/b>: Daniel Llorente Federico, obispo espa\u00f1ol (f. 1971).<\/p>\n<p class=\"paragraph\" data-mrf-recirculation=\"Links inline\"><b>1887<\/b>: Bernardo Houssay, m\u00e9dico, bi\u00f3logo y fisi\u00f3logo argentino, premio nobel de medicina en 1947 (f. 1971).<\/p>\n<p class=\"paragraph\" data-mrf-recirculation=\"Links inline\"><b>1889<\/b>: Louis Rougier, fil\u00f3sofo franc\u00e9s (f. 1982).<\/p>\n<p class=\"paragraph\" data-mrf-recirculation=\"Links inline\"><b>1899<\/b>: Martha Salotti, educadora y escritora argentina (f. 1980).<\/p>\n<p class=\"paragraph\" data-mrf-recirculation=\"Links inline\"><b>1904<\/b>: Manuel Beiras, intelectual y pol\u00edtico espa\u00f1ol (f. 1996).<\/p>\n<p class=\"paragraph\" data-mrf-recirculation=\"Links inline\"><b>1906<\/b>: Miguel de Molina, artista de flamenco espa\u00f1ol (f. 1993).<\/p>\n<p class=\"paragraph\" data-mrf-recirculation=\"Links inline\"><b>1907<\/b>: Germ\u00e1n Su\u00e1rez Flamerich, presidente venezolano (f. 1990).<\/p>\n<p class=\"paragraph\" data-mrf-recirculation=\"Links inline\"><b>1910<\/b>: Helenio Herrera, futbolista y entrenador argentino (f. 1997).<\/p>\n<p class=\"paragraph\" data-mrf-recirculation=\"Links inline\"><b>1910<\/b>: Paul Sweezy, economista estadounidense (f. 2004).<\/p>\n<p class=\"paragraph\" data-mrf-recirculation=\"Links inline\"><b>1911<\/b>: Jos\u00e9 Luis S\u00e1enz de Heredia, director de cine y guionista espa\u00f1ol (f. 1992).<\/p>\n<p class=\"paragraph\" data-mrf-recirculation=\"Links inline\"><b>1911<\/b>: Tulio Marambio, militar chileno (f. 1999).<\/p>\n<p class=\"paragraph\" data-mrf-recirculation=\"Links inline\"><b>1913<\/b>: Stefan Heym, escritor alem\u00e1n (f. 2001).<\/p>\n<p class=\"paragraph\" data-mrf-recirculation=\"Links inline\"><b>1915<\/b>: Harry Morgan, actor estadounidense. (f. 2011).<\/p>\n<p class=\"paragraph\" data-mrf-recirculation=\"Links inline\"><b>1916<\/b>: Lee Jung-seob, pintor coreano (f. 1956).<\/p>\n<p class=\"paragraph\" data-mrf-recirculation=\"Links inline\"><b>1917<\/b>: Robert Burns Woodward, qu\u00edmico estadounidense, premio nobel de qu\u00edmica en 1965 (f. 1979).<\/p>\n<p class=\"paragraph\" data-mrf-recirculation=\"Links inline\"><b>1918<\/b>: H. S. Doreswamy, activista y periodista indio (f. 2021).<\/p>\n<p class=\"paragraph\" data-mrf-recirculation=\"Links inline\"><b>1918<\/b>: Myriam de Urquijo, actriz argentina. (f. 2011).<\/p>\n<p class=\"paragraph\" data-mrf-recirculation=\"Links inline\"><b>1918<\/b>: Lee Bergere, actor estadounidense. (f, 2007).<\/p>\n<p class=\"paragraph\" data-mrf-recirculation=\"Links inline\"><b>1921<\/b>: Chuck Connors, actor estadounidense (f. 1992).<\/p>\n<p class=\"paragraph\" data-mrf-recirculation=\"Links inline\"><b>1924<\/b>: Kenneth Noland, pintor estadounidense (f. 2010).<\/p>\n<p class=\"paragraph\" data-mrf-recirculation=\"Links inline\"><b>1925<\/b>: Roberto Coll, fue un futbolista argentino. (f. 2013).<\/p>\n<p class=\"paragraph\" data-mrf-recirculation=\"Links inline\"><b>1926<\/b>: Marshall Warren Nirenberg, bioqu\u00edmico estadounidense, premio nobel de medicina en 1968 (f. 2010).<\/p>\n<p class=\"paragraph\" data-mrf-recirculation=\"Links inline\"><b>1926<\/b>: Carlos Alberto Raffo, futbolista argentino (f. 2013).<\/p>\n<p class=\"paragraph\" data-mrf-recirculation=\"Links inline\"><b>1929<\/b>: Max von Sydow, actor sueco-franc\u00e9s (f. 2020).<\/p>\n<p class=\"paragraph\" data-mrf-recirculation=\"Links inline\"><b>1929<\/b>: Mike Hawthorn, piloto de automovilismo brit\u00e1nico. (f. 1959).<\/p>\n<p class=\"paragraph\" data-mrf-recirculation=\"Links inline\"><b>1930<\/b>: Claude Bolling, pianista franc\u00e9s (f. 2020).<\/p>\n<p class=\"paragraph\" data-mrf-recirculation=\"Links inline\"><b>1930<\/b>: Norma Candal, actriz puertorrique\u00f1a (f. 2006).<\/p>\n<p class=\"paragraph\" data-mrf-recirculation=\"Links inline\"><b>1930<\/b>: Dolores Huerta, sindicalista estadounidense.<\/p>\n<p class=\"paragraph\" data-mrf-recirculation=\"Links inline\"><b>1931<\/b>: Luis Izquierdo, compositor espa\u00f1ol.<\/p>\n<p class=\"paragraph\" data-mrf-recirculation=\"Links inline\"><b>1931<\/b>: Rafael Solano, m\u00fasico y compositor dominicano.<\/p>\n<p class=\"paragraph\" data-mrf-recirculation=\"Links inline\"><b>1932<\/b>: Omar Sharif, actor egipcio (f. 2015).<\/p>\n<p class=\"paragraph\" data-mrf-recirculation=\"Links inline\"><b>1932<\/b>: Juan Apolonio Vairo, futbolista argentino.<\/p>\n<p class=\"paragraph\" data-mrf-recirculation=\"Links inline\"><b>1934<\/b>: Theo Constante, maestro, pintor, muralista y escultor ecuatoriano (f. 2014).<\/p>\n<p class=\"paragraph\" data-mrf-recirculation=\"Links inline\"><b>1935<\/b>: \u00c1lvaro de Luna, actor espa\u00f1ol (f. 2018).<\/p>\n<p class=\"paragraph\" data-mrf-recirculation=\"Links inline\"><b>1936<\/b>: John Madden, jugador y entrenador estadounidense de f\u00fatbol americano (f. 2021).<\/p>\n<p class=\"paragraph\" data-mrf-recirculation=\"Links inline\"><b>1937<\/b>: Manuel Ruiz Sosa, futbolista espa\u00f1ol (f. 2009).<\/p>\n<p class=\"paragraph\" data-mrf-recirculation=\"Links inline\"><b>1937<\/b>: Bela Ajmad\u00falina, poetisa rusa (f. 2010).<\/p>\n<p class=\"paragraph\" data-mrf-recirculation=\"Links inline\"><b>1937<\/b>: Emile Barron, futbolista surinam\u00e9s (f. 2015).<\/p>\n<p class=\"paragraph\" data-mrf-recirculation=\"Links inline\"><b>1940<\/b>: Carlos Manuel Varela, director de teatro, dramaturgo, gestor cultural y profesor uruguayo (f. 2015).<\/p>\n<p class=\"paragraph\" data-mrf-recirculation=\"Links inline\"><b>1941<\/b>: Paul Theroux, escritor estadounidense.<\/p>\n<p class=\"paragraph\" data-mrf-recirculation=\"Links inline\"><b>1943<\/b>: Julio Estrada, compositor mexicano.<\/p>\n<p class=\"paragraph\" data-mrf-recirculation=\"Links inline\"><b>1945<\/b>: Rosa Mar\u00eda Lobo, cantante espa\u00f1ola.<\/p>\n<p class=\"paragraph\" data-mrf-recirculation=\"Links inline\"><b>1946<\/b>: David Angell, productor de televisi\u00f3n estadounidense. (f. 2001).<\/p>\n<p class=\"paragraph\" data-mrf-recirculation=\"Links inline\"><b>1947<\/b>: Jaap ter Linden, director de orquesta y violonchelista neerland\u00e9s.<\/p>\n<p class=\"paragraph\" data-mrf-recirculation=\"Links inline\"><b>1947<\/b>: Bunny Wailer, m\u00fasico jamaicano (f. 2021).<\/p>\n<p class=\"paragraph\" data-mrf-recirculation=\"Links inline\"><b>1949<\/b>: Silvia Bayl\u00e9, actriz argentina.<\/p>\n<p class=\"paragraph\" data-mrf-recirculation=\"Links inline\"><b>1950<\/b>: Eddie Hazel, guitarrista estadounidense de la banda The Temptations (f. 1992).<\/p>\n<p class=\"paragraph\" data-mrf-recirculation=\"Links inline\"><b>1950<\/b>: Antonio Lazcano Araujo, cient\u00edfico mexicano.<\/p>\n<p class=\"paragraph\" data-mrf-recirculation=\"Links inline\"><b>1952<\/b>: Steven Seagal, actor estadounidense.<\/p>\n<p class=\"paragraph\" data-mrf-recirculation=\"Links inline\"><b>1952<\/b>: Hugo Broos, futbolista belga.<\/p>\n<p class=\"paragraph\" data-mrf-recirculation=\"Links inline\"><b>1954<\/b>: Paul Bearer, m\u00e1nager estadounidense (f. 2013).<\/p>\n<p class=\"paragraph\" data-mrf-recirculation=\"Links inline\"><b>1954<\/b>: Peter MacNicol, actor estadounidense.<\/p>\n<p class=\"paragraph\" data-mrf-recirculation=\"Links inline\"><b>1957<\/b>: Steve Gustafson, bajista estadounidense, de la banda 10,000 Maniacs.<\/p>\n<p class=\"paragraph\" data-mrf-recirculation=\"Links inline\"><b>1958<\/b>: Babyface (Kenneth Edmonds), m\u00fasico estadounidense.<\/p>\n<p class=\"paragraph\" data-mrf-recirculation=\"Links inline\"><b>1958<\/b>: Bob Bell, ingeniero brit\u00e1nico de F\u00f3rmula 1.<\/p>\n<p class=\"paragraph\" data-mrf-recirculation=\"Links inline\"><b>1959<\/b>: Brian Setzer, compositor y guitarrista estadounidense, de las bandas Stray Cats y The Brian Setzer Orchestra.<\/p>\n<p class=\"paragraph\" data-mrf-recirculation=\"Links inline\"><b>1960<\/b>: Katrina Leskanich, cantante estadounidense, de la banda Katrina &amp; The Waves.<\/p>\n<p class=\"paragraph\" data-mrf-recirculation=\"Links inline\"><b>1960<\/b>: Steve Bisciotti, ejecutivo y m\u00e1nager deportivo estadounidense.<\/p>\n<p class=\"paragraph\" data-mrf-recirculation=\"Links inline\"><b>1960<\/b>: Claudia Pi\u00f1eiro, escritora y guionista argentina.<\/p>\n<p class=\"paragraph\" data-mrf-recirculation=\"Links inline\"><b>1962<\/b>: I\u00f1aki Salvador, m\u00fasico, pianista y compositor vasco.<\/p>\n<p class=\"paragraph\" data-mrf-recirculation=\"Links inline\"><b>1963<\/b>: Warren DeMartini, guitarrista estadounidense, de la banda Ratt.<\/p>\n<p class=\"paragraph\" data-mrf-recirculation=\"Links inline\"><b>1963<\/b>: Mark Oliver Everett, m\u00fasico estadounidense, de la banda Eels.<\/p>\n<p class=\"paragraph\" data-mrf-recirculation=\"Links inline\"><b>1963<\/b>: Bicho G\u00f3mez, comediante y actor argentino.<\/p>\n<p class=\"paragraph\" data-mrf-recirculation=\"Links inline\"><b>1963<\/b>: Doris Leuthard, consejera federal suiza.<\/p>\n<p class=\"paragraph\" data-mrf-recirculation=\"Links inline\"><b>1964<\/b>: Claudio Barrag\u00e1n, futbolista espa\u00f1ol.<\/p>\n<p class=\"paragraph\" data-mrf-recirculation=\"Links inline\"><b>1964<\/b>: Alan Wren, baterista brit\u00e1nico, de la banda The Stone Roses.<\/p>\n<p class=\"paragraph\" data-mrf-recirculation=\"Links inline\"><b>1965<\/b>: Tim Alexander, m\u00fasico estadounidense, de la banda Primus.<\/p>\n<p class=\"paragraph\" data-mrf-recirculation=\"Links inline\"><b>1965<\/b>: Kepa Junkera, cantautor y m\u00fasico espa\u00f1ol.<\/p>\n<p class=\"paragraph\" data-mrf-recirculation=\"Links inline\"><b>1968<\/b>: Orlando Jones, actor y comediante estadounidense.<\/p>\n<p class=\"paragraph\" data-mrf-recirculation=\"Links inline\"><b>1968<\/b>: Luis Mach\u00edn, actor argentino.<\/p>\n<p class=\"paragraph\" data-mrf-recirculation=\"Links inline\"><b>1970<\/b>: Matt Barlow, vocalista estadounidense de la banda Iced Earth.<\/p>\n<p class=\"paragraph\" data-mrf-recirculation=\"Links inline\"><b>1970<\/b>: Mar\u00eda O&#8217;Donnell, periodista y polit\u00f3loga argentina.<\/p>\n<p class=\"paragraph\" data-mrf-recirculation=\"Links inline\"><b>1970<\/b>: Q-Tip, rapero y actor estadounidense.<\/p>\n<p class=\"paragraph\" data-mrf-recirculation=\"Links inline\"><b>1972<\/b>: Toni Acosta, actriz espa\u00f1ola.<\/p>\n<p class=\"paragraph\" data-mrf-recirculation=\"Links inline\"><b>1973<\/b>: Guillaume Canet, actor franc\u00e9s.<\/p>\n<p class=\"paragraph\" data-mrf-recirculation=\"Links inline\"><b>1973<\/b>: Roberto Carlos, futbolista brasile\u00f1o.<\/p>\n<p class=\"paragraph\" data-mrf-recirculation=\"Links inline\"><b>1973<\/b>: Aidan Moffat, m\u00fasico brit\u00e1nico de la banda Arab Strap.<\/p>\n<p class=\"paragraph\" data-mrf-recirculation=\"Links inline\"><b>1973<\/b>: Cynthia Ottaviano, periodista, docente y escritora argentina.<\/p>\n<p class=\"paragraph\" data-mrf-recirculation=\"Links inline\"><b>1974<\/b>: Andr\u00e9s Guglielminpietro, futbolista y entrenador argentino.<\/p>\n<p class=\"paragraph\" data-mrf-recirculation=\"Links inline\"><b>1977<\/b>: Stephanie Sheh, actriz de voz estadounidense.<\/p>\n<p class=\"paragraph\" data-mrf-recirculation=\"Links inline\"><b>1979<\/b>: Rachel Corrie, activista estadounidense (f. 2003).<\/p>\n<p class=\"paragraph\" data-mrf-recirculation=\"Links inline\"><b>1979<\/b>: Sophie Ellis-Bextor, cantante brit\u00e1nica de pop-dance.<\/p>\n<p class=\"paragraph\" data-mrf-recirculation=\"Links inline\"><b>1980<\/b>: Marina Heredia, cantaora flamenca espa\u00f1ola.<\/p>\n<p class=\"paragraph\" data-mrf-recirculation=\"Links inline\"><b>1980<\/b>: Charlie Hunnam, actor brit\u00e1nico.<\/p>\n<p class=\"paragraph\" data-mrf-recirculation=\"Links inline\"><b>1980<\/b>: Bryce Soderberg, bajista estadounidense de origen canadiense, de la banda Lifehouse.<\/p>\n<p class=\"paragraph\" data-mrf-recirculation=\"Links inline\"><b>1981<\/b>: Michael Pitt, actor estadounidense.<\/p>\n<p class=\"paragraph\" data-mrf-recirculation=\"Links inline\"><b>1982<\/b>: Chyler Leigh, actriz estadounidense.<\/p>\n<p class=\"paragraph\" data-mrf-recirculation=\"Links inline\"><b>1983<\/b>: Jamie Chung, actriz estadounidense.<\/p>\n<p class=\"paragraph\" data-mrf-recirculation=\"Links inline\"><b>1983<\/b>: Ryan Merriman, actor estadounidense.<\/p>\n<p class=\"paragraph\" data-mrf-recirculation=\"Links inline\"><b>1984<\/b>: Mandy Moore, cantante y actriz estadounidense.<\/p>\n<p class=\"paragraph\" data-mrf-recirculation=\"Links inline\"><b>1984<\/b>: Gonzalo Javier Rodr\u00edguez, futbolista argentino.<\/p>\n<p class=\"paragraph\" data-mrf-recirculation=\"Links inline\"><b>1984<\/b>: Cara DeLizia, actriz estadounidense.<\/p>\n<p class=\"paragraph\" data-mrf-recirculation=\"Links inline\"><b>1984<\/b>: Jorge Troiteiro, futbolista espa\u00f1ol.<\/p>\n<p class=\"paragraph\" data-mrf-recirculation=\"Links inline\"><b>1985<\/b>: Evelyn Herrera, cantante de m\u00fasica cristiana.<\/p>\n<p class=\"paragraph\" data-mrf-recirculation=\"Links inline\"><b>1986<\/b>: Fernando Gago, futbolista argentino retirado, actual entrenador.<\/p>\n<p class=\"paragraph\" data-mrf-recirculation=\"Links inline\"><b>1986<\/b>: Corey Kluber, beisbolista estadounidense.<\/p>\n<p class=\"paragraph\" data-mrf-recirculation=\"Links inline\"><b>1986<\/b>: Vincent Kompany, futbolista belga.<\/p>\n<p class=\"paragraph\" data-mrf-recirculation=\"Links inline\"><b>1986<\/b>: Paula Reca, actriz argentina.<\/p>\n<p class=\"paragraph\" data-mrf-recirculation=\"Links inline\"><b>1987<\/b>: Shay Mitchell, actriz y modelo canadiense.<\/p>\n<p class=\"paragraph\" data-mrf-recirculation=\"Links inline\"><b>1987<\/b>: Hayley Westenra, cantante, pianista, guitarrista, violinista, flautista, de origen neozeland\u00e9s.<\/p>\n<p class=\"paragraph\" data-mrf-recirculation=\"Links inline\"><b>1987<\/b>: Itahisa Machado, modelo y actriz de origen espa\u00f1ola.<\/p>\n<p class=\"paragraph\" data-mrf-recirculation=\"Links inline\"><b>1988<\/b>: Haley Joel Osment, actor estadounidense.<\/p>\n<p class=\"paragraph\" data-mrf-recirculation=\"Links inline\"><b>1989<\/b>: Thomas Heurtel, jugador de baloncesto franc\u00e9s.<\/p>\n<p class=\"paragraph\" data-mrf-recirculation=\"Links inline\"><b>1989<\/b>: Cristina Mason, actriz mexicana.<\/p>\n<p class=\"paragraph\" data-mrf-recirculation=\"Links inline\"><b>1989<\/b>: Cole Grossman, futbolista estadounidense.<\/p>\n<p class=\"paragraph\" data-mrf-recirculation=\"Links inline\"><b>1989<\/b>: J\u00f3n Fj\u00f3luson, futbolista island\u00e9s.<\/p>\n<p class=\"paragraph\" data-mrf-recirculation=\"Links inline\"><b>1990<\/b>: Alex Pettyfer, actor y modelo brit\u00e1nico.<\/p>\n<p class=\"paragraph\" data-mrf-recirculation=\"Links inline\"><b>1991<\/b>: Nicola Pasini, futbolista italiano.<\/p>\n<p class=\"paragraph\" data-mrf-recirculation=\"Links inline\"><b>1992<\/b>: Sadio Man\u00e9, futbolista senegal\u00e9s.<\/p>\n<p class=\"paragraph\" data-mrf-recirculation=\"Links inline\"><b>1992<\/b>: Daisy Ridley, actriz brit\u00e1nica.<\/p>\n<p class=\"paragraph\" data-mrf-recirculation=\"Links inline\"><b>1992<\/b>: Andriy Hovorov, nadador ucraniano.<\/p>\n<p class=\"paragraph\" data-mrf-recirculation=\"Links inline\"><b>1993<\/b>: Sofia Carson, actriz, bailarina y cantante estadounidense.<\/p>\n<p class=\"paragraph\" data-mrf-recirculation=\"Links inline\"><b>1996<\/b>: Andreas Christensen, futbolista danes.<\/p>\n<p class=\"paragraph\" data-mrf-recirculation=\"Links inline\"><b>1996<\/b>: Lo\u00efc Nottet, cantante belga.<\/p>\n<p class=\"paragraph\" data-mrf-recirculation=\"Links inline\"><b>1996<\/b>: Noam Baumann, futbolista suizo.<\/p>\n<p class=\"paragraph\" data-mrf-recirculation=\"Links inline\"><b>2001<\/b>: Noa Kirel, cantante y bailarina Israel\u00ed.<\/p>\n<p class=\"paragraph\" data-mrf-recirculation=\"Links inline\"><b>2007<\/b>: Ariane de Orange-Nassau, princesa de los Pa\u00edses Bajos.<\/p>\n<p class=\"paragraph\" data-mrf-recirculation=\"Links inline\"><b>2008<\/b>: Isabella Garc\u00eda, actriz colombiana.<\/p>\n<h2 class=\"header\"><span style=\"color: #ff0000\">Decesos<\/span><\/h2>\n<p class=\"paragraph\" data-mrf-recirculation=\"Links inline\"><b>879<\/b>: Luis II el Tartamudo, rey franc\u00e9s (n. 846).<\/p>\n<p class=\"paragraph\" data-mrf-recirculation=\"Links inline\"><b>1008<\/b>: Notker de Lieja, religioso suizo (n. 940).<\/p>\n<p class=\"paragraph\" data-mrf-recirculation=\"Links inline\"><b>1309<\/b>: Elisabeth von Rapperswil, condesa suiza. (n. c. 1261).<\/p>\n<p class=\"paragraph\" data-mrf-recirculation=\"Links inline\"><b>1533<\/b>: Federico I, rey dan\u00e9s y noruego (n. 1471).<\/p>\n<p class=\"paragraph\" data-mrf-recirculation=\"Links inline\"><b>1585<\/b>: Gregorio XIII, papa cat\u00f3lico italiano (n. 1502).<\/p>\n<p class=\"paragraph\" data-mrf-recirculation=\"Links inline\"><b>1786<\/b>: John Byron, navegante y explorador brit\u00e1nico. (n. 1723).<\/p>\n<p class=\"paragraph\" data-mrf-recirculation=\"Links inline\"><b>1813<\/b>: Joseph-Louis de Lagrange, matem\u00e1tico franc\u00e9s nacido en Italia (n. 1736).<\/p>\n<p class=\"paragraph\" data-mrf-recirculation=\"Links inline\"><b>1885<\/b>: Johannes Henricus Scholten, te\u00f3logo neerland\u00e9s (n. 1811).<\/p>\n<p class=\"paragraph\" data-mrf-recirculation=\"Links inline\"><b>1890<\/b>: Aurelio Saffi, pol\u00edtico y patriota italiano (n. 1819).<\/p>\n<p class=\"paragraph\" data-mrf-recirculation=\"Links inline\"><b>1899<\/b>: Mariano de la B\u00e1rcena, bot\u00e1nico, naturalista e ingeniero mexicano (n. 1842).<\/p>\n<p class=\"paragraph\" data-mrf-recirculation=\"Links inline\"><b>1900<\/b>: Miguel Blanco M\u00fazquiz, militar, abogado y pol\u00edtico mexicano (n. 1817).<\/p>\n<p class=\"paragraph\" data-mrf-recirculation=\"Links inline\"><b>1902<\/b>: Bartomeu Robert, m\u00e9dico y pol\u00edtico espa\u00f1ol (n. 1842).<\/p>\n<p class=\"paragraph\" data-mrf-recirculation=\"Links inline\"><b>1909<\/b>: Algernon Charles Swinburne, poeta brit\u00e1nico (n. 1837).<\/p>\n<p class=\"paragraph\" data-mrf-recirculation=\"Links inline\"><b>1919<\/b>: Emiliano Zapata, revolucionario mexicano (n. 1879).<\/p>\n<p class=\"paragraph\" data-mrf-recirculation=\"Links inline\"><b>1920<\/b>: Moritz Cantor, matem\u00e1tico alem\u00e1n (n. 1829).<\/p>\n<p class=\"paragraph\" data-mrf-recirculation=\"Links inline\"><b>1931<\/b>: Yibr\u00e1n Jalil Yibr\u00e1n, poeta, pintor, novelista y ensayista liban\u00e9s (n. 1883).<\/p>\n<p class=\"paragraph\" data-mrf-recirculation=\"Links inline\"><b>1931<\/b>: Lisandro Alvarado, m\u00e9dico, naturalista, historiador, etn\u00f3logo y ling\u00fcista venezolano (n. 1858).<\/p>\n<p class=\"paragraph\" data-mrf-recirculation=\"Links inline\"><b>1938<\/b>: Joe King Oliver, m\u00fasico estadounidense de jazz (n. 1885).<\/p>\n<p class=\"paragraph\" data-mrf-recirculation=\"Links inline\"><b>1945<\/b>: Johan de Haas, escritor y anarquista neerland\u00e9s (n. 1897).<\/p>\n<p class=\"paragraph\" data-mrf-recirculation=\"Links inline\"><b>1954<\/b>: Auguste Lumi\u00e8re, cineasta franc\u00e9s (n. 1862).<\/p>\n<p class=\"paragraph\" data-mrf-recirculation=\"Links inline\"><b>1955<\/b>: Pierre Teilhard de Chardin, paleont\u00f3logo, sacerdote y fil\u00f3sofo franc\u00e9s (n. 1881).<\/p>\n<p class=\"paragraph\" data-mrf-recirculation=\"Links inline\"><b>1960<\/b>: Humberto Sosa Molina, militar y pol\u00edtico argentino (n. 1893).<\/p>\n<p class=\"paragraph\" data-mrf-recirculation=\"Links inline\"><b>1962<\/b>: Stuart Sutcliffe, bajista brit\u00e1nico, de la banda The Beatles (n. 1940).<\/p>\n<p class=\"paragraph\" data-mrf-recirculation=\"Links inline\"><b>1966<\/b>: Evelyn Waugh, novelista brit\u00e1nico (n. 1903).<\/p>\n<p class=\"paragraph\" data-mrf-recirculation=\"Links inline\"><b>1969<\/b>: Fernando Ortiz Fern\u00e1ndez, antrop\u00f3logo cubano (n. 1881).<\/p>\n<p class=\"paragraph\" data-mrf-recirculation=\"Links inline\"><b>1969<\/b>: Harley Earl, dise\u00f1ador de autos estadounidense (n. 1893).<\/p>\n<p class=\"paragraph\" data-mrf-recirculation=\"Links inline\"><b>1975<\/b>: Marjorie Main, actriz estadounidense (n. 1890).<\/p>\n<p class=\"paragraph\" data-mrf-recirculation=\"Links inline\"><b>1975<\/b>: Walker Evans fot\u00f3grafo estadounidense (n. 1903).<\/p>\n<p class=\"paragraph\" data-mrf-recirculation=\"Links inline\"><b>1976<\/b>: Venancio Muro, actor espa\u00f1ol (n. 1928).<\/p>\n<p class=\"paragraph\" data-mrf-recirculation=\"Links inline\"><b>1976<\/b>: Ram\u00f3n Otero Pedrayo, escritor espa\u00f1ol (n. 1888).<\/p>\n<p class=\"paragraph\" data-mrf-recirculation=\"Links inline\"><b>1979<\/b>: Nino Rota, compositor italiano (n. 1911).<\/p>\n<p class=\"paragraph\" data-mrf-recirculation=\"Links inline\"><b>1985<\/b>: Eusebio Sempere, artista espa\u00f1ol (n. 1923).<\/p>\n<p class=\"paragraph\" data-mrf-recirculation=\"Links inline\"><b>1991<\/b>: Kevin Peter Hall, actor estadounidense (n. 1955).<\/p>\n<p class=\"paragraph\" data-mrf-recirculation=\"Links inline\"><b>1991<\/b>: Juan Morales Rojas, escritor espa\u00f1ol (n. 1918).<\/p>\n<p class=\"paragraph\" data-mrf-recirculation=\"Links inline\"><b>1991<\/b>: Natalie Schafer, actriz estadounidense (n. 1900).<\/p>\n<p class=\"paragraph\" data-mrf-recirculation=\"Links inline\"><b>1992<\/b>: Peter Dennis Mitchell, bioqu\u00edmico brit\u00e1nico (n. 1920).<\/p>\n<p class=\"paragraph\" data-mrf-recirculation=\"Links inline\"><b>1994<\/b>: Andr\u00e9s Bobe, m\u00fasico y productor chileno, de la banda La Ley (n. 1962).<\/p>\n<p class=\"paragraph\" data-mrf-recirculation=\"Links inline\"><b>1994<\/b>: Reinaldo Gorno, atleta argentino (n. 1918).<\/p>\n<p class=\"paragraph\" data-mrf-recirculation=\"Links inline\"><b>1995<\/b>: Annie Fischer, pianista cl\u00e1sica h\u00fangara (n. 1914).<\/p>\n<p class=\"paragraph\" data-mrf-recirculation=\"Links inline\"><b>2001<\/b>: Mar\u00eda Ruiz-Tagle, mujer chilena, esposa del presidente Eduardo Frei-Montalva (n. 1913).<\/p>\n<p class=\"paragraph\" data-mrf-recirculation=\"Links inline\"><b>2002<\/b>: Yuji Hyakutake, astr\u00f3nomo japon\u00e9s (n. 1950).<\/p>\n<p class=\"paragraph\" data-mrf-recirculation=\"Links inline\"><b>2003<\/b>: Chumy Ch\u00famez, humorista espa\u00f1ol (n. 1927).<\/p>\n<p class=\"paragraph\" data-mrf-recirculation=\"Links inline\"><b>2003<\/b>: Little Eva, cantante estadounidense (n. 1943).<\/p>\n<p class=\"paragraph\" data-mrf-recirculation=\"Links inline\"><b>2003<\/b>: Aurelio Su\u00e1rez, pintor espa\u00f1ol (n. 1910).<\/p>\n<p class=\"paragraph\" data-mrf-recirculation=\"Links inline\"><b>2005<\/b>: Horacio Casar\u00edn, futbolista mexicano (n. 1918).<\/p>\n<p class=\"paragraph\" data-mrf-recirculation=\"Links inline\"><b>2005<\/b>: Jorge Sobral, cantante, autor, director teatral y actor argentino (n. 1931).<\/p>\n<p class=\"paragraph\" data-mrf-recirculation=\"Links inline\"><b>2008<\/b>: Ernesto Corripio Ahumada, cardenal mexicano (n. 1919).<\/p>\n<p class=\"paragraph\" data-mrf-recirculation=\"Links inline\"><b>2010<\/b>: Lech Kaczy\u0144ski, pol\u00edtico y presidente polaco entre 2005 y 2010 (n. 1949).<\/p>\n<p class=\"paragraph\" data-mrf-recirculation=\"Links inline\"><b>2010<\/b>: Ryszard Kaczorowski, presidente polaco en el exilio (n. 1919).<\/p>\n<p class=\"paragraph\" data-mrf-recirculation=\"Links inline\"><b>2010<\/b>: Maciej P\u0142a\u017cy\u0144ski, pol\u00edtico y abogado polaco (n. 1958).<\/p>\n<p class=\"paragraph\" data-mrf-recirculation=\"Links inline\"><b>2010<\/b>: Jerzy Szmajdzi\u0144ski, pol\u00edtico polaco (n. 1952).<\/p>\n<p class=\"paragraph\" data-mrf-recirculation=\"Links inline\"><b>2010<\/b>: Maria Kaczy\u0144ska, primera dama polaca (n. 1942).<\/p>\n<p class=\"paragraph\" data-mrf-recirculation=\"Links inline\"><b>2012<\/b>: Barbara Buchholz, m\u00fasica, ejecutante de terem\u00edn y compositora alemana (n. 1959).<\/p>\n<p class=\"paragraph\" data-mrf-recirculation=\"Links inline\"><b>2012<\/b>: Hugo Henr\u00edquez, cantante ecuatoriano (n. 1941).<\/p>\n<p class=\"paragraph\" data-mrf-recirculation=\"Links inline\"><b>2012<\/b>: Alberto Merlo, guitarrista y compositor argentino (n. 1931).<\/p>\n<p class=\"paragraph\" data-mrf-recirculation=\"Links inline\"><b>2013<\/b>: Robert Edwards, bi\u00f3logo y fisi\u00f3logo brit\u00e1nico, premio nobel de medicina en 2010 (n. 1925).<\/p>\n<p class=\"paragraph\" data-mrf-recirculation=\"Links inline\"><b>2014<\/b>: Dominique Baudis, pol\u00edtico franc\u00e9s (n. 1947).<\/p>\n<p class=\"paragraph\" data-mrf-recirculation=\"Links inline\"><b>2020<\/b>: Gus Rodr\u00edguez, periodista mexicano (n. 1958).<\/p>\n<p class=\"paragraph\" data-mrf-recirculation=\"Links inline\"><b>2021<\/b>: Edward Cassidy, cardenal australiano (n. 1924).<\/p>\n","protected":false},"excerpt":{"rendered":"<div class=\"mh-excerpt\"><p>Estos acontecimientos est\u00e1n marcados en los calendarios con el prop\u00f3sito de mantener vivos los recuerdos de c\u00f3mo evoluciona el mundo y qu\u00e9 ha pasado para que sea como hasta la fecha lo conocemos, al tiempo <a class=\"mh-excerpt-more\" href=\"https:\/\/larevistadigital.com.ar\/blog\/esto-paso-un-dia-como-hoy-10-de-abril\/\" title=\"ESTO PAS\u00d3 UN D\u00cdA COMO HOY, 10 DE ABRIL&#8230;\">[Leer M\u00e1s]<\/a><\/p>\n<\/div>","protected":false},"author":3,"featured_media":16747,"comment_status":"open","ping_status":"open","sticky":false,"template":"","format":"standard","meta":{"_jetpack_memberships_contains_paid_content":false,"footnotes":"","jetpack_publicize_message":"","jetpack_publicize_feature_enabled":true,"jetpack_social_post_already_shared":true,"jetpack_social_options":{"image_generator_settings":{"template":"highway","default_image_id":0,"font":"","enabled":false},"version":2}},"categories":[15],"tags":[],"class_list":{"0":"post-30969","1":"post","2":"type-post","3":"status-publish","4":"format-standard","5":"has-post-thumbnail","7":"category-cultura"},"jetpack_publicize_connections":[],"jetpack_featured_media_url":"https:\/\/i0.wp.com\/larevistadigital.com.ar\/blog\/wp-content\/uploads\/LOGO-EFEMERIDES.jpg?fit=1268%2C664&ssl=1","jetpack_sharing_enabled":true,"jetpack_shortlink":"https:\/\/wp.me\/p8qtrQ-83v","jetpack-related-posts":[{"id":35843,"url":"https:\/\/larevistadigital.com.ar\/blog\/la-caida-en-las-ventas-minoristas-afecta-a-la-economia-local\/","url_meta":{"origin":30969,"position":0},"title":"LA CA\u00cdDA EN LAS VENTAS MINORISTAS AFECTA A LA ECONOM\u00cdA LOCAL","author":"Alejandro Sosa Ruda","date":"16 abril, 2024","format":false,"excerpt":"La Confederaci\u00f3n Argentina de la Mediana Empresa (CAME) inform\u00f3 una fuerte disminuci\u00f3n en las operaciones de los comercios minoristas durante el mes de marzo,que impacta negativamente en la din\u00e1mica econ\u00f3mica de la ciudad. 16 de abril de 2024 CHASCOM\u00daS -\u00a0 En su informe mensual correspondiente a marzo, la Confederaci\u00f3n Argentina\u2026","rel":"","context":"En \u00abCHASCOM\u00daS\u00bb","block_context":{"text":"CHASCOM\u00daS","link":"https:\/\/larevistadigital.com.ar\/blog\/category\/chascomus\/"},"img":{"alt_text":"","src":"https:\/\/i0.wp.com\/larevistadigital.com.ar\/blog\/wp-content\/uploads\/bbx_467407452_1_20171221_092044.jpg?fit=800%2C579&ssl=1&resize=350%2C200","width":350,"height":200,"srcset":"https:\/\/i0.wp.com\/larevistadigital.com.ar\/blog\/wp-content\/uploads\/bbx_467407452_1_20171221_092044.jpg?fit=800%2C579&ssl=1&resize=350%2C200 1x, https:\/\/i0.wp.com\/larevistadigital.com.ar\/blog\/wp-content\/uploads\/bbx_467407452_1_20171221_092044.jpg?fit=800%2C579&ssl=1&resize=525%2C300 1.5x, https:\/\/i0.wp.com\/larevistadigital.com.ar\/blog\/wp-content\/uploads\/bbx_467407452_1_20171221_092044.jpg?fit=800%2C579&ssl=1&resize=700%2C400 2x"},"classes":[]},{"id":17536,"url":"https:\/\/larevistadigital.com.ar\/blog\/bronca-e-indignacion-de-vecinos-de-girado-por-presunta-usurpacion-de-una-casa-en-el-barrio\/","url_meta":{"origin":30969,"position":1},"title":"BRONCA E INDIGNACI\u00d3N DE VECINOS DE GIRADO, POR PRESUNTA USURPACI\u00d3N DE UNA CASA EN EL BARRIO","author":"Alejandro Sosa Ruda","date":"9 noviembre, 2020","format":false,"excerpt":"Los vecinos de Barrio Parque Girado se encuentran movilizados, y con un alt\u00edsimo grado de preocupaci\u00f3n, bronca e indignaci\u00f3n por sucesos que han venido ocurriendo en los \u00faltimos d\u00edas. Se preguntan entre otras cosas \u00bfC\u00f3mo ingresaron a la ciudad? Resulta que hace d\u00edas, apareci\u00f3 un matrimonio con 9 hijos que\u2026","rel":"","context":"En \u00abCHASCOM\u00daS\u00bb","block_context":{"text":"CHASCOM\u00daS","link":"https:\/\/larevistadigital.com.ar\/blog\/category\/chascomus\/"},"img":{"alt_text":"","src":"https:\/\/i0.wp.com\/larevistadigital.com.ar\/blog\/wp-content\/uploads\/WhatsApp-Image-2020-11-06-at-19.50.41.jpeg?fit=1024%2C576&ssl=1&resize=350%2C200","width":350,"height":200,"srcset":"https:\/\/i0.wp.com\/larevistadigital.com.ar\/blog\/wp-content\/uploads\/WhatsApp-Image-2020-11-06-at-19.50.41.jpeg?fit=1024%2C576&ssl=1&resize=350%2C200 1x, https:\/\/i0.wp.com\/larevistadigital.com.ar\/blog\/wp-content\/uploads\/WhatsApp-Image-2020-11-06-at-19.50.41.jpeg?fit=1024%2C576&ssl=1&resize=525%2C300 1.5x, https:\/\/i0.wp.com\/larevistadigital.com.ar\/blog\/wp-content\/uploads\/WhatsApp-Image-2020-11-06-at-19.50.41.jpeg?fit=1024%2C576&ssl=1&resize=700%2C400 2x"},"classes":[]},{"id":5437,"url":"https:\/\/larevistadigital.com.ar\/blog\/desde-la-bancaria-no-descartan-un-paro-para-manana-y-el-viernes\/","url_meta":{"origin":30969,"position":2},"title":"Desde la Bancaria no descartan un paro para ma\u00f1ana y el viernes","author":"admin","date":"11 abril, 2018","format":false,"excerpt":"Conflicto sin soluci\u00f3n Fue consultado por La Revista Digital el Sr. Francisco Rodr\u00edguez, Secretario General de La Bancaria de nuestra ciudad. El nos comento que el conflicto no parece tener pronto soluci\u00f3n y no descarta que se lleven mas medidas de fuerza, para tratar de destrabar las paritarias y tambi\u00e9n\u2026","rel":"","context":"En \u00abCHASCOM\u00daS\u00bb","block_context":{"text":"CHASCOM\u00daS","link":"https:\/\/larevistadigital.com.ar\/blog\/category\/chascomus\/"},"img":{"alt_text":"","src":"https:\/\/i0.wp.com\/larevistadigital.com.ar\/blog\/wp-content\/uploads\/2018\/04\/banco_31demarzode2108_elfuerte.jpg?fit=737%2C415&ssl=1&resize=350%2C200","width":350,"height":200,"srcset":"https:\/\/i0.wp.com\/larevistadigital.com.ar\/blog\/wp-content\/uploads\/2018\/04\/banco_31demarzode2108_elfuerte.jpg?fit=737%2C415&ssl=1&resize=350%2C200 1x, https:\/\/i0.wp.com\/larevistadigital.com.ar\/blog\/wp-content\/uploads\/2018\/04\/banco_31demarzode2108_elfuerte.jpg?fit=737%2C415&ssl=1&resize=525%2C300 1.5x, https:\/\/i0.wp.com\/larevistadigital.com.ar\/blog\/wp-content\/uploads\/2018\/04\/banco_31demarzode2108_elfuerte.jpg?fit=737%2C415&ssl=1&resize=700%2C400 2x"},"classes":[]},{"id":39073,"url":"https:\/\/larevistadigital.com.ar\/blog\/pepe-cibrian-llega-en-abril-a-chascomus-con-su-version-original-de-caligula\/","url_meta":{"origin":30969,"position":3},"title":"Pepe Cibri\u00e1n llega en abril a Chascom\u00fas con su versi\u00f3n original de \u201cCal\u00edgula\u201d","author":"Alejandro Sosa Ruda","date":"22 marzo, 2025","format":false,"excerpt":"La cita es el jueves 17 de abril, en el Teatro Municipal Brazzola. Ya est\u00e1n disponibles las entradas. CHASCOM\u00daS -\u00a0 El 17 de abril, desde las 21 horas, subir\u00e1 a escena la comedia musical \u201cCal\u00edgula\u201d, de Pepe Cibri\u00e1n Campoy, inspirada en el emperador romano cuya locura lo lleva a creerse\u2026","rel":"","context":"En \u00abCHASCOM\u00daS\u00bb","block_context":{"text":"CHASCOM\u00daS","link":"https:\/\/larevistadigital.com.ar\/blog\/category\/chascomus\/"},"img":{"alt_text":"","src":"https:\/\/i0.wp.com\/larevistadigital.com.ar\/blog\/wp-content\/uploads\/67dda47b36c00.png?fit=668%2C445&ssl=1&resize=350%2C200","width":350,"height":200,"srcset":"https:\/\/i0.wp.com\/larevistadigital.com.ar\/blog\/wp-content\/uploads\/67dda47b36c00.png?fit=668%2C445&ssl=1&resize=350%2C200 1x, https:\/\/i0.wp.com\/larevistadigital.com.ar\/blog\/wp-content\/uploads\/67dda47b36c00.png?fit=668%2C445&ssl=1&resize=525%2C300 1.5x"},"classes":[]},{"id":44872,"url":"https:\/\/larevistadigital.com.ar\/blog\/estamos-transitando-el-mes-del-compostaje-en-chascomus\/","url_meta":{"origin":30969,"position":4},"title":"Estamos transitando el mes del Compostaje en Chascom\u00fas","author":"Alejandro Sosa Ruda","date":"1 abril, 2026","format":false,"excerpt":"Sumate y animate a transformar residuos en recursos valiosos. 01 de abril de 2026 CHASCOM\u00daS -\u00a0 \u00a0Desde el 22 de marzo al 22 de abril, celebramos el Mes del Compostaje, una oportunidad para revisar nuestras pr\u00e1cticas cotidianas y avanzar hacia formas m\u00e1s responsables de gestionar gran parte de los residuos\u2026","rel":"","context":"En \u00abCHASCOM\u00daS\u00bb","block_context":{"text":"CHASCOM\u00daS","link":"https:\/\/larevistadigital.com.ar\/blog\/category\/chascomus\/"},"img":{"alt_text":"","src":"https:\/\/i0.wp.com\/larevistadigital.com.ar\/blog\/wp-content\/uploads\/69cd5420ee289.png?fit=668%2C445&ssl=1&resize=350%2C200","width":350,"height":200,"srcset":"https:\/\/i0.wp.com\/larevistadigital.com.ar\/blog\/wp-content\/uploads\/69cd5420ee289.png?fit=668%2C445&ssl=1&resize=350%2C200 1x, https:\/\/i0.wp.com\/larevistadigital.com.ar\/blog\/wp-content\/uploads\/69cd5420ee289.png?fit=668%2C445&ssl=1&resize=525%2C300 1.5x"},"classes":[]},{"id":35915,"url":"https:\/\/larevistadigital.com.ar\/blog\/manana-toca-electric-gauchos-en-chascomus\/","url_meta":{"origin":30969,"position":5},"title":"MA\u00d1ANA TOCA \u00abELECTRIC GAUCHOS\u00bb EN CHASCOM\u00daS","author":"Alejandro Sosa Ruda","date":"25 abril, 2024","format":false,"excerpt":"Una interesante propuesta para disfrutar en familia. 25 de abril de 2024 CHASCOM\u00daS -\u00a0 El grupo musical \"Electric Gauchos\", conocido por su fascinante colectivo internacional de m\u00fasicos, llega a Chascom\u00fas para ofrecer un espect\u00e1culo de m\u00fasica instrumental de alta calidad, dise\u00f1ado para un p\u00fablico que aprecia los matices y los\u2026","rel":"","context":"En \u00abCULTURA\u00bb","block_context":{"text":"CULTURA","link":"https:\/\/larevistadigital.com.ar\/blog\/category\/cultura\/"},"img":{"alt_text":"","src":"https:\/\/i0.wp.com\/larevistadigital.com.ar\/blog\/wp-content\/uploads\/439498418_830383385800943_176963449248749253_n.jpg?fit=675%2C1200&ssl=1&resize=350%2C200","width":350,"height":200,"srcset":"https:\/\/i0.wp.com\/larevistadigital.com.ar\/blog\/wp-content\/uploads\/439498418_830383385800943_176963449248749253_n.jpg?fit=675%2C1200&ssl=1&resize=350%2C200 1x, https:\/\/i0.wp.com\/larevistadigital.com.ar\/blog\/wp-content\/uploads\/439498418_830383385800943_176963449248749253_n.jpg?fit=675%2C1200&ssl=1&resize=525%2C300 1.5x"},"classes":[]}],"_links":{"self":[{"href":"https:\/\/larevistadigital.com.ar\/blog\/wp-json\/wp\/v2\/posts\/30969","targetHints":{"allow":["GET"]}}],"collection":[{"href":"https:\/\/larevistadigital.com.ar\/blog\/wp-json\/wp\/v2\/posts"}],"about":[{"href":"https:\/\/larevistadigital.com.ar\/blog\/wp-json\/wp\/v2\/types\/post"}],"author":[{"embeddable":true,"href":"https:\/\/larevistadigital.com.ar\/blog\/wp-json\/wp\/v2\/users\/3"}],"replies":[{"embeddable":true,"href":"https:\/\/larevistadigital.com.ar\/blog\/wp-json\/wp\/v2\/comments?post=30969"}],"version-history":[{"count":1,"href":"https:\/\/larevistadigital.com.ar\/blog\/wp-json\/wp\/v2\/posts\/30969\/revisions"}],"predecessor-version":[{"id":30970,"href":"https:\/\/larevistadigital.com.ar\/blog\/wp-json\/wp\/v2\/posts\/30969\/revisions\/30970"}],"wp:featuredmedia":[{"embeddable":true,"href":"https:\/\/larevistadigital.com.ar\/blog\/wp-json\/wp\/v2\/media\/16747"}],"wp:attachment":[{"href":"https:\/\/larevistadigital.com.ar\/blog\/wp-json\/wp\/v2\/media?parent=30969"}],"wp:term":[{"taxonomy":"category","embeddable":true,"href":"https:\/\/larevistadigital.com.ar\/blog\/wp-json\/wp\/v2\/categories?post=30969"},{"taxonomy":"post_tag","embeddable":true,"href":"https:\/\/larevistadigital.com.ar\/blog\/wp-json\/wp\/v2\/tags?post=30969"}],"curies":[{"name":"wp","href":"https:\/\/api.w.org\/{rel}","templated":true}]}}