{"id":30971,"date":"2023-04-10T14:05:57","date_gmt":"2023-04-10T14:05:57","guid":{"rendered":"https:\/\/larevistadigital.com.ar\/blog\/?p=30971"},"modified":"2023-04-10T14:05:57","modified_gmt":"2023-04-10T14:05:57","slug":"dolores-vuelco-de-un-auto-en-ruta-2-con-el-saldo-de-dos-muertos-y-un-herido-grave","status":"publish","type":"post","link":"https:\/\/larevistadigital.com.ar\/blog\/dolores-vuelco-de-un-auto-en-ruta-2-con-el-saldo-de-dos-muertos-y-un-herido-grave\/","title":{"rendered":"DOLORES: VUELCO DE UN AUTO EN RUTA 2, CON EL SALDO DE DOS MUERTOS Y UN HERIDO GRAVE"},"content":{"rendered":"<div class=\"x11i5rnm xat24cr x1mh8g0r x1vvkbs xtlvy1s x126k92a\">\n<h2 dir=\"auto\">Ocurri\u00f3 en la ruta 2 a la altura de Dolores, en mano a Mar del Plata.<\/h2>\n<div dir=\"auto\">10 de abril de 2023<\/div>\n<div dir=\"auto\"><\/div>\n<div dir=\"auto\"><strong>DOLORES &#8211;\u00a0<\/strong> Un despiste y vuelco de un autom\u00f3vil Volkswagen Crossfox, en la Ruta Provincial N\u00b0 2, tuvo el lamentable saldo de dos personas fallecidas y un herido de gravedad. Todo ocurri\u00f3 en el kil\u00f3metro 228, en jurisdicci\u00f3n del partido de Dolores, en sentido hacia la Costa Atl\u00e1ntica.<\/div>\n<div dir=\"auto\"><\/div>\n<\/div>\n<div class=\"x11i5rnm xat24cr x1mh8g0r x1vvkbs xtlvy1s x126k92a\">\n<div dir=\"auto\">El fatal accidente sucedi\u00f3 durante la noche de ayer domingo 9 de abril, cuando por motivos que son materia de investigaci\u00f3n, el conductor del veh\u00edculo perdi\u00f3 el control del mismo, despist\u00f3 y termin\u00f3 volcando quedando el rodado con sus cuatro ruedas hacia arriba.<\/div>\n<\/div>\n<div class=\"x11i5rnm xat24cr x1mh8g0r x1vvkbs xtlvy1s x126k92a\">\n<blockquote>\n<h3 dir=\"auto\">Como consecuencia del vuelco dos hombres de 34 y 35 a\u00f1os, oriundos de Mar del Plata, murieron en el acto.<\/h3>\n<\/blockquote>\n<div dir=\"auto\">Por su parte, el conductor de 34 a\u00f1os, present\u00f3 heridas de gravedad por lo que fue trasladado al Hospital Municipal \u201cSan Roque\u201d de Dolores, para su asistencia m\u00e9dica.<\/div>\n<div dir=\"auto\"><\/div>\n<\/div>\n<div class=\"x11i5rnm xat24cr x1mh8g0r x1vvkbs xtlvy1s x126k92a\">\n<div dir=\"auto\">En el lugar trabajaron: efectivos de la Polic\u00eda Vial de Dolores, personal de AUBASA y dem\u00e1s servicios de emergencias.<\/div>\n<div dir=\"auto\"><\/div>\n<\/div>\n<div class=\"x11i5rnm xat24cr x1mh8g0r x1vvkbs xtlvy1s x126k92a\">\n<div dir=\"auto\">El lugar del siniestro fue preservado hasta el arrib\u00f3 de los peritos de la Polic\u00eda Cient\u00edfica de Dolores, quienes llevaron adelante las pericias de rigor.<\/div>\n<\/div>\n<div class=\"x11i5rnm xat24cr x1mh8g0r x1vvkbs xtlvy1s x126k92a\">\n<div dir=\"auto\">Por el vuelco, se iniciaron las actuaciones correspondientes por HOMICIDIO CULPOSO, con intervenci\u00f3n de la U.F.I. N\u00b0 1 del Departamento Judicial Dolores.<\/div>\n<\/div>\n<div dir=\"auto\">fuente: Publicaci\u00f3n y foto Eltitular<\/div>\n","protected":false},"excerpt":{"rendered":"<div class=\"mh-excerpt\"><p>Ocurri\u00f3 en la ruta 2 a la altura de Dolores, en mano a Mar del Plata. 10 de abril de 2023 DOLORES &#8211;\u00a0 Un despiste y vuelco de un autom\u00f3vil Volkswagen Crossfox, en la Ruta <a class=\"mh-excerpt-more\" href=\"https:\/\/larevistadigital.com.ar\/blog\/dolores-vuelco-de-un-auto-en-ruta-2-con-el-saldo-de-dos-muertos-y-un-herido-grave\/\" title=\"DOLORES: VUELCO DE UN AUTO EN RUTA 2, CON EL SALDO DE DOS MUERTOS Y UN HERIDO GRAVE\">[Leer M\u00e1s]<\/a><\/p>\n<\/div>","protected":false},"author":3,"featured_media":30972,"comment_status":"open","ping_status":"open","sticky":false,"template":"","format":"standard","meta":{"_jetpack_memberships_contains_paid_content":false,"footnotes":"","jetpack_publicize_message":"","jetpack_publicize_feature_enabled":true,"jetpack_social_post_already_shared":true,"jetpack_social_options":{"image_generator_settings":{"template":"highway","default_image_id":0,"font":"","enabled":false},"version":2}},"categories":[43,44,51],"tags":[],"class_list":{"0":"post-30971","1":"post","2":"type-post","3":"status-publish","4":"format-standard","5":"has-post-thumbnail","7":"category-dolores","8":"category-policiales","9":"category-regionales"},"jetpack_publicize_connections":[],"jetpack_featured_media_url":"https:\/\/i0.wp.com\/larevistadigital.com.ar\/blog\/wp-content\/uploads\/340746990_1430228207719582_8487664414906273358_n.jpg?fit=768%2C960&ssl=1","jetpack_sharing_enabled":true,"jetpack_shortlink":"https:\/\/wp.me\/p8qtrQ-83x","jetpack-related-posts":[{"id":40109,"url":"https:\/\/larevistadigital.com.ar\/blog\/milagro-en-la-ruta-2-dos-jovenes-salieron-ilesos-tras-un-impresionante-vuelco-cerca-de-dolores\/","url_meta":{"origin":30971,"position":0},"title":"Milagro en la Ruta 2: dos j\u00f3venes salieron ilesos tras un impresionante vuelco cerca de Dolores","author":"Alejandro Sosa Ruda","date":"14 junio, 2025","format":false,"excerpt":"El auto qued\u00f3 dado vuelta en plena calzada, pero los ocupantes \u2014de Castelli\u2014 resultaron ilesos. Ocurri\u00f3 en la madrugada del s\u00e1bado, a la altura del kil\u00f3metro 214. 14 de Junio de 2025 Un accidente que pudo terminar en tragedia termin\u00f3 siendo, literalmente, un milagro. Dos j\u00f3venes de 22 y 25\u2026","rel":"","context":"En \u00abDOLORES\u00bb","block_context":{"text":"DOLORES","link":"https:\/\/larevistadigital.com.ar\/blog\/category\/dolores\/"},"img":{"alt_text":"","src":"https:\/\/i0.wp.com\/larevistadigital.com.ar\/blog\/wp-content\/uploads\/e140d259da69826d7805000f0b450bd4970b3824.jpg?fit=1140%2C649&ssl=1&resize=350%2C200","width":350,"height":200,"srcset":"https:\/\/i0.wp.com\/larevistadigital.com.ar\/blog\/wp-content\/uploads\/e140d259da69826d7805000f0b450bd4970b3824.jpg?fit=1140%2C649&ssl=1&resize=350%2C200 1x, https:\/\/i0.wp.com\/larevistadigital.com.ar\/blog\/wp-content\/uploads\/e140d259da69826d7805000f0b450bd4970b3824.jpg?fit=1140%2C649&ssl=1&resize=525%2C300 1.5x, https:\/\/i0.wp.com\/larevistadigital.com.ar\/blog\/wp-content\/uploads\/e140d259da69826d7805000f0b450bd4970b3824.jpg?fit=1140%2C649&ssl=1&resize=700%2C400 2x, https:\/\/i0.wp.com\/larevistadigital.com.ar\/blog\/wp-content\/uploads\/e140d259da69826d7805000f0b450bd4970b3824.jpg?fit=1140%2C649&ssl=1&resize=1050%2C600 3x"},"classes":[]},{"id":2839,"url":"https:\/\/larevistadigital.com.ar\/blog\/dos-personas-heridas-tras-despiste-y-vuelco-en-la-ruta-63\/","url_meta":{"origin":30971,"position":1},"title":"Dos Personas heridas tras despiste y vuelco en la Ruta 63","author":"admin","date":"31 julio, 2017","format":false,"excerpt":"E hecho ocurri\u00f3 el pasado jueves en el kil\u00f3metro 27, 800 de la Ruta 63, cuando un autom\u00f3vil Ford Focus que viajaba de Buenos Aires hacia La Costa mordi\u00f3 la banquina, despist\u00f3 y termin\u00f3 volcando. A bordo del mencionado veh\u00edculo viajaba una mujer con sus tres hijos, dos varones y\u2026","rel":"","context":"En \u00abCASTELLI\u00bb","block_context":{"text":"CASTELLI","link":"https:\/\/larevistadigital.com.ar\/blog\/category\/castelli\/"},"img":{"alt_text":"","src":"https:\/\/i0.wp.com\/larevistadigital.com.ar\/blog\/wp-content\/uploads\/2017\/08\/dolores_30dejulio_elfuerte-1.jpg?fit=737%2C415&ssl=1&resize=350%2C200","width":350,"height":200,"srcset":"https:\/\/i0.wp.com\/larevistadigital.com.ar\/blog\/wp-content\/uploads\/2017\/08\/dolores_30dejulio_elfuerte-1.jpg?fit=737%2C415&ssl=1&resize=350%2C200 1x, https:\/\/i0.wp.com\/larevistadigital.com.ar\/blog\/wp-content\/uploads\/2017\/08\/dolores_30dejulio_elfuerte-1.jpg?fit=737%2C415&ssl=1&resize=525%2C300 1.5x, https:\/\/i0.wp.com\/larevistadigital.com.ar\/blog\/wp-content\/uploads\/2017\/08\/dolores_30dejulio_elfuerte-1.jpg?fit=737%2C415&ssl=1&resize=700%2C400 2x"},"classes":[]},{"id":25636,"url":"https:\/\/larevistadigital.com.ar\/blog\/dolores-despiste-y-vuelco-en-la-ruta-2\/","url_meta":{"origin":30971,"position":2},"title":"DOLORES: DESPISTE Y VUELCO EN LA RUTA 2","author":"Alejandro Sosa Ruda","date":"6 junio, 2022","format":false,"excerpt":"Afortunadamente no hubo que lamentar v\u00edctimas fatales. Durante la ma\u00f1ana de ayer, se produjo un fuerte accidente de tr\u00e1nsito sobre la Ruta 2, cerca del acceso a la ciudad de Dolores. Seg\u00fan se supo quien conduc\u00eda, habr\u00eda confundido el ingreso a Dolores y, al advertirlo, realiz\u00f3 una maniobra que gener\u00f3\u2026","rel":"","context":"En \u00abDOLORES\u00bb","block_context":{"text":"DOLORES","link":"https:\/\/larevistadigital.com.ar\/blog\/category\/dolores\/"},"img":{"alt_text":"","src":"https:\/\/i0.wp.com\/larevistadigital.com.ar\/blog\/wp-content\/uploads\/fff4c55b16c01be3bf5f60becedb21de763d0694.jpg?fit=1140%2C640&ssl=1&resize=350%2C200","width":350,"height":200,"srcset":"https:\/\/i0.wp.com\/larevistadigital.com.ar\/blog\/wp-content\/uploads\/fff4c55b16c01be3bf5f60becedb21de763d0694.jpg?fit=1140%2C640&ssl=1&resize=350%2C200 1x, https:\/\/i0.wp.com\/larevistadigital.com.ar\/blog\/wp-content\/uploads\/fff4c55b16c01be3bf5f60becedb21de763d0694.jpg?fit=1140%2C640&ssl=1&resize=525%2C300 1.5x, https:\/\/i0.wp.com\/larevistadigital.com.ar\/blog\/wp-content\/uploads\/fff4c55b16c01be3bf5f60becedb21de763d0694.jpg?fit=1140%2C640&ssl=1&resize=700%2C400 2x, https:\/\/i0.wp.com\/larevistadigital.com.ar\/blog\/wp-content\/uploads\/fff4c55b16c01be3bf5f60becedb21de763d0694.jpg?fit=1140%2C640&ssl=1&resize=1050%2C600 3x"},"classes":[]},{"id":36077,"url":"https:\/\/larevistadigital.com.ar\/blog\/dolores-vuelco-en-el-canal-9-con-el-saldo-de-4-heridos\/","url_meta":{"origin":30971,"position":3},"title":"DOLORES: VUELCO EN EL CANAL 9 CON EL SALDO DE 4 HERIDOS","author":"Alejandro Sosa Ruda","date":"19 mayo, 2024","format":false,"excerpt":"El accidente pudo ser m\u00e1s grave. Afortunadamente no hubo que lamentar v\u00edctimas. 19 de Mayo de 2024 DOLORES -\u00a0 Sucedi\u00f3 ayer por la tarde, a la altura del terrapl\u00e9n norte del Canal 9, en Dolores en la zona de las plantaciones, donde un accidente termin\u00f3 con un vuelco. A ra\u00edz\u2026","rel":"","context":"En \u00abPOLICIALES\u00bb","block_context":{"text":"POLICIALES","link":"https:\/\/larevistadigital.com.ar\/blog\/category\/policiales\/"},"img":{"alt_text":"","src":"https:\/\/i0.wp.com\/larevistadigital.com.ar\/blog\/wp-content\/uploads\/df43b96ee96f81971de72fd059f28c1a231e6462.jpg?fit=675%2C900&ssl=1&resize=350%2C200","width":350,"height":200,"srcset":"https:\/\/i0.wp.com\/larevistadigital.com.ar\/blog\/wp-content\/uploads\/df43b96ee96f81971de72fd059f28c1a231e6462.jpg?fit=675%2C900&ssl=1&resize=350%2C200 1x, https:\/\/i0.wp.com\/larevistadigital.com.ar\/blog\/wp-content\/uploads\/df43b96ee96f81971de72fd059f28c1a231e6462.jpg?fit=675%2C900&ssl=1&resize=525%2C300 1.5x"},"classes":[]},{"id":31076,"url":"https:\/\/larevistadigital.com.ar\/blog\/ruta-2-vuelco-en-el-kilometro-195\/","url_meta":{"origin":30971,"position":4},"title":"RUTA 2: VUELCO EN EL KIL\u00d3METRO 195","author":"Alejandro Sosa Ruda","date":"15 abril, 2023","format":false,"excerpt":"Sucedi\u00f3 ayer, donde una camioneta perdi\u00f3 el control y volc\u00f3. 15 de abril de 2023 DOLORES -\u00a0 Una camioneta perdi\u00f3 el control y volc\u00f3 durante el d\u00eda de ayer, en la ruta 2 a la altura de la localidad de Dolores. A\u00fan no se conocen las razones del siniestro, del\u2026","rel":"","context":"En \u00abDOLORES\u00bb","block_context":{"text":"DOLORES","link":"https:\/\/larevistadigital.com.ar\/blog\/category\/dolores\/"},"img":{"alt_text":"","src":"https:\/\/i0.wp.com\/larevistadigital.com.ar\/blog\/wp-content\/uploads\/ccc.jpg?fit=780%2C840&ssl=1&resize=350%2C200","width":350,"height":200,"srcset":"https:\/\/i0.wp.com\/larevistadigital.com.ar\/blog\/wp-content\/uploads\/ccc.jpg?fit=780%2C840&ssl=1&resize=350%2C200 1x, https:\/\/i0.wp.com\/larevistadigital.com.ar\/blog\/wp-content\/uploads\/ccc.jpg?fit=780%2C840&ssl=1&resize=525%2C300 1.5x, https:\/\/i0.wp.com\/larevistadigital.com.ar\/blog\/wp-content\/uploads\/ccc.jpg?fit=780%2C840&ssl=1&resize=700%2C400 2x"},"classes":[]},{"id":35759,"url":"https:\/\/larevistadigital.com.ar\/blog\/dolores-violento-vuelco-con-cuatro-heridos\/","url_meta":{"origin":30971,"position":5},"title":"DOLORES: VIOLENTO VUELCO CON CUATRO HERIDOS","author":"Alejandro Sosa Ruda","date":"4 abril, 2024","format":false,"excerpt":"As\u00ed lo inform\u00f3 el portal \"entrel\u00edneas\". El siniestro, ocurri\u00f3 en horas de la tarde. Se mont\u00f3 un importante operativo para rescatar a los ocupantes del veh\u00edculo. 4 de abril de 2024 DOLORES -\u00a0 Un impactante accidente de tr\u00e1nsito se produjo este mi\u00e9rcoles por la tarde a la altura del\u00a0kil\u00f3metro 15\u2026","rel":"","context":"En \u00abPOLICIALES\u00bb","block_context":{"text":"POLICIALES","link":"https:\/\/larevistadigital.com.ar\/blog\/category\/policiales\/"},"img":{"alt_text":"","src":"https:\/\/i0.wp.com\/larevistadigital.com.ar\/blog\/wp-content\/uploads\/dc8cb3ef042368cb1cde98bafc7d0374a5347965.jpg?fit=1140%2C854&ssl=1&resize=350%2C200","width":350,"height":200,"srcset":"https:\/\/i0.wp.com\/larevistadigital.com.ar\/blog\/wp-content\/uploads\/dc8cb3ef042368cb1cde98bafc7d0374a5347965.jpg?fit=1140%2C854&ssl=1&resize=350%2C200 1x, https:\/\/i0.wp.com\/larevistadigital.com.ar\/blog\/wp-content\/uploads\/dc8cb3ef042368cb1cde98bafc7d0374a5347965.jpg?fit=1140%2C854&ssl=1&resize=525%2C300 1.5x, https:\/\/i0.wp.com\/larevistadigital.com.ar\/blog\/wp-content\/uploads\/dc8cb3ef042368cb1cde98bafc7d0374a5347965.jpg?fit=1140%2C854&ssl=1&resize=700%2C400 2x, https:\/\/i0.wp.com\/larevistadigital.com.ar\/blog\/wp-content\/uploads\/dc8cb3ef042368cb1cde98bafc7d0374a5347965.jpg?fit=1140%2C854&ssl=1&resize=1050%2C600 3x"},"classes":[]}],"_links":{"self":[{"href":"https:\/\/larevistadigital.com.ar\/blog\/wp-json\/wp\/v2\/posts\/30971","targetHints":{"allow":["GET"]}}],"collection":[{"href":"https:\/\/larevistadigital.com.ar\/blog\/wp-json\/wp\/v2\/posts"}],"about":[{"href":"https:\/\/larevistadigital.com.ar\/blog\/wp-json\/wp\/v2\/types\/post"}],"author":[{"embeddable":true,"href":"https:\/\/larevistadigital.com.ar\/blog\/wp-json\/wp\/v2\/users\/3"}],"replies":[{"embeddable":true,"href":"https:\/\/larevistadigital.com.ar\/blog\/wp-json\/wp\/v2\/comments?post=30971"}],"version-history":[{"count":1,"href":"https:\/\/larevistadigital.com.ar\/blog\/wp-json\/wp\/v2\/posts\/30971\/revisions"}],"predecessor-version":[{"id":30973,"href":"https:\/\/larevistadigital.com.ar\/blog\/wp-json\/wp\/v2\/posts\/30971\/revisions\/30973"}],"wp:featuredmedia":[{"embeddable":true,"href":"https:\/\/larevistadigital.com.ar\/blog\/wp-json\/wp\/v2\/media\/30972"}],"wp:attachment":[{"href":"https:\/\/larevistadigital.com.ar\/blog\/wp-json\/wp\/v2\/media?parent=30971"}],"wp:term":[{"taxonomy":"category","embeddable":true,"href":"https:\/\/larevistadigital.com.ar\/blog\/wp-json\/wp\/v2\/categories?post=30971"},{"taxonomy":"post_tag","embeddable":true,"href":"https:\/\/larevistadigital.com.ar\/blog\/wp-json\/wp\/v2\/tags?post=30971"}],"curies":[{"name":"wp","href":"https:\/\/api.w.org\/{rel}","templated":true}]}}