{"id":30983,"date":"2023-04-11T23:20:08","date_gmt":"2023-04-11T23:20:08","guid":{"rendered":"https:\/\/larevistadigital.com.ar\/blog\/?p=30983"},"modified":"2023-04-11T23:21:03","modified_gmt":"2023-04-11T23:21:03","slug":"chascomus-la-policia-logro-dar-con-los-autores-de-un-robo-el-dia-de-ayer","status":"publish","type":"post","link":"https:\/\/larevistadigital.com.ar\/blog\/chascomus-la-policia-logro-dar-con-los-autores-de-un-robo-el-dia-de-ayer\/","title":{"rendered":"CHASCOM\u00daS: LA POLIC\u00cdA LOGR\u00d3 DAR CON LOS AUTORES DE UN ROBO EL D\u00cdA DE AYER"},"content":{"rendered":"<h2>Luego de dos allanamientos, aprehendieron a uno de los responsables, secuestrando la ropa del hecho y dinero de una caja fuerte que hab\u00edan sustraido.<\/h2>\n<p>11 de abril de 2023<\/p>\n<p><strong>CHASCOM\u00daS &#8211;\u00a0<\/strong> Durante la jornada de ayer, la polic\u00eda recibi\u00f3 una denuncia por robo, donde dos individuos tras escalar un pared\u00f3n de casi tres metros de altura ingresaron al deposito de un comercio destinado a la venta de agua ubicado en calle Sol\u00eds.<\/p>\n<p>Una vez en el predio, los ladrones se apoderaron de una caja fuerte con dinero en su interior, para luego retirarse del mismo.<\/p>\n<blockquote>\n<h3>Pese a haber girado las c\u00e1maras de seguridad del lugar, los autores del hecho quedaron registrados. pudiendo apreciarse con claridad su rostro y vestimenta.<\/h3>\n<\/blockquote>\n<p>Personal del GTO (Gabinete T\u00e9cnico \u00d3perativo) de la Polic\u00eda Comunal,\u00a0 identific\u00f3 al instante a ambos sujetos en raz\u00f3n de sus antecedentes delictivos, colectando dem\u00e1s prubeas de manera encubierta, logrando as\u00ed realizarse en el d\u00eda de la fecha allanamientos en dos domicilios en esta ciudad, logrando secuestrar la totalidad de la ropa utilizada por ambos autores al momento del hecho y una suma de dinero superior a los 80 mil pesos.<\/p>\n<p><img data-recalc-dims=\"1\" loading=\"lazy\" decoding=\"async\" class=\"alignnone size-full wp-image-30986\" src=\"https:\/\/i0.wp.com\/larevistadigital.com.ar\/blog\/wp-content\/uploads\/WhatsApp-Image-2023-04-11-at-20.06.48.jpeg?resize=1156%2C650&#038;ssl=1\" alt=\"\" width=\"1156\" height=\"650\" srcset=\"https:\/\/i0.wp.com\/larevistadigital.com.ar\/blog\/wp-content\/uploads\/WhatsApp-Image-2023-04-11-at-20.06.48.jpeg?w=1156&amp;ssl=1 1156w, https:\/\/i0.wp.com\/larevistadigital.com.ar\/blog\/wp-content\/uploads\/WhatsApp-Image-2023-04-11-at-20.06.48.jpeg?resize=300%2C169&amp;ssl=1 300w, https:\/\/i0.wp.com\/larevistadigital.com.ar\/blog\/wp-content\/uploads\/WhatsApp-Image-2023-04-11-at-20.06.48.jpeg?resize=1024%2C576&amp;ssl=1 1024w, https:\/\/i0.wp.com\/larevistadigital.com.ar\/blog\/wp-content\/uploads\/WhatsApp-Image-2023-04-11-at-20.06.48.jpeg?resize=768%2C432&amp;ssl=1 768w, https:\/\/i0.wp.com\/larevistadigital.com.ar\/blog\/wp-content\/uploads\/WhatsApp-Image-2023-04-11-at-20.06.48.jpeg?resize=678%2C381&amp;ssl=1 678w\" sizes=\"auto, (max-width: 1000px) 100vw, 1000px\" \/><\/p>\n<p>La fiscal\u00eda dispuso la aprehensi\u00f3n de uno de los imputados, que se hallaba en el domicilio en momento del allanamiento, y se encuentra alojado en la Estaci\u00f3n de Polic\u00eda Comunal. El imputado fue notificado de la formaci\u00f3n de la causa, derechos y garant\u00edas que le asisten por est\u00e1r imputado en investigaci\u00f3n caratulada <strong>ROBO AGRAVADO POR ESCALAMIENTO<\/strong>.<\/p>\n","protected":false},"excerpt":{"rendered":"<div class=\"mh-excerpt\"><p>Luego de dos allanamientos, aprehendieron a uno de los responsables, secuestrando la ropa del hecho y dinero de una caja fuerte que hab\u00edan sustraido. 11 de abril de 2023 CHASCOM\u00daS &#8211;\u00a0 Durante la jornada de <a class=\"mh-excerpt-more\" href=\"https:\/\/larevistadigital.com.ar\/blog\/chascomus-la-policia-logro-dar-con-los-autores-de-un-robo-el-dia-de-ayer\/\" title=\"CHASCOM\u00daS: LA POLIC\u00cdA LOGR\u00d3 DAR CON LOS AUTORES DE UN ROBO EL D\u00cdA DE AYER\">[Leer M\u00e1s]<\/a><\/p>\n<\/div>","protected":false},"author":3,"featured_media":30984,"comment_status":"open","ping_status":"open","sticky":false,"template":"","format":"standard","meta":{"_jetpack_memberships_contains_paid_content":false,"footnotes":"","jetpack_publicize_message":"","jetpack_publicize_feature_enabled":true,"jetpack_social_post_already_shared":true,"jetpack_social_options":{"image_generator_settings":{"template":"highway","default_image_id":0,"font":"","enabled":false},"version":2}},"categories":[50,44],"tags":[],"class_list":{"0":"post-30983","1":"post","2":"type-post","3":"status-publish","4":"format-standard","5":"has-post-thumbnail","7":"category-interes-general","8":"category-policiales"},"jetpack_publicize_connections":[],"jetpack_featured_media_url":"https:\/\/i0.wp.com\/larevistadigital.com.ar\/blog\/wp-content\/uploads\/WhatsApp-Image-2023-04-11-at-20.06.21-1-e1681255183177.jpeg?fit=650%2C817&ssl=1","jetpack_sharing_enabled":true,"jetpack_shortlink":"https:\/\/wp.me\/p8qtrQ-83J","jetpack-related-posts":[{"id":32279,"url":"https:\/\/larevistadigital.com.ar\/blog\/32279-2\/","url_meta":{"origin":30983,"position":0},"title":"CHASCOM\u00daS: LA POLIC\u00cdA COMUNAL APREHENDI\u00d3 DOS SUJETOS QUE FUERON IDENTIFICADOS POR LAS C\u00c1MARAS DURANTE UN ROBO","author":"Alejandro Sosa Ruda","date":"5 julio, 2023","format":false,"excerpt":"Los dos sujetos fueron aprehendidos y ten\u00edan antecedentes penales. 5 de julio de 2023 CHASCOM\u00daS -\u00a0 El d\u00eda lunes, se recibi\u00f3 en la Estaci\u00f3n de Polic\u00eda Comunal, una denuncia por robo, en el que dos autores tras escalar un pared\u00f3n de casi tres metros de altura ingresaron al deposito de\u2026","rel":"","context":"En \u00abINTERES GENERAL\u00bb","block_context":{"text":"INTERES GENERAL","link":"https:\/\/larevistadigital.com.ar\/blog\/category\/interes-general\/"},"img":{"alt_text":"","src":"https:\/\/i0.wp.com\/larevistadigital.com.ar\/blog\/wp-content\/uploads\/2017\/08\/GEO_COMISARIA_1_CHASCOMUS-e1705762962297.jpg?fit=1200%2C548&ssl=1&resize=350%2C200","width":350,"height":200,"srcset":"https:\/\/i0.wp.com\/larevistadigital.com.ar\/blog\/wp-content\/uploads\/2017\/08\/GEO_COMISARIA_1_CHASCOMUS-e1705762962297.jpg?fit=1200%2C548&ssl=1&resize=350%2C200 1x, https:\/\/i0.wp.com\/larevistadigital.com.ar\/blog\/wp-content\/uploads\/2017\/08\/GEO_COMISARIA_1_CHASCOMUS-e1705762962297.jpg?fit=1200%2C548&ssl=1&resize=525%2C300 1.5x, https:\/\/i0.wp.com\/larevistadigital.com.ar\/blog\/wp-content\/uploads\/2017\/08\/GEO_COMISARIA_1_CHASCOMUS-e1705762962297.jpg?fit=1200%2C548&ssl=1&resize=700%2C400 2x, https:\/\/i0.wp.com\/larevistadigital.com.ar\/blog\/wp-content\/uploads\/2017\/08\/GEO_COMISARIA_1_CHASCOMUS-e1705762962297.jpg?fit=1200%2C548&ssl=1&resize=1050%2C600 3x"},"classes":[]},{"id":27535,"url":"https:\/\/larevistadigital.com.ar\/blog\/chascomus-dos-hechos-de-robo-esclarecidos-en-la-misma-noche-con-detenidos-en-ambos-casos\/","url_meta":{"origin":30983,"position":1},"title":"CHASCOM\u00daS: DOS HECHOS DE ROBO ESCLARECIDOS EN LA MISMA NOCHE, CON DETENIDOS EN AMBOS CASOS","author":"Alejandro Sosa Ruda","date":"4 septiembre, 2022","format":false,"excerpt":"Sucedieron durante la madrugada de ayer. Los hechos fueron esclarecidos y los autores aprehendidos. 04 de septiembre de 2022 CHASCOM\u00daS -\u00a0\u00a0Durante la madrugada de ayer, 03 de septiembre, sucedieron dos hechos de robo en la ciudad que la Polic\u00eda Comunal logr\u00f3 esclarecer, y detener en ambos casos a las personas\u2026","rel":"","context":"En \u00abINTERES GENERAL\u00bb","block_context":{"text":"INTERES GENERAL","link":"https:\/\/larevistadigital.com.ar\/blog\/category\/interes-general\/"},"img":{"alt_text":"","src":"https:\/\/i0.wp.com\/larevistadigital.com.ar\/blog\/wp-content\/uploads\/2018\/03\/Policia-allanamiento-noche.jpg?fit=777%2C498&ssl=1&resize=350%2C200","width":350,"height":200,"srcset":"https:\/\/i0.wp.com\/larevistadigital.com.ar\/blog\/wp-content\/uploads\/2018\/03\/Policia-allanamiento-noche.jpg?fit=777%2C498&ssl=1&resize=350%2C200 1x, https:\/\/i0.wp.com\/larevistadigital.com.ar\/blog\/wp-content\/uploads\/2018\/03\/Policia-allanamiento-noche.jpg?fit=777%2C498&ssl=1&resize=525%2C300 1.5x, https:\/\/i0.wp.com\/larevistadigital.com.ar\/blog\/wp-content\/uploads\/2018\/03\/Policia-allanamiento-noche.jpg?fit=777%2C498&ssl=1&resize=700%2C400 2x"},"classes":[]},{"id":6719,"url":"https:\/\/larevistadigital.com.ar\/blog\/policia-de-chascomus-y-pila-detienen-a-mujer-que-robo-a-su-concubino\/","url_meta":{"origin":30983,"position":2},"title":"POLIC\u00cdA DE CHASCOM\u00daS Y PILA DETIENEN A MUJER QUE ROB\u00d3 A SU CONCUBINO","author":"Alejandro Sosa Ruda","date":"2 octubre, 2018","format":false,"excerpt":"En el d\u00eda de ayer, en horas de la tarde personal del GTO de la EPC Chascom\u00fas se reunieron en esta ciudad con sus pares del GTO de la EPC Pila a ra\u00edz de un hecho acaecido en dicha localidad el d\u00eda 29.09.18 en perjuicio de Cristian Bellingeri (37) quien\u2026","rel":"","context":"En \u00abPOLICIALES\u00bb","block_context":{"text":"POLICIALES","link":"https:\/\/larevistadigital.com.ar\/blog\/category\/policiales\/"},"img":{"alt_text":"","src":"https:\/\/i0.wp.com\/larevistadigital.com.ar\/blog\/wp-content\/uploads\/2018\/10\/WhatsApp-Image-2018-10-02-at-00.35.08.jpeg?fit=1200%2C900&ssl=1&resize=350%2C200","width":350,"height":200,"srcset":"https:\/\/i0.wp.com\/larevistadigital.com.ar\/blog\/wp-content\/uploads\/2018\/10\/WhatsApp-Image-2018-10-02-at-00.35.08.jpeg?fit=1200%2C900&ssl=1&resize=350%2C200 1x, https:\/\/i0.wp.com\/larevistadigital.com.ar\/blog\/wp-content\/uploads\/2018\/10\/WhatsApp-Image-2018-10-02-at-00.35.08.jpeg?fit=1200%2C900&ssl=1&resize=525%2C300 1.5x, https:\/\/i0.wp.com\/larevistadigital.com.ar\/blog\/wp-content\/uploads\/2018\/10\/WhatsApp-Image-2018-10-02-at-00.35.08.jpeg?fit=1200%2C900&ssl=1&resize=700%2C400 2x, https:\/\/i0.wp.com\/larevistadigital.com.ar\/blog\/wp-content\/uploads\/2018\/10\/WhatsApp-Image-2018-10-02-at-00.35.08.jpeg?fit=1200%2C900&ssl=1&resize=1050%2C600 3x"},"classes":[]},{"id":36751,"url":"https:\/\/larevistadigital.com.ar\/blog\/chascomus-la-policia-con-ayjda-de-monitoreo-detuvo-a-los-autores-de-los-robos-de-dos-comercios-en-el-centro-tenian-13-y-14-anos\/","url_meta":{"origin":30983,"position":3},"title":"CHASCOM\u00daS: LA POLIC\u00cdA CON AYJDA DE MONITOREO DETUVO A LOS AUTORES DE LOS ROBOS DE DOS COMERCIOS EN EL CENTRO. TEN\u00cdAN 13 Y 14 A\u00d1OS.","author":"Alejandro Sosa Ruda","date":"18 julio, 2024","format":false,"excerpt":"Luego de las investigaciones, la polic\u00eda di\u00f3 con los responsables, que como resultaron ser menores de edad, recuperarob su libertad. 18 de Julio de 2024 CHASCOM\u00daS-\u00a0 En el dia de ayer se recibio la denuncia de robo en dos comercios, uno ubicado en Libres del Sur entre las calles Arenales\u2026","rel":"","context":"En \u00abDESTACADAS\u00bb","block_context":{"text":"DESTACADAS","link":"https:\/\/larevistadigital.com.ar\/blog\/category\/destacadas\/"},"img":{"alt_text":"","src":"https:\/\/i0.wp.com\/larevistadigital.com.ar\/blog\/wp-content\/uploads\/POLICIA.png?fit=1002%2C658&ssl=1&resize=350%2C200","width":350,"height":200,"srcset":"https:\/\/i0.wp.com\/larevistadigital.com.ar\/blog\/wp-content\/uploads\/POLICIA.png?fit=1002%2C658&ssl=1&resize=350%2C200 1x, https:\/\/i0.wp.com\/larevistadigital.com.ar\/blog\/wp-content\/uploads\/POLICIA.png?fit=1002%2C658&ssl=1&resize=525%2C300 1.5x, https:\/\/i0.wp.com\/larevistadigital.com.ar\/blog\/wp-content\/uploads\/POLICIA.png?fit=1002%2C658&ssl=1&resize=700%2C400 2x"},"classes":[]},{"id":34475,"url":"https:\/\/larevistadigital.com.ar\/blog\/chascomus-dos-detenidos-por-robo-agravado-de-vehiculo\/","url_meta":{"origin":30983,"position":4},"title":"CHASCOM\u00daS: DOS DETENIDOS POR ROBO AGRAVADO DE VEH\u00cdCULO","author":"Alejandro Sosa Ruda","date":"9 noviembre, 2023","format":false,"excerpt":"Se trata de dos sujetos con frondosos antecedentes y ambos fueron excarcelados hace poco tiempo. 9 de Noviembre de 2023 CHASCOM\u00daS -\u00a0 Durante la tarde de ayer personal de la Polic\u00eda Comunal Chascomus 1ra., finaliz\u00f3 una investigaci\u00f3n que ven\u00eda desarrollando. En la misma se logro demostrar que dos personas se\u2026","rel":"","context":"En \u00abDESTACADAS\u00bb","block_context":{"text":"DESTACADAS","link":"https:\/\/larevistadigital.com.ar\/blog\/category\/destacadas\/"},"img":{"alt_text":"","src":"https:\/\/i0.wp.com\/larevistadigital.com.ar\/blog\/wp-content\/uploads\/WhatsApp-Image-2023-11-09-at-11.15.56-1.jpeg?fit=901%2C1200&ssl=1&resize=350%2C200","width":350,"height":200,"srcset":"https:\/\/i0.wp.com\/larevistadigital.com.ar\/blog\/wp-content\/uploads\/WhatsApp-Image-2023-11-09-at-11.15.56-1.jpeg?fit=901%2C1200&ssl=1&resize=350%2C200 1x, https:\/\/i0.wp.com\/larevistadigital.com.ar\/blog\/wp-content\/uploads\/WhatsApp-Image-2023-11-09-at-11.15.56-1.jpeg?fit=901%2C1200&ssl=1&resize=525%2C300 1.5x, https:\/\/i0.wp.com\/larevistadigital.com.ar\/blog\/wp-content\/uploads\/WhatsApp-Image-2023-11-09-at-11.15.56-1.jpeg?fit=901%2C1200&ssl=1&resize=700%2C400 2x"},"classes":[]},{"id":35847,"url":"https:\/\/larevistadigital.com.ar\/blog\/chascomus-la-policia-atrapo-al-responsable-del-robo-en-calle-grito-de-dolores\/","url_meta":{"origin":30983,"position":5},"title":"CHASCOM\u00daS: LA POLIC\u00cdA ATRAP\u00d3 AL RESPONSABLE DEL ROBO EN CALLE GRITO DE DOLORES","author":"Alejandro Sosa Ruda","date":"17 abril, 2024","format":false,"excerpt":"Luego de las investigaciones, la polic\u00eda logr\u00f3 detener al responsable del hecho de robo de calle Griuto de Dolores. 17 de abril de 2024 CHASCOM\u00daS -\u00a0 El dia mi\u00e9rcoles 10 del corriente, se recibio una denuncia de Robo en el que la v\u00edctima manifesto que habian constatado que autor o\u2026","rel":"","context":"En \u00abDESTACADAS\u00bb","block_context":{"text":"DESTACADAS","link":"https:\/\/larevistadigital.com.ar\/blog\/category\/destacadas\/"},"img":{"alt_text":"","src":"https:\/\/i0.wp.com\/larevistadigital.com.ar\/blog\/wp-content\/uploads\/WhatsApp-Image-2024-04-16-at-19.03.18.jpeg?fit=675%2C1200&ssl=1&resize=350%2C200","width":350,"height":200,"srcset":"https:\/\/i0.wp.com\/larevistadigital.com.ar\/blog\/wp-content\/uploads\/WhatsApp-Image-2024-04-16-at-19.03.18.jpeg?fit=675%2C1200&ssl=1&resize=350%2C200 1x, https:\/\/i0.wp.com\/larevistadigital.com.ar\/blog\/wp-content\/uploads\/WhatsApp-Image-2024-04-16-at-19.03.18.jpeg?fit=675%2C1200&ssl=1&resize=525%2C300 1.5x"},"classes":[]}],"_links":{"self":[{"href":"https:\/\/larevistadigital.com.ar\/blog\/wp-json\/wp\/v2\/posts\/30983","targetHints":{"allow":["GET"]}}],"collection":[{"href":"https:\/\/larevistadigital.com.ar\/blog\/wp-json\/wp\/v2\/posts"}],"about":[{"href":"https:\/\/larevistadigital.com.ar\/blog\/wp-json\/wp\/v2\/types\/post"}],"author":[{"embeddable":true,"href":"https:\/\/larevistadigital.com.ar\/blog\/wp-json\/wp\/v2\/users\/3"}],"replies":[{"embeddable":true,"href":"https:\/\/larevistadigital.com.ar\/blog\/wp-json\/wp\/v2\/comments?post=30983"}],"version-history":[{"count":2,"href":"https:\/\/larevistadigital.com.ar\/blog\/wp-json\/wp\/v2\/posts\/30983\/revisions"}],"predecessor-version":[{"id":30987,"href":"https:\/\/larevistadigital.com.ar\/blog\/wp-json\/wp\/v2\/posts\/30983\/revisions\/30987"}],"wp:featuredmedia":[{"embeddable":true,"href":"https:\/\/larevistadigital.com.ar\/blog\/wp-json\/wp\/v2\/media\/30984"}],"wp:attachment":[{"href":"https:\/\/larevistadigital.com.ar\/blog\/wp-json\/wp\/v2\/media?parent=30983"}],"wp:term":[{"taxonomy":"category","embeddable":true,"href":"https:\/\/larevistadigital.com.ar\/blog\/wp-json\/wp\/v2\/categories?post=30983"},{"taxonomy":"post_tag","embeddable":true,"href":"https:\/\/larevistadigital.com.ar\/blog\/wp-json\/wp\/v2\/tags?post=30983"}],"curies":[{"name":"wp","href":"https:\/\/api.w.org\/{rel}","templated":true}]}}