{"id":30988,"date":"2023-04-12T00:40:54","date_gmt":"2023-04-12T00:40:54","guid":{"rendered":"https:\/\/larevistadigital.com.ar\/blog\/?p=30988"},"modified":"2023-04-12T00:40:54","modified_gmt":"2023-04-12T00:40:54","slug":"tandil-ya-se-detectaron-5-casos-de-murcielagos-con-rabia-en-un-mes","status":"publish","type":"post","link":"https:\/\/larevistadigital.com.ar\/blog\/tandil-ya-se-detectaron-5-casos-de-murcielagos-con-rabia-en-un-mes\/","title":{"rendered":"TANDIL: YA SE DETECTARON 5 CASOS DE MURCI\u00c9LAGOS CON RABIA EN UN MES"},"content":{"rendered":"<h2 class=\"nota__hero__summary\">La Municipalidad dispuso un operativo de vacunaci\u00f3n para aquellos perros y gatos que vivan en la zona del \u00faltimo hallazgo.<\/h2>\n<p>11 de abril de 2023<\/p>\n<p><strong>TANDIL &#8211;\u00a0 <\/strong>La ciudad de Tandil registr\u00f3 un nuevo caso de un murci\u00e9lago con rabia, y es el quinto que se detecta en el \u00faltimo mes, seg\u00fan inform\u00f3 el portal local El Eco. El \u00faltimo hallazgo fue realizado por un vecino, quien luego remiti\u00f3 el animal a la Direcci\u00f3n de Bromatolog\u00eda y Zoonosis. Luego del correspondiente an\u00e1lisis, el organismo municipal inform\u00f3 que el mismo result\u00f3 positivo a rabia.<\/p>\n<blockquote>\n<h3>A partir de all\u00ed, se decidi\u00f3 activar desde hoy el protocolo de vacunaci\u00f3n en anillo en el \u00e1rea comprendida entre las avenidas Del Valle y Col\u00f3n y las calles Uriburu Norte y 9 de Julio. Con la idea de ampliar la cobertura, tambi\u00e9n se invit\u00f3 a los vecinos de manzanas aleda\u00f1as a presentarse con sus mascotas al encuentro del personal de Zoonosis.<\/h3>\n<\/blockquote>\n<p>El objetivo del operativo es vacunar a perros y gatos de la zona, independientemente de su estado de vacunaci\u00f3n; solo estar\u00e1n exceptuados aquellos que hayan sido inoculados fehacientemente en los \u00faltimos 30 d\u00edas.<\/p>\n<blockquote>\n<h3>Los murci\u00e9lagos sospechados de tener rabia son aquellos que aparecen en horarios diurnos e imposibilitados de volar. La rabia es una zoonosis (enfermedad transmitida por animales al ser humano) de origen viral que afecta a todos los mam\u00edferos, incluidas las personas. Se presenta con un cuadro neurol\u00f3gico agudo y fatal, por lo que es muy importante la prevenci\u00f3n.<\/h3>\n<\/blockquote>\n<p>Se han remitido a laboratorio alrededor de 70 murci\u00e9lagos desde septiembre de 2022, de los cuales 9 resultaron ser positivos a rabia. La campa\u00f1a propiciada por la Municipalidad busca alcanzar porcentajes superiores al 80 % de vacunaci\u00f3n de perros y gatos, dado que la transmisi\u00f3n del virus con estos valores disminuye notablemente.<\/p>\n<blockquote>\n<h3>Tradicionalmente los perros han sido el principal (y casi el \u00fanico) reservorio y transmisor de la infecci\u00f3n humana. Sin embargo, actualmente en las regiones del mundo no end\u00e9micas donde la vacunaci\u00f3n de los perros est\u00e1 extendida, es el murci\u00e9lago el reservorio y transmisor m\u00e1s importante de la infecci\u00f3n al hombre.<\/h3>\n<\/blockquote>\n<p><span style=\"color: #ff0000\"><strong>Recomendaciones en caso de encontrar un murci\u00e9lago, especialmente si se encuentra fuera de su h\u00e1bitat natural o si parece moribundo o muerto:<\/strong><\/span><\/p>\n<p><strong>1-<\/strong> Evitar el contacto directo con el animal e impedir que los ni\u00f1os u otras personas y mascotas lo hagan.<\/p>\n<p><strong>2-<\/strong> <strong>NUNCA<\/strong> tocarlo con las manos descubiertas o desprotegidas.<\/p>\n<p><strong>3-<\/strong> Levantarlo, en lo posible, con una pinza o, en todo caso, con guantes gruesos y duros.<\/p>\n<p><strong>4-<\/strong> Colocarlo dentro de un frasco y cerrarlo bien.<\/p>\n<p><strong>5-<\/strong> Acercar dicho frasco a la Direcci\u00f3n de Bromatolog\u00eda y Zoonosis para que sea enviado a analizar y as\u00ed determinar el estado sanitario con respecto a la enfermedad.<\/p>\n","protected":false},"excerpt":{"rendered":"<div class=\"mh-excerpt\"><p>La Municipalidad dispuso un operativo de vacunaci\u00f3n para aquellos perros y gatos que vivan en la zona del \u00faltimo hallazgo. 11 de abril de 2023 TANDIL &#8211;\u00a0 La ciudad de Tandil registr\u00f3 un nuevo caso <a class=\"mh-excerpt-more\" href=\"https:\/\/larevistadigital.com.ar\/blog\/tandil-ya-se-detectaron-5-casos-de-murcielagos-con-rabia-en-un-mes\/\" title=\"TANDIL: YA SE DETECTARON 5 CASOS DE MURCI\u00c9LAGOS CON RABIA EN UN MES\">[Leer M\u00e1s]<\/a><\/p>\n<\/div>","protected":false},"author":3,"featured_media":30989,"comment_status":"open","ping_status":"open","sticky":false,"template":"","format":"standard","meta":{"_jetpack_memberships_contains_paid_content":false,"footnotes":"","jetpack_publicize_message":"","jetpack_publicize_feature_enabled":true,"jetpack_social_post_already_shared":true,"jetpack_social_options":{"image_generator_settings":{"template":"highway","default_image_id":0,"font":"","enabled":false},"version":2}},"categories":[51,29],"tags":[],"class_list":{"0":"post-30988","1":"post","2":"type-post","3":"status-publish","4":"format-standard","5":"has-post-thumbnail","7":"category-regionales","8":"category-sociedad"},"jetpack_publicize_connections":[],"jetpack_featured_media_url":"https:\/\/i0.wp.com\/larevistadigital.com.ar\/blog\/wp-content\/uploads\/descarga-1-1.jpg?fit=1200%2C812&ssl=1","jetpack_sharing_enabled":true,"jetpack_shortlink":"https:\/\/wp.me\/p8qtrQ-83O","jetpack-related-posts":[{"id":30743,"url":"https:\/\/larevistadigital.com.ar\/blog\/tandil-en-tres-meses-hallaron-cinco-murcielagos-con-rabia\/","url_meta":{"origin":30988,"position":0},"title":"TANDIL: EN TRES MESES HALLARON CINCO MURCI\u00c9LAGOS CON RABIA","author":"Alejandro Sosa Ruda","date":"28 marzo, 2023","format":false,"excerpt":"Autoridades del \u00e1rea de salud p\u00fablica debieron activar nuevamente un protocolo de vacunaci\u00f3n de urgencia. La rabia es una enfermedad que no tiene tratamiento. 28 de marzo de 2023 TANDIL -\u00a0 En Tandil, desde diciembre hasta este mes de marzo, se han hallado cinco murci\u00e9lagos con rabia, lo que ha\u2026","rel":"","context":"En \u00abREGIONALES\u00bb","block_context":{"text":"REGIONALES","link":"https:\/\/larevistadigital.com.ar\/blog\/category\/regionales\/"},"img":{"alt_text":"","src":"https:\/\/i0.wp.com\/larevistadigital.com.ar\/blog\/wp-content\/uploads\/20230327171923_2328-600x450-1.jpg?fit=880%2C512&ssl=1&resize=350%2C200","width":350,"height":200,"srcset":"https:\/\/i0.wp.com\/larevistadigital.com.ar\/blog\/wp-content\/uploads\/20230327171923_2328-600x450-1.jpg?fit=880%2C512&ssl=1&resize=350%2C200 1x, https:\/\/i0.wp.com\/larevistadigital.com.ar\/blog\/wp-content\/uploads\/20230327171923_2328-600x450-1.jpg?fit=880%2C512&ssl=1&resize=525%2C300 1.5x, https:\/\/i0.wp.com\/larevistadigital.com.ar\/blog\/wp-content\/uploads\/20230327171923_2328-600x450-1.jpg?fit=880%2C512&ssl=1&resize=700%2C400 2x"},"classes":[]},{"id":30403,"url":"https:\/\/larevistadigital.com.ar\/blog\/chascomus-operativo-de-bloqueo-sanitario-tras-el-hallazgo-de-un-murcielago-con-rabia\/","url_meta":{"origin":30988,"position":1},"title":"CHASCOM\u00daS: OPERATIVO DE \u00abBLOQUEO SANITARIO\u00bb TRAS EL HALLAZGO DE UN MURCI\u00c9LAGO CON RABIA.","author":"Alejandro Sosa Ruda","date":"6 marzo, 2023","format":false,"excerpt":"El equipo de Bromatolog\u00eda y Zoonosis trabaj\u00f3 en el sector de Juli\u00e1n Quintana e\/Scalabrini Ortiz y Las Acacias, completando la vacunaci\u00f3n antirr\u00e1bica de mascotas en un radio de 200mts a la redonda del lugar del hallazgo. 6 de marzo de 2023 CHASCOM\u00daS\u00a0 - Tras la notificaci\u00f3n a los respectivos domicilios,\u2026","rel":"","context":"En \u00abCHASCOM\u00daS\u00bb","block_context":{"text":"CHASCOM\u00daS","link":"https:\/\/larevistadigital.com.ar\/blog\/category\/chascomus\/"},"img":{"alt_text":"","src":"https:\/\/i0.wp.com\/larevistadigital.com.ar\/blog\/wp-content\/uploads\/descarga-18.jpg?fit=1200%2C900&ssl=1&resize=350%2C200","width":350,"height":200,"srcset":"https:\/\/i0.wp.com\/larevistadigital.com.ar\/blog\/wp-content\/uploads\/descarga-18.jpg?fit=1200%2C900&ssl=1&resize=350%2C200 1x, https:\/\/i0.wp.com\/larevistadigital.com.ar\/blog\/wp-content\/uploads\/descarga-18.jpg?fit=1200%2C900&ssl=1&resize=525%2C300 1.5x, https:\/\/i0.wp.com\/larevistadigital.com.ar\/blog\/wp-content\/uploads\/descarga-18.jpg?fit=1200%2C900&ssl=1&resize=700%2C400 2x, https:\/\/i0.wp.com\/larevistadigital.com.ar\/blog\/wp-content\/uploads\/descarga-18.jpg?fit=1200%2C900&ssl=1&resize=1050%2C600 3x"},"classes":[]},{"id":42447,"url":"https:\/\/larevistadigital.com.ar\/blog\/alarma-en-mar-del-plata-por-un-murcielago-con-rabia-advierten-que-menos-del-20-de-las-mascotas-esta-vacunada\/","url_meta":{"origin":30988,"position":2},"title":"Alarma en Mar del Plata por un murci\u00e9lago con rabia: advierten que menos del 20% de las mascotas est\u00e1 vacunada","author":"Alejandro Sosa Ruda","date":"10 noviembre, 2025","format":false,"excerpt":"El hallazgo de un murci\u00e9lago con rabia en el barrio Estrada encendi\u00f3 las alertas sanitarias. Desde el Colegio de Veterinarios bonaerense alertan sobre la baja vacunaci\u00f3n en perros y gatos y explican c\u00f3mo actuar ante un caso sospechoso. 10 de Noviembre de 2025 MAR DEL PLATA -\u00a0 La detecci\u00f3n de\u2026","rel":"","context":"En \u00abREGIONALES\u00bb","block_context":{"text":"REGIONALES","link":"https:\/\/larevistadigital.com.ar\/blog\/category\/regionales\/"},"img":{"alt_text":"","src":"https:\/\/i0.wp.com\/larevistadigital.com.ar\/blog\/wp-content\/uploads\/Captura-de-pantalla-2025-11-10-112710.jpg?fit=577%2C434&ssl=1&resize=350%2C200","width":350,"height":200,"srcset":"https:\/\/i0.wp.com\/larevistadigital.com.ar\/blog\/wp-content\/uploads\/Captura-de-pantalla-2025-11-10-112710.jpg?fit=577%2C434&ssl=1&resize=350%2C200 1x, https:\/\/i0.wp.com\/larevistadigital.com.ar\/blog\/wp-content\/uploads\/Captura-de-pantalla-2025-11-10-112710.jpg?fit=577%2C434&ssl=1&resize=525%2C300 1.5x"},"classes":[]},{"id":22891,"url":"https:\/\/larevistadigital.com.ar\/blog\/tandil-desplazan-a-funcionario-que-atropello-mato-a-un-joven-y-se-fugo\/","url_meta":{"origin":30988,"position":3},"title":"TANDIL: DESPLAZAN A FUNCIONARIO QUE ATROPELL\u00d3, MAT\u00d3 A UN JOVEN Y SE FUGO","author":"Alejandro Sosa Ruda","date":"8 diciembre, 2021","format":false,"excerpt":"Se trata del hasta ahora director de Espacios Verdes P\u00fablicos, Luciano Jaureguiber. La v\u00edctima ten\u00eda 19 a\u00f1os. TANDIL -\u00a0 La municipalidad de Tandil inform\u00f3 que fue desplazado de su cargo el director de Espacios Verdes P\u00fablicos, Luciano Jaureguiber, luego de que se conociera que\u00a0se dio a la fuga tras atropellar\u2026","rel":"","context":"En \u00abINTERES GENERAL\u00bb","block_context":{"text":"INTERES GENERAL","link":"https:\/\/larevistadigital.com.ar\/blog\/category\/interes-general\/"},"img":{"alt_text":"","src":"https:\/\/i0.wp.com\/larevistadigital.com.ar\/blog\/wp-content\/uploads\/9d331ecdf10d7ed76b389b577e482c09dba48d55.jpeg?fit=1140%2C641&ssl=1&resize=350%2C200","width":350,"height":200,"srcset":"https:\/\/i0.wp.com\/larevistadigital.com.ar\/blog\/wp-content\/uploads\/9d331ecdf10d7ed76b389b577e482c09dba48d55.jpeg?fit=1140%2C641&ssl=1&resize=350%2C200 1x, https:\/\/i0.wp.com\/larevistadigital.com.ar\/blog\/wp-content\/uploads\/9d331ecdf10d7ed76b389b577e482c09dba48d55.jpeg?fit=1140%2C641&ssl=1&resize=525%2C300 1.5x, https:\/\/i0.wp.com\/larevistadigital.com.ar\/blog\/wp-content\/uploads\/9d331ecdf10d7ed76b389b577e482c09dba48d55.jpeg?fit=1140%2C641&ssl=1&resize=700%2C400 2x, https:\/\/i0.wp.com\/larevistadigital.com.ar\/blog\/wp-content\/uploads\/9d331ecdf10d7ed76b389b577e482c09dba48d55.jpeg?fit=1140%2C641&ssl=1&resize=1050%2C600 3x"},"classes":[]},{"id":14780,"url":"https:\/\/larevistadigital.com.ar\/blog\/saladillo-hallan-murcielago-con-rabia-y-montan-operativo-preventivo\/","url_meta":{"origin":30988,"position":4},"title":"SALADILLO: HALLAN MURCI\u00c9LAGO CON RABIA Y MONTAN OPERATIVO PREVENTIVO","author":"Alejandro Sosa Ruda","date":"12 febrero, 2020","format":false,"excerpt":"Ser\u00e1 para vacunar perros y gatos. Un murci\u00e9lago afectado de rabia fue hallado en la ciudad bonaerense de Saladillo, cuyas autoridades sanitarias convocaron a la poblaci\u00f3n a concurrir el pr\u00f3ximo viernes a la plaza principal donde se montar\u00e1 un operativo\u00a0para vacunar perros y gatos contra esa enfermedad, inform\u00f3 una fuente\u2026","rel":"","context":"En \u00abREGIONALES\u00bb","block_context":{"text":"REGIONALES","link":"https:\/\/larevistadigital.com.ar\/blog\/category\/regionales\/"},"img":{"alt_text":"","src":"https:\/\/i0.wp.com\/larevistadigital.com.ar\/blog\/wp-content\/uploads\/1581540924845.jpg?fit=1200%2C645&ssl=1&resize=350%2C200","width":350,"height":200,"srcset":"https:\/\/i0.wp.com\/larevistadigital.com.ar\/blog\/wp-content\/uploads\/1581540924845.jpg?fit=1200%2C645&ssl=1&resize=350%2C200 1x, https:\/\/i0.wp.com\/larevistadigital.com.ar\/blog\/wp-content\/uploads\/1581540924845.jpg?fit=1200%2C645&ssl=1&resize=525%2C300 1.5x, https:\/\/i0.wp.com\/larevistadigital.com.ar\/blog\/wp-content\/uploads\/1581540924845.jpg?fit=1200%2C645&ssl=1&resize=700%2C400 2x, https:\/\/i0.wp.com\/larevistadigital.com.ar\/blog\/wp-content\/uploads\/1581540924845.jpg?fit=1200%2C645&ssl=1&resize=1050%2C600 3x"},"classes":[]},{"id":36247,"url":"https:\/\/larevistadigital.com.ar\/blog\/protestas-en-tandil-por-la-urbanizavcion-de-las-sierras\/","url_meta":{"origin":30988,"position":5},"title":"PROTESTAS EN TANDIL POR LA URBANIZAVCI\u00d3N DE LAS SIERRAS","author":"Alejandro Sosa Ruda","date":"5 junio, 2024","format":false,"excerpt":"La especulaci\u00f3n inmobiliaria, tolerada por la acci\u00f3n o inacci\u00f3n de las autoridades, no s\u00f3lo urbaniza las Sierras, lo cual debe evitarse por razones ambientales, urban\u00edsticas y normativas. 5 de junio de 2024 TANDIL -\u00a0 La especulaci\u00f3n inmobiliaria, facilitada por la inacci\u00f3n o consentimiento de las autoridades, no solo lleva a\u2026","rel":"","context":"En \u00abREGIONALES\u00bb","block_context":{"text":"REGIONALES","link":"https:\/\/larevistadigital.com.ar\/blog\/category\/regionales\/"},"img":{"alt_text":"","src":"https:\/\/i0.wp.com\/larevistadigital.com.ar\/blog\/wp-content\/uploads\/20240605154243_tandil-construccion-sierras.jpg?fit=880%2C512&ssl=1&resize=350%2C200","width":350,"height":200,"srcset":"https:\/\/i0.wp.com\/larevistadigital.com.ar\/blog\/wp-content\/uploads\/20240605154243_tandil-construccion-sierras.jpg?fit=880%2C512&ssl=1&resize=350%2C200 1x, https:\/\/i0.wp.com\/larevistadigital.com.ar\/blog\/wp-content\/uploads\/20240605154243_tandil-construccion-sierras.jpg?fit=880%2C512&ssl=1&resize=525%2C300 1.5x, https:\/\/i0.wp.com\/larevistadigital.com.ar\/blog\/wp-content\/uploads\/20240605154243_tandil-construccion-sierras.jpg?fit=880%2C512&ssl=1&resize=700%2C400 2x"},"classes":[]}],"_links":{"self":[{"href":"https:\/\/larevistadigital.com.ar\/blog\/wp-json\/wp\/v2\/posts\/30988","targetHints":{"allow":["GET"]}}],"collection":[{"href":"https:\/\/larevistadigital.com.ar\/blog\/wp-json\/wp\/v2\/posts"}],"about":[{"href":"https:\/\/larevistadigital.com.ar\/blog\/wp-json\/wp\/v2\/types\/post"}],"author":[{"embeddable":true,"href":"https:\/\/larevistadigital.com.ar\/blog\/wp-json\/wp\/v2\/users\/3"}],"replies":[{"embeddable":true,"href":"https:\/\/larevistadigital.com.ar\/blog\/wp-json\/wp\/v2\/comments?post=30988"}],"version-history":[{"count":1,"href":"https:\/\/larevistadigital.com.ar\/blog\/wp-json\/wp\/v2\/posts\/30988\/revisions"}],"predecessor-version":[{"id":30990,"href":"https:\/\/larevistadigital.com.ar\/blog\/wp-json\/wp\/v2\/posts\/30988\/revisions\/30990"}],"wp:featuredmedia":[{"embeddable":true,"href":"https:\/\/larevistadigital.com.ar\/blog\/wp-json\/wp\/v2\/media\/30989"}],"wp:attachment":[{"href":"https:\/\/larevistadigital.com.ar\/blog\/wp-json\/wp\/v2\/media?parent=30988"}],"wp:term":[{"taxonomy":"category","embeddable":true,"href":"https:\/\/larevistadigital.com.ar\/blog\/wp-json\/wp\/v2\/categories?post=30988"},{"taxonomy":"post_tag","embeddable":true,"href":"https:\/\/larevistadigital.com.ar\/blog\/wp-json\/wp\/v2\/tags?post=30988"}],"curies":[{"name":"wp","href":"https:\/\/api.w.org\/{rel}","templated":true}]}}